{"id":18221,"date":"2026-03-16T07:18:00","date_gmt":"2026-03-16T10:18:00","guid":{"rendered":"https:\/\/revistaautobus.com.br\/?p=18221"},"modified":"2026-03-16T07:18:00","modified_gmt":"2026-03-16T10:18:00","slug":"transdutra-e-marcopolo","status":"publish","type":"post","link":"https:\/\/revistaautobus.com.br\/?p=18221","title":{"rendered":"Transdutra \u00e9 Marcopolo"},"content":{"rendered":"<p>Ao celebrar seus 50 anos de atua\u00e7\u00e3o no mercado do transporte de passageiros, a Via\u00e7\u00e3o Transdutra, que conta com 200 colaboradores e uma frota de 86 \u00f4nibus operando em 17 linhas que interligam Aruj\u00e1, Itaquaquecetuba, Guarulhos e S\u00e3o Paulo, renovou sua frota, recentemente.<\/p>\n<p>A empresa, que percorre cerca de 650 mil quil\u00f4metros mensais no atendimento \u00e0 popula\u00e7\u00e3o da regi\u00e3o, optou por 52 novos \u00f4nibus, sendo que j\u00e1 recebeu 26 unidades, todos com carro\u00e7arias do modelo Torino, produzido pela marca ga\u00facha Marcopolo, com 12,66 metros de comprimento e capacidade para 38 passageiros sentados em poltronas do modelo Urbano.<\/p>\n<p>Al\u00e9m disso, os novos ve\u00edculos contam com itens de s\u00e9rie como o sistema de ar-condicionado Spheros CC356, elevador ou dispositivo de acessibilidade, al\u00e9m de c\u00e2meras de monitoramento. Os chassis s\u00e3o da fabricante Mercedes-Benz. &#8220;O Estado de S\u00e3o Paulo \u00e9 um mercado estrat\u00e9gico para a Marcopolo, tanto no segmento urbano quanto no rodovi\u00e1rio. A entrega deste lote \u00e0 Via\u00e7\u00e3o Transdutra refor\u00e7a nossa presen\u00e7a na regi\u00e3o e consolida o Torino como um modelo reconhecido por sua robustez, baixo custo operacional e elevado valor de revenda&#8221;, comentou Wagner Tillmann de Souza, gerente-executivo de Vendas da Filial S\u00e3o Paulo da Marcopolo.<\/p>\n<p>Imagem &#8211; Divulga\u00e7\u00e3o<\/p>\n","protected":false},"excerpt":{"rendered":"<p>Operadora do transporte metropolitano paulista adquire 52 novos \u00f4nibus com caracter\u00edsticas urbanas<\/p>\n","protected":false},"author":2,"featured_media":18222,"comment_status":"open","ping_status":"open","sticky":false,"template":"","format":"standard","meta":{"_et_pb_use_builder":"","_et_pb_old_content":"","_et_gb_content_width":"","_jetpack_memberships_contains_paid_content":false,"footnotes":""},"categories":[55,1060,90],"tags":[84],"class_list":["post-18221","post","type-post","status-publish","format-standard","has-post-thumbnail","hentry","category-encarrocadora","category-notas","category-noticias","tag-marcopolo","et-has-post-format-content","et_post_format-et-post-format-standard"],"yoast_head":"<!-- This site is optimized with the Yoast SEO plugin v27.2 - https:\/\/yoast.com\/product\/yoast-seo-wordpress\/ -->\n<title>Transdutra \u00e9 Marcopolo - Revista AutoBus<\/title>\n<meta name=\"robots\" content=\"index, follow, max-snippet:-1, max-image-preview:large, max-video-preview:-1\" \/>\n<link rel=\"canonical\" href=\"https:\/\/revistaautobus.com.br\/?p=18221\" \/>\n<meta property=\"og:locale\" content=\"pt_BR\" \/>\n<meta property=\"og:type\" content=\"article\" \/>\n<meta property=\"og:title\" content=\"Transdutra \u00e9 Marcopolo - Revista AutoBus\" \/>\n<meta property=\"og:description\" content=\"Operadora do transporte metropolitano paulista adquire 52 novos \u00f4nibus com caracter\u00edsticas urbanas\" \/>\n<meta property=\"og:url\" content=\"https:\/\/revistaautobus.com.br\/?p=18221\" \/>\n<meta property=\"og:site_name\" content=\"Revista AutoBus\" \/>\n<meta property=\"article:publisher\" content=\"https:\/\/www.facebook.com\/antonio.ferro.3150\" \/>\n<meta property=\"article:published_time\" content=\"2026-03-16T10:18:00+00:00\" \/>\n<meta property=\"og:image\" content=\"https:\/\/revistaautobus.com.br\/wp-content\/uploads\/2026\/03\/09032026-Marcopolo_Transporte-urbano-de-SP_-1.jpg\" \/>\n\t<meta property=\"og:image:width\" content=\"1400\" \/>\n\t<meta property=\"og:image:height\" content=\"862\" \/>\n\t<meta property=\"og:image:type\" content=\"image\/jpeg\" \/>\n<meta name=\"author\" content=\"Antonio Ferro\" \/>\n<meta name=\"twitter:card\" content=\"summary_large_image\" \/>\n<meta name=\"twitter:label1\" content=\"Escrito por\" \/>\n\t<meta name=\"twitter:data1\" content=\"Antonio Ferro\" \/>\n\t<meta name=\"twitter:label2\" content=\"Est. tempo de leitura\" \/>\n\t<meta name=\"twitter:data2\" content=\"2 minutos\" \/>\n<script type=\"application\/ld+json\" class=\"yoast-schema-graph\">{\"@context\":\"https:\/\/schema.org\",\"@graph\":[{\"@type\":\"Article\",\"@id\":\"https:\/\/revistaautobus.com.br\/?p=18221#article\",\"isPartOf\":{\"@id\":\"https:\/\/revistaautobus.com.br\/?p=18221\"},\"author\":{\"name\":\"Antonio Ferro\",\"@id\":\"https:\/\/revistaautobus.com.br\/#\/schema\/person\/54af7c3eb83a310e42ef686ef6d16f50\"},\"headline\":\"Transdutra \u00e9 Marcopolo\",\"datePublished\":\"2026-03-16T10:18:00+00:00\",\"mainEntityOfPage\":{\"@id\":\"https:\/\/revistaautobus.com.br\/?p=18221\"},\"wordCount\":210,\"commentCount\":0,\"publisher\":{\"@id\":\"https:\/\/revistaautobus.com.br\/#organization\"},\"image\":{\"@id\":\"https:\/\/revistaautobus.com.br\/?p=18221#primaryimage\"},\"thumbnailUrl\":\"https:\/\/revistaautobus.com.br\/wp-content\/uploads\/2026\/03\/09032026-Marcopolo_Transporte-urbano-de-SP_-1.jpg\",\"keywords\":[\"Marcopolo\"],\"articleSection\":[\"Encarro\u00e7adora\",\"Notas\",\"Not\u00edcias\"],\"inLanguage\":\"pt-BR\",\"potentialAction\":[{\"@type\":\"CommentAction\",\"name\":\"Comment\",\"target\":[\"https:\/\/revistaautobus.com.br\/?p=18221#respond\"]}]},{\"@type\":\"WebPage\",\"@id\":\"https:\/\/revistaautobus.com.br\/?p=18221\",\"url\":\"https:\/\/revistaautobus.com.br\/?p=18221\",\"name\":\"Transdutra \u00e9 Marcopolo - Revista AutoBus\",\"isPartOf\":{\"@id\":\"https:\/\/revistaautobus.com.br\/#website\"},\"primaryImageOfPage\":{\"@id\":\"https:\/\/revistaautobus.com.br\/?p=18221#primaryimage\"},\"image\":{\"@id\":\"https:\/\/revistaautobus.com.br\/?p=18221#primaryimage\"},\"thumbnailUrl\":\"https:\/\/revistaautobus.com.br\/wp-content\/uploads\/2026\/03\/09032026-Marcopolo_Transporte-urbano-de-SP_-1.jpg\",\"datePublished\":\"2026-03-16T10:18:00+00:00\",\"breadcrumb\":{\"@id\":\"https:\/\/revistaautobus.com.br\/?p=18221#breadcrumb\"},\"inLanguage\":\"pt-BR\",\"potentialAction\":[{\"@type\":\"ReadAction\",\"target\":[\"https:\/\/revistaautobus.com.br\/?p=18221\"]}]},{\"@type\":\"ImageObject\",\"inLanguage\":\"pt-BR\",\"@id\":\"https:\/\/revistaautobus.com.br\/?p=18221#primaryimage\",\"url\":\"https:\/\/revistaautobus.com.br\/wp-content\/uploads\/2026\/03\/09032026-Marcopolo_Transporte-urbano-de-SP_-1.jpg\",\"contentUrl\":\"https:\/\/revistaautobus.com.br\/wp-content\/uploads\/2026\/03\/09032026-Marcopolo_Transporte-urbano-de-SP_-1.jpg\",\"width\":1400,\"height\":862},{\"@type\":\"BreadcrumbList\",\"@id\":\"https:\/\/revistaautobus.com.br\/?p=18221#breadcrumb\",\"itemListElement\":[{\"@type\":\"ListItem\",\"position\":1,\"name\":\"In\u00edcio\",\"item\":\"https:\/\/revistaautobus.com.br\/\"},{\"@type\":\"ListItem\",\"position\":2,\"name\":\"Transdutra \u00e9 Marcopolo\"}]},{\"@type\":\"WebSite\",\"@id\":\"https:\/\/revistaautobus.com.br\/#website\",\"url\":\"https:\/\/revistaautobus.com.br\/\",\"name\":\"Revista AutoBus\",\"description\":\"\",\"publisher\":{\"@id\":\"https:\/\/revistaautobus.com.br\/#organization\"},\"potentialAction\":[{\"@type\":\"SearchAction\",\"target\":{\"@type\":\"EntryPoint\",\"urlTemplate\":\"https:\/\/revistaautobus.com.br\/?s={search_term_string}\"},\"query-input\":{\"@type\":\"PropertyValueSpecification\",\"valueRequired\":true,\"valueName\":\"search_term_string\"}}],\"inLanguage\":\"pt-BR\"},{\"@type\":\"Organization\",\"@id\":\"https:\/\/revistaautobus.com.br\/#organization\",\"name\":\"Revista AutoBus\",\"url\":\"https:\/\/revistaautobus.com.br\/\",\"logo\":{\"@type\":\"ImageObject\",\"inLanguage\":\"pt-BR\",\"@id\":\"https:\/\/revistaautobus.com.br\/#\/schema\/logo\/image\/\",\"url\":\"https:\/\/revistaautobus.com.br\/wp-content\/uploads\/2024\/11\/logo_revista_autobus_fb.png\",\"contentUrl\":\"https:\/\/revistaautobus.com.br\/wp-content\/uploads\/2024\/11\/logo_revista_autobus_fb.png\",\"width\":836,\"height\":227,\"caption\":\"Revista AutoBus\"},\"image\":{\"@id\":\"https:\/\/revistaautobus.com.br\/#\/schema\/logo\/image\/\"},\"sameAs\":[\"https:\/\/www.facebook.com\/antonio.ferro.3150\",\"https:\/\/www.instagram.com\/revistaautobus\/\"]},{\"@type\":\"Person\",\"@id\":\"https:\/\/revistaautobus.com.br\/#\/schema\/person\/54af7c3eb83a310e42ef686ef6d16f50\",\"name\":\"Antonio Ferro\",\"image\":{\"@type\":\"ImageObject\",\"inLanguage\":\"pt-BR\",\"@id\":\"https:\/\/revistaautobus.com.br\/wp-content\/uploads\/2025\/12\/editor_antonio_ferro-150x150.jpg\",\"url\":\"https:\/\/revistaautobus.com.br\/wp-content\/uploads\/2025\/12\/editor_antonio_ferro-150x150.jpg\",\"contentUrl\":\"https:\/\/revistaautobus.com.br\/wp-content\/uploads\/2025\/12\/editor_antonio_ferro-150x150.jpg\",\"caption\":\"Antonio Ferro\"},\"description\":\"infobus@uol.com.br\",\"url\":\"https:\/\/revistaautobus.com.br\/?author=2\"}]}<\/script>\n<!-- \/ Yoast SEO plugin. -->","yoast_head_json":{"title":"Transdutra \u00e9 Marcopolo - Revista AutoBus","robots":{"index":"index","follow":"follow","max-snippet":"max-snippet:-1","max-image-preview":"max-image-preview:large","max-video-preview":"max-video-preview:-1"},"canonical":"https:\/\/revistaautobus.com.br\/?p=18221","og_locale":"pt_BR","og_type":"article","og_title":"Transdutra \u00e9 Marcopolo - Revista AutoBus","og_description":"Operadora do transporte metropolitano paulista adquire 52 novos \u00f4nibus com caracter\u00edsticas urbanas","og_url":"https:\/\/revistaautobus.com.br\/?p=18221","og_site_name":"Revista AutoBus","article_publisher":"https:\/\/www.facebook.com\/antonio.ferro.3150","article_published_time":"2026-03-16T10:18:00+00:00","og_image":[{"width":1400,"height":862,"url":"https:\/\/revistaautobus.com.br\/wp-content\/uploads\/2026\/03\/09032026-Marcopolo_Transporte-urbano-de-SP_-1.jpg","type":"image\/jpeg"}],"author":"Antonio Ferro","twitter_card":"summary_large_image","twitter_misc":{"Escrito por":"Antonio Ferro","Est. tempo de leitura":"2 minutos"},"schema":{"@context":"https:\/\/schema.org","@graph":[{"@type":"Article","@id":"https:\/\/revistaautobus.com.br\/?p=18221#article","isPartOf":{"@id":"https:\/\/revistaautobus.com.br\/?p=18221"},"author":{"name":"Antonio Ferro","@id":"https:\/\/revistaautobus.com.br\/#\/schema\/person\/54af7c3eb83a310e42ef686ef6d16f50"},"headline":"Transdutra \u00e9 Marcopolo","datePublished":"2026-03-16T10:18:00+00:00","mainEntityOfPage":{"@id":"https:\/\/revistaautobus.com.br\/?p=18221"},"wordCount":210,"commentCount":0,"publisher":{"@id":"https:\/\/revistaautobus.com.br\/#organization"},"image":{"@id":"https:\/\/revistaautobus.com.br\/?p=18221#primaryimage"},"thumbnailUrl":"https:\/\/revistaautobus.com.br\/wp-content\/uploads\/2026\/03\/09032026-Marcopolo_Transporte-urbano-de-SP_-1.jpg","keywords":["Marcopolo"],"articleSection":["Encarro\u00e7adora","Notas","Not\u00edcias"],"inLanguage":"pt-BR","potentialAction":[{"@type":"CommentAction","name":"Comment","target":["https:\/\/revistaautobus.com.br\/?p=18221#respond"]}]},{"@type":"WebPage","@id":"https:\/\/revistaautobus.com.br\/?p=18221","url":"https:\/\/revistaautobus.com.br\/?p=18221","name":"Transdutra \u00e9 Marcopolo - Revista AutoBus","isPartOf":{"@id":"https:\/\/revistaautobus.com.br\/#website"},"primaryImageOfPage":{"@id":"https:\/\/revistaautobus.com.br\/?p=18221#primaryimage"},"image":{"@id":"https:\/\/revistaautobus.com.br\/?p=18221#primaryimage"},"thumbnailUrl":"https:\/\/revistaautobus.com.br\/wp-content\/uploads\/2026\/03\/09032026-Marcopolo_Transporte-urbano-de-SP_-1.jpg","datePublished":"2026-03-16T10:18:00+00:00","breadcrumb":{"@id":"https:\/\/revistaautobus.com.br\/?p=18221#breadcrumb"},"inLanguage":"pt-BR","potentialAction":[{"@type":"ReadAction","target":["https:\/\/revistaautobus.com.br\/?p=18221"]}]},{"@type":"ImageObject","inLanguage":"pt-BR","@id":"https:\/\/revistaautobus.com.br\/?p=18221#primaryimage","url":"https:\/\/revistaautobus.com.br\/wp-content\/uploads\/2026\/03\/09032026-Marcopolo_Transporte-urbano-de-SP_-1.jpg","contentUrl":"https:\/\/revistaautobus.com.br\/wp-content\/uploads\/2026\/03\/09032026-Marcopolo_Transporte-urbano-de-SP_-1.jpg","width":1400,"height":862},{"@type":"BreadcrumbList","@id":"https:\/\/revistaautobus.com.br\/?p=18221#breadcrumb","itemListElement":[{"@type":"ListItem","position":1,"name":"In\u00edcio","item":"https:\/\/revistaautobus.com.br\/"},{"@type":"ListItem","position":2,"name":"Transdutra \u00e9 Marcopolo"}]},{"@type":"WebSite","@id":"https:\/\/revistaautobus.com.br\/#website","url":"https:\/\/revistaautobus.com.br\/","name":"Revista AutoBus","description":"","publisher":{"@id":"https:\/\/revistaautobus.com.br\/#organization"},"potentialAction":[{"@type":"SearchAction","target":{"@type":"EntryPoint","urlTemplate":"https:\/\/revistaautobus.com.br\/?s={search_term_string}"},"query-input":{"@type":"PropertyValueSpecification","valueRequired":true,"valueName":"search_term_string"}}],"inLanguage":"pt-BR"},{"@type":"Organization","@id":"https:\/\/revistaautobus.com.br\/#organization","name":"Revista AutoBus","url":"https:\/\/revistaautobus.com.br\/","logo":{"@type":"ImageObject","inLanguage":"pt-BR","@id":"https:\/\/revistaautobus.com.br\/#\/schema\/logo\/image\/","url":"https:\/\/revistaautobus.com.br\/wp-content\/uploads\/2024\/11\/logo_revista_autobus_fb.png","contentUrl":"https:\/\/revistaautobus.com.br\/wp-content\/uploads\/2024\/11\/logo_revista_autobus_fb.png","width":836,"height":227,"caption":"Revista AutoBus"},"image":{"@id":"https:\/\/revistaautobus.com.br\/#\/schema\/logo\/image\/"},"sameAs":["https:\/\/www.facebook.com\/antonio.ferro.3150","https:\/\/www.instagram.com\/revistaautobus\/"]},{"@type":"Person","@id":"https:\/\/revistaautobus.com.br\/#\/schema\/person\/54af7c3eb83a310e42ef686ef6d16f50","name":"Antonio Ferro","image":{"@type":"ImageObject","inLanguage":"pt-BR","@id":"https:\/\/revistaautobus.com.br\/wp-content\/uploads\/2025\/12\/editor_antonio_ferro-150x150.jpg","url":"https:\/\/revistaautobus.com.br\/wp-content\/uploads\/2025\/12\/editor_antonio_ferro-150x150.jpg","contentUrl":"https:\/\/revistaautobus.com.br\/wp-content\/uploads\/2025\/12\/editor_antonio_ferro-150x150.jpg","caption":"Antonio Ferro"},"description":"infobus@uol.com.br","url":"https:\/\/revistaautobus.com.br\/?author=2"}]}},"jetpack_featured_media_url":"https:\/\/revistaautobus.com.br\/wp-content\/uploads\/2026\/03\/09032026-Marcopolo_Transporte-urbano-de-SP_-1.jpg","jetpack_sharing_enabled":true,"_links":{"self":[{"href":"https:\/\/revistaautobus.com.br\/index.php?rest_route=\/wp\/v2\/posts\/18221","targetHints":{"allow":["GET"]}}],"collection":[{"href":"https:\/\/revistaautobus.com.br\/index.php?rest_route=\/wp\/v2\/posts"}],"about":[{"href":"https:\/\/revistaautobus.com.br\/index.php?rest_route=\/wp\/v2\/types\/post"}],"author":[{"embeddable":true,"href":"https:\/\/revistaautobus.com.br\/index.php?rest_route=\/wp\/v2\/users\/2"}],"replies":[{"embeddable":true,"href":"https:\/\/revistaautobus.com.br\/index.php?rest_route=%2Fwp%2Fv2%2Fcomments&post=18221"}],"version-history":[{"count":2,"href":"https:\/\/revistaautobus.com.br\/index.php?rest_route=\/wp\/v2\/posts\/18221\/revisions"}],"predecessor-version":[{"id":18224,"href":"https:\/\/revistaautobus.com.br\/index.php?rest_route=\/wp\/v2\/posts\/18221\/revisions\/18224"}],"wp:featuredmedia":[{"embeddable":true,"href":"https:\/\/revistaautobus.com.br\/index.php?rest_route=\/wp\/v2\/media\/18222"}],"wp:attachment":[{"href":"https:\/\/revistaautobus.com.br\/index.php?rest_route=%2Fwp%2Fv2%2Fmedia&parent=18221"}],"wp:term":[{"taxonomy":"category","embeddable":true,"href":"https:\/\/revistaautobus.com.br\/index.php?rest_route=%2Fwp%2Fv2%2Fcategories&post=18221"},{"taxonomy":"post_tag","embeddable":true,"href":"https:\/\/revistaautobus.com.br\/index.php?rest_route=%2Fwp%2Fv2%2Ftags&post=18221"}],"curies":[{"name":"wp","href":"https:\/\/api.w.org\/{rel}","templated":true}]}}