{"id":1836,"date":"2019-06-08T11:22:00","date_gmt":"2019-06-08T14:22:00","guid":{"rendered":"https:\/\/vila8.com.br\/clientes\/autobus\/?p=1836"},"modified":"2021-06-24T09:39:57","modified_gmt":"2021-06-24T12:39:57","slug":"madri-se-move-com-onibus-a-gas-natural-da-mercedes-benz","status":"publish","type":"post","link":"https:\/\/revistaautobus.com.br\/?p=1836","title":{"rendered":"Madri se move com \u00f4nibus a g\u00e1s natural da Mercedes-Benz"},"content":{"rendered":"\n<p>Radicaliza\u00e7\u00e3o? Jamais. Mesmo em um momento t\u00e3o complicado que influencia negativamente o ambiente urbano, o uso de tra\u00e7\u00f5es variadas nos sistemas de transporte coletivo pode sim contribuir com a redu\u00e7\u00e3o da polui\u00e7\u00e3o das cidades. No atual est\u00e1gio de evolu\u00e7\u00e3o da eletromobilidade, o g\u00e1s natural corre em paralelo como alternativa bem interessante na sustentabilidade ambiental. Prova disso \u00e9 o recente destaque que a fabricante de \u00f4nibus Mercedes-Benz deu para a capital espanhola Madri, com seus \u00f4nibus equipados com o propulsor a g\u00e1s.<\/p>\n\n\n\n<p>A operadora local EMT (Empresa Municipal de Transportes) utiliza com sucesso o modelo Citaro NGT, reconhecido como uma op\u00e7\u00e3o vi\u00e1vel em termos econ\u00f4micos, em desempenho operacional e ambiental. Em 2020, a frota da transportadora ter\u00e1 672 unidades do modelo, nas vers\u00f5es convencional e articulada. Madri tem larga experi\u00eancia no uso de \u00f4nibus equipado com a tecnologia do combust\u00edvel. A frota da EMT \u00e9 composta por 2.000 \u00f4nibus, transportando 425 milh\u00f5es de passageiros por ano.<\/p>\n\n\n\n<p>O Citaro NGT \u00e9 equipado com o motor M936G, de 7,7 litros, seis cilindros, 302 cv de pot\u00eancia, Euro VI. De acordo com a montadora, seu modelo apresenta uma efici\u00eancia operacional com vantagens, reduzindo significativamente as emiss\u00f5es de material particulado e \u00f3xido de nitrog\u00eanio, al\u00e9m dos ru\u00eddos.<\/p>\n\n\n\n<p>Madri tamb\u00e9m est\u00e1 se preparando para a eletromobilidade. A cidade j\u00e1 conta com ve\u00edculos el\u00e9tricos e ter\u00e1 uma estrutura pr\u00f3pria para expandir o uso de tecnologias limpas em seu sistema de transporte coletivo feito pelo \u00f4nibus. Para saber mais, acesse o artigo intitulado Projetando o Futuro neste site.<\/p>\n\n\n\n<p>Imagem &#8211; Daimler Buses<\/p>\n","protected":false},"excerpt":{"rendered":"<p>A operadora EMT (Empresa Municipal de Transportes) utiliza com sucesso o modelo Citaro NGT, reconhecido como uma op\u00e7\u00e3o vi\u00e1vel em termos econ\u00f4micos, em desempenho operacional e ambiental<\/p>\n","protected":false},"author":2,"featured_media":1837,"comment_status":"open","ping_status":"open","sticky":false,"template":"","format":"standard","meta":{"_et_pb_use_builder":"off","_et_pb_old_content":"","_et_gb_content_width":"","_jetpack_memberships_contains_paid_content":false,"footnotes":""},"categories":[90],"tags":[],"class_list":["post-1836","post","type-post","status-publish","format-standard","has-post-thumbnail","hentry","category-noticias","et-has-post-format-content","et_post_format-et-post-format-standard"],"yoast_head":"<!-- This site is optimized with the Yoast SEO plugin v27.2 - https:\/\/yoast.com\/product\/yoast-seo-wordpress\/ -->\n<title>Madri se move com \u00f4nibus a g\u00e1s natural da Mercedes-Benz - Revista AutoBus<\/title>\n<meta name=\"robots\" content=\"index, follow, max-snippet:-1, max-image-preview:large, max-video-preview:-1\" \/>\n<link rel=\"canonical\" href=\"https:\/\/revistaautobus.com.br\/?p=1836\" \/>\n<meta property=\"og:locale\" content=\"pt_BR\" \/>\n<meta property=\"og:type\" content=\"article\" \/>\n<meta property=\"og:title\" content=\"Madri se move com \u00f4nibus a g\u00e1s natural da Mercedes-Benz - Revista AutoBus\" \/>\n<meta property=\"og:description\" content=\"A operadora EMT (Empresa Municipal de Transportes) utiliza com sucesso o modelo Citaro NGT, reconhecido como uma op\u00e7\u00e3o vi\u00e1vel em termos econ\u00f4micos, em desempenho operacional e ambiental\" \/>\n<meta property=\"og:url\" content=\"https:\/\/revistaautobus.com.br\/?p=1836\" \/>\n<meta property=\"og:site_name\" content=\"Revista AutoBus\" \/>\n<meta property=\"article:publisher\" content=\"https:\/\/www.facebook.com\/antonio.ferro.3150\" \/>\n<meta property=\"article:published_time\" content=\"2019-06-08T14:22:00+00:00\" \/>\n<meta property=\"article:modified_time\" content=\"2021-06-24T12:39:57+00:00\" \/>\n<meta property=\"og:image\" content=\"https:\/\/revistaautobus.com.br\/wp-content\/uploads\/2021\/06\/madri-se-move-com-onibus-a-gas-natural-da-mercedes-benz-1562606678.jpg\" \/>\n\t<meta property=\"og:image:width\" content=\"1200\" \/>\n\t<meta property=\"og:image:height\" content=\"900\" \/>\n\t<meta property=\"og:image:type\" content=\"image\/jpeg\" \/>\n<meta name=\"author\" content=\"Antonio Ferro\" \/>\n<meta name=\"twitter:card\" content=\"summary_large_image\" \/>\n<meta name=\"twitter:label1\" content=\"Escrito por\" \/>\n\t<meta name=\"twitter:data1\" content=\"Antonio Ferro\" \/>\n\t<meta name=\"twitter:label2\" content=\"Est. tempo de leitura\" \/>\n\t<meta name=\"twitter:data2\" content=\"1 minuto\" \/>\n<script type=\"application\/ld+json\" class=\"yoast-schema-graph\">{\"@context\":\"https:\/\/schema.org\",\"@graph\":[{\"@type\":\"Article\",\"@id\":\"https:\/\/revistaautobus.com.br\/?p=1836#article\",\"isPartOf\":{\"@id\":\"https:\/\/revistaautobus.com.br\/?p=1836\"},\"author\":{\"name\":\"Antonio Ferro\",\"@id\":\"https:\/\/revistaautobus.com.br\/#\/schema\/person\/54af7c3eb83a310e42ef686ef6d16f50\"},\"headline\":\"Madri se move com \u00f4nibus a g\u00e1s natural da Mercedes-Benz\",\"datePublished\":\"2019-06-08T14:22:00+00:00\",\"dateModified\":\"2021-06-24T12:39:57+00:00\",\"mainEntityOfPage\":{\"@id\":\"https:\/\/revistaautobus.com.br\/?p=1836\"},\"wordCount\":283,\"commentCount\":0,\"publisher\":{\"@id\":\"https:\/\/revistaautobus.com.br\/#organization\"},\"image\":{\"@id\":\"https:\/\/revistaautobus.com.br\/?p=1836#primaryimage\"},\"thumbnailUrl\":\"https:\/\/revistaautobus.com.br\/wp-content\/uploads\/2021\/06\/madri-se-move-com-onibus-a-gas-natural-da-mercedes-benz-1562606678.jpg\",\"articleSection\":[\"Not\u00edcias\"],\"inLanguage\":\"pt-BR\",\"potentialAction\":[{\"@type\":\"CommentAction\",\"name\":\"Comment\",\"target\":[\"https:\/\/revistaautobus.com.br\/?p=1836#respond\"]}]},{\"@type\":\"WebPage\",\"@id\":\"https:\/\/revistaautobus.com.br\/?p=1836\",\"url\":\"https:\/\/revistaautobus.com.br\/?p=1836\",\"name\":\"Madri se move com \u00f4nibus a g\u00e1s natural da Mercedes-Benz - Revista AutoBus\",\"isPartOf\":{\"@id\":\"https:\/\/revistaautobus.com.br\/#website\"},\"primaryImageOfPage\":{\"@id\":\"https:\/\/revistaautobus.com.br\/?p=1836#primaryimage\"},\"image\":{\"@id\":\"https:\/\/revistaautobus.com.br\/?p=1836#primaryimage\"},\"thumbnailUrl\":\"https:\/\/revistaautobus.com.br\/wp-content\/uploads\/2021\/06\/madri-se-move-com-onibus-a-gas-natural-da-mercedes-benz-1562606678.jpg\",\"datePublished\":\"2019-06-08T14:22:00+00:00\",\"dateModified\":\"2021-06-24T12:39:57+00:00\",\"breadcrumb\":{\"@id\":\"https:\/\/revistaautobus.com.br\/?p=1836#breadcrumb\"},\"inLanguage\":\"pt-BR\",\"potentialAction\":[{\"@type\":\"ReadAction\",\"target\":[\"https:\/\/revistaautobus.com.br\/?p=1836\"]}]},{\"@type\":\"ImageObject\",\"inLanguage\":\"pt-BR\",\"@id\":\"https:\/\/revistaautobus.com.br\/?p=1836#primaryimage\",\"url\":\"https:\/\/revistaautobus.com.br\/wp-content\/uploads\/2021\/06\/madri-se-move-com-onibus-a-gas-natural-da-mercedes-benz-1562606678.jpg\",\"contentUrl\":\"https:\/\/revistaautobus.com.br\/wp-content\/uploads\/2021\/06\/madri-se-move-com-onibus-a-gas-natural-da-mercedes-benz-1562606678.jpg\",\"width\":1200,\"height\":900},{\"@type\":\"BreadcrumbList\",\"@id\":\"https:\/\/revistaautobus.com.br\/?p=1836#breadcrumb\",\"itemListElement\":[{\"@type\":\"ListItem\",\"position\":1,\"name\":\"In\u00edcio\",\"item\":\"https:\/\/revistaautobus.com.br\/\"},{\"@type\":\"ListItem\",\"position\":2,\"name\":\"Madri se move com \u00f4nibus a g\u00e1s natural da Mercedes-Benz\"}]},{\"@type\":\"WebSite\",\"@id\":\"https:\/\/revistaautobus.com.br\/#website\",\"url\":\"https:\/\/revistaautobus.com.br\/\",\"name\":\"Revista AutoBus\",\"description\":\"\",\"publisher\":{\"@id\":\"https:\/\/revistaautobus.com.br\/#organization\"},\"potentialAction\":[{\"@type\":\"SearchAction\",\"target\":{\"@type\":\"EntryPoint\",\"urlTemplate\":\"https:\/\/revistaautobus.com.br\/?s={search_term_string}\"},\"query-input\":{\"@type\":\"PropertyValueSpecification\",\"valueRequired\":true,\"valueName\":\"search_term_string\"}}],\"inLanguage\":\"pt-BR\"},{\"@type\":\"Organization\",\"@id\":\"https:\/\/revistaautobus.com.br\/#organization\",\"name\":\"Revista AutoBus\",\"url\":\"https:\/\/revistaautobus.com.br\/\",\"logo\":{\"@type\":\"ImageObject\",\"inLanguage\":\"pt-BR\",\"@id\":\"https:\/\/revistaautobus.com.br\/#\/schema\/logo\/image\/\",\"url\":\"https:\/\/revistaautobus.com.br\/wp-content\/uploads\/2024\/11\/logo_revista_autobus_fb.png\",\"contentUrl\":\"https:\/\/revistaautobus.com.br\/wp-content\/uploads\/2024\/11\/logo_revista_autobus_fb.png\",\"width\":836,\"height\":227,\"caption\":\"Revista AutoBus\"},\"image\":{\"@id\":\"https:\/\/revistaautobus.com.br\/#\/schema\/logo\/image\/\"},\"sameAs\":[\"https:\/\/www.facebook.com\/antonio.ferro.3150\",\"https:\/\/www.instagram.com\/revistaautobus\/\"]},{\"@type\":\"Person\",\"@id\":\"https:\/\/revistaautobus.com.br\/#\/schema\/person\/54af7c3eb83a310e42ef686ef6d16f50\",\"name\":\"Antonio Ferro\",\"image\":{\"@type\":\"ImageObject\",\"inLanguage\":\"pt-BR\",\"@id\":\"https:\/\/revistaautobus.com.br\/wp-content\/uploads\/2025\/12\/editor_antonio_ferro-150x150.jpg\",\"url\":\"https:\/\/revistaautobus.com.br\/wp-content\/uploads\/2025\/12\/editor_antonio_ferro-150x150.jpg\",\"contentUrl\":\"https:\/\/revistaautobus.com.br\/wp-content\/uploads\/2025\/12\/editor_antonio_ferro-150x150.jpg\",\"caption\":\"Antonio Ferro\"},\"description\":\"infobus@uol.com.br\",\"url\":\"https:\/\/revistaautobus.com.br\/?author=2\"}]}<\/script>\n<!-- \/ Yoast SEO plugin. -->","yoast_head_json":{"title":"Madri se move com \u00f4nibus a g\u00e1s natural da Mercedes-Benz - Revista AutoBus","robots":{"index":"index","follow":"follow","max-snippet":"max-snippet:-1","max-image-preview":"max-image-preview:large","max-video-preview":"max-video-preview:-1"},"canonical":"https:\/\/revistaautobus.com.br\/?p=1836","og_locale":"pt_BR","og_type":"article","og_title":"Madri se move com \u00f4nibus a g\u00e1s natural da Mercedes-Benz - Revista AutoBus","og_description":"A operadora EMT (Empresa Municipal de Transportes) utiliza com sucesso o modelo Citaro NGT, reconhecido como uma op\u00e7\u00e3o vi\u00e1vel em termos econ\u00f4micos, em desempenho operacional e ambiental","og_url":"https:\/\/revistaautobus.com.br\/?p=1836","og_site_name":"Revista AutoBus","article_publisher":"https:\/\/www.facebook.com\/antonio.ferro.3150","article_published_time":"2019-06-08T14:22:00+00:00","article_modified_time":"2021-06-24T12:39:57+00:00","og_image":[{"width":1200,"height":900,"url":"https:\/\/revistaautobus.com.br\/wp-content\/uploads\/2021\/06\/madri-se-move-com-onibus-a-gas-natural-da-mercedes-benz-1562606678.jpg","type":"image\/jpeg"}],"author":"Antonio Ferro","twitter_card":"summary_large_image","twitter_misc":{"Escrito por":"Antonio Ferro","Est. tempo de leitura":"1 minuto"},"schema":{"@context":"https:\/\/schema.org","@graph":[{"@type":"Article","@id":"https:\/\/revistaautobus.com.br\/?p=1836#article","isPartOf":{"@id":"https:\/\/revistaautobus.com.br\/?p=1836"},"author":{"name":"Antonio Ferro","@id":"https:\/\/revistaautobus.com.br\/#\/schema\/person\/54af7c3eb83a310e42ef686ef6d16f50"},"headline":"Madri se move com \u00f4nibus a g\u00e1s natural da Mercedes-Benz","datePublished":"2019-06-08T14:22:00+00:00","dateModified":"2021-06-24T12:39:57+00:00","mainEntityOfPage":{"@id":"https:\/\/revistaautobus.com.br\/?p=1836"},"wordCount":283,"commentCount":0,"publisher":{"@id":"https:\/\/revistaautobus.com.br\/#organization"},"image":{"@id":"https:\/\/revistaautobus.com.br\/?p=1836#primaryimage"},"thumbnailUrl":"https:\/\/revistaautobus.com.br\/wp-content\/uploads\/2021\/06\/madri-se-move-com-onibus-a-gas-natural-da-mercedes-benz-1562606678.jpg","articleSection":["Not\u00edcias"],"inLanguage":"pt-BR","potentialAction":[{"@type":"CommentAction","name":"Comment","target":["https:\/\/revistaautobus.com.br\/?p=1836#respond"]}]},{"@type":"WebPage","@id":"https:\/\/revistaautobus.com.br\/?p=1836","url":"https:\/\/revistaautobus.com.br\/?p=1836","name":"Madri se move com \u00f4nibus a g\u00e1s natural da Mercedes-Benz - Revista AutoBus","isPartOf":{"@id":"https:\/\/revistaautobus.com.br\/#website"},"primaryImageOfPage":{"@id":"https:\/\/revistaautobus.com.br\/?p=1836#primaryimage"},"image":{"@id":"https:\/\/revistaautobus.com.br\/?p=1836#primaryimage"},"thumbnailUrl":"https:\/\/revistaautobus.com.br\/wp-content\/uploads\/2021\/06\/madri-se-move-com-onibus-a-gas-natural-da-mercedes-benz-1562606678.jpg","datePublished":"2019-06-08T14:22:00+00:00","dateModified":"2021-06-24T12:39:57+00:00","breadcrumb":{"@id":"https:\/\/revistaautobus.com.br\/?p=1836#breadcrumb"},"inLanguage":"pt-BR","potentialAction":[{"@type":"ReadAction","target":["https:\/\/revistaautobus.com.br\/?p=1836"]}]},{"@type":"ImageObject","inLanguage":"pt-BR","@id":"https:\/\/revistaautobus.com.br\/?p=1836#primaryimage","url":"https:\/\/revistaautobus.com.br\/wp-content\/uploads\/2021\/06\/madri-se-move-com-onibus-a-gas-natural-da-mercedes-benz-1562606678.jpg","contentUrl":"https:\/\/revistaautobus.com.br\/wp-content\/uploads\/2021\/06\/madri-se-move-com-onibus-a-gas-natural-da-mercedes-benz-1562606678.jpg","width":1200,"height":900},{"@type":"BreadcrumbList","@id":"https:\/\/revistaautobus.com.br\/?p=1836#breadcrumb","itemListElement":[{"@type":"ListItem","position":1,"name":"In\u00edcio","item":"https:\/\/revistaautobus.com.br\/"},{"@type":"ListItem","position":2,"name":"Madri se move com \u00f4nibus a g\u00e1s natural da Mercedes-Benz"}]},{"@type":"WebSite","@id":"https:\/\/revistaautobus.com.br\/#website","url":"https:\/\/revistaautobus.com.br\/","name":"Revista AutoBus","description":"","publisher":{"@id":"https:\/\/revistaautobus.com.br\/#organization"},"potentialAction":[{"@type":"SearchAction","target":{"@type":"EntryPoint","urlTemplate":"https:\/\/revistaautobus.com.br\/?s={search_term_string}"},"query-input":{"@type":"PropertyValueSpecification","valueRequired":true,"valueName":"search_term_string"}}],"inLanguage":"pt-BR"},{"@type":"Organization","@id":"https:\/\/revistaautobus.com.br\/#organization","name":"Revista AutoBus","url":"https:\/\/revistaautobus.com.br\/","logo":{"@type":"ImageObject","inLanguage":"pt-BR","@id":"https:\/\/revistaautobus.com.br\/#\/schema\/logo\/image\/","url":"https:\/\/revistaautobus.com.br\/wp-content\/uploads\/2024\/11\/logo_revista_autobus_fb.png","contentUrl":"https:\/\/revistaautobus.com.br\/wp-content\/uploads\/2024\/11\/logo_revista_autobus_fb.png","width":836,"height":227,"caption":"Revista AutoBus"},"image":{"@id":"https:\/\/revistaautobus.com.br\/#\/schema\/logo\/image\/"},"sameAs":["https:\/\/www.facebook.com\/antonio.ferro.3150","https:\/\/www.instagram.com\/revistaautobus\/"]},{"@type":"Person","@id":"https:\/\/revistaautobus.com.br\/#\/schema\/person\/54af7c3eb83a310e42ef686ef6d16f50","name":"Antonio Ferro","image":{"@type":"ImageObject","inLanguage":"pt-BR","@id":"https:\/\/revistaautobus.com.br\/wp-content\/uploads\/2025\/12\/editor_antonio_ferro-150x150.jpg","url":"https:\/\/revistaautobus.com.br\/wp-content\/uploads\/2025\/12\/editor_antonio_ferro-150x150.jpg","contentUrl":"https:\/\/revistaautobus.com.br\/wp-content\/uploads\/2025\/12\/editor_antonio_ferro-150x150.jpg","caption":"Antonio Ferro"},"description":"infobus@uol.com.br","url":"https:\/\/revistaautobus.com.br\/?author=2"}]}},"jetpack_featured_media_url":"https:\/\/revistaautobus.com.br\/wp-content\/uploads\/2021\/06\/madri-se-move-com-onibus-a-gas-natural-da-mercedes-benz-1562606678.jpg","jetpack_sharing_enabled":true,"_links":{"self":[{"href":"https:\/\/revistaautobus.com.br\/index.php?rest_route=\/wp\/v2\/posts\/1836","targetHints":{"allow":["GET"]}}],"collection":[{"href":"https:\/\/revistaautobus.com.br\/index.php?rest_route=\/wp\/v2\/posts"}],"about":[{"href":"https:\/\/revistaautobus.com.br\/index.php?rest_route=\/wp\/v2\/types\/post"}],"author":[{"embeddable":true,"href":"https:\/\/revistaautobus.com.br\/index.php?rest_route=\/wp\/v2\/users\/2"}],"replies":[{"embeddable":true,"href":"https:\/\/revistaautobus.com.br\/index.php?rest_route=%2Fwp%2Fv2%2Fcomments&post=1836"}],"version-history":[{"count":1,"href":"https:\/\/revistaautobus.com.br\/index.php?rest_route=\/wp\/v2\/posts\/1836\/revisions"}],"predecessor-version":[{"id":1838,"href":"https:\/\/revistaautobus.com.br\/index.php?rest_route=\/wp\/v2\/posts\/1836\/revisions\/1838"}],"wp:featuredmedia":[{"embeddable":true,"href":"https:\/\/revistaautobus.com.br\/index.php?rest_route=\/wp\/v2\/media\/1837"}],"wp:attachment":[{"href":"https:\/\/revistaautobus.com.br\/index.php?rest_route=%2Fwp%2Fv2%2Fmedia&parent=1836"}],"wp:term":[{"taxonomy":"category","embeddable":true,"href":"https:\/\/revistaautobus.com.br\/index.php?rest_route=%2Fwp%2Fv2%2Fcategories&post=1836"},{"taxonomy":"post_tag","embeddable":true,"href":"https:\/\/revistaautobus.com.br\/index.php?rest_route=%2Fwp%2Fv2%2Ftags&post=1836"}],"curies":[{"name":"wp","href":"https:\/\/api.w.org\/{rel}","templated":true}]}}