{"id":1845,"date":"2019-06-08T11:29:00","date_gmt":"2019-06-08T14:29:00","guid":{"rendered":"https:\/\/vila8.com.br\/clientes\/autobus\/?p=1845"},"modified":"2021-06-24T09:42:36","modified_gmt":"2021-06-24T12:42:36","slug":"novos-onibus-marcopolo-em-vitoria","status":"publish","type":"post","link":"https:\/\/revistaautobus.com.br\/?p=1845","title":{"rendered":"Novos \u00f4nibus Marcopolo em Vit\u00f3ria"},"content":{"rendered":"\n<p>As operadoras capixabas Cons\u00f3rcios Sudoeste e Atl\u00e2ntico Sul receberam recentemente 20 novos \u00f4nibus urbanos com carro\u00e7arias Torino da Marcopolo. Os ve\u00edculos, que ser\u00e3o utilizados nas linhas troncais do Sistema de Transporte Coletivo da Regi\u00e3o Metropolitana da Grande Vit\u00f3ria, foram produzidos na planta da encarro\u00e7adora localizada na cidade de S\u00e3o Mateus, ES.<\/p>\n\n\n\n<p>Ao todo, ser\u00e3o 88 unidades negociadas com as referidas transportadoras. &#8220;\u00c9 muito importante e significativo para a Marcopolo fornecer \u00f4nibus fabricados no pr\u00f3prio estado, em nossa unidade de S\u00e3o Mateus, o que colabora para o desenvolvimento da ind\u00fastria capixaba&#8221;, declara Rodrigo Pikussa, diretor do Neg\u00f3cio \u00d4nibus da Marcopolo. &#8220;Durante os meses de julho, agosto e setembro, faremos a entrega das outras 68 unidades&#8221;, comentou o executivo.<\/p>\n\n\n\n<p>De acordo com informa\u00e7\u00f5es, a aquisi\u00e7\u00e3o \u00e9 para atender uma antiga reinvindica\u00e7\u00e3o da popula\u00e7\u00e3o e faz parte de um programa para modernizar e melhorar a qualidade do transporte coletiva da Grande Vit\u00f3ria.<\/p>\n\n\n\n<p>Do total fornecido, 79 possuem chassis da marca Volkswagen, modelo 17.230 OD. Jorge Carrer, gerente executivo de Vendas de \u00d4nibus da VW Caminh\u00f5es e \u00d4nibus, comentou que a op\u00e7\u00e3o pelos Volksbus se deve ao reconhecimento da qualidade do ve\u00edculo na regi\u00e3o. &#8220;Gra\u00e7as ao trabalho conjunto com a concession\u00e1ria Autobahn, que representa a VW na Grande Vit\u00f3ria, os Volksbus t\u00eam sua robustez, desempenho e excelente custo operacional comprovados em testes de mercado&#8221;, ressaltou.<\/p>\n\n\n\n<p>Imagem &#8211; Jefferson Roccio<\/p>\n","protected":false},"excerpt":{"rendered":"<p>Os ve\u00edculos ser\u00e3o utilizados nas linhas troncais do Sistema de Transporte Coletivo da Regi\u00e3o Metropolitana da Grande Vit\u00f3ria<\/p>\n","protected":false},"author":2,"featured_media":1846,"comment_status":"open","ping_status":"open","sticky":false,"template":"","format":"standard","meta":{"_et_pb_use_builder":"off","_et_pb_old_content":"","_et_gb_content_width":"","_jetpack_memberships_contains_paid_content":false,"footnotes":""},"categories":[90],"tags":[],"class_list":["post-1845","post","type-post","status-publish","format-standard","has-post-thumbnail","hentry","category-noticias","et-has-post-format-content","et_post_format-et-post-format-standard"],"yoast_head":"<!-- This site is optimized with the Yoast SEO plugin v27.2 - https:\/\/yoast.com\/product\/yoast-seo-wordpress\/ -->\n<title>Novos \u00f4nibus Marcopolo em Vit\u00f3ria - Revista AutoBus<\/title>\n<meta name=\"robots\" content=\"index, follow, max-snippet:-1, max-image-preview:large, max-video-preview:-1\" \/>\n<link rel=\"canonical\" href=\"https:\/\/revistaautobus.com.br\/?p=1845\" \/>\n<meta property=\"og:locale\" content=\"pt_BR\" \/>\n<meta property=\"og:type\" content=\"article\" \/>\n<meta property=\"og:title\" content=\"Novos \u00f4nibus Marcopolo em Vit\u00f3ria - Revista AutoBus\" \/>\n<meta property=\"og:description\" content=\"Os ve\u00edculos ser\u00e3o utilizados nas linhas troncais do Sistema de Transporte Coletivo da Regi\u00e3o Metropolitana da Grande Vit\u00f3ria\" \/>\n<meta property=\"og:url\" content=\"https:\/\/revistaautobus.com.br\/?p=1845\" \/>\n<meta property=\"og:site_name\" content=\"Revista AutoBus\" \/>\n<meta property=\"article:publisher\" content=\"https:\/\/www.facebook.com\/antonio.ferro.3150\" \/>\n<meta property=\"article:published_time\" content=\"2019-06-08T14:29:00+00:00\" \/>\n<meta property=\"article:modified_time\" content=\"2021-06-24T12:42:36+00:00\" \/>\n<meta property=\"og:image\" content=\"https:\/\/revistaautobus.com.br\/wp-content\/uploads\/2021\/06\/novos-onibus-marcopolo-em-vitoria-1562607012.jpg\" \/>\n\t<meta property=\"og:image:width\" content=\"1200\" \/>\n\t<meta property=\"og:image:height\" content=\"799\" \/>\n\t<meta property=\"og:image:type\" content=\"image\/jpeg\" \/>\n<meta name=\"author\" content=\"Antonio Ferro\" \/>\n<meta name=\"twitter:card\" content=\"summary_large_image\" \/>\n<meta name=\"twitter:label1\" content=\"Escrito por\" \/>\n\t<meta name=\"twitter:data1\" content=\"Antonio Ferro\" \/>\n\t<meta name=\"twitter:label2\" content=\"Est. tempo de leitura\" \/>\n\t<meta name=\"twitter:data2\" content=\"1 minuto\" \/>\n<script type=\"application\/ld+json\" class=\"yoast-schema-graph\">{\"@context\":\"https:\/\/schema.org\",\"@graph\":[{\"@type\":\"Article\",\"@id\":\"https:\/\/revistaautobus.com.br\/?p=1845#article\",\"isPartOf\":{\"@id\":\"https:\/\/revistaautobus.com.br\/?p=1845\"},\"author\":{\"name\":\"Antonio Ferro\",\"@id\":\"https:\/\/revistaautobus.com.br\/#\/schema\/person\/54af7c3eb83a310e42ef686ef6d16f50\"},\"headline\":\"Novos \u00f4nibus Marcopolo em Vit\u00f3ria\",\"datePublished\":\"2019-06-08T14:29:00+00:00\",\"dateModified\":\"2021-06-24T12:42:36+00:00\",\"mainEntityOfPage\":{\"@id\":\"https:\/\/revistaautobus.com.br\/?p=1845\"},\"wordCount\":251,\"commentCount\":0,\"publisher\":{\"@id\":\"https:\/\/revistaautobus.com.br\/#organization\"},\"image\":{\"@id\":\"https:\/\/revistaautobus.com.br\/?p=1845#primaryimage\"},\"thumbnailUrl\":\"https:\/\/revistaautobus.com.br\/wp-content\/uploads\/2021\/06\/novos-onibus-marcopolo-em-vitoria-1562607012.jpg\",\"articleSection\":[\"Not\u00edcias\"],\"inLanguage\":\"pt-BR\",\"potentialAction\":[{\"@type\":\"CommentAction\",\"name\":\"Comment\",\"target\":[\"https:\/\/revistaautobus.com.br\/?p=1845#respond\"]}]},{\"@type\":\"WebPage\",\"@id\":\"https:\/\/revistaautobus.com.br\/?p=1845\",\"url\":\"https:\/\/revistaautobus.com.br\/?p=1845\",\"name\":\"Novos \u00f4nibus Marcopolo em Vit\u00f3ria - Revista AutoBus\",\"isPartOf\":{\"@id\":\"https:\/\/revistaautobus.com.br\/#website\"},\"primaryImageOfPage\":{\"@id\":\"https:\/\/revistaautobus.com.br\/?p=1845#primaryimage\"},\"image\":{\"@id\":\"https:\/\/revistaautobus.com.br\/?p=1845#primaryimage\"},\"thumbnailUrl\":\"https:\/\/revistaautobus.com.br\/wp-content\/uploads\/2021\/06\/novos-onibus-marcopolo-em-vitoria-1562607012.jpg\",\"datePublished\":\"2019-06-08T14:29:00+00:00\",\"dateModified\":\"2021-06-24T12:42:36+00:00\",\"breadcrumb\":{\"@id\":\"https:\/\/revistaautobus.com.br\/?p=1845#breadcrumb\"},\"inLanguage\":\"pt-BR\",\"potentialAction\":[{\"@type\":\"ReadAction\",\"target\":[\"https:\/\/revistaautobus.com.br\/?p=1845\"]}]},{\"@type\":\"ImageObject\",\"inLanguage\":\"pt-BR\",\"@id\":\"https:\/\/revistaautobus.com.br\/?p=1845#primaryimage\",\"url\":\"https:\/\/revistaautobus.com.br\/wp-content\/uploads\/2021\/06\/novos-onibus-marcopolo-em-vitoria-1562607012.jpg\",\"contentUrl\":\"https:\/\/revistaautobus.com.br\/wp-content\/uploads\/2021\/06\/novos-onibus-marcopolo-em-vitoria-1562607012.jpg\",\"width\":1200,\"height\":799},{\"@type\":\"BreadcrumbList\",\"@id\":\"https:\/\/revistaautobus.com.br\/?p=1845#breadcrumb\",\"itemListElement\":[{\"@type\":\"ListItem\",\"position\":1,\"name\":\"In\u00edcio\",\"item\":\"https:\/\/revistaautobus.com.br\/\"},{\"@type\":\"ListItem\",\"position\":2,\"name\":\"Novos \u00f4nibus Marcopolo em Vit\u00f3ria\"}]},{\"@type\":\"WebSite\",\"@id\":\"https:\/\/revistaautobus.com.br\/#website\",\"url\":\"https:\/\/revistaautobus.com.br\/\",\"name\":\"Revista AutoBus\",\"description\":\"\",\"publisher\":{\"@id\":\"https:\/\/revistaautobus.com.br\/#organization\"},\"potentialAction\":[{\"@type\":\"SearchAction\",\"target\":{\"@type\":\"EntryPoint\",\"urlTemplate\":\"https:\/\/revistaautobus.com.br\/?s={search_term_string}\"},\"query-input\":{\"@type\":\"PropertyValueSpecification\",\"valueRequired\":true,\"valueName\":\"search_term_string\"}}],\"inLanguage\":\"pt-BR\"},{\"@type\":\"Organization\",\"@id\":\"https:\/\/revistaautobus.com.br\/#organization\",\"name\":\"Revista AutoBus\",\"url\":\"https:\/\/revistaautobus.com.br\/\",\"logo\":{\"@type\":\"ImageObject\",\"inLanguage\":\"pt-BR\",\"@id\":\"https:\/\/revistaautobus.com.br\/#\/schema\/logo\/image\/\",\"url\":\"https:\/\/revistaautobus.com.br\/wp-content\/uploads\/2024\/11\/logo_revista_autobus_fb.png\",\"contentUrl\":\"https:\/\/revistaautobus.com.br\/wp-content\/uploads\/2024\/11\/logo_revista_autobus_fb.png\",\"width\":836,\"height\":227,\"caption\":\"Revista AutoBus\"},\"image\":{\"@id\":\"https:\/\/revistaautobus.com.br\/#\/schema\/logo\/image\/\"},\"sameAs\":[\"https:\/\/www.facebook.com\/antonio.ferro.3150\",\"https:\/\/www.instagram.com\/revistaautobus\/\"]},{\"@type\":\"Person\",\"@id\":\"https:\/\/revistaautobus.com.br\/#\/schema\/person\/54af7c3eb83a310e42ef686ef6d16f50\",\"name\":\"Antonio Ferro\",\"image\":{\"@type\":\"ImageObject\",\"inLanguage\":\"pt-BR\",\"@id\":\"https:\/\/revistaautobus.com.br\/wp-content\/uploads\/2025\/12\/editor_antonio_ferro-150x150.jpg\",\"url\":\"https:\/\/revistaautobus.com.br\/wp-content\/uploads\/2025\/12\/editor_antonio_ferro-150x150.jpg\",\"contentUrl\":\"https:\/\/revistaautobus.com.br\/wp-content\/uploads\/2025\/12\/editor_antonio_ferro-150x150.jpg\",\"caption\":\"Antonio Ferro\"},\"description\":\"infobus@uol.com.br\",\"url\":\"https:\/\/revistaautobus.com.br\/?author=2\"}]}<\/script>\n<!-- \/ Yoast SEO plugin. -->","yoast_head_json":{"title":"Novos \u00f4nibus Marcopolo em Vit\u00f3ria - Revista AutoBus","robots":{"index":"index","follow":"follow","max-snippet":"max-snippet:-1","max-image-preview":"max-image-preview:large","max-video-preview":"max-video-preview:-1"},"canonical":"https:\/\/revistaautobus.com.br\/?p=1845","og_locale":"pt_BR","og_type":"article","og_title":"Novos \u00f4nibus Marcopolo em Vit\u00f3ria - Revista AutoBus","og_description":"Os ve\u00edculos ser\u00e3o utilizados nas linhas troncais do Sistema de Transporte Coletivo da Regi\u00e3o Metropolitana da Grande Vit\u00f3ria","og_url":"https:\/\/revistaautobus.com.br\/?p=1845","og_site_name":"Revista AutoBus","article_publisher":"https:\/\/www.facebook.com\/antonio.ferro.3150","article_published_time":"2019-06-08T14:29:00+00:00","article_modified_time":"2021-06-24T12:42:36+00:00","og_image":[{"width":1200,"height":799,"url":"https:\/\/revistaautobus.com.br\/wp-content\/uploads\/2021\/06\/novos-onibus-marcopolo-em-vitoria-1562607012.jpg","type":"image\/jpeg"}],"author":"Antonio Ferro","twitter_card":"summary_large_image","twitter_misc":{"Escrito por":"Antonio Ferro","Est. tempo de leitura":"1 minuto"},"schema":{"@context":"https:\/\/schema.org","@graph":[{"@type":"Article","@id":"https:\/\/revistaautobus.com.br\/?p=1845#article","isPartOf":{"@id":"https:\/\/revistaautobus.com.br\/?p=1845"},"author":{"name":"Antonio Ferro","@id":"https:\/\/revistaautobus.com.br\/#\/schema\/person\/54af7c3eb83a310e42ef686ef6d16f50"},"headline":"Novos \u00f4nibus Marcopolo em Vit\u00f3ria","datePublished":"2019-06-08T14:29:00+00:00","dateModified":"2021-06-24T12:42:36+00:00","mainEntityOfPage":{"@id":"https:\/\/revistaautobus.com.br\/?p=1845"},"wordCount":251,"commentCount":0,"publisher":{"@id":"https:\/\/revistaautobus.com.br\/#organization"},"image":{"@id":"https:\/\/revistaautobus.com.br\/?p=1845#primaryimage"},"thumbnailUrl":"https:\/\/revistaautobus.com.br\/wp-content\/uploads\/2021\/06\/novos-onibus-marcopolo-em-vitoria-1562607012.jpg","articleSection":["Not\u00edcias"],"inLanguage":"pt-BR","potentialAction":[{"@type":"CommentAction","name":"Comment","target":["https:\/\/revistaautobus.com.br\/?p=1845#respond"]}]},{"@type":"WebPage","@id":"https:\/\/revistaautobus.com.br\/?p=1845","url":"https:\/\/revistaautobus.com.br\/?p=1845","name":"Novos \u00f4nibus Marcopolo em Vit\u00f3ria - Revista AutoBus","isPartOf":{"@id":"https:\/\/revistaautobus.com.br\/#website"},"primaryImageOfPage":{"@id":"https:\/\/revistaautobus.com.br\/?p=1845#primaryimage"},"image":{"@id":"https:\/\/revistaautobus.com.br\/?p=1845#primaryimage"},"thumbnailUrl":"https:\/\/revistaautobus.com.br\/wp-content\/uploads\/2021\/06\/novos-onibus-marcopolo-em-vitoria-1562607012.jpg","datePublished":"2019-06-08T14:29:00+00:00","dateModified":"2021-06-24T12:42:36+00:00","breadcrumb":{"@id":"https:\/\/revistaautobus.com.br\/?p=1845#breadcrumb"},"inLanguage":"pt-BR","potentialAction":[{"@type":"ReadAction","target":["https:\/\/revistaautobus.com.br\/?p=1845"]}]},{"@type":"ImageObject","inLanguage":"pt-BR","@id":"https:\/\/revistaautobus.com.br\/?p=1845#primaryimage","url":"https:\/\/revistaautobus.com.br\/wp-content\/uploads\/2021\/06\/novos-onibus-marcopolo-em-vitoria-1562607012.jpg","contentUrl":"https:\/\/revistaautobus.com.br\/wp-content\/uploads\/2021\/06\/novos-onibus-marcopolo-em-vitoria-1562607012.jpg","width":1200,"height":799},{"@type":"BreadcrumbList","@id":"https:\/\/revistaautobus.com.br\/?p=1845#breadcrumb","itemListElement":[{"@type":"ListItem","position":1,"name":"In\u00edcio","item":"https:\/\/revistaautobus.com.br\/"},{"@type":"ListItem","position":2,"name":"Novos \u00f4nibus Marcopolo em Vit\u00f3ria"}]},{"@type":"WebSite","@id":"https:\/\/revistaautobus.com.br\/#website","url":"https:\/\/revistaautobus.com.br\/","name":"Revista AutoBus","description":"","publisher":{"@id":"https:\/\/revistaautobus.com.br\/#organization"},"potentialAction":[{"@type":"SearchAction","target":{"@type":"EntryPoint","urlTemplate":"https:\/\/revistaautobus.com.br\/?s={search_term_string}"},"query-input":{"@type":"PropertyValueSpecification","valueRequired":true,"valueName":"search_term_string"}}],"inLanguage":"pt-BR"},{"@type":"Organization","@id":"https:\/\/revistaautobus.com.br\/#organization","name":"Revista AutoBus","url":"https:\/\/revistaautobus.com.br\/","logo":{"@type":"ImageObject","inLanguage":"pt-BR","@id":"https:\/\/revistaautobus.com.br\/#\/schema\/logo\/image\/","url":"https:\/\/revistaautobus.com.br\/wp-content\/uploads\/2024\/11\/logo_revista_autobus_fb.png","contentUrl":"https:\/\/revistaautobus.com.br\/wp-content\/uploads\/2024\/11\/logo_revista_autobus_fb.png","width":836,"height":227,"caption":"Revista AutoBus"},"image":{"@id":"https:\/\/revistaautobus.com.br\/#\/schema\/logo\/image\/"},"sameAs":["https:\/\/www.facebook.com\/antonio.ferro.3150","https:\/\/www.instagram.com\/revistaautobus\/"]},{"@type":"Person","@id":"https:\/\/revistaautobus.com.br\/#\/schema\/person\/54af7c3eb83a310e42ef686ef6d16f50","name":"Antonio Ferro","image":{"@type":"ImageObject","inLanguage":"pt-BR","@id":"https:\/\/revistaautobus.com.br\/wp-content\/uploads\/2025\/12\/editor_antonio_ferro-150x150.jpg","url":"https:\/\/revistaautobus.com.br\/wp-content\/uploads\/2025\/12\/editor_antonio_ferro-150x150.jpg","contentUrl":"https:\/\/revistaautobus.com.br\/wp-content\/uploads\/2025\/12\/editor_antonio_ferro-150x150.jpg","caption":"Antonio Ferro"},"description":"infobus@uol.com.br","url":"https:\/\/revistaautobus.com.br\/?author=2"}]}},"jetpack_featured_media_url":"https:\/\/revistaautobus.com.br\/wp-content\/uploads\/2021\/06\/novos-onibus-marcopolo-em-vitoria-1562607012.jpg","jetpack_sharing_enabled":true,"_links":{"self":[{"href":"https:\/\/revistaautobus.com.br\/index.php?rest_route=\/wp\/v2\/posts\/1845","targetHints":{"allow":["GET"]}}],"collection":[{"href":"https:\/\/revistaautobus.com.br\/index.php?rest_route=\/wp\/v2\/posts"}],"about":[{"href":"https:\/\/revistaautobus.com.br\/index.php?rest_route=\/wp\/v2\/types\/post"}],"author":[{"embeddable":true,"href":"https:\/\/revistaautobus.com.br\/index.php?rest_route=\/wp\/v2\/users\/2"}],"replies":[{"embeddable":true,"href":"https:\/\/revistaautobus.com.br\/index.php?rest_route=%2Fwp%2Fv2%2Fcomments&post=1845"}],"version-history":[{"count":1,"href":"https:\/\/revistaautobus.com.br\/index.php?rest_route=\/wp\/v2\/posts\/1845\/revisions"}],"predecessor-version":[{"id":1847,"href":"https:\/\/revistaautobus.com.br\/index.php?rest_route=\/wp\/v2\/posts\/1845\/revisions\/1847"}],"wp:featuredmedia":[{"embeddable":true,"href":"https:\/\/revistaautobus.com.br\/index.php?rest_route=\/wp\/v2\/media\/1846"}],"wp:attachment":[{"href":"https:\/\/revistaautobus.com.br\/index.php?rest_route=%2Fwp%2Fv2%2Fmedia&parent=1845"}],"wp:term":[{"taxonomy":"category","embeddable":true,"href":"https:\/\/revistaautobus.com.br\/index.php?rest_route=%2Fwp%2Fv2%2Fcategories&post=1845"},{"taxonomy":"post_tag","embeddable":true,"href":"https:\/\/revistaautobus.com.br\/index.php?rest_route=%2Fwp%2Fv2%2Ftags&post=1845"}],"curies":[{"name":"wp","href":"https:\/\/api.w.org\/{rel}","templated":true}]}}