{"id":1851,"date":"2019-06-11T11:27:00","date_gmt":"2019-06-11T14:27:00","guid":{"rendered":"https:\/\/vila8.com.br\/clientes\/autobus\/?p=1851"},"modified":"2021-06-24T09:44:22","modified_gmt":"2021-06-24T12:44:22","slug":"de-olho-na-america-latina","status":"publish","type":"post","link":"https:\/\/revistaautobus.com.br\/?p=1851","title":{"rendered":"De olho na Am\u00e9rica Latina"},"content":{"rendered":"\n<p>O segmento de transporte coletivo na Am\u00e9rica Latina \u00e9 visto com bons olhos pelas fabricantes chinesas de \u00f4nibus. J\u00e1 h\u00e1 algum tempo tem havido uma abertura de mercado na regi\u00e3o para algumas marcas e seus modelos desenvolvidos para os nichos urbano e rodovi\u00e1rio. Como conhecido, o apetite chin\u00eas \u00e9 \u00e1vido por neg\u00f3cios que contemplem uma extensa rede de clientes pelo mundo a fora e n\u00e3o seria diferente com os pa\u00edses latino-americanos.<\/p>\n\n\n\n<p>Na \u00e1rea da mobilidade, a ind\u00fastria chinesa tem demonstrado, nos \u00faltimos anos, um expressivo desenvolvimento tecnol\u00f3gico capaz de conquistar mercados at\u00e9 ent\u00e3o fechados para seus produtos. No caso da tra\u00e7\u00e3o el\u00e9trica, a evolu\u00e7\u00e3o foi tanta que no setor de \u00f4nibus as fabricantes do pa\u00eds asi\u00e1tico t\u00eam apresentado um dom\u00ednio pela mat\u00e9ria, sendo que mais de 90% dos \u00f4nibus el\u00e9tricos a baterias do mundo est\u00e3o em opera\u00e7\u00e3o na China. Ap\u00f3s mostrar for\u00e7as em casa, chegou a vez de ultrapassar fronteiras e h\u00e1 poucos anos a Europa e os Estados Unidos foram novas conquistas mercadol\u00f3gicas. &nbsp;<\/p>\n\n\n\n<p>Recentemente, alguns pa\u00edses da Am\u00e9rica do Sul se tornaram clientes das marcas made in China com seus \u00f4nibus el\u00e9tricos 100% a baterias. Brasil, Chile e Col\u00f4mbia j\u00e1 contam com ve\u00edculos em seus sistemas de transporte coletivo urbano (quase 500 unidades). Al\u00e9m da mobilidade urbana, o Chile ainda faz provas com \u00f4nibus rodovi\u00e1rios movidos a baterias, mais uma prova do \u00e2nimo chino para a obten\u00e7\u00e3o de novos mercados.<\/p>\n\n\n\n<p>Do sul para o norte. A capital mexicana tamb\u00e9m ter\u00e1 \u00f4nibus el\u00e9tricos com selo da China. Ser\u00e3o 40 tr\u00f3lebus a serem fornecidos pela marca Yutong para o corredor zero emiss\u00f5es do eixo central da Cidade do M\u00e9xico. Os ve\u00edculos, todos de \u00faltima gera\u00e7\u00e3o, ainda contar\u00e3o com sistema auxiliar de tra\u00e7\u00e3o composto por baterias capazes de promover uma autonomia de 60 quil\u00f4metros sem a necessidade da rede a\u00e9rea. &nbsp;<\/p>\n\n\n\n<p>Na l\u00f3gica da globaliza\u00e7\u00e3o, os chineses est\u00e3o fazendo sua li\u00e7\u00e3o de casa. Por ter o poder da negocia\u00e7\u00e3o e do suporte financeiro vindo de seu governo central, a China tem a capacidade de ampliar sua presen\u00e7a em diversos mercados e \u00e1reas comerciais oferecendo produtos de \u00faltima gera\u00e7\u00e3o, principalmente em termos de mobilidade. Esse aspecto assusta a ind\u00fastria brasileira do \u00f4nibus? Quais ser\u00e3o as estrat\u00e9gias para continuar ainda mais competitiva frente aos advers\u00e1rios? Afinal, as fabricantes aqui instaladas dominam por muitos anos o com\u00e9rcio com os pa\u00edses da regi\u00e3o que utilizam o modal em seus sistemas de transporte coletivo.<\/p>\n\n\n\n<p>Ficam as perguntas para quem se dispor a olhar essa competi\u00e7\u00e3o de mercado de maneira salutar e capaz de proporcionar uma transforma\u00e7\u00e3o de conceitos relacionada ao modelo \u00f4nibus.<\/p>\n\n\n\n<p>Imagem &#8211; Reprodu\u00e7\u00e3o<\/p>\n","protected":false},"excerpt":{"rendered":"<p>A ind\u00fastria chinesa de \u00f4nibus tem bons motivos para olhar a regi\u00e3o como um fil\u00e3o de mercado a ser explorado ainda mais nos pr\u00f3ximos anos<\/p>\n","protected":false},"author":2,"featured_media":1852,"comment_status":"open","ping_status":"open","sticky":false,"template":"","format":"standard","meta":{"_et_pb_use_builder":"off","_et_pb_old_content":"","_et_gb_content_width":"","_jetpack_memberships_contains_paid_content":false,"footnotes":""},"categories":[5],"tags":[],"class_list":["post-1851","post","type-post","status-publish","format-standard","has-post-thumbnail","hentry","category-conexao-mobilidade","et-has-post-format-content","et_post_format-et-post-format-standard"],"yoast_head":"<!-- This site is optimized with the Yoast SEO plugin v27.2 - https:\/\/yoast.com\/product\/yoast-seo-wordpress\/ -->\n<title>De olho na Am\u00e9rica Latina - Revista AutoBus<\/title>\n<meta name=\"robots\" content=\"index, follow, max-snippet:-1, max-image-preview:large, max-video-preview:-1\" \/>\n<link rel=\"canonical\" href=\"https:\/\/revistaautobus.com.br\/?p=1851\" \/>\n<meta property=\"og:locale\" content=\"pt_BR\" \/>\n<meta property=\"og:type\" content=\"article\" \/>\n<meta property=\"og:title\" content=\"De olho na Am\u00e9rica Latina - Revista AutoBus\" \/>\n<meta property=\"og:description\" content=\"A ind\u00fastria chinesa de \u00f4nibus tem bons motivos para olhar a regi\u00e3o como um fil\u00e3o de mercado a ser explorado ainda mais nos pr\u00f3ximos anos\" \/>\n<meta property=\"og:url\" content=\"https:\/\/revistaautobus.com.br\/?p=1851\" \/>\n<meta property=\"og:site_name\" content=\"Revista AutoBus\" \/>\n<meta property=\"article:publisher\" content=\"https:\/\/www.facebook.com\/antonio.ferro.3150\" \/>\n<meta property=\"article:published_time\" content=\"2019-06-11T14:27:00+00:00\" \/>\n<meta property=\"article:modified_time\" content=\"2021-06-24T12:44:22+00:00\" \/>\n<meta property=\"og:image\" content=\"https:\/\/revistaautobus.com.br\/wp-content\/uploads\/2021\/06\/de-olho-na-america-latina-1562866162.jpg\" \/>\n\t<meta property=\"og:image:width\" content=\"1200\" \/>\n\t<meta property=\"og:image:height\" content=\"797\" \/>\n\t<meta property=\"og:image:type\" content=\"image\/jpeg\" \/>\n<meta name=\"author\" content=\"Antonio Ferro\" \/>\n<meta name=\"twitter:card\" content=\"summary_large_image\" \/>\n<meta name=\"twitter:label1\" content=\"Escrito por\" \/>\n\t<meta name=\"twitter:data1\" content=\"Antonio Ferro\" \/>\n\t<meta name=\"twitter:label2\" content=\"Est. tempo de leitura\" \/>\n\t<meta name=\"twitter:data2\" content=\"2 minutos\" \/>\n<script type=\"application\/ld+json\" class=\"yoast-schema-graph\">{\"@context\":\"https:\/\/schema.org\",\"@graph\":[{\"@type\":\"Article\",\"@id\":\"https:\/\/revistaautobus.com.br\/?p=1851#article\",\"isPartOf\":{\"@id\":\"https:\/\/revistaautobus.com.br\/?p=1851\"},\"author\":{\"name\":\"Antonio Ferro\",\"@id\":\"https:\/\/revistaautobus.com.br\/#\/schema\/person\/54af7c3eb83a310e42ef686ef6d16f50\"},\"headline\":\"De olho na Am\u00e9rica Latina\",\"datePublished\":\"2019-06-11T14:27:00+00:00\",\"dateModified\":\"2021-06-24T12:44:22+00:00\",\"mainEntityOfPage\":{\"@id\":\"https:\/\/revistaautobus.com.br\/?p=1851\"},\"wordCount\":489,\"commentCount\":0,\"publisher\":{\"@id\":\"https:\/\/revistaautobus.com.br\/#organization\"},\"image\":{\"@id\":\"https:\/\/revistaautobus.com.br\/?p=1851#primaryimage\"},\"thumbnailUrl\":\"https:\/\/revistaautobus.com.br\/wp-content\/uploads\/2021\/06\/de-olho-na-america-latina-1562866162.jpg\",\"articleSection\":[\"Conex\u00e3o Mobilidade\"],\"inLanguage\":\"pt-BR\",\"potentialAction\":[{\"@type\":\"CommentAction\",\"name\":\"Comment\",\"target\":[\"https:\/\/revistaautobus.com.br\/?p=1851#respond\"]}]},{\"@type\":\"WebPage\",\"@id\":\"https:\/\/revistaautobus.com.br\/?p=1851\",\"url\":\"https:\/\/revistaautobus.com.br\/?p=1851\",\"name\":\"De olho na Am\u00e9rica Latina - Revista AutoBus\",\"isPartOf\":{\"@id\":\"https:\/\/revistaautobus.com.br\/#website\"},\"primaryImageOfPage\":{\"@id\":\"https:\/\/revistaautobus.com.br\/?p=1851#primaryimage\"},\"image\":{\"@id\":\"https:\/\/revistaautobus.com.br\/?p=1851#primaryimage\"},\"thumbnailUrl\":\"https:\/\/revistaautobus.com.br\/wp-content\/uploads\/2021\/06\/de-olho-na-america-latina-1562866162.jpg\",\"datePublished\":\"2019-06-11T14:27:00+00:00\",\"dateModified\":\"2021-06-24T12:44:22+00:00\",\"breadcrumb\":{\"@id\":\"https:\/\/revistaautobus.com.br\/?p=1851#breadcrumb\"},\"inLanguage\":\"pt-BR\",\"potentialAction\":[{\"@type\":\"ReadAction\",\"target\":[\"https:\/\/revistaautobus.com.br\/?p=1851\"]}]},{\"@type\":\"ImageObject\",\"inLanguage\":\"pt-BR\",\"@id\":\"https:\/\/revistaautobus.com.br\/?p=1851#primaryimage\",\"url\":\"https:\/\/revistaautobus.com.br\/wp-content\/uploads\/2021\/06\/de-olho-na-america-latina-1562866162.jpg\",\"contentUrl\":\"https:\/\/revistaautobus.com.br\/wp-content\/uploads\/2021\/06\/de-olho-na-america-latina-1562866162.jpg\",\"width\":1200,\"height\":797},{\"@type\":\"BreadcrumbList\",\"@id\":\"https:\/\/revistaautobus.com.br\/?p=1851#breadcrumb\",\"itemListElement\":[{\"@type\":\"ListItem\",\"position\":1,\"name\":\"In\u00edcio\",\"item\":\"https:\/\/revistaautobus.com.br\/\"},{\"@type\":\"ListItem\",\"position\":2,\"name\":\"De olho na Am\u00e9rica Latina\"}]},{\"@type\":\"WebSite\",\"@id\":\"https:\/\/revistaautobus.com.br\/#website\",\"url\":\"https:\/\/revistaautobus.com.br\/\",\"name\":\"Revista AutoBus\",\"description\":\"\",\"publisher\":{\"@id\":\"https:\/\/revistaautobus.com.br\/#organization\"},\"potentialAction\":[{\"@type\":\"SearchAction\",\"target\":{\"@type\":\"EntryPoint\",\"urlTemplate\":\"https:\/\/revistaautobus.com.br\/?s={search_term_string}\"},\"query-input\":{\"@type\":\"PropertyValueSpecification\",\"valueRequired\":true,\"valueName\":\"search_term_string\"}}],\"inLanguage\":\"pt-BR\"},{\"@type\":\"Organization\",\"@id\":\"https:\/\/revistaautobus.com.br\/#organization\",\"name\":\"Revista AutoBus\",\"url\":\"https:\/\/revistaautobus.com.br\/\",\"logo\":{\"@type\":\"ImageObject\",\"inLanguage\":\"pt-BR\",\"@id\":\"https:\/\/revistaautobus.com.br\/#\/schema\/logo\/image\/\",\"url\":\"https:\/\/revistaautobus.com.br\/wp-content\/uploads\/2024\/11\/logo_revista_autobus_fb.png\",\"contentUrl\":\"https:\/\/revistaautobus.com.br\/wp-content\/uploads\/2024\/11\/logo_revista_autobus_fb.png\",\"width\":836,\"height\":227,\"caption\":\"Revista AutoBus\"},\"image\":{\"@id\":\"https:\/\/revistaautobus.com.br\/#\/schema\/logo\/image\/\"},\"sameAs\":[\"https:\/\/www.facebook.com\/antonio.ferro.3150\",\"https:\/\/www.instagram.com\/revistaautobus\/\"]},{\"@type\":\"Person\",\"@id\":\"https:\/\/revistaautobus.com.br\/#\/schema\/person\/54af7c3eb83a310e42ef686ef6d16f50\",\"name\":\"Antonio Ferro\",\"image\":{\"@type\":\"ImageObject\",\"inLanguage\":\"pt-BR\",\"@id\":\"https:\/\/revistaautobus.com.br\/wp-content\/uploads\/2025\/12\/editor_antonio_ferro-150x150.jpg\",\"url\":\"https:\/\/revistaautobus.com.br\/wp-content\/uploads\/2025\/12\/editor_antonio_ferro-150x150.jpg\",\"contentUrl\":\"https:\/\/revistaautobus.com.br\/wp-content\/uploads\/2025\/12\/editor_antonio_ferro-150x150.jpg\",\"caption\":\"Antonio Ferro\"},\"description\":\"infobus@uol.com.br\",\"url\":\"https:\/\/revistaautobus.com.br\/?author=2\"}]}<\/script>\n<!-- \/ Yoast SEO plugin. -->","yoast_head_json":{"title":"De olho na Am\u00e9rica Latina - Revista AutoBus","robots":{"index":"index","follow":"follow","max-snippet":"max-snippet:-1","max-image-preview":"max-image-preview:large","max-video-preview":"max-video-preview:-1"},"canonical":"https:\/\/revistaautobus.com.br\/?p=1851","og_locale":"pt_BR","og_type":"article","og_title":"De olho na Am\u00e9rica Latina - Revista AutoBus","og_description":"A ind\u00fastria chinesa de \u00f4nibus tem bons motivos para olhar a regi\u00e3o como um fil\u00e3o de mercado a ser explorado ainda mais nos pr\u00f3ximos anos","og_url":"https:\/\/revistaautobus.com.br\/?p=1851","og_site_name":"Revista AutoBus","article_publisher":"https:\/\/www.facebook.com\/antonio.ferro.3150","article_published_time":"2019-06-11T14:27:00+00:00","article_modified_time":"2021-06-24T12:44:22+00:00","og_image":[{"width":1200,"height":797,"url":"https:\/\/revistaautobus.com.br\/wp-content\/uploads\/2021\/06\/de-olho-na-america-latina-1562866162.jpg","type":"image\/jpeg"}],"author":"Antonio Ferro","twitter_card":"summary_large_image","twitter_misc":{"Escrito por":"Antonio Ferro","Est. tempo de leitura":"2 minutos"},"schema":{"@context":"https:\/\/schema.org","@graph":[{"@type":"Article","@id":"https:\/\/revistaautobus.com.br\/?p=1851#article","isPartOf":{"@id":"https:\/\/revistaautobus.com.br\/?p=1851"},"author":{"name":"Antonio Ferro","@id":"https:\/\/revistaautobus.com.br\/#\/schema\/person\/54af7c3eb83a310e42ef686ef6d16f50"},"headline":"De olho na Am\u00e9rica Latina","datePublished":"2019-06-11T14:27:00+00:00","dateModified":"2021-06-24T12:44:22+00:00","mainEntityOfPage":{"@id":"https:\/\/revistaautobus.com.br\/?p=1851"},"wordCount":489,"commentCount":0,"publisher":{"@id":"https:\/\/revistaautobus.com.br\/#organization"},"image":{"@id":"https:\/\/revistaautobus.com.br\/?p=1851#primaryimage"},"thumbnailUrl":"https:\/\/revistaautobus.com.br\/wp-content\/uploads\/2021\/06\/de-olho-na-america-latina-1562866162.jpg","articleSection":["Conex\u00e3o Mobilidade"],"inLanguage":"pt-BR","potentialAction":[{"@type":"CommentAction","name":"Comment","target":["https:\/\/revistaautobus.com.br\/?p=1851#respond"]}]},{"@type":"WebPage","@id":"https:\/\/revistaautobus.com.br\/?p=1851","url":"https:\/\/revistaautobus.com.br\/?p=1851","name":"De olho na Am\u00e9rica Latina - Revista AutoBus","isPartOf":{"@id":"https:\/\/revistaautobus.com.br\/#website"},"primaryImageOfPage":{"@id":"https:\/\/revistaautobus.com.br\/?p=1851#primaryimage"},"image":{"@id":"https:\/\/revistaautobus.com.br\/?p=1851#primaryimage"},"thumbnailUrl":"https:\/\/revistaautobus.com.br\/wp-content\/uploads\/2021\/06\/de-olho-na-america-latina-1562866162.jpg","datePublished":"2019-06-11T14:27:00+00:00","dateModified":"2021-06-24T12:44:22+00:00","breadcrumb":{"@id":"https:\/\/revistaautobus.com.br\/?p=1851#breadcrumb"},"inLanguage":"pt-BR","potentialAction":[{"@type":"ReadAction","target":["https:\/\/revistaautobus.com.br\/?p=1851"]}]},{"@type":"ImageObject","inLanguage":"pt-BR","@id":"https:\/\/revistaautobus.com.br\/?p=1851#primaryimage","url":"https:\/\/revistaautobus.com.br\/wp-content\/uploads\/2021\/06\/de-olho-na-america-latina-1562866162.jpg","contentUrl":"https:\/\/revistaautobus.com.br\/wp-content\/uploads\/2021\/06\/de-olho-na-america-latina-1562866162.jpg","width":1200,"height":797},{"@type":"BreadcrumbList","@id":"https:\/\/revistaautobus.com.br\/?p=1851#breadcrumb","itemListElement":[{"@type":"ListItem","position":1,"name":"In\u00edcio","item":"https:\/\/revistaautobus.com.br\/"},{"@type":"ListItem","position":2,"name":"De olho na Am\u00e9rica Latina"}]},{"@type":"WebSite","@id":"https:\/\/revistaautobus.com.br\/#website","url":"https:\/\/revistaautobus.com.br\/","name":"Revista AutoBus","description":"","publisher":{"@id":"https:\/\/revistaautobus.com.br\/#organization"},"potentialAction":[{"@type":"SearchAction","target":{"@type":"EntryPoint","urlTemplate":"https:\/\/revistaautobus.com.br\/?s={search_term_string}"},"query-input":{"@type":"PropertyValueSpecification","valueRequired":true,"valueName":"search_term_string"}}],"inLanguage":"pt-BR"},{"@type":"Organization","@id":"https:\/\/revistaautobus.com.br\/#organization","name":"Revista AutoBus","url":"https:\/\/revistaautobus.com.br\/","logo":{"@type":"ImageObject","inLanguage":"pt-BR","@id":"https:\/\/revistaautobus.com.br\/#\/schema\/logo\/image\/","url":"https:\/\/revistaautobus.com.br\/wp-content\/uploads\/2024\/11\/logo_revista_autobus_fb.png","contentUrl":"https:\/\/revistaautobus.com.br\/wp-content\/uploads\/2024\/11\/logo_revista_autobus_fb.png","width":836,"height":227,"caption":"Revista AutoBus"},"image":{"@id":"https:\/\/revistaautobus.com.br\/#\/schema\/logo\/image\/"},"sameAs":["https:\/\/www.facebook.com\/antonio.ferro.3150","https:\/\/www.instagram.com\/revistaautobus\/"]},{"@type":"Person","@id":"https:\/\/revistaautobus.com.br\/#\/schema\/person\/54af7c3eb83a310e42ef686ef6d16f50","name":"Antonio Ferro","image":{"@type":"ImageObject","inLanguage":"pt-BR","@id":"https:\/\/revistaautobus.com.br\/wp-content\/uploads\/2025\/12\/editor_antonio_ferro-150x150.jpg","url":"https:\/\/revistaautobus.com.br\/wp-content\/uploads\/2025\/12\/editor_antonio_ferro-150x150.jpg","contentUrl":"https:\/\/revistaautobus.com.br\/wp-content\/uploads\/2025\/12\/editor_antonio_ferro-150x150.jpg","caption":"Antonio Ferro"},"description":"infobus@uol.com.br","url":"https:\/\/revistaautobus.com.br\/?author=2"}]}},"jetpack_featured_media_url":"https:\/\/revistaautobus.com.br\/wp-content\/uploads\/2021\/06\/de-olho-na-america-latina-1562866162.jpg","jetpack_sharing_enabled":true,"_links":{"self":[{"href":"https:\/\/revistaautobus.com.br\/index.php?rest_route=\/wp\/v2\/posts\/1851","targetHints":{"allow":["GET"]}}],"collection":[{"href":"https:\/\/revistaautobus.com.br\/index.php?rest_route=\/wp\/v2\/posts"}],"about":[{"href":"https:\/\/revistaautobus.com.br\/index.php?rest_route=\/wp\/v2\/types\/post"}],"author":[{"embeddable":true,"href":"https:\/\/revistaautobus.com.br\/index.php?rest_route=\/wp\/v2\/users\/2"}],"replies":[{"embeddable":true,"href":"https:\/\/revistaautobus.com.br\/index.php?rest_route=%2Fwp%2Fv2%2Fcomments&post=1851"}],"version-history":[{"count":1,"href":"https:\/\/revistaautobus.com.br\/index.php?rest_route=\/wp\/v2\/posts\/1851\/revisions"}],"predecessor-version":[{"id":1853,"href":"https:\/\/revistaautobus.com.br\/index.php?rest_route=\/wp\/v2\/posts\/1851\/revisions\/1853"}],"wp:featuredmedia":[{"embeddable":true,"href":"https:\/\/revistaautobus.com.br\/index.php?rest_route=\/wp\/v2\/media\/1852"}],"wp:attachment":[{"href":"https:\/\/revistaautobus.com.br\/index.php?rest_route=%2Fwp%2Fv2%2Fmedia&parent=1851"}],"wp:term":[{"taxonomy":"category","embeddable":true,"href":"https:\/\/revistaautobus.com.br\/index.php?rest_route=%2Fwp%2Fv2%2Fcategories&post=1851"},{"taxonomy":"post_tag","embeddable":true,"href":"https:\/\/revistaautobus.com.br\/index.php?rest_route=%2Fwp%2Fv2%2Ftags&post=1851"}],"curies":[{"name":"wp","href":"https:\/\/api.w.org\/{rel}","templated":true}]}}