{"id":18660,"date":"2026-04-27T08:38:56","date_gmt":"2026-04-27T11:38:56","guid":{"rendered":"https:\/\/revistaautobus.com.br\/?p=18660"},"modified":"2026-04-27T08:38:56","modified_gmt":"2026-04-27T11:38:56","slug":"fumaca-preta-na-frota-descuido-ambiental-ou-falha-de-gestao","status":"publish","type":"post","link":"https:\/\/revistaautobus.com.br\/?p=18660","title":{"rendered":"Fuma\u00e7a preta na frota: descuido ambiental ou falha de gest\u00e3o?"},"content":{"rendered":"<p><em><strong><span style=\"color: #008000;\">*Rodnei Quinello<\/span><\/strong><\/em><\/p>\n<p>A operadora que, ainda, faz qualquer a\u00e7\u00e3o na parte ambiental pensando somente na burocracia que temos de cumprir est\u00e1 perdendo uma \u00f3tima oportunidade de economizar em sua frota. Dentro da gest\u00e3o dela, poucos indicadores s\u00e3o t\u00e3o negligenciados quanto a opacidade da fuma\u00e7a em motores a diesel.<\/p>\n<p>Tratada por muitos como uma exig\u00eancia burocr\u00e1tica, ela \u00e9, na pr\u00e1tica, um dos sinais mais claros de falha operacional e desperd\u00edcio financeiro. Sim, muitas empresas s\u00f3 fazem alguma gest\u00e3o ambiental quando se v\u00ea diante de uma obriga\u00e7\u00e3o contratual ou governamental, somente por obriga\u00e7\u00e3o. Por\u00e9m, isso n\u00e3o pode ser encarado dessa maneira.<\/p>\n<p>No caso do teste de opacidade, que \u00e9 algo importante para a frota e o meio ambiente, muitas empresas e gestores de frota n\u00e3o levam t\u00e3o a s\u00e9rio, mesmo quando o fazem. Essa postura reativa traz consequ\u00eancias diretas, como os ve\u00edculos operando fora do padr\u00e3o ideal; aumento no consumo de combust\u00edvel; desgaste prematuro de componentes; e risco elevado de autua\u00e7\u00f5es.<\/p>\n<p>A fuma\u00e7a excessiva n\u00e3o surge de forma isolada. Ela \u00e9, na maioria dos casos, o reflexo de um conjunto de falhas acumuladas ao longo do tempo.<\/p>\n<p><span style=\"color: #000000;\"><strong>Opacidade como indicador t\u00e9cnico<\/strong><\/span><\/p>\n<p>A emiss\u00e3o de fuma\u00e7a preta est\u00e1 diretamente relacionada \u00e0 qualidade em que o motor a diesel se encontra. Quando h\u00e1 uma queima incompleta, o resultado \u00e9 o aumento da opacidade. Entre as principais causas t\u00e9cnicas, destacam-se o sistema de inje\u00e7\u00e3o desregulado; filtros de ar saturados; baixa efici\u00eancia na admiss\u00e3o de ar; falhas na manuten\u00e7\u00e3o preventiva; e uso inadequado do ve\u00edculo na opera\u00e7\u00e3o.<\/p>\n<p><span style=\"color: #000000;\"><strong>Custo operacional<\/strong><\/span><\/p>\n<p>O reflexo direto entre opacidade e custo pode ser visto no maior consumo de combust\u00edvel; aumento na frequ\u00eancia de manuten\u00e7\u00e3o; redu\u00e7\u00e3o da vida \u00fatil de componentes; e perda de desempenho operacional.<\/p>\n<p>A fuma\u00e7a vis\u00edvel no escapamento muitas vezes representa custos invis\u00edveis dentro da opera\u00e7\u00e3o, como combust\u00edvel desperdi\u00e7ado, desgaste acelerado e perda de efici\u00eancia. Empresas que ignoram esse indicador acabam absorvendo preju\u00edzos cont\u00ednuos, muitas vezes sem identificar sua origem real.<\/p>\n<p><img loading=\"lazy\" decoding=\"async\" class=\"wp-image-18662 aligncenter\" src=\"https:\/\/revistaautobus.com.br\/wp-content\/uploads\/2026\/04\/WhatsApp-Image-2026-04-22-at-08.30.21-3-300x225.jpeg\" alt=\"\" width=\"600\" height=\"450\" srcset=\"https:\/\/revistaautobus.com.br\/wp-content\/uploads\/2026\/04\/WhatsApp-Image-2026-04-22-at-08.30.21-3-300x225.jpeg 300w, https:\/\/revistaautobus.com.br\/wp-content\/uploads\/2026\/04\/WhatsApp-Image-2026-04-22-at-08.30.21-3-1024x768.jpeg 1024w, https:\/\/revistaautobus.com.br\/wp-content\/uploads\/2026\/04\/WhatsApp-Image-2026-04-22-at-08.30.21-3-768x576.jpeg 768w, https:\/\/revistaautobus.com.br\/wp-content\/uploads\/2026\/04\/WhatsApp-Image-2026-04-22-at-08.30.21-3-1536x1152.jpeg 1536w, https:\/\/revistaautobus.com.br\/wp-content\/uploads\/2026\/04\/WhatsApp-Image-2026-04-22-at-08.30.21-3-1080x810.jpeg 1080w, https:\/\/revistaautobus.com.br\/wp-content\/uploads\/2026\/04\/WhatsApp-Image-2026-04-22-at-08.30.21-3.jpeg 1600w\" sizes=\"(max-width: 600px) 100vw, 600px\" \/><\/p>\n<p><span style=\"color: #000000;\"><strong>Responsabilidade e risco jur\u00eddico<\/strong><\/span><\/p>\n<p>A emiss\u00e3o fora dos padr\u00f5es estabelecidos pode trazer implica\u00e7\u00f5es legais relevantes. Sendo assim, a empresa pode estar sujeita a autua\u00e7\u00f5es por \u00f3rg\u00e3os ambientais; penalidades contratuais; restri\u00e7\u00f5es operacionais; e danos \u00e0 imagem institucional. Sem contar que estamos vivendo um momento, isso falando de transporte, com as pr\u00e1ticas ESG batendo em nossa porta.<\/p>\n<p>Nesse contexto, volto a salientar que muitas empresas nem sabem do que se est\u00e1 falando, quando, possivelmente, pode se tornar lei e todas elas no segmento de transporte tendo que aderir ao ESG (Governan\u00e7a, Gest\u00e3o Ambiental e Social).<\/p>\n<p>O controle de opacidade em termos de opera\u00e7\u00e3o n\u00e3o \u00e9 f\u00e1cil para ser realizado em uma frota numerosa, mas com vontade e esfor\u00e7os dos departamentos envolvidos e pessoas comprometidas, pode ser facilitado.<\/p>\n<p><strong><span style=\"color: #000000;\">O verdadeiro diferencial e a Cultura operacional<\/span><\/strong><\/p>\n<p>O mais dif\u00edcil \u00e9 furar a bolha da ignor\u00e2ncia de muitos gestores e donos de empresa quando v\u00eam o teste de opacidade um inimigo. Em minha vis\u00e3o, ele \u00e9 um aliado, pois permite alcan\u00e7ar uma refer\u00eancia em gr\u00e1fico de como est\u00e1 a sa\u00fade dos nossos motores, sendo que nada que muitas vezes uma troca de filtro n\u00e3o resolva. Isso nos gera muito mais do que imaginamos em mat\u00e9ria de custo, pois evitamos ou identificamos um problema precocemente.<\/p>\n<p>Assim, o teste de opacidade deve ser incorporado como parte do processo de manuten\u00e7\u00e3o preventiva, e n\u00e3o como uma a\u00e7\u00e3o pontual. A integra\u00e7\u00e3o entre opera\u00e7\u00e3o, manuten\u00e7\u00e3o e gest\u00e3o \u00e9 o que garante resultados consistentes ao longo do tempo.<\/p>\n<p><span style=\"color: #000000;\"><strong>Controle que gera resultado, conclus\u00e3o<\/strong><\/span><\/p>\n<p>O teste de opacidade nada mais \u00e9 que identificar na sa\u00edda do escapamento a dita fuma\u00e7a preta, que s\u00e3o particulados gerados pelo motor de combust\u00e3o a diesel, que, quando lan\u00e7ados na atmosfera, impacta negativamente a sa\u00fade p\u00fablica.<\/p>\n<p>Dessa maneira, o teste consiste em introduzir um sensor no escapamento, que realiza uma leitura e gera o resultado. Isso \u00e9 poss\u00edvel ap\u00f3s alguns processos de verifica\u00e7\u00e3o, como altitude referente ao mar, e o valor m\u00e1ximo da opacidade que \u00e9 determinado pelo fabricante do motor. Dentro deste par\u00e2metro, o aparelho faz a leitura e gera o \u00edndice.<\/p>\n<p>A partir do \u00edndice gerado, conseguimos ter uma vis\u00e3o de como est\u00e1 a sa\u00fade do motor. Estando ele fora da normalidade, partimos para a oficina e fazemos algumas an\u00e1lises e testes em alguns perif\u00e9ricos at\u00e9 encontrar a causa.<\/p>\n<p>Com isso, todos n\u00f3s ganhamos: ar mais limpo, uma frota mais eficiente, menor custo operacional. No fim, a l\u00f3gica \u00e9 simples: ignorar esse controle \u00e9 aceitar preju\u00edzo cont\u00ednuo. Empresas organizadas n\u00e3o reagem \u00e0 fiscaliza\u00e7\u00e3o, elas se antecipam aos problemas.<\/p>\n<p>Este artigo foi elaborado com base em dados t\u00e9cnicos e relatos de quem vive o transporte em toda sua esfera.<\/p>\n<p>Imagens &#8211; Acervo pessoal<\/p>\n<div id=\"attachment_18504\" style=\"width: 266px\" class=\"wp-caption aligncenter\"><img loading=\"lazy\" decoding=\"async\" aria-describedby=\"caption-attachment-18504\" class=\"wp-image-18504 size-medium\" src=\"https:\/\/revistaautobus.com.br\/wp-content\/uploads\/2026\/04\/WhatsApp-Image-2026-04-04-at-11.10.15-256x300.jpeg\" alt=\"\" width=\"256\" height=\"300\" srcset=\"https:\/\/revistaautobus.com.br\/wp-content\/uploads\/2026\/04\/WhatsApp-Image-2026-04-04-at-11.10.15-256x300.jpeg 256w, https:\/\/revistaautobus.com.br\/wp-content\/uploads\/2026\/04\/WhatsApp-Image-2026-04-04-at-11.10.15-768x900.jpeg 768w, https:\/\/revistaautobus.com.br\/wp-content\/uploads\/2026\/04\/WhatsApp-Image-2026-04-04-at-11.10.15.jpeg 843w\" sizes=\"(max-width: 256px) 100vw, 256px\" \/><p id=\"caption-attachment-18504\" class=\"wp-caption-text\"><span style=\"color: #008000;\"><strong><em>*Rodnei Quinello, administrador, bacharel em Direito e p\u00f3s-graduado em Log\u00edstica Empresarial. \u00c9 criador do canal Vida de Frota (YouTube), dedicado \u00e0 an\u00e1lise estrat\u00e9gica do transporte rodovi\u00e1rio<\/em><\/strong><\/span><\/p><\/div>\n","protected":false},"excerpt":{"rendered":"<p>Teste de opacidade, algo simples de ser feito, mas complexo em sua execu\u00e7\u00e3o, \u00e9 fundamental para a otimiza\u00e7\u00e3o das opera\u00e7\u00f5es<\/p>\n","protected":false},"author":2,"featured_media":18661,"comment_status":"open","ping_status":"open","sticky":false,"template":"","format":"standard","meta":{"_et_pb_use_builder":"","_et_pb_old_content":"","_et_gb_content_width":"","_jetpack_memberships_contains_paid_content":false,"footnotes":""},"categories":[919,1060,90,41,80],"tags":[1127],"class_list":["post-18660","post","type-post","status-publish","format-standard","has-post-thumbnail","hentry","category-meio-ambiente","category-notas","category-noticias","category-ponto-de-vista","category-transporte-rodoviario","tag-teste-de-opacidade","et-has-post-format-content","et_post_format-et-post-format-standard"],"yoast_head":"<!-- This site is optimized with the Yoast SEO plugin v27.2 - https:\/\/yoast.com\/product\/yoast-seo-wordpress\/ -->\n<title>Fuma\u00e7a preta na frota: descuido ambiental ou falha de gest\u00e3o? - Revista AutoBus<\/title>\n<meta name=\"robots\" content=\"index, follow, max-snippet:-1, max-image-preview:large, max-video-preview:-1\" \/>\n<link rel=\"canonical\" href=\"https:\/\/revistaautobus.com.br\/?p=18660\" \/>\n<meta property=\"og:locale\" content=\"pt_BR\" \/>\n<meta property=\"og:type\" content=\"article\" \/>\n<meta property=\"og:title\" content=\"Fuma\u00e7a preta na frota: descuido ambiental ou falha de gest\u00e3o? - Revista AutoBus\" \/>\n<meta property=\"og:description\" content=\"Teste de opacidade, algo simples de ser feito, mas complexo em sua execu\u00e7\u00e3o, \u00e9 fundamental para a otimiza\u00e7\u00e3o das opera\u00e7\u00f5es\" \/>\n<meta property=\"og:url\" content=\"https:\/\/revistaautobus.com.br\/?p=18660\" \/>\n<meta property=\"og:site_name\" content=\"Revista AutoBus\" \/>\n<meta property=\"article:publisher\" content=\"https:\/\/www.facebook.com\/antonio.ferro.3150\" \/>\n<meta property=\"article:published_time\" content=\"2026-04-27T11:38:56+00:00\" \/>\n<meta property=\"og:image\" content=\"https:\/\/revistaautobus.com.br\/wp-content\/uploads\/2026\/04\/WhatsApp-Image-2026-04-22-at-08.30.22.jpeg\" \/>\n\t<meta property=\"og:image:width\" content=\"1600\" \/>\n\t<meta property=\"og:image:height\" content=\"1200\" \/>\n\t<meta property=\"og:image:type\" content=\"image\/jpeg\" \/>\n<meta name=\"author\" content=\"Antonio Ferro\" \/>\n<meta name=\"twitter:card\" content=\"summary_large_image\" \/>\n<meta name=\"twitter:label1\" content=\"Escrito por\" \/>\n\t<meta name=\"twitter:data1\" content=\"Antonio Ferro\" \/>\n\t<meta name=\"twitter:label2\" content=\"Est. tempo de leitura\" \/>\n\t<meta name=\"twitter:data2\" content=\"6 minutos\" \/>\n<script type=\"application\/ld+json\" class=\"yoast-schema-graph\">{\"@context\":\"https:\/\/schema.org\",\"@graph\":[{\"@type\":\"Article\",\"@id\":\"https:\/\/revistaautobus.com.br\/?p=18660#article\",\"isPartOf\":{\"@id\":\"https:\/\/revistaautobus.com.br\/?p=18660\"},\"author\":{\"name\":\"Antonio Ferro\",\"@id\":\"https:\/\/revistaautobus.com.br\/#\/schema\/person\/54af7c3eb83a310e42ef686ef6d16f50\"},\"headline\":\"Fuma\u00e7a preta na frota: descuido ambiental ou falha de gest\u00e3o?\",\"datePublished\":\"2026-04-27T11:38:56+00:00\",\"mainEntityOfPage\":{\"@id\":\"https:\/\/revistaautobus.com.br\/?p=18660\"},\"wordCount\":903,\"commentCount\":0,\"publisher\":{\"@id\":\"https:\/\/revistaautobus.com.br\/#organization\"},\"image\":{\"@id\":\"https:\/\/revistaautobus.com.br\/?p=18660#primaryimage\"},\"thumbnailUrl\":\"https:\/\/revistaautobus.com.br\/wp-content\/uploads\/2026\/04\/WhatsApp-Image-2026-04-22-at-08.30.22.jpeg\",\"keywords\":[\"Teste de opacidade\"],\"articleSection\":[\"Meio ambiente\",\"Notas\",\"Not\u00edcias\",\"Ponto de Vista\",\"Transporte rodovi\u00e1rio\"],\"inLanguage\":\"pt-BR\",\"potentialAction\":[{\"@type\":\"CommentAction\",\"name\":\"Comment\",\"target\":[\"https:\/\/revistaautobus.com.br\/?p=18660#respond\"]}]},{\"@type\":\"WebPage\",\"@id\":\"https:\/\/revistaautobus.com.br\/?p=18660\",\"url\":\"https:\/\/revistaautobus.com.br\/?p=18660\",\"name\":\"Fuma\u00e7a preta na frota: descuido ambiental ou falha de gest\u00e3o? - Revista AutoBus\",\"isPartOf\":{\"@id\":\"https:\/\/revistaautobus.com.br\/#website\"},\"primaryImageOfPage\":{\"@id\":\"https:\/\/revistaautobus.com.br\/?p=18660#primaryimage\"},\"image\":{\"@id\":\"https:\/\/revistaautobus.com.br\/?p=18660#primaryimage\"},\"thumbnailUrl\":\"https:\/\/revistaautobus.com.br\/wp-content\/uploads\/2026\/04\/WhatsApp-Image-2026-04-22-at-08.30.22.jpeg\",\"datePublished\":\"2026-04-27T11:38:56+00:00\",\"breadcrumb\":{\"@id\":\"https:\/\/revistaautobus.com.br\/?p=18660#breadcrumb\"},\"inLanguage\":\"pt-BR\",\"potentialAction\":[{\"@type\":\"ReadAction\",\"target\":[\"https:\/\/revistaautobus.com.br\/?p=18660\"]}]},{\"@type\":\"ImageObject\",\"inLanguage\":\"pt-BR\",\"@id\":\"https:\/\/revistaautobus.com.br\/?p=18660#primaryimage\",\"url\":\"https:\/\/revistaautobus.com.br\/wp-content\/uploads\/2026\/04\/WhatsApp-Image-2026-04-22-at-08.30.22.jpeg\",\"contentUrl\":\"https:\/\/revistaautobus.com.br\/wp-content\/uploads\/2026\/04\/WhatsApp-Image-2026-04-22-at-08.30.22.jpeg\",\"width\":1600,\"height\":1200},{\"@type\":\"BreadcrumbList\",\"@id\":\"https:\/\/revistaautobus.com.br\/?p=18660#breadcrumb\",\"itemListElement\":[{\"@type\":\"ListItem\",\"position\":1,\"name\":\"In\u00edcio\",\"item\":\"https:\/\/revistaautobus.com.br\/\"},{\"@type\":\"ListItem\",\"position\":2,\"name\":\"Fuma\u00e7a preta na frota: descuido ambiental ou falha de gest\u00e3o?\"}]},{\"@type\":\"WebSite\",\"@id\":\"https:\/\/revistaautobus.com.br\/#website\",\"url\":\"https:\/\/revistaautobus.com.br\/\",\"name\":\"Revista AutoBus\",\"description\":\"\",\"publisher\":{\"@id\":\"https:\/\/revistaautobus.com.br\/#organization\"},\"potentialAction\":[{\"@type\":\"SearchAction\",\"target\":{\"@type\":\"EntryPoint\",\"urlTemplate\":\"https:\/\/revistaautobus.com.br\/?s={search_term_string}\"},\"query-input\":{\"@type\":\"PropertyValueSpecification\",\"valueRequired\":true,\"valueName\":\"search_term_string\"}}],\"inLanguage\":\"pt-BR\"},{\"@type\":\"Organization\",\"@id\":\"https:\/\/revistaautobus.com.br\/#organization\",\"name\":\"Revista AutoBus\",\"url\":\"https:\/\/revistaautobus.com.br\/\",\"logo\":{\"@type\":\"ImageObject\",\"inLanguage\":\"pt-BR\",\"@id\":\"https:\/\/revistaautobus.com.br\/#\/schema\/logo\/image\/\",\"url\":\"https:\/\/revistaautobus.com.br\/wp-content\/uploads\/2024\/11\/logo_revista_autobus_fb.png\",\"contentUrl\":\"https:\/\/revistaautobus.com.br\/wp-content\/uploads\/2024\/11\/logo_revista_autobus_fb.png\",\"width\":836,\"height\":227,\"caption\":\"Revista AutoBus\"},\"image\":{\"@id\":\"https:\/\/revistaautobus.com.br\/#\/schema\/logo\/image\/\"},\"sameAs\":[\"https:\/\/www.facebook.com\/antonio.ferro.3150\",\"https:\/\/www.instagram.com\/revistaautobus\/\"]},{\"@type\":\"Person\",\"@id\":\"https:\/\/revistaautobus.com.br\/#\/schema\/person\/54af7c3eb83a310e42ef686ef6d16f50\",\"name\":\"Antonio Ferro\",\"image\":{\"@type\":\"ImageObject\",\"inLanguage\":\"pt-BR\",\"@id\":\"https:\/\/revistaautobus.com.br\/wp-content\/uploads\/2025\/12\/editor_antonio_ferro-150x150.jpg\",\"url\":\"https:\/\/revistaautobus.com.br\/wp-content\/uploads\/2025\/12\/editor_antonio_ferro-150x150.jpg\",\"contentUrl\":\"https:\/\/revistaautobus.com.br\/wp-content\/uploads\/2025\/12\/editor_antonio_ferro-150x150.jpg\",\"caption\":\"Antonio Ferro\"},\"description\":\"infobus@uol.com.br\",\"url\":\"https:\/\/revistaautobus.com.br\/?author=2\"}]}<\/script>\n<!-- \/ Yoast SEO plugin. -->","yoast_head_json":{"title":"Fuma\u00e7a preta na frota: descuido ambiental ou falha de gest\u00e3o? - Revista AutoBus","robots":{"index":"index","follow":"follow","max-snippet":"max-snippet:-1","max-image-preview":"max-image-preview:large","max-video-preview":"max-video-preview:-1"},"canonical":"https:\/\/revistaautobus.com.br\/?p=18660","og_locale":"pt_BR","og_type":"article","og_title":"Fuma\u00e7a preta na frota: descuido ambiental ou falha de gest\u00e3o? - Revista AutoBus","og_description":"Teste de opacidade, algo simples de ser feito, mas complexo em sua execu\u00e7\u00e3o, \u00e9 fundamental para a otimiza\u00e7\u00e3o das opera\u00e7\u00f5es","og_url":"https:\/\/revistaautobus.com.br\/?p=18660","og_site_name":"Revista AutoBus","article_publisher":"https:\/\/www.facebook.com\/antonio.ferro.3150","article_published_time":"2026-04-27T11:38:56+00:00","og_image":[{"width":1600,"height":1200,"url":"https:\/\/revistaautobus.com.br\/wp-content\/uploads\/2026\/04\/WhatsApp-Image-2026-04-22-at-08.30.22.jpeg","type":"image\/jpeg"}],"author":"Antonio Ferro","twitter_card":"summary_large_image","twitter_misc":{"Escrito por":"Antonio Ferro","Est. tempo de leitura":"6 minutos"},"schema":{"@context":"https:\/\/schema.org","@graph":[{"@type":"Article","@id":"https:\/\/revistaautobus.com.br\/?p=18660#article","isPartOf":{"@id":"https:\/\/revistaautobus.com.br\/?p=18660"},"author":{"name":"Antonio Ferro","@id":"https:\/\/revistaautobus.com.br\/#\/schema\/person\/54af7c3eb83a310e42ef686ef6d16f50"},"headline":"Fuma\u00e7a preta na frota: descuido ambiental ou falha de gest\u00e3o?","datePublished":"2026-04-27T11:38:56+00:00","mainEntityOfPage":{"@id":"https:\/\/revistaautobus.com.br\/?p=18660"},"wordCount":903,"commentCount":0,"publisher":{"@id":"https:\/\/revistaautobus.com.br\/#organization"},"image":{"@id":"https:\/\/revistaautobus.com.br\/?p=18660#primaryimage"},"thumbnailUrl":"https:\/\/revistaautobus.com.br\/wp-content\/uploads\/2026\/04\/WhatsApp-Image-2026-04-22-at-08.30.22.jpeg","keywords":["Teste de opacidade"],"articleSection":["Meio ambiente","Notas","Not\u00edcias","Ponto de Vista","Transporte rodovi\u00e1rio"],"inLanguage":"pt-BR","potentialAction":[{"@type":"CommentAction","name":"Comment","target":["https:\/\/revistaautobus.com.br\/?p=18660#respond"]}]},{"@type":"WebPage","@id":"https:\/\/revistaautobus.com.br\/?p=18660","url":"https:\/\/revistaautobus.com.br\/?p=18660","name":"Fuma\u00e7a preta na frota: descuido ambiental ou falha de gest\u00e3o? - Revista AutoBus","isPartOf":{"@id":"https:\/\/revistaautobus.com.br\/#website"},"primaryImageOfPage":{"@id":"https:\/\/revistaautobus.com.br\/?p=18660#primaryimage"},"image":{"@id":"https:\/\/revistaautobus.com.br\/?p=18660#primaryimage"},"thumbnailUrl":"https:\/\/revistaautobus.com.br\/wp-content\/uploads\/2026\/04\/WhatsApp-Image-2026-04-22-at-08.30.22.jpeg","datePublished":"2026-04-27T11:38:56+00:00","breadcrumb":{"@id":"https:\/\/revistaautobus.com.br\/?p=18660#breadcrumb"},"inLanguage":"pt-BR","potentialAction":[{"@type":"ReadAction","target":["https:\/\/revistaautobus.com.br\/?p=18660"]}]},{"@type":"ImageObject","inLanguage":"pt-BR","@id":"https:\/\/revistaautobus.com.br\/?p=18660#primaryimage","url":"https:\/\/revistaautobus.com.br\/wp-content\/uploads\/2026\/04\/WhatsApp-Image-2026-04-22-at-08.30.22.jpeg","contentUrl":"https:\/\/revistaautobus.com.br\/wp-content\/uploads\/2026\/04\/WhatsApp-Image-2026-04-22-at-08.30.22.jpeg","width":1600,"height":1200},{"@type":"BreadcrumbList","@id":"https:\/\/revistaautobus.com.br\/?p=18660#breadcrumb","itemListElement":[{"@type":"ListItem","position":1,"name":"In\u00edcio","item":"https:\/\/revistaautobus.com.br\/"},{"@type":"ListItem","position":2,"name":"Fuma\u00e7a preta na frota: descuido ambiental ou falha de gest\u00e3o?"}]},{"@type":"WebSite","@id":"https:\/\/revistaautobus.com.br\/#website","url":"https:\/\/revistaautobus.com.br\/","name":"Revista AutoBus","description":"","publisher":{"@id":"https:\/\/revistaautobus.com.br\/#organization"},"potentialAction":[{"@type":"SearchAction","target":{"@type":"EntryPoint","urlTemplate":"https:\/\/revistaautobus.com.br\/?s={search_term_string}"},"query-input":{"@type":"PropertyValueSpecification","valueRequired":true,"valueName":"search_term_string"}}],"inLanguage":"pt-BR"},{"@type":"Organization","@id":"https:\/\/revistaautobus.com.br\/#organization","name":"Revista AutoBus","url":"https:\/\/revistaautobus.com.br\/","logo":{"@type":"ImageObject","inLanguage":"pt-BR","@id":"https:\/\/revistaautobus.com.br\/#\/schema\/logo\/image\/","url":"https:\/\/revistaautobus.com.br\/wp-content\/uploads\/2024\/11\/logo_revista_autobus_fb.png","contentUrl":"https:\/\/revistaautobus.com.br\/wp-content\/uploads\/2024\/11\/logo_revista_autobus_fb.png","width":836,"height":227,"caption":"Revista AutoBus"},"image":{"@id":"https:\/\/revistaautobus.com.br\/#\/schema\/logo\/image\/"},"sameAs":["https:\/\/www.facebook.com\/antonio.ferro.3150","https:\/\/www.instagram.com\/revistaautobus\/"]},{"@type":"Person","@id":"https:\/\/revistaautobus.com.br\/#\/schema\/person\/54af7c3eb83a310e42ef686ef6d16f50","name":"Antonio Ferro","image":{"@type":"ImageObject","inLanguage":"pt-BR","@id":"https:\/\/revistaautobus.com.br\/wp-content\/uploads\/2025\/12\/editor_antonio_ferro-150x150.jpg","url":"https:\/\/revistaautobus.com.br\/wp-content\/uploads\/2025\/12\/editor_antonio_ferro-150x150.jpg","contentUrl":"https:\/\/revistaautobus.com.br\/wp-content\/uploads\/2025\/12\/editor_antonio_ferro-150x150.jpg","caption":"Antonio Ferro"},"description":"infobus@uol.com.br","url":"https:\/\/revistaautobus.com.br\/?author=2"}]}},"jetpack_featured_media_url":"https:\/\/revistaautobus.com.br\/wp-content\/uploads\/2026\/04\/WhatsApp-Image-2026-04-22-at-08.30.22.jpeg","jetpack_sharing_enabled":true,"_links":{"self":[{"href":"https:\/\/revistaautobus.com.br\/index.php?rest_route=\/wp\/v2\/posts\/18660","targetHints":{"allow":["GET"]}}],"collection":[{"href":"https:\/\/revistaautobus.com.br\/index.php?rest_route=\/wp\/v2\/posts"}],"about":[{"href":"https:\/\/revistaautobus.com.br\/index.php?rest_route=\/wp\/v2\/types\/post"}],"author":[{"embeddable":true,"href":"https:\/\/revistaautobus.com.br\/index.php?rest_route=\/wp\/v2\/users\/2"}],"replies":[{"embeddable":true,"href":"https:\/\/revistaautobus.com.br\/index.php?rest_route=%2Fwp%2Fv2%2Fcomments&post=18660"}],"version-history":[{"count":2,"href":"https:\/\/revistaautobus.com.br\/index.php?rest_route=\/wp\/v2\/posts\/18660\/revisions"}],"predecessor-version":[{"id":18664,"href":"https:\/\/revistaautobus.com.br\/index.php?rest_route=\/wp\/v2\/posts\/18660\/revisions\/18664"}],"wp:featuredmedia":[{"embeddable":true,"href":"https:\/\/revistaautobus.com.br\/index.php?rest_route=\/wp\/v2\/media\/18661"}],"wp:attachment":[{"href":"https:\/\/revistaautobus.com.br\/index.php?rest_route=%2Fwp%2Fv2%2Fmedia&parent=18660"}],"wp:term":[{"taxonomy":"category","embeddable":true,"href":"https:\/\/revistaautobus.com.br\/index.php?rest_route=%2Fwp%2Fv2%2Fcategories&post=18660"},{"taxonomy":"post_tag","embeddable":true,"href":"https:\/\/revistaautobus.com.br\/index.php?rest_route=%2Fwp%2Fv2%2Ftags&post=18660"}],"curies":[{"name":"wp","href":"https:\/\/api.w.org\/{rel}","templated":true}]}}