{"id":18665,"date":"2026-04-27T08:46:25","date_gmt":"2026-04-27T11:46:25","guid":{"rendered":"https:\/\/revistaautobus.com.br\/?p=18665"},"modified":"2026-04-27T08:46:25","modified_gmt":"2026-04-27T11:46:25","slug":"operadoras-de-fretamento-escolhem-a-busscar-em-suas-renovacoes","status":"publish","type":"post","link":"https:\/\/revistaautobus.com.br\/?p=18665","title":{"rendered":"Operadoras de fretamento escolhem a Busscar em suas renova\u00e7\u00f5es"},"content":{"rendered":"<p>Duas empresas de \u00f4nibus refer\u00eancia no setor de fretamento investiram na compra de \u00f4nibus, escolhendo a marca catarinense, Busscar, e seu modelo de carro\u00e7aria El Buss FT.<\/p>\n<p>Com grande atua\u00e7\u00e3o no Vale do A\u00e7o, em Minas Gerais, em servi\u00e7os nas linhas regulares, fretamento, log\u00edstica e loca\u00e7\u00e3o de ve\u00edculos, a Univale Transportes acaba de renovar sua frota de \u00f4nibus, com a chegada de 13 unidades, todas portando a carro\u00e7aria El Buss FT, da marca catarinense Busscar, e chassis Mercedes-Benz OF 1721.<\/p>\n<p>De acordo com a fabricante de carro\u00e7arias, seu modelo integra solu\u00e7\u00f5es que contribuem para a melhoria da experi\u00eancia do passageiro e para a otimiza\u00e7\u00e3o da opera\u00e7\u00e3o, com destaque para o design aerodin\u00e2mico, que favorece o desempenho energ\u00e9tico, aliado a linhas modernas e funcionais que refor\u00e7am sua presen\u00e7a nas estradas.<\/p>\n<p>Al\u00e9m disso, o sal\u00e3o de passageiros foi projetado para oferecer mais conforto ao longo da viagem, contando com ar-condicionado de teto com renova\u00e7\u00e3o de ar e filtro antip\u00f3len, al\u00e9m de dois tetos solares, que contribuem para a ilumina\u00e7\u00e3o natural e sensa\u00e7\u00e3o de amplitude interna. O projeto, conforme informa a Busscar, tamb\u00e9m, prioriza o isolamento ac\u00fastico e o melhor aproveitamento do espa\u00e7o interno, proporcionando viagens mais silenciosas e agrad\u00e1veis.<\/p>\n<p><img loading=\"lazy\" decoding=\"async\" class=\"wp-image-18667 aligncenter\" src=\"https:\/\/revistaautobus.com.br\/wp-content\/uploads\/2026\/04\/IMG_0633-El-Buss-Univale-300x269.jpg\" alt=\"\" width=\"650\" height=\"582\" srcset=\"https:\/\/revistaautobus.com.br\/wp-content\/uploads\/2026\/04\/IMG_0633-El-Buss-Univale-300x269.jpg 300w, https:\/\/revistaautobus.com.br\/wp-content\/uploads\/2026\/04\/IMG_0633-El-Buss-Univale-768x687.jpg 768w, https:\/\/revistaautobus.com.br\/wp-content\/uploads\/2026\/04\/IMG_0633-El-Buss-Univale.jpg 1000w\" sizes=\"(max-width: 650px) 100vw, 650px\" \/><\/p>\n<p>S\u00e3o 47 poltronas Class Soft, que se destacam pelo elevado padr\u00e3o de conforto, com ergonomia aprimorada, espumas de densidade controlada e acabamento superior, trazendo portas USB. H\u00e1, ainda, tecla de solicita\u00e7\u00e3o de parada junto \u00e0s poltronas de uso preferencial, com sinaliza\u00e7\u00e3o sonora e visual no painel do motorista, al\u00e9m de elevador para cadeirantes e dois espa\u00e7os reservados para pessoas com mobilidade reduzida, com identifica\u00e7\u00e3o t\u00e1til e cintos de seguran\u00e7a de tr\u00eas pontos.<\/p>\n<p>Paulo Corso, diretor-comercial da Busscar, contou que o projeto refor\u00e7a a expertise da empresa no desenvolvimento de solu\u00e7\u00f5es sob medida, com foco em efici\u00eancia, conforto e seguran\u00e7a. \u201cA entrega das 13 unidades do El Buss FT marca mais um avan\u00e7o estrat\u00e9gico da Univale na qualifica\u00e7\u00e3o de sua opera\u00e7\u00e3o, consolidando investimentos em tecnologia, padroniza\u00e7\u00e3o e qualidade no transporte de passageiros\u201d.<\/p>\n<div id=\"attachment_18668\" style=\"width: 490px\" class=\"wp-caption aligncenter\"><img loading=\"lazy\" decoding=\"async\" aria-describedby=\"caption-attachment-18668\" class=\"wp-image-18668\" src=\"https:\/\/revistaautobus.com.br\/wp-content\/uploads\/2026\/04\/post_Univale-EBFT-3-240x300.jpg\" alt=\"\" width=\"480\" height=\"600\" srcset=\"https:\/\/revistaautobus.com.br\/wp-content\/uploads\/2026\/04\/post_Univale-EBFT-3-240x300.jpg 240w, https:\/\/revistaautobus.com.br\/wp-content\/uploads\/2026\/04\/post_Univale-EBFT-3-768x960.jpg 768w, https:\/\/revistaautobus.com.br\/wp-content\/uploads\/2026\/04\/post_Univale-EBFT-3.jpg 800w\" sizes=\"(max-width: 480px) 100vw, 480px\" \/><p id=\"caption-attachment-18668\" class=\"wp-caption-text\"><span style=\"color: #800000;\"><em><strong>Para os servi\u00e7os de fretamento, a Busscar visa oferecer maior comodidade aos passageiros<\/strong><\/em><\/span><\/p><\/div>\n<p>Pertencente ao mesmo grupo operacional, as empresas Piccolotur e Visatur, destacando o compromisso com a moderniza\u00e7\u00e3o da frota e a busca por maior efici\u00eancia operacional aliada ao conforto dos seus passageiros, investiram na renova\u00e7\u00e3o, recebendo 12 unidades do El Buss FT.<\/p>\n<p>Esses ve\u00edculos t\u00eam o chassi Volksbus 17.230, modelo que alia robustez, efici\u00eancia operacional e atendimento aos mais atuais padr\u00f5es de emiss\u00f5es, contribuindo para uma opera\u00e7\u00e3o mais sustent\u00e1vel. J\u00e1 a carro\u00e7aria tem baixo custo de reposi\u00e7\u00e3o de pe\u00e7as, aliado \u00e0 manuten\u00e7\u00e3o simplificada, contribui diretamente para a competitividade no mercado.<\/p>\n<p>Paulo Corso comentou que o EL Buss FT re\u00fane caracter\u00edsticas que fazem diferen\u00e7a no dia a dia da opera\u00e7\u00e3o, como conforto, funcionalidade e efici\u00eancia, refor\u00e7ando a capacidade da fabricante em oferecer solu\u00e7\u00f5es alinhadas \u00e0s necessidades dos clientes e do mercado de fretamento.<\/p>\n<p>Imagens &#8211; Divulga\u00e7\u00e3o<\/p>\n","protected":false},"excerpt":{"rendered":"<p>Buscando oferecer aos seus passageiros a comodidade nas viagens, empresas refor\u00e7am suas frotas com novos \u00f4nibus<\/p>\n","protected":false},"author":2,"featured_media":18666,"comment_status":"open","ping_status":"open","sticky":false,"template":"","format":"standard","meta":{"_et_pb_use_builder":"","_et_pb_old_content":"","_et_gb_content_width":"","_jetpack_memberships_contains_paid_content":false,"footnotes":""},"categories":[87,1060,90],"tags":[56],"class_list":["post-18665","post","type-post","status-publish","format-standard","has-post-thumbnail","hentry","category-fretamento","category-notas","category-noticias","tag-busscar","et-has-post-format-content","et_post_format-et-post-format-standard"],"yoast_head":"<!-- This site is optimized with the Yoast SEO plugin v27.2 - https:\/\/yoast.com\/product\/yoast-seo-wordpress\/ -->\n<title>Operadoras de fretamento escolhem a Busscar em suas renova\u00e7\u00f5es - Revista AutoBus<\/title>\n<meta name=\"robots\" content=\"index, follow, max-snippet:-1, max-image-preview:large, max-video-preview:-1\" \/>\n<link rel=\"canonical\" href=\"https:\/\/revistaautobus.com.br\/?p=18665\" \/>\n<meta property=\"og:locale\" content=\"pt_BR\" \/>\n<meta property=\"og:type\" content=\"article\" \/>\n<meta property=\"og:title\" content=\"Operadoras de fretamento escolhem a Busscar em suas renova\u00e7\u00f5es - Revista AutoBus\" \/>\n<meta property=\"og:description\" content=\"Buscando oferecer aos seus passageiros a comodidade nas viagens, empresas refor\u00e7am suas frotas com novos \u00f4nibus\" \/>\n<meta property=\"og:url\" content=\"https:\/\/revistaautobus.com.br\/?p=18665\" \/>\n<meta property=\"og:site_name\" content=\"Revista AutoBus\" \/>\n<meta property=\"article:publisher\" content=\"https:\/\/www.facebook.com\/antonio.ferro.3150\" \/>\n<meta property=\"article:published_time\" content=\"2026-04-27T11:46:25+00:00\" \/>\n<meta property=\"og:image\" content=\"https:\/\/revistaautobus.com.br\/wp-content\/uploads\/2026\/04\/ElBuss-FRET-Busscar.jpg\" \/>\n\t<meta property=\"og:image:width\" content=\"1090\" \/>\n\t<meta property=\"og:image:height\" content=\"461\" \/>\n\t<meta property=\"og:image:type\" content=\"image\/jpeg\" \/>\n<meta name=\"author\" content=\"Antonio Ferro\" \/>\n<meta name=\"twitter:card\" content=\"summary_large_image\" \/>\n<meta name=\"twitter:label1\" content=\"Escrito por\" \/>\n\t<meta name=\"twitter:data1\" content=\"Antonio Ferro\" \/>\n\t<meta name=\"twitter:label2\" content=\"Est. tempo de leitura\" \/>\n\t<meta name=\"twitter:data2\" content=\"4 minutos\" \/>\n<script type=\"application\/ld+json\" class=\"yoast-schema-graph\">{\"@context\":\"https:\/\/schema.org\",\"@graph\":[{\"@type\":\"Article\",\"@id\":\"https:\/\/revistaautobus.com.br\/?p=18665#article\",\"isPartOf\":{\"@id\":\"https:\/\/revistaautobus.com.br\/?p=18665\"},\"author\":{\"name\":\"Antonio Ferro\",\"@id\":\"https:\/\/revistaautobus.com.br\/#\/schema\/person\/54af7c3eb83a310e42ef686ef6d16f50\"},\"headline\":\"Operadoras de fretamento escolhem a Busscar em suas renova\u00e7\u00f5es\",\"datePublished\":\"2026-04-27T11:46:25+00:00\",\"mainEntityOfPage\":{\"@id\":\"https:\/\/revistaautobus.com.br\/?p=18665\"},\"wordCount\":556,\"commentCount\":0,\"publisher\":{\"@id\":\"https:\/\/revistaautobus.com.br\/#organization\"},\"image\":{\"@id\":\"https:\/\/revistaautobus.com.br\/?p=18665#primaryimage\"},\"thumbnailUrl\":\"https:\/\/revistaautobus.com.br\/wp-content\/uploads\/2026\/04\/ElBuss-FRET-Busscar.jpg\",\"keywords\":[\"Busscar\"],\"articleSection\":[\"Fretamento\",\"Notas\",\"Not\u00edcias\"],\"inLanguage\":\"pt-BR\",\"potentialAction\":[{\"@type\":\"CommentAction\",\"name\":\"Comment\",\"target\":[\"https:\/\/revistaautobus.com.br\/?p=18665#respond\"]}]},{\"@type\":\"WebPage\",\"@id\":\"https:\/\/revistaautobus.com.br\/?p=18665\",\"url\":\"https:\/\/revistaautobus.com.br\/?p=18665\",\"name\":\"Operadoras de fretamento escolhem a Busscar em suas renova\u00e7\u00f5es - Revista AutoBus\",\"isPartOf\":{\"@id\":\"https:\/\/revistaautobus.com.br\/#website\"},\"primaryImageOfPage\":{\"@id\":\"https:\/\/revistaautobus.com.br\/?p=18665#primaryimage\"},\"image\":{\"@id\":\"https:\/\/revistaautobus.com.br\/?p=18665#primaryimage\"},\"thumbnailUrl\":\"https:\/\/revistaautobus.com.br\/wp-content\/uploads\/2026\/04\/ElBuss-FRET-Busscar.jpg\",\"datePublished\":\"2026-04-27T11:46:25+00:00\",\"breadcrumb\":{\"@id\":\"https:\/\/revistaautobus.com.br\/?p=18665#breadcrumb\"},\"inLanguage\":\"pt-BR\",\"potentialAction\":[{\"@type\":\"ReadAction\",\"target\":[\"https:\/\/revistaautobus.com.br\/?p=18665\"]}]},{\"@type\":\"ImageObject\",\"inLanguage\":\"pt-BR\",\"@id\":\"https:\/\/revistaautobus.com.br\/?p=18665#primaryimage\",\"url\":\"https:\/\/revistaautobus.com.br\/wp-content\/uploads\/2026\/04\/ElBuss-FRET-Busscar.jpg\",\"contentUrl\":\"https:\/\/revistaautobus.com.br\/wp-content\/uploads\/2026\/04\/ElBuss-FRET-Busscar.jpg\",\"width\":1090,\"height\":461},{\"@type\":\"BreadcrumbList\",\"@id\":\"https:\/\/revistaautobus.com.br\/?p=18665#breadcrumb\",\"itemListElement\":[{\"@type\":\"ListItem\",\"position\":1,\"name\":\"In\u00edcio\",\"item\":\"https:\/\/revistaautobus.com.br\/\"},{\"@type\":\"ListItem\",\"position\":2,\"name\":\"Operadoras de fretamento escolhem a Busscar em suas renova\u00e7\u00f5es\"}]},{\"@type\":\"WebSite\",\"@id\":\"https:\/\/revistaautobus.com.br\/#website\",\"url\":\"https:\/\/revistaautobus.com.br\/\",\"name\":\"Revista AutoBus\",\"description\":\"\",\"publisher\":{\"@id\":\"https:\/\/revistaautobus.com.br\/#organization\"},\"potentialAction\":[{\"@type\":\"SearchAction\",\"target\":{\"@type\":\"EntryPoint\",\"urlTemplate\":\"https:\/\/revistaautobus.com.br\/?s={search_term_string}\"},\"query-input\":{\"@type\":\"PropertyValueSpecification\",\"valueRequired\":true,\"valueName\":\"search_term_string\"}}],\"inLanguage\":\"pt-BR\"},{\"@type\":\"Organization\",\"@id\":\"https:\/\/revistaautobus.com.br\/#organization\",\"name\":\"Revista AutoBus\",\"url\":\"https:\/\/revistaautobus.com.br\/\",\"logo\":{\"@type\":\"ImageObject\",\"inLanguage\":\"pt-BR\",\"@id\":\"https:\/\/revistaautobus.com.br\/#\/schema\/logo\/image\/\",\"url\":\"https:\/\/revistaautobus.com.br\/wp-content\/uploads\/2024\/11\/logo_revista_autobus_fb.png\",\"contentUrl\":\"https:\/\/revistaautobus.com.br\/wp-content\/uploads\/2024\/11\/logo_revista_autobus_fb.png\",\"width\":836,\"height\":227,\"caption\":\"Revista AutoBus\"},\"image\":{\"@id\":\"https:\/\/revistaautobus.com.br\/#\/schema\/logo\/image\/\"},\"sameAs\":[\"https:\/\/www.facebook.com\/antonio.ferro.3150\",\"https:\/\/www.instagram.com\/revistaautobus\/\"]},{\"@type\":\"Person\",\"@id\":\"https:\/\/revistaautobus.com.br\/#\/schema\/person\/54af7c3eb83a310e42ef686ef6d16f50\",\"name\":\"Antonio Ferro\",\"image\":{\"@type\":\"ImageObject\",\"inLanguage\":\"pt-BR\",\"@id\":\"https:\/\/revistaautobus.com.br\/wp-content\/uploads\/2025\/12\/editor_antonio_ferro-150x150.jpg\",\"url\":\"https:\/\/revistaautobus.com.br\/wp-content\/uploads\/2025\/12\/editor_antonio_ferro-150x150.jpg\",\"contentUrl\":\"https:\/\/revistaautobus.com.br\/wp-content\/uploads\/2025\/12\/editor_antonio_ferro-150x150.jpg\",\"caption\":\"Antonio Ferro\"},\"description\":\"infobus@uol.com.br\",\"url\":\"https:\/\/revistaautobus.com.br\/?author=2\"}]}<\/script>\n<!-- \/ Yoast SEO plugin. -->","yoast_head_json":{"title":"Operadoras de fretamento escolhem a Busscar em suas renova\u00e7\u00f5es - Revista AutoBus","robots":{"index":"index","follow":"follow","max-snippet":"max-snippet:-1","max-image-preview":"max-image-preview:large","max-video-preview":"max-video-preview:-1"},"canonical":"https:\/\/revistaautobus.com.br\/?p=18665","og_locale":"pt_BR","og_type":"article","og_title":"Operadoras de fretamento escolhem a Busscar em suas renova\u00e7\u00f5es - Revista AutoBus","og_description":"Buscando oferecer aos seus passageiros a comodidade nas viagens, empresas refor\u00e7am suas frotas com novos \u00f4nibus","og_url":"https:\/\/revistaautobus.com.br\/?p=18665","og_site_name":"Revista AutoBus","article_publisher":"https:\/\/www.facebook.com\/antonio.ferro.3150","article_published_time":"2026-04-27T11:46:25+00:00","og_image":[{"width":1090,"height":461,"url":"https:\/\/revistaautobus.com.br\/wp-content\/uploads\/2026\/04\/ElBuss-FRET-Busscar.jpg","type":"image\/jpeg"}],"author":"Antonio Ferro","twitter_card":"summary_large_image","twitter_misc":{"Escrito por":"Antonio Ferro","Est. tempo de leitura":"4 minutos"},"schema":{"@context":"https:\/\/schema.org","@graph":[{"@type":"Article","@id":"https:\/\/revistaautobus.com.br\/?p=18665#article","isPartOf":{"@id":"https:\/\/revistaautobus.com.br\/?p=18665"},"author":{"name":"Antonio Ferro","@id":"https:\/\/revistaautobus.com.br\/#\/schema\/person\/54af7c3eb83a310e42ef686ef6d16f50"},"headline":"Operadoras de fretamento escolhem a Busscar em suas renova\u00e7\u00f5es","datePublished":"2026-04-27T11:46:25+00:00","mainEntityOfPage":{"@id":"https:\/\/revistaautobus.com.br\/?p=18665"},"wordCount":556,"commentCount":0,"publisher":{"@id":"https:\/\/revistaautobus.com.br\/#organization"},"image":{"@id":"https:\/\/revistaautobus.com.br\/?p=18665#primaryimage"},"thumbnailUrl":"https:\/\/revistaautobus.com.br\/wp-content\/uploads\/2026\/04\/ElBuss-FRET-Busscar.jpg","keywords":["Busscar"],"articleSection":["Fretamento","Notas","Not\u00edcias"],"inLanguage":"pt-BR","potentialAction":[{"@type":"CommentAction","name":"Comment","target":["https:\/\/revistaautobus.com.br\/?p=18665#respond"]}]},{"@type":"WebPage","@id":"https:\/\/revistaautobus.com.br\/?p=18665","url":"https:\/\/revistaautobus.com.br\/?p=18665","name":"Operadoras de fretamento escolhem a Busscar em suas renova\u00e7\u00f5es - Revista AutoBus","isPartOf":{"@id":"https:\/\/revistaautobus.com.br\/#website"},"primaryImageOfPage":{"@id":"https:\/\/revistaautobus.com.br\/?p=18665#primaryimage"},"image":{"@id":"https:\/\/revistaautobus.com.br\/?p=18665#primaryimage"},"thumbnailUrl":"https:\/\/revistaautobus.com.br\/wp-content\/uploads\/2026\/04\/ElBuss-FRET-Busscar.jpg","datePublished":"2026-04-27T11:46:25+00:00","breadcrumb":{"@id":"https:\/\/revistaautobus.com.br\/?p=18665#breadcrumb"},"inLanguage":"pt-BR","potentialAction":[{"@type":"ReadAction","target":["https:\/\/revistaautobus.com.br\/?p=18665"]}]},{"@type":"ImageObject","inLanguage":"pt-BR","@id":"https:\/\/revistaautobus.com.br\/?p=18665#primaryimage","url":"https:\/\/revistaautobus.com.br\/wp-content\/uploads\/2026\/04\/ElBuss-FRET-Busscar.jpg","contentUrl":"https:\/\/revistaautobus.com.br\/wp-content\/uploads\/2026\/04\/ElBuss-FRET-Busscar.jpg","width":1090,"height":461},{"@type":"BreadcrumbList","@id":"https:\/\/revistaautobus.com.br\/?p=18665#breadcrumb","itemListElement":[{"@type":"ListItem","position":1,"name":"In\u00edcio","item":"https:\/\/revistaautobus.com.br\/"},{"@type":"ListItem","position":2,"name":"Operadoras de fretamento escolhem a Busscar em suas renova\u00e7\u00f5es"}]},{"@type":"WebSite","@id":"https:\/\/revistaautobus.com.br\/#website","url":"https:\/\/revistaautobus.com.br\/","name":"Revista AutoBus","description":"","publisher":{"@id":"https:\/\/revistaautobus.com.br\/#organization"},"potentialAction":[{"@type":"SearchAction","target":{"@type":"EntryPoint","urlTemplate":"https:\/\/revistaautobus.com.br\/?s={search_term_string}"},"query-input":{"@type":"PropertyValueSpecification","valueRequired":true,"valueName":"search_term_string"}}],"inLanguage":"pt-BR"},{"@type":"Organization","@id":"https:\/\/revistaautobus.com.br\/#organization","name":"Revista AutoBus","url":"https:\/\/revistaautobus.com.br\/","logo":{"@type":"ImageObject","inLanguage":"pt-BR","@id":"https:\/\/revistaautobus.com.br\/#\/schema\/logo\/image\/","url":"https:\/\/revistaautobus.com.br\/wp-content\/uploads\/2024\/11\/logo_revista_autobus_fb.png","contentUrl":"https:\/\/revistaautobus.com.br\/wp-content\/uploads\/2024\/11\/logo_revista_autobus_fb.png","width":836,"height":227,"caption":"Revista AutoBus"},"image":{"@id":"https:\/\/revistaautobus.com.br\/#\/schema\/logo\/image\/"},"sameAs":["https:\/\/www.facebook.com\/antonio.ferro.3150","https:\/\/www.instagram.com\/revistaautobus\/"]},{"@type":"Person","@id":"https:\/\/revistaautobus.com.br\/#\/schema\/person\/54af7c3eb83a310e42ef686ef6d16f50","name":"Antonio Ferro","image":{"@type":"ImageObject","inLanguage":"pt-BR","@id":"https:\/\/revistaautobus.com.br\/wp-content\/uploads\/2025\/12\/editor_antonio_ferro-150x150.jpg","url":"https:\/\/revistaautobus.com.br\/wp-content\/uploads\/2025\/12\/editor_antonio_ferro-150x150.jpg","contentUrl":"https:\/\/revistaautobus.com.br\/wp-content\/uploads\/2025\/12\/editor_antonio_ferro-150x150.jpg","caption":"Antonio Ferro"},"description":"infobus@uol.com.br","url":"https:\/\/revistaautobus.com.br\/?author=2"}]}},"jetpack_featured_media_url":"https:\/\/revistaautobus.com.br\/wp-content\/uploads\/2026\/04\/ElBuss-FRET-Busscar.jpg","jetpack_sharing_enabled":true,"_links":{"self":[{"href":"https:\/\/revistaautobus.com.br\/index.php?rest_route=\/wp\/v2\/posts\/18665","targetHints":{"allow":["GET"]}}],"collection":[{"href":"https:\/\/revistaautobus.com.br\/index.php?rest_route=\/wp\/v2\/posts"}],"about":[{"href":"https:\/\/revistaautobus.com.br\/index.php?rest_route=\/wp\/v2\/types\/post"}],"author":[{"embeddable":true,"href":"https:\/\/revistaautobus.com.br\/index.php?rest_route=\/wp\/v2\/users\/2"}],"replies":[{"embeddable":true,"href":"https:\/\/revistaautobus.com.br\/index.php?rest_route=%2Fwp%2Fv2%2Fcomments&post=18665"}],"version-history":[{"count":2,"href":"https:\/\/revistaautobus.com.br\/index.php?rest_route=\/wp\/v2\/posts\/18665\/revisions"}],"predecessor-version":[{"id":18670,"href":"https:\/\/revistaautobus.com.br\/index.php?rest_route=\/wp\/v2\/posts\/18665\/revisions\/18670"}],"wp:featuredmedia":[{"embeddable":true,"href":"https:\/\/revistaautobus.com.br\/index.php?rest_route=\/wp\/v2\/media\/18666"}],"wp:attachment":[{"href":"https:\/\/revistaautobus.com.br\/index.php?rest_route=%2Fwp%2Fv2%2Fmedia&parent=18665"}],"wp:term":[{"taxonomy":"category","embeddable":true,"href":"https:\/\/revistaautobus.com.br\/index.php?rest_route=%2Fwp%2Fv2%2Fcategories&post=18665"},{"taxonomy":"post_tag","embeddable":true,"href":"https:\/\/revistaautobus.com.br\/index.php?rest_route=%2Fwp%2Fv2%2Ftags&post=18665"}],"curies":[{"name":"wp","href":"https:\/\/api.w.org\/{rel}","templated":true}]}}