{"id":18688,"date":"2026-04-27T11:12:14","date_gmt":"2026-04-27T14:12:14","guid":{"rendered":"https:\/\/revistaautobus.com.br\/?p=18688"},"modified":"2026-04-27T11:12:14","modified_gmt":"2026-04-27T14:12:14","slug":"volvo-e-progresso-reativam-a-parceria","status":"publish","type":"post","link":"https:\/\/revistaautobus.com.br\/?p=18688","title":{"rendered":"Volvo e Progresso reativam a parceria"},"content":{"rendered":"<p>Recentemente, uma renova\u00e7\u00e3o de frota de uma grande transportadora brasileira do segmento rodovi\u00e1rio chamou a aten\u00e7\u00e3o pelo contexto da substitui\u00e7\u00e3o de marcas, ap\u00f3s bons anos optando por determinado nome da ind\u00fastria nacional.<\/p>\n<p>Com 93 anos de atua\u00e7\u00e3o, a Auto Via\u00e7\u00e3o Progresso, do Recife (PE), escolheu a Volvo em sua mais recente aquisi\u00e7\u00e3o de novos \u00f4nibus. Ela, que foi fiel com outra marca sueca, resolveu investir em tecnologia combinada com efici\u00eancia e economia operacional.<\/p>\n<p>Neste primeiro momento, s\u00e3o sete unidades recebidas, todas na categoria <em>Double Decker<\/em>, vers\u00e3o muito utilizada na frota da operadora nos \u00faltimos quatro anos pela versatilidade das configura\u00e7\u00f5es internas que podem ser dispostas aos mais diversos clientes.<\/p>\n<p>Os ve\u00edculos contam com os chassis Volvo B510R (8&#215;2) e carro\u00e7arias Marcopolo Paradiso 1800 DD G8, com 15 metros de comprimento.<\/p>\n<p>Desses novos \u00f4nibus que chegaram, dois contam com cabine privativa, que \u00e9 o espa\u00e7o exclusivo para um passageiro poder viajar com total conforto nas linhas da empresa. Segundo Florisvaldo Hudinik, diretor-operacional da Progresso, a inova\u00e7\u00e3o objetiva oferecer uma categoria exclusiva, onde o cliente conta com manta, kit lanche e internet via sat\u00e9lite, num espa\u00e7o \u00fanico. \u201cJ\u00e1 dispomos em diversas rotas servi\u00e7os que contemplam o conforto interno por meio da combina\u00e7\u00e3o de poltronas executivas, leito e leito cama, sendo que esta \u00faltima op\u00e7\u00e3o tem sido muito procurada por nossos clientes. Vamos avaliar a receptividade da inova\u00e7\u00e3o para podermos investir em novos espa\u00e7os nos futuros \u00f4nibus a serem adquiridos\u201d, afirmou.<\/p>\n<div id=\"attachment_18690\" style=\"width: 319px\" class=\"wp-caption aligncenter\"><img loading=\"lazy\" decoding=\"async\" aria-describedby=\"caption-attachment-18690\" class=\"wp-image-18690\" src=\"https:\/\/revistaautobus.com.br\/wp-content\/uploads\/2026\/04\/WhatsApp-Image-2026-04-16-at-16.19.27-169x300.jpeg\" alt=\"\" width=\"309\" height=\"550\" srcset=\"https:\/\/revistaautobus.com.br\/wp-content\/uploads\/2026\/04\/WhatsApp-Image-2026-04-16-at-16.19.27-169x300.jpeg 169w, https:\/\/revistaautobus.com.br\/wp-content\/uploads\/2026\/04\/WhatsApp-Image-2026-04-16-at-16.19.27-576x1024.jpeg 576w, https:\/\/revistaautobus.com.br\/wp-content\/uploads\/2026\/04\/WhatsApp-Image-2026-04-16-at-16.19.27.jpeg 720w\" sizes=\"(max-width: 309px) 100vw, 309px\" \/><p id=\"caption-attachment-18690\" class=\"wp-caption-text\"><span style=\"color: #008000;\"><em><strong>Cabine privativa para maior conforto do passageiro<\/strong><\/em><\/span><\/p><\/div>\n<p>Outros p\u00fablicos, como o do avi\u00e3o e mulheres que viajam sozinhas s\u00e3o potenciais usu\u00e1rios dessa nova configura\u00e7\u00e3o exclusiva. Sobre a internet, Hudinik informou que a Progresso vem apostando nesse quesito para que seus clientes possam usufruir de comodidade e numa poss\u00edvel situa\u00e7\u00e3o de emerg\u00eancia seja o diferencial em contato. \u201cHoje, todas as pessoas est\u00e3o conectadas. N\u00e3o se trata, apenas, de um recurso para entretenimento, mas sim \u00e9 uma ferramenta de trabalho que pode ser usada em tr\u00e2nsito, a nosso favor, por isso estamos investindo na internet via sat\u00e9lite\u201d, disse.<\/p>\n<p>Segundo o executivo, j\u00e1 s\u00e3o 15 \u00f4nibus que contam com esse tipo de servi\u00e7o e que os pr\u00f3ximos a serem adquiridos j\u00e1 vir\u00e3o com a disponibilidade da conex\u00e3o.<\/p>\n<p>As caracter\u00edsticas das rotas operadas envolvem trechos com extens\u00e3o entre 600 e 700 quil\u00f4metros, em estradas com boas condi\u00e7\u00f5es de operacionalidade. Hudinik comentou que tem uma expectativa muito positiva quanto aos novos chassis Volvo e a tecnologia embarcada, pois j\u00e1 conhece muito bem a marca desde que esteve em outras transportadoras no passado. \u201cEstou confiante com esses novos ve\u00edculos, pois sei do conceito aplicado pela Volvo em seus ve\u00edculos. Creio que os resultados ser\u00e3o muito bons em termos de manuten\u00e7\u00e3o e economia de combust\u00edvel\u201d, afirmou.<\/p>\n<div id=\"attachment_18691\" style=\"width: 460px\" class=\"wp-caption aligncenter\"><img loading=\"lazy\" decoding=\"async\" aria-describedby=\"caption-attachment-18691\" class=\"wp-image-18691\" src=\"https:\/\/revistaautobus.com.br\/wp-content\/uploads\/2026\/04\/WhatsApp-Image-2026-04-22-at-12.15.13-225x300.jpeg\" alt=\"\" width=\"450\" height=\"600\" srcset=\"https:\/\/revistaautobus.com.br\/wp-content\/uploads\/2026\/04\/WhatsApp-Image-2026-04-22-at-12.15.13-225x300.jpeg 225w, https:\/\/revistaautobus.com.br\/wp-content\/uploads\/2026\/04\/WhatsApp-Image-2026-04-22-at-12.15.13-768x1024.jpeg 768w, https:\/\/revistaautobus.com.br\/wp-content\/uploads\/2026\/04\/WhatsApp-Image-2026-04-22-at-12.15.13.jpeg 960w\" sizes=\"(max-width: 450px) 100vw, 450px\" \/><p id=\"caption-attachment-18691\" class=\"wp-caption-text\"><span style=\"color: #008000;\"><em><strong>Operadora pernambucana renova sua frota escolhendo a tecnologia embarcada da Volvo para a otimiza\u00e7\u00e3o operacional<\/strong><\/em><\/span><\/p><\/div>\n<p>Os chassis dessa compra trazem de s\u00e9rie a \u00faltima gera\u00e7\u00e3o do Sistema de Seguran\u00e7a Ativa (SSA) da marca, destacando as tecnologias como o aviso de colis\u00e3o com frenagem autom\u00e1tica, o alerta de ponto cego frontal, o detector de fadiga do motorista, o alerta de mudan\u00e7a involunt\u00e1ria de faixa, dentre outros sistemas que ajudam a evitar acidentes ou minimizar suas consequ\u00eancias.<\/p>\n<p>Para a Volvo, os atributos da seguran\u00e7a e economia pesaram na decis\u00e3o, pois sua linha com motores Euro VI se destaca pela alta tecnologia embarcada, que se traduz em elevada seguran\u00e7a, economia e alta produtividade, caracter\u00edsticas importantes no transporte rodovi\u00e1rio de passageiros. A marca, ainda, destacou que outro ponto importante \u00e9 o suporte de servi\u00e7os do p\u00f3s-venda, oferecido por meio das suas concession\u00e1rias, garantindo disponibilidade dos ve\u00edculos.<\/p>\n<p>A fabricante ressaltou que o neg\u00f3cio com a Auto Via\u00e7\u00e3o Progresso nessa renova\u00e7\u00e3o de frota representa um motivo de orgulho, afinal trata-se de um cliente bastante exigente e de longa tradi\u00e7\u00e3o, com experi\u00eancia de relacionamento com as diversas marcas de chassis.<\/p>\n<p>Est\u00e3o previstas, ainda, mais 12 chassis B460R na vers\u00e3o 6&#215;2, que receber\u00e3o carro\u00e7arias <em>Double Decker<\/em> da Marcopolo.<\/p>\n<p>Imagens &#8211; Divulga\u00e7\u00e3o<\/p>\n","protected":false},"excerpt":{"rendered":"<p>Operadora rodovi\u00e1ria volta a adquirir chassis da marca depois de um longo per\u00edodo em que optou por outra fabricante<\/p>\n","protected":false},"author":2,"featured_media":18689,"comment_status":"open","ping_status":"open","sticky":false,"template":"","format":"standard","meta":{"_et_pb_use_builder":"","_et_pb_old_content":"","_et_gb_content_width":"","_jetpack_memberships_contains_paid_content":false,"footnotes":""},"categories":[1060,90,73,80],"tags":[1129,172],"class_list":["post-18688","post","type-post","status-publish","format-standard","has-post-thumbnail","hentry","category-notas","category-noticias","category-tecnologia","category-transporte-rodoviario","tag-auto-viacao-progresso","tag-volvo-buses","et-has-post-format-content","et_post_format-et-post-format-standard"],"yoast_head":"<!-- This site is optimized with the Yoast SEO plugin v27.2 - https:\/\/yoast.com\/product\/yoast-seo-wordpress\/ -->\n<title>Volvo e Progresso reativam a parceria - Revista AutoBus<\/title>\n<meta name=\"robots\" content=\"index, follow, max-snippet:-1, max-image-preview:large, max-video-preview:-1\" \/>\n<link rel=\"canonical\" href=\"https:\/\/revistaautobus.com.br\/?p=18688\" \/>\n<meta property=\"og:locale\" content=\"pt_BR\" \/>\n<meta property=\"og:type\" content=\"article\" \/>\n<meta property=\"og:title\" content=\"Volvo e Progresso reativam a parceria - Revista AutoBus\" \/>\n<meta property=\"og:description\" content=\"Operadora rodovi\u00e1ria volta a adquirir chassis da marca depois de um longo per\u00edodo em que optou por outra fabricante\" \/>\n<meta property=\"og:url\" content=\"https:\/\/revistaautobus.com.br\/?p=18688\" \/>\n<meta property=\"og:site_name\" content=\"Revista AutoBus\" \/>\n<meta property=\"article:publisher\" content=\"https:\/\/www.facebook.com\/antonio.ferro.3150\" \/>\n<meta property=\"article:published_time\" content=\"2026-04-27T14:12:14+00:00\" \/>\n<meta property=\"og:image\" content=\"https:\/\/revistaautobus.com.br\/wp-content\/uploads\/2026\/04\/WhatsApp-Image-2026-04-22-at-12.15.14.jpeg\" \/>\n\t<meta property=\"og:image:width\" content=\"1280\" \/>\n\t<meta property=\"og:image:height\" content=\"960\" \/>\n\t<meta property=\"og:image:type\" content=\"image\/jpeg\" \/>\n<meta name=\"author\" content=\"Antonio Ferro\" \/>\n<meta name=\"twitter:card\" content=\"summary_large_image\" \/>\n<meta name=\"twitter:label1\" content=\"Escrito por\" \/>\n\t<meta name=\"twitter:data1\" content=\"Antonio Ferro\" \/>\n\t<meta name=\"twitter:label2\" content=\"Est. tempo de leitura\" \/>\n\t<meta name=\"twitter:data2\" content=\"5 minutos\" \/>\n<script type=\"application\/ld+json\" class=\"yoast-schema-graph\">{\"@context\":\"https:\/\/schema.org\",\"@graph\":[{\"@type\":\"Article\",\"@id\":\"https:\/\/revistaautobus.com.br\/?p=18688#article\",\"isPartOf\":{\"@id\":\"https:\/\/revistaautobus.com.br\/?p=18688\"},\"author\":{\"name\":\"Antonio Ferro\",\"@id\":\"https:\/\/revistaautobus.com.br\/#\/schema\/person\/54af7c3eb83a310e42ef686ef6d16f50\"},\"headline\":\"Volvo e Progresso reativam a parceria\",\"datePublished\":\"2026-04-27T14:12:14+00:00\",\"mainEntityOfPage\":{\"@id\":\"https:\/\/revistaautobus.com.br\/?p=18688\"},\"wordCount\":740,\"commentCount\":0,\"publisher\":{\"@id\":\"https:\/\/revistaautobus.com.br\/#organization\"},\"image\":{\"@id\":\"https:\/\/revistaautobus.com.br\/?p=18688#primaryimage\"},\"thumbnailUrl\":\"https:\/\/revistaautobus.com.br\/wp-content\/uploads\/2026\/04\/WhatsApp-Image-2026-04-22-at-12.15.14.jpeg\",\"keywords\":[\"Auto Via\u00e7\u00e3o Progresso\",\"Volvo Buses\"],\"articleSection\":[\"Notas\",\"Not\u00edcias\",\"Tecnologia\",\"Transporte rodovi\u00e1rio\"],\"inLanguage\":\"pt-BR\",\"potentialAction\":[{\"@type\":\"CommentAction\",\"name\":\"Comment\",\"target\":[\"https:\/\/revistaautobus.com.br\/?p=18688#respond\"]}]},{\"@type\":\"WebPage\",\"@id\":\"https:\/\/revistaautobus.com.br\/?p=18688\",\"url\":\"https:\/\/revistaautobus.com.br\/?p=18688\",\"name\":\"Volvo e Progresso reativam a parceria - Revista AutoBus\",\"isPartOf\":{\"@id\":\"https:\/\/revistaautobus.com.br\/#website\"},\"primaryImageOfPage\":{\"@id\":\"https:\/\/revistaautobus.com.br\/?p=18688#primaryimage\"},\"image\":{\"@id\":\"https:\/\/revistaautobus.com.br\/?p=18688#primaryimage\"},\"thumbnailUrl\":\"https:\/\/revistaautobus.com.br\/wp-content\/uploads\/2026\/04\/WhatsApp-Image-2026-04-22-at-12.15.14.jpeg\",\"datePublished\":\"2026-04-27T14:12:14+00:00\",\"breadcrumb\":{\"@id\":\"https:\/\/revistaautobus.com.br\/?p=18688#breadcrumb\"},\"inLanguage\":\"pt-BR\",\"potentialAction\":[{\"@type\":\"ReadAction\",\"target\":[\"https:\/\/revistaautobus.com.br\/?p=18688\"]}]},{\"@type\":\"ImageObject\",\"inLanguage\":\"pt-BR\",\"@id\":\"https:\/\/revistaautobus.com.br\/?p=18688#primaryimage\",\"url\":\"https:\/\/revistaautobus.com.br\/wp-content\/uploads\/2026\/04\/WhatsApp-Image-2026-04-22-at-12.15.14.jpeg\",\"contentUrl\":\"https:\/\/revistaautobus.com.br\/wp-content\/uploads\/2026\/04\/WhatsApp-Image-2026-04-22-at-12.15.14.jpeg\",\"width\":1280,\"height\":960},{\"@type\":\"BreadcrumbList\",\"@id\":\"https:\/\/revistaautobus.com.br\/?p=18688#breadcrumb\",\"itemListElement\":[{\"@type\":\"ListItem\",\"position\":1,\"name\":\"In\u00edcio\",\"item\":\"https:\/\/revistaautobus.com.br\/\"},{\"@type\":\"ListItem\",\"position\":2,\"name\":\"Volvo e Progresso reativam a parceria\"}]},{\"@type\":\"WebSite\",\"@id\":\"https:\/\/revistaautobus.com.br\/#website\",\"url\":\"https:\/\/revistaautobus.com.br\/\",\"name\":\"Revista AutoBus\",\"description\":\"\",\"publisher\":{\"@id\":\"https:\/\/revistaautobus.com.br\/#organization\"},\"potentialAction\":[{\"@type\":\"SearchAction\",\"target\":{\"@type\":\"EntryPoint\",\"urlTemplate\":\"https:\/\/revistaautobus.com.br\/?s={search_term_string}\"},\"query-input\":{\"@type\":\"PropertyValueSpecification\",\"valueRequired\":true,\"valueName\":\"search_term_string\"}}],\"inLanguage\":\"pt-BR\"},{\"@type\":\"Organization\",\"@id\":\"https:\/\/revistaautobus.com.br\/#organization\",\"name\":\"Revista AutoBus\",\"url\":\"https:\/\/revistaautobus.com.br\/\",\"logo\":{\"@type\":\"ImageObject\",\"inLanguage\":\"pt-BR\",\"@id\":\"https:\/\/revistaautobus.com.br\/#\/schema\/logo\/image\/\",\"url\":\"https:\/\/revistaautobus.com.br\/wp-content\/uploads\/2024\/11\/logo_revista_autobus_fb.png\",\"contentUrl\":\"https:\/\/revistaautobus.com.br\/wp-content\/uploads\/2024\/11\/logo_revista_autobus_fb.png\",\"width\":836,\"height\":227,\"caption\":\"Revista AutoBus\"},\"image\":{\"@id\":\"https:\/\/revistaautobus.com.br\/#\/schema\/logo\/image\/\"},\"sameAs\":[\"https:\/\/www.facebook.com\/antonio.ferro.3150\",\"https:\/\/www.instagram.com\/revistaautobus\/\"]},{\"@type\":\"Person\",\"@id\":\"https:\/\/revistaautobus.com.br\/#\/schema\/person\/54af7c3eb83a310e42ef686ef6d16f50\",\"name\":\"Antonio Ferro\",\"image\":{\"@type\":\"ImageObject\",\"inLanguage\":\"pt-BR\",\"@id\":\"https:\/\/revistaautobus.com.br\/wp-content\/uploads\/2025\/12\/editor_antonio_ferro-150x150.jpg\",\"url\":\"https:\/\/revistaautobus.com.br\/wp-content\/uploads\/2025\/12\/editor_antonio_ferro-150x150.jpg\",\"contentUrl\":\"https:\/\/revistaautobus.com.br\/wp-content\/uploads\/2025\/12\/editor_antonio_ferro-150x150.jpg\",\"caption\":\"Antonio Ferro\"},\"description\":\"infobus@uol.com.br\",\"url\":\"https:\/\/revistaautobus.com.br\/?author=2\"}]}<\/script>\n<!-- \/ Yoast SEO plugin. -->","yoast_head_json":{"title":"Volvo e Progresso reativam a parceria - Revista AutoBus","robots":{"index":"index","follow":"follow","max-snippet":"max-snippet:-1","max-image-preview":"max-image-preview:large","max-video-preview":"max-video-preview:-1"},"canonical":"https:\/\/revistaautobus.com.br\/?p=18688","og_locale":"pt_BR","og_type":"article","og_title":"Volvo e Progresso reativam a parceria - Revista AutoBus","og_description":"Operadora rodovi\u00e1ria volta a adquirir chassis da marca depois de um longo per\u00edodo em que optou por outra fabricante","og_url":"https:\/\/revistaautobus.com.br\/?p=18688","og_site_name":"Revista AutoBus","article_publisher":"https:\/\/www.facebook.com\/antonio.ferro.3150","article_published_time":"2026-04-27T14:12:14+00:00","og_image":[{"width":1280,"height":960,"url":"https:\/\/revistaautobus.com.br\/wp-content\/uploads\/2026\/04\/WhatsApp-Image-2026-04-22-at-12.15.14.jpeg","type":"image\/jpeg"}],"author":"Antonio Ferro","twitter_card":"summary_large_image","twitter_misc":{"Escrito por":"Antonio Ferro","Est. tempo de leitura":"5 minutos"},"schema":{"@context":"https:\/\/schema.org","@graph":[{"@type":"Article","@id":"https:\/\/revistaautobus.com.br\/?p=18688#article","isPartOf":{"@id":"https:\/\/revistaautobus.com.br\/?p=18688"},"author":{"name":"Antonio Ferro","@id":"https:\/\/revistaautobus.com.br\/#\/schema\/person\/54af7c3eb83a310e42ef686ef6d16f50"},"headline":"Volvo e Progresso reativam a parceria","datePublished":"2026-04-27T14:12:14+00:00","mainEntityOfPage":{"@id":"https:\/\/revistaautobus.com.br\/?p=18688"},"wordCount":740,"commentCount":0,"publisher":{"@id":"https:\/\/revistaautobus.com.br\/#organization"},"image":{"@id":"https:\/\/revistaautobus.com.br\/?p=18688#primaryimage"},"thumbnailUrl":"https:\/\/revistaautobus.com.br\/wp-content\/uploads\/2026\/04\/WhatsApp-Image-2026-04-22-at-12.15.14.jpeg","keywords":["Auto Via\u00e7\u00e3o Progresso","Volvo Buses"],"articleSection":["Notas","Not\u00edcias","Tecnologia","Transporte rodovi\u00e1rio"],"inLanguage":"pt-BR","potentialAction":[{"@type":"CommentAction","name":"Comment","target":["https:\/\/revistaautobus.com.br\/?p=18688#respond"]}]},{"@type":"WebPage","@id":"https:\/\/revistaautobus.com.br\/?p=18688","url":"https:\/\/revistaautobus.com.br\/?p=18688","name":"Volvo e Progresso reativam a parceria - Revista AutoBus","isPartOf":{"@id":"https:\/\/revistaautobus.com.br\/#website"},"primaryImageOfPage":{"@id":"https:\/\/revistaautobus.com.br\/?p=18688#primaryimage"},"image":{"@id":"https:\/\/revistaautobus.com.br\/?p=18688#primaryimage"},"thumbnailUrl":"https:\/\/revistaautobus.com.br\/wp-content\/uploads\/2026\/04\/WhatsApp-Image-2026-04-22-at-12.15.14.jpeg","datePublished":"2026-04-27T14:12:14+00:00","breadcrumb":{"@id":"https:\/\/revistaautobus.com.br\/?p=18688#breadcrumb"},"inLanguage":"pt-BR","potentialAction":[{"@type":"ReadAction","target":["https:\/\/revistaautobus.com.br\/?p=18688"]}]},{"@type":"ImageObject","inLanguage":"pt-BR","@id":"https:\/\/revistaautobus.com.br\/?p=18688#primaryimage","url":"https:\/\/revistaautobus.com.br\/wp-content\/uploads\/2026\/04\/WhatsApp-Image-2026-04-22-at-12.15.14.jpeg","contentUrl":"https:\/\/revistaautobus.com.br\/wp-content\/uploads\/2026\/04\/WhatsApp-Image-2026-04-22-at-12.15.14.jpeg","width":1280,"height":960},{"@type":"BreadcrumbList","@id":"https:\/\/revistaautobus.com.br\/?p=18688#breadcrumb","itemListElement":[{"@type":"ListItem","position":1,"name":"In\u00edcio","item":"https:\/\/revistaautobus.com.br\/"},{"@type":"ListItem","position":2,"name":"Volvo e Progresso reativam a parceria"}]},{"@type":"WebSite","@id":"https:\/\/revistaautobus.com.br\/#website","url":"https:\/\/revistaautobus.com.br\/","name":"Revista AutoBus","description":"","publisher":{"@id":"https:\/\/revistaautobus.com.br\/#organization"},"potentialAction":[{"@type":"SearchAction","target":{"@type":"EntryPoint","urlTemplate":"https:\/\/revistaautobus.com.br\/?s={search_term_string}"},"query-input":{"@type":"PropertyValueSpecification","valueRequired":true,"valueName":"search_term_string"}}],"inLanguage":"pt-BR"},{"@type":"Organization","@id":"https:\/\/revistaautobus.com.br\/#organization","name":"Revista AutoBus","url":"https:\/\/revistaautobus.com.br\/","logo":{"@type":"ImageObject","inLanguage":"pt-BR","@id":"https:\/\/revistaautobus.com.br\/#\/schema\/logo\/image\/","url":"https:\/\/revistaautobus.com.br\/wp-content\/uploads\/2024\/11\/logo_revista_autobus_fb.png","contentUrl":"https:\/\/revistaautobus.com.br\/wp-content\/uploads\/2024\/11\/logo_revista_autobus_fb.png","width":836,"height":227,"caption":"Revista AutoBus"},"image":{"@id":"https:\/\/revistaautobus.com.br\/#\/schema\/logo\/image\/"},"sameAs":["https:\/\/www.facebook.com\/antonio.ferro.3150","https:\/\/www.instagram.com\/revistaautobus\/"]},{"@type":"Person","@id":"https:\/\/revistaautobus.com.br\/#\/schema\/person\/54af7c3eb83a310e42ef686ef6d16f50","name":"Antonio Ferro","image":{"@type":"ImageObject","inLanguage":"pt-BR","@id":"https:\/\/revistaautobus.com.br\/wp-content\/uploads\/2025\/12\/editor_antonio_ferro-150x150.jpg","url":"https:\/\/revistaautobus.com.br\/wp-content\/uploads\/2025\/12\/editor_antonio_ferro-150x150.jpg","contentUrl":"https:\/\/revistaautobus.com.br\/wp-content\/uploads\/2025\/12\/editor_antonio_ferro-150x150.jpg","caption":"Antonio Ferro"},"description":"infobus@uol.com.br","url":"https:\/\/revistaautobus.com.br\/?author=2"}]}},"jetpack_featured_media_url":"https:\/\/revistaautobus.com.br\/wp-content\/uploads\/2026\/04\/WhatsApp-Image-2026-04-22-at-12.15.14.jpeg","jetpack_sharing_enabled":true,"_links":{"self":[{"href":"https:\/\/revistaautobus.com.br\/index.php?rest_route=\/wp\/v2\/posts\/18688","targetHints":{"allow":["GET"]}}],"collection":[{"href":"https:\/\/revistaautobus.com.br\/index.php?rest_route=\/wp\/v2\/posts"}],"about":[{"href":"https:\/\/revistaautobus.com.br\/index.php?rest_route=\/wp\/v2\/types\/post"}],"author":[{"embeddable":true,"href":"https:\/\/revistaautobus.com.br\/index.php?rest_route=\/wp\/v2\/users\/2"}],"replies":[{"embeddable":true,"href":"https:\/\/revistaautobus.com.br\/index.php?rest_route=%2Fwp%2Fv2%2Fcomments&post=18688"}],"version-history":[{"count":2,"href":"https:\/\/revistaautobus.com.br\/index.php?rest_route=\/wp\/v2\/posts\/18688\/revisions"}],"predecessor-version":[{"id":18693,"href":"https:\/\/revistaautobus.com.br\/index.php?rest_route=\/wp\/v2\/posts\/18688\/revisions\/18693"}],"wp:featuredmedia":[{"embeddable":true,"href":"https:\/\/revistaautobus.com.br\/index.php?rest_route=\/wp\/v2\/media\/18689"}],"wp:attachment":[{"href":"https:\/\/revistaautobus.com.br\/index.php?rest_route=%2Fwp%2Fv2%2Fmedia&parent=18688"}],"wp:term":[{"taxonomy":"category","embeddable":true,"href":"https:\/\/revistaautobus.com.br\/index.php?rest_route=%2Fwp%2Fv2%2Fcategories&post=18688"},{"taxonomy":"post_tag","embeddable":true,"href":"https:\/\/revistaautobus.com.br\/index.php?rest_route=%2Fwp%2Fv2%2Ftags&post=18688"}],"curies":[{"name":"wp","href":"https:\/\/api.w.org\/{rel}","templated":true}]}}