{"id":18702,"date":"2026-04-29T07:41:08","date_gmt":"2026-04-29T10:41:08","guid":{"rendered":"https:\/\/revistaautobus.com.br\/?p=18702"},"modified":"2026-04-29T07:41:08","modified_gmt":"2026-04-29T10:41:08","slug":"alem-das-linhas-regulares-o-investimento-em-turismo","status":"publish","type":"post","link":"https:\/\/revistaautobus.com.br\/?p=18702","title":{"rendered":"Al\u00e9m das linhas regulares, o investimento em turismo"},"content":{"rendered":"<p>Com a expectativa de reunir mais de cinco mil profissionais do segmento de turismo, a Expo Turismo 2026, que acontece nos dias 7 e 8 de maio na capital paranaense, visa ser o canal de divulga\u00e7\u00e3o de um vetor estrat\u00e9gico da economia do Paran\u00e1. Com crescimento acima da m\u00e9dia nacional, o estado consolida-se como um dos principais destinos tur\u00edsticos do Brasil, gerando alto n\u00famero de empregos, fomentando neg\u00f3cios de todos os portes e atraindo de forma crescente o turismo internacional.<\/p>\n<p>Em 2026, s\u00e3o 30 anos de Expo Turismo, que ter\u00e1 a Via\u00e7\u00e3o Garcia como parceira do evento, participando do encontro com a sua expertise nas \u00e1reas de fretamento e turismo. A transportadora, ainda, ser\u00e1 respons\u00e1vel pelo translado dos participantes, partindo de pontos do centro da cidade at\u00e9 o Viasoft Experience, local de realiza\u00e7\u00e3o da Feira. Os \u00f4nibus estar\u00e3o identificados com o <em>layout <\/em>da Expo Turismo e o servi\u00e7o ser\u00e1 gratuito aos participantes durante os dois dias.<\/p>\n<p>Conforme informa\u00e7\u00f5es da Garcia, a Expo Turismo deste ano ser\u00e1 realizada em um momento especial para o setor no Paran\u00e1, pois em 2025, o Estado apresentou expans\u00e3o de 5,5% nesse segmento. O Paran\u00e1 destaca-se como o quarto Estado brasileiro que mais recebeu turistas estrangeiros no primeiro semestre do ano passado, com aumento de 26% sobre o mesmo per\u00edodo de 2024.<\/p>\n<p>Para o vice-presidente da Via\u00e7\u00e3o Garcia, Estefano Boiko Junior, h\u00e1 uma expectativa de intensa troca de informa\u00e7\u00f5es e interc\u00e2mbio entre os protagonistas desse setor. \u201cAl\u00e9m disso, a Via\u00e7\u00e3o Garcia refor\u00e7a seu compromisso com o turismo regional ao integrar, com 100% de sua frota, a campanha \u201cVisite o Paran\u00e1\u201d, do Governo do Estado, voltada \u00e0 valoriza\u00e7\u00e3o e promo\u00e7\u00e3o dos destinos tur\u00edsticos paranaenses. A a\u00e7\u00e3o amplia a visibilidade das potencialidades do Paran\u00e1, levando informa\u00e7\u00e3o a milhares de pessoas diariamente e destacando o transporte rodovi\u00e1rio como um importante apoio na divulga\u00e7\u00e3o do turismo no Estado\u201d, explicou o executivo.<\/p>\n<p>A Via\u00e7\u00e3o Garcia se destaca por contar com uma frota constantemente renovada, tendo \u00f4nibus da mais nova gera\u00e7\u00e3o (os modelos G8, da encarro\u00e7adora Marcopolo), realizando investimentos permanentes em seguran\u00e7a e conforto dos passageiros. Outro detalhe \u00e9 que ela pretende apresentar, durante o encontro, as inova\u00e7\u00f5es que tem incorporado \u00e0 rotina do neg\u00f3cio e que lhe conferem padr\u00e3o de excel\u00eancia tanto no segmento de turismo e fretamento como no de transporte intermunicipal, interestadual, metropolitano e urbano de passageiros.<\/p>\n<p>A feira vai conectar profissionais de ag\u00eancias e operadoras de viagens, empresas de transporte e segmento de hospedagem do Brasil e exterior, em um networking de alto n\u00edvel e que contar\u00e1 com a participa\u00e7\u00e3o de 120 marcas expositoras. A proje\u00e7\u00e3o \u00e9 de que o evento viabilizar\u00e1 parcerias estrat\u00e9gicas e a gera\u00e7\u00e3o de cerca de R$ 150 milh\u00f5es em neg\u00f3cios.<\/p>\n<p>Imagem &#8211; Divulga\u00e7\u00e3o<\/p>\n","protected":false},"excerpt":{"rendered":"<p>A Via\u00e7\u00e3o Garcia, operadora paranaense e uma das mais conceituadas do Pa\u00eds, participa da Expo Turismo 2026, pela ABAV (Associa\u00e7\u00e3o Brasileira das Ag\u00eancias de Viagens do Paran\u00e1)<\/p>\n","protected":false},"author":2,"featured_media":18703,"comment_status":"open","ping_status":"open","sticky":false,"template":"","format":"standard","meta":{"_et_pb_use_builder":"","_et_pb_old_content":"","_et_gb_content_width":"","_jetpack_memberships_contains_paid_content":false,"footnotes":""},"categories":[1060,90,80],"tags":[156],"class_list":["post-18702","post","type-post","status-publish","format-standard","has-post-thumbnail","hentry","category-notas","category-noticias","category-transporte-rodoviario","tag-viacao-garcia","et-has-post-format-content","et_post_format-et-post-format-standard"],"yoast_head":"<!-- This site is optimized with the Yoast SEO plugin v27.2 - https:\/\/yoast.com\/product\/yoast-seo-wordpress\/ -->\n<title>Al\u00e9m das linhas regulares, o investimento em turismo - Revista AutoBus<\/title>\n<meta name=\"robots\" content=\"index, follow, max-snippet:-1, max-image-preview:large, max-video-preview:-1\" \/>\n<link rel=\"canonical\" href=\"https:\/\/revistaautobus.com.br\/?p=18702\" \/>\n<meta property=\"og:locale\" content=\"pt_BR\" \/>\n<meta property=\"og:type\" content=\"article\" \/>\n<meta property=\"og:title\" content=\"Al\u00e9m das linhas regulares, o investimento em turismo - Revista AutoBus\" \/>\n<meta property=\"og:description\" content=\"A Via\u00e7\u00e3o Garcia, operadora paranaense e uma das mais conceituadas do Pa\u00eds, participa da Expo Turismo 2026, pela ABAV (Associa\u00e7\u00e3o Brasileira das Ag\u00eancias de Viagens do Paran\u00e1)\" \/>\n<meta property=\"og:url\" content=\"https:\/\/revistaautobus.com.br\/?p=18702\" \/>\n<meta property=\"og:site_name\" content=\"Revista AutoBus\" \/>\n<meta property=\"article:publisher\" content=\"https:\/\/www.facebook.com\/antonio.ferro.3150\" \/>\n<meta property=\"article:published_time\" content=\"2026-04-29T10:41:08+00:00\" \/>\n<meta property=\"og:image\" content=\"https:\/\/revistaautobus.com.br\/wp-content\/uploads\/2026\/04\/Turismo-Garcia.jpg\" \/>\n\t<meta property=\"og:image:width\" content=\"828\" \/>\n\t<meta property=\"og:image:height\" content=\"450\" \/>\n\t<meta property=\"og:image:type\" content=\"image\/jpeg\" \/>\n<meta name=\"author\" content=\"Antonio Ferro\" \/>\n<meta name=\"twitter:card\" content=\"summary_large_image\" \/>\n<meta name=\"twitter:label1\" content=\"Escrito por\" \/>\n\t<meta name=\"twitter:data1\" content=\"Antonio Ferro\" \/>\n\t<meta name=\"twitter:label2\" content=\"Est. tempo de leitura\" \/>\n\t<meta name=\"twitter:data2\" content=\"3 minutos\" \/>\n<script type=\"application\/ld+json\" class=\"yoast-schema-graph\">{\"@context\":\"https:\/\/schema.org\",\"@graph\":[{\"@type\":\"Article\",\"@id\":\"https:\/\/revistaautobus.com.br\/?p=18702#article\",\"isPartOf\":{\"@id\":\"https:\/\/revistaautobus.com.br\/?p=18702\"},\"author\":{\"name\":\"Antonio Ferro\",\"@id\":\"https:\/\/revistaautobus.com.br\/#\/schema\/person\/54af7c3eb83a310e42ef686ef6d16f50\"},\"headline\":\"Al\u00e9m das linhas regulares, o investimento em turismo\",\"datePublished\":\"2026-04-29T10:41:08+00:00\",\"mainEntityOfPage\":{\"@id\":\"https:\/\/revistaautobus.com.br\/?p=18702\"},\"wordCount\":488,\"commentCount\":0,\"publisher\":{\"@id\":\"https:\/\/revistaautobus.com.br\/#organization\"},\"image\":{\"@id\":\"https:\/\/revistaautobus.com.br\/?p=18702#primaryimage\"},\"thumbnailUrl\":\"https:\/\/revistaautobus.com.br\/wp-content\/uploads\/2026\/04\/Turismo-Garcia.jpg\",\"keywords\":[\"Via\u00e7\u00e3o Garcia\"],\"articleSection\":[\"Notas\",\"Not\u00edcias\",\"Transporte rodovi\u00e1rio\"],\"inLanguage\":\"pt-BR\",\"potentialAction\":[{\"@type\":\"CommentAction\",\"name\":\"Comment\",\"target\":[\"https:\/\/revistaautobus.com.br\/?p=18702#respond\"]}]},{\"@type\":\"WebPage\",\"@id\":\"https:\/\/revistaautobus.com.br\/?p=18702\",\"url\":\"https:\/\/revistaautobus.com.br\/?p=18702\",\"name\":\"Al\u00e9m das linhas regulares, o investimento em turismo - Revista AutoBus\",\"isPartOf\":{\"@id\":\"https:\/\/revistaautobus.com.br\/#website\"},\"primaryImageOfPage\":{\"@id\":\"https:\/\/revistaautobus.com.br\/?p=18702#primaryimage\"},\"image\":{\"@id\":\"https:\/\/revistaautobus.com.br\/?p=18702#primaryimage\"},\"thumbnailUrl\":\"https:\/\/revistaautobus.com.br\/wp-content\/uploads\/2026\/04\/Turismo-Garcia.jpg\",\"datePublished\":\"2026-04-29T10:41:08+00:00\",\"breadcrumb\":{\"@id\":\"https:\/\/revistaautobus.com.br\/?p=18702#breadcrumb\"},\"inLanguage\":\"pt-BR\",\"potentialAction\":[{\"@type\":\"ReadAction\",\"target\":[\"https:\/\/revistaautobus.com.br\/?p=18702\"]}]},{\"@type\":\"ImageObject\",\"inLanguage\":\"pt-BR\",\"@id\":\"https:\/\/revistaautobus.com.br\/?p=18702#primaryimage\",\"url\":\"https:\/\/revistaautobus.com.br\/wp-content\/uploads\/2026\/04\/Turismo-Garcia.jpg\",\"contentUrl\":\"https:\/\/revistaautobus.com.br\/wp-content\/uploads\/2026\/04\/Turismo-Garcia.jpg\",\"width\":828,\"height\":450},{\"@type\":\"BreadcrumbList\",\"@id\":\"https:\/\/revistaautobus.com.br\/?p=18702#breadcrumb\",\"itemListElement\":[{\"@type\":\"ListItem\",\"position\":1,\"name\":\"In\u00edcio\",\"item\":\"https:\/\/revistaautobus.com.br\/\"},{\"@type\":\"ListItem\",\"position\":2,\"name\":\"Al\u00e9m das linhas regulares, o investimento em turismo\"}]},{\"@type\":\"WebSite\",\"@id\":\"https:\/\/revistaautobus.com.br\/#website\",\"url\":\"https:\/\/revistaautobus.com.br\/\",\"name\":\"Revista AutoBus\",\"description\":\"\",\"publisher\":{\"@id\":\"https:\/\/revistaautobus.com.br\/#organization\"},\"potentialAction\":[{\"@type\":\"SearchAction\",\"target\":{\"@type\":\"EntryPoint\",\"urlTemplate\":\"https:\/\/revistaautobus.com.br\/?s={search_term_string}\"},\"query-input\":{\"@type\":\"PropertyValueSpecification\",\"valueRequired\":true,\"valueName\":\"search_term_string\"}}],\"inLanguage\":\"pt-BR\"},{\"@type\":\"Organization\",\"@id\":\"https:\/\/revistaautobus.com.br\/#organization\",\"name\":\"Revista AutoBus\",\"url\":\"https:\/\/revistaautobus.com.br\/\",\"logo\":{\"@type\":\"ImageObject\",\"inLanguage\":\"pt-BR\",\"@id\":\"https:\/\/revistaautobus.com.br\/#\/schema\/logo\/image\/\",\"url\":\"https:\/\/revistaautobus.com.br\/wp-content\/uploads\/2024\/11\/logo_revista_autobus_fb.png\",\"contentUrl\":\"https:\/\/revistaautobus.com.br\/wp-content\/uploads\/2024\/11\/logo_revista_autobus_fb.png\",\"width\":836,\"height\":227,\"caption\":\"Revista AutoBus\"},\"image\":{\"@id\":\"https:\/\/revistaautobus.com.br\/#\/schema\/logo\/image\/\"},\"sameAs\":[\"https:\/\/www.facebook.com\/antonio.ferro.3150\",\"https:\/\/www.instagram.com\/revistaautobus\/\"]},{\"@type\":\"Person\",\"@id\":\"https:\/\/revistaautobus.com.br\/#\/schema\/person\/54af7c3eb83a310e42ef686ef6d16f50\",\"name\":\"Antonio Ferro\",\"image\":{\"@type\":\"ImageObject\",\"inLanguage\":\"pt-BR\",\"@id\":\"https:\/\/revistaautobus.com.br\/wp-content\/uploads\/2025\/12\/editor_antonio_ferro-150x150.jpg\",\"url\":\"https:\/\/revistaautobus.com.br\/wp-content\/uploads\/2025\/12\/editor_antonio_ferro-150x150.jpg\",\"contentUrl\":\"https:\/\/revistaautobus.com.br\/wp-content\/uploads\/2025\/12\/editor_antonio_ferro-150x150.jpg\",\"caption\":\"Antonio Ferro\"},\"description\":\"infobus@uol.com.br\",\"url\":\"https:\/\/revistaautobus.com.br\/?author=2\"}]}<\/script>\n<!-- \/ Yoast SEO plugin. -->","yoast_head_json":{"title":"Al\u00e9m das linhas regulares, o investimento em turismo - Revista AutoBus","robots":{"index":"index","follow":"follow","max-snippet":"max-snippet:-1","max-image-preview":"max-image-preview:large","max-video-preview":"max-video-preview:-1"},"canonical":"https:\/\/revistaautobus.com.br\/?p=18702","og_locale":"pt_BR","og_type":"article","og_title":"Al\u00e9m das linhas regulares, o investimento em turismo - Revista AutoBus","og_description":"A Via\u00e7\u00e3o Garcia, operadora paranaense e uma das mais conceituadas do Pa\u00eds, participa da Expo Turismo 2026, pela ABAV (Associa\u00e7\u00e3o Brasileira das Ag\u00eancias de Viagens do Paran\u00e1)","og_url":"https:\/\/revistaautobus.com.br\/?p=18702","og_site_name":"Revista AutoBus","article_publisher":"https:\/\/www.facebook.com\/antonio.ferro.3150","article_published_time":"2026-04-29T10:41:08+00:00","og_image":[{"width":828,"height":450,"url":"https:\/\/revistaautobus.com.br\/wp-content\/uploads\/2026\/04\/Turismo-Garcia.jpg","type":"image\/jpeg"}],"author":"Antonio Ferro","twitter_card":"summary_large_image","twitter_misc":{"Escrito por":"Antonio Ferro","Est. tempo de leitura":"3 minutos"},"schema":{"@context":"https:\/\/schema.org","@graph":[{"@type":"Article","@id":"https:\/\/revistaautobus.com.br\/?p=18702#article","isPartOf":{"@id":"https:\/\/revistaautobus.com.br\/?p=18702"},"author":{"name":"Antonio Ferro","@id":"https:\/\/revistaautobus.com.br\/#\/schema\/person\/54af7c3eb83a310e42ef686ef6d16f50"},"headline":"Al\u00e9m das linhas regulares, o investimento em turismo","datePublished":"2026-04-29T10:41:08+00:00","mainEntityOfPage":{"@id":"https:\/\/revistaautobus.com.br\/?p=18702"},"wordCount":488,"commentCount":0,"publisher":{"@id":"https:\/\/revistaautobus.com.br\/#organization"},"image":{"@id":"https:\/\/revistaautobus.com.br\/?p=18702#primaryimage"},"thumbnailUrl":"https:\/\/revistaautobus.com.br\/wp-content\/uploads\/2026\/04\/Turismo-Garcia.jpg","keywords":["Via\u00e7\u00e3o Garcia"],"articleSection":["Notas","Not\u00edcias","Transporte rodovi\u00e1rio"],"inLanguage":"pt-BR","potentialAction":[{"@type":"CommentAction","name":"Comment","target":["https:\/\/revistaautobus.com.br\/?p=18702#respond"]}]},{"@type":"WebPage","@id":"https:\/\/revistaautobus.com.br\/?p=18702","url":"https:\/\/revistaautobus.com.br\/?p=18702","name":"Al\u00e9m das linhas regulares, o investimento em turismo - Revista AutoBus","isPartOf":{"@id":"https:\/\/revistaautobus.com.br\/#website"},"primaryImageOfPage":{"@id":"https:\/\/revistaautobus.com.br\/?p=18702#primaryimage"},"image":{"@id":"https:\/\/revistaautobus.com.br\/?p=18702#primaryimage"},"thumbnailUrl":"https:\/\/revistaautobus.com.br\/wp-content\/uploads\/2026\/04\/Turismo-Garcia.jpg","datePublished":"2026-04-29T10:41:08+00:00","breadcrumb":{"@id":"https:\/\/revistaautobus.com.br\/?p=18702#breadcrumb"},"inLanguage":"pt-BR","potentialAction":[{"@type":"ReadAction","target":["https:\/\/revistaautobus.com.br\/?p=18702"]}]},{"@type":"ImageObject","inLanguage":"pt-BR","@id":"https:\/\/revistaautobus.com.br\/?p=18702#primaryimage","url":"https:\/\/revistaautobus.com.br\/wp-content\/uploads\/2026\/04\/Turismo-Garcia.jpg","contentUrl":"https:\/\/revistaautobus.com.br\/wp-content\/uploads\/2026\/04\/Turismo-Garcia.jpg","width":828,"height":450},{"@type":"BreadcrumbList","@id":"https:\/\/revistaautobus.com.br\/?p=18702#breadcrumb","itemListElement":[{"@type":"ListItem","position":1,"name":"In\u00edcio","item":"https:\/\/revistaautobus.com.br\/"},{"@type":"ListItem","position":2,"name":"Al\u00e9m das linhas regulares, o investimento em turismo"}]},{"@type":"WebSite","@id":"https:\/\/revistaautobus.com.br\/#website","url":"https:\/\/revistaautobus.com.br\/","name":"Revista AutoBus","description":"","publisher":{"@id":"https:\/\/revistaautobus.com.br\/#organization"},"potentialAction":[{"@type":"SearchAction","target":{"@type":"EntryPoint","urlTemplate":"https:\/\/revistaautobus.com.br\/?s={search_term_string}"},"query-input":{"@type":"PropertyValueSpecification","valueRequired":true,"valueName":"search_term_string"}}],"inLanguage":"pt-BR"},{"@type":"Organization","@id":"https:\/\/revistaautobus.com.br\/#organization","name":"Revista AutoBus","url":"https:\/\/revistaautobus.com.br\/","logo":{"@type":"ImageObject","inLanguage":"pt-BR","@id":"https:\/\/revistaautobus.com.br\/#\/schema\/logo\/image\/","url":"https:\/\/revistaautobus.com.br\/wp-content\/uploads\/2024\/11\/logo_revista_autobus_fb.png","contentUrl":"https:\/\/revistaautobus.com.br\/wp-content\/uploads\/2024\/11\/logo_revista_autobus_fb.png","width":836,"height":227,"caption":"Revista AutoBus"},"image":{"@id":"https:\/\/revistaautobus.com.br\/#\/schema\/logo\/image\/"},"sameAs":["https:\/\/www.facebook.com\/antonio.ferro.3150","https:\/\/www.instagram.com\/revistaautobus\/"]},{"@type":"Person","@id":"https:\/\/revistaautobus.com.br\/#\/schema\/person\/54af7c3eb83a310e42ef686ef6d16f50","name":"Antonio Ferro","image":{"@type":"ImageObject","inLanguage":"pt-BR","@id":"https:\/\/revistaautobus.com.br\/wp-content\/uploads\/2025\/12\/editor_antonio_ferro-150x150.jpg","url":"https:\/\/revistaautobus.com.br\/wp-content\/uploads\/2025\/12\/editor_antonio_ferro-150x150.jpg","contentUrl":"https:\/\/revistaautobus.com.br\/wp-content\/uploads\/2025\/12\/editor_antonio_ferro-150x150.jpg","caption":"Antonio Ferro"},"description":"infobus@uol.com.br","url":"https:\/\/revistaautobus.com.br\/?author=2"}]}},"jetpack_featured_media_url":"https:\/\/revistaautobus.com.br\/wp-content\/uploads\/2026\/04\/Turismo-Garcia.jpg","jetpack_sharing_enabled":true,"_links":{"self":[{"href":"https:\/\/revistaautobus.com.br\/index.php?rest_route=\/wp\/v2\/posts\/18702","targetHints":{"allow":["GET"]}}],"collection":[{"href":"https:\/\/revistaautobus.com.br\/index.php?rest_route=\/wp\/v2\/posts"}],"about":[{"href":"https:\/\/revistaautobus.com.br\/index.php?rest_route=\/wp\/v2\/types\/post"}],"author":[{"embeddable":true,"href":"https:\/\/revistaautobus.com.br\/index.php?rest_route=\/wp\/v2\/users\/2"}],"replies":[{"embeddable":true,"href":"https:\/\/revistaautobus.com.br\/index.php?rest_route=%2Fwp%2Fv2%2Fcomments&post=18702"}],"version-history":[{"count":2,"href":"https:\/\/revistaautobus.com.br\/index.php?rest_route=\/wp\/v2\/posts\/18702\/revisions"}],"predecessor-version":[{"id":18705,"href":"https:\/\/revistaautobus.com.br\/index.php?rest_route=\/wp\/v2\/posts\/18702\/revisions\/18705"}],"wp:featuredmedia":[{"embeddable":true,"href":"https:\/\/revistaautobus.com.br\/index.php?rest_route=\/wp\/v2\/media\/18703"}],"wp:attachment":[{"href":"https:\/\/revistaautobus.com.br\/index.php?rest_route=%2Fwp%2Fv2%2Fmedia&parent=18702"}],"wp:term":[{"taxonomy":"category","embeddable":true,"href":"https:\/\/revistaautobus.com.br\/index.php?rest_route=%2Fwp%2Fv2%2Fcategories&post=18702"},{"taxonomy":"post_tag","embeddable":true,"href":"https:\/\/revistaautobus.com.br\/index.php?rest_route=%2Fwp%2Fv2%2Ftags&post=18702"}],"curies":[{"name":"wp","href":"https:\/\/api.w.org\/{rel}","templated":true}]}}