{"id":2220,"date":"2019-11-08T05:54:00","date_gmt":"2019-11-08T08:54:00","guid":{"rendered":"https:\/\/vila8.com.br\/clientes\/autobus\/?p=2220"},"modified":"2021-06-24T11:48:04","modified_gmt":"2021-06-24T14:48:04","slug":"nova-geracao-de-transmissao-automatica","status":"publish","type":"post","link":"https:\/\/revistaautobus.com.br\/?p=2220","title":{"rendered":"Nova gera\u00e7\u00e3o de transmiss\u00e3o autom\u00e1tica"},"content":{"rendered":"\n<p>O consagrado sistema de transmiss\u00e3o autom\u00e1tica para \u00f4nibus desenvolvido pela ZF, Ecolife, est\u00e1 com uma nova vers\u00e3o. Segundo a marca, diversos aprimoramentos t\u00e9cnicos fazem com que a EcoLife 2 seja mais leve, mais eficiente, mais robusta e de manuten\u00e7\u00e3o mais simples. As melhorias mais significativas est\u00e3o na economia de at\u00e9 tr\u00eas por cento de combust\u00edvel, sistema start-stop dispon\u00edvel para todas as vers\u00f5es e um menor desgaste gra\u00e7as \u00e0 otimiza\u00e7\u00e3o do seu sistema de arrefecimento.<\/p>\n\n\n\n<p>A fabricante manteve o princ\u00edpio b\u00e1sico do conjunto de engrenagens planet\u00e1rias de seis est\u00e1gios com conversor de torque e retardador prim\u00e1rio em sua segunda gera\u00e7\u00e3o da transmiss\u00e3o, mas diversas modifica\u00e7\u00f5es t\u00e9cnicas otimizam a nova vers\u00e3o da transmiss\u00e3o Powershift, permitindo que \u00f4nibus urbanos e interurbanos se desloquem com um torque de entrada de at\u00e9 2.000 Nm, resultando em suaves trocas de marchas. &#8220;Os \u00f4nibus movidos com motores de combust\u00e3o interna ainda s\u00e3o um componente central dos sistemas de transporte p\u00fablico e das viagens de longa dist\u00e2ncia. Portanto, \u00e9 importante contribuir para reduzir as emiss\u00f5es e aumentar a efici\u00eancia nessa \u00e1rea. O mercado demanda por altos n\u00edveis de conforto combinados a melhor desempenho e conseguimos isso com a nova EcoLife 2&#8221;, observou Andreas Grossl, respons\u00e1vel por sistemas de eixos e transmiss\u00f5es de \u00f4nibus na ZF.<\/p>\n\n\n\n<p>A empresa informa que o software de gerenciamento da transmiss\u00e3o n\u00e3o \u00e9 apenas respons\u00e1vel pelas trocas de marchas extremamente r\u00e1pidas, suaves e com maior conforto, mas tamb\u00e9m pela fun\u00e7\u00e3o &#8220;rolling mode&#8221;, recurso que contribui para a economia de combust\u00edvel por meio da sele\u00e7\u00e3o autom\u00e1tica do neutro nas situa\u00e7\u00f5es em que o ve\u00edculo estiver trafegando com o pedal do acelerador em repouso e com nenhuma atividade dos freios. Os clientes tamb\u00e9m podem se beneficiar pelo fato de o software de transmiss\u00e3o poder ser calibrado para uma variedade de motores com diferentes caracter\u00edsticas. Com isso, a ZF pode fornecer a EcoLife 2 exatamente de acordo com os requisitos do cliente. Desenvolvida para o mercado do transporte urbano, a nova transmiss\u00e3o tamb\u00e9m estar\u00e1 dispon\u00edvel para os ve\u00edculos rodovi\u00e1rios em 2020, devendo abranger a faixa de torque entre 1.700 a 2.800 Nm.<\/p>\n\n\n\n<p>Imagem &#8211; Divulga\u00e7\u00e3o<\/p>\n","protected":false},"excerpt":{"rendered":"<p>A fabricante manteve o princ\u00edpio b\u00e1sico do conjunto de engrenagens planet\u00e1rias de seis est\u00e1gios com conversor de torque e retardador prim\u00e1rio em sua segunda gera\u00e7\u00e3o da transmiss\u00e3o<\/p>\n","protected":false},"author":2,"featured_media":2221,"comment_status":"open","ping_status":"open","sticky":false,"template":"","format":"standard","meta":{"_et_pb_use_builder":"off","_et_pb_old_content":"","_et_gb_content_width":"","_jetpack_memberships_contains_paid_content":false,"footnotes":""},"categories":[90],"tags":[],"class_list":["post-2220","post","type-post","status-publish","format-standard","has-post-thumbnail","hentry","category-noticias","et-has-post-format-content","et_post_format-et-post-format-standard"],"yoast_head":"<!-- This site is optimized with the Yoast SEO plugin v27.2 - https:\/\/yoast.com\/product\/yoast-seo-wordpress\/ -->\n<title>Nova gera\u00e7\u00e3o de transmiss\u00e3o autom\u00e1tica - Revista AutoBus<\/title>\n<meta name=\"robots\" content=\"index, follow, max-snippet:-1, max-image-preview:large, max-video-preview:-1\" \/>\n<link rel=\"canonical\" href=\"https:\/\/revistaautobus.com.br\/?p=2220\" \/>\n<meta property=\"og:locale\" content=\"pt_BR\" \/>\n<meta property=\"og:type\" content=\"article\" \/>\n<meta property=\"og:title\" content=\"Nova gera\u00e7\u00e3o de transmiss\u00e3o autom\u00e1tica - Revista AutoBus\" \/>\n<meta property=\"og:description\" content=\"A fabricante manteve o princ\u00edpio b\u00e1sico do conjunto de engrenagens planet\u00e1rias de seis est\u00e1gios com conversor de torque e retardador prim\u00e1rio em sua segunda gera\u00e7\u00e3o da transmiss\u00e3o\" \/>\n<meta property=\"og:url\" content=\"https:\/\/revistaautobus.com.br\/?p=2220\" \/>\n<meta property=\"og:site_name\" content=\"Revista AutoBus\" \/>\n<meta property=\"article:publisher\" content=\"https:\/\/www.facebook.com\/antonio.ferro.3150\" \/>\n<meta property=\"article:published_time\" content=\"2019-11-08T08:54:00+00:00\" \/>\n<meta property=\"article:modified_time\" content=\"2021-06-24T14:48:04+00:00\" \/>\n<meta property=\"og:image\" content=\"https:\/\/revistaautobus.com.br\/wp-content\/uploads\/2021\/06\/nova-geracao-de-transmissao-automatica-1573214111.jpg\" \/>\n\t<meta property=\"og:image:width\" content=\"1200\" \/>\n\t<meta property=\"og:image:height\" content=\"628\" \/>\n\t<meta property=\"og:image:type\" content=\"image\/jpeg\" \/>\n<meta name=\"author\" content=\"Antonio Ferro\" \/>\n<meta name=\"twitter:card\" content=\"summary_large_image\" \/>\n<meta name=\"twitter:label1\" content=\"Escrito por\" \/>\n\t<meta name=\"twitter:data1\" content=\"Antonio Ferro\" \/>\n\t<meta name=\"twitter:label2\" content=\"Est. tempo de leitura\" \/>\n\t<meta name=\"twitter:data2\" content=\"2 minutos\" \/>\n<script type=\"application\/ld+json\" class=\"yoast-schema-graph\">{\"@context\":\"https:\/\/schema.org\",\"@graph\":[{\"@type\":\"Article\",\"@id\":\"https:\/\/revistaautobus.com.br\/?p=2220#article\",\"isPartOf\":{\"@id\":\"https:\/\/revistaautobus.com.br\/?p=2220\"},\"author\":{\"name\":\"Antonio Ferro\",\"@id\":\"https:\/\/revistaautobus.com.br\/#\/schema\/person\/54af7c3eb83a310e42ef686ef6d16f50\"},\"headline\":\"Nova gera\u00e7\u00e3o de transmiss\u00e3o autom\u00e1tica\",\"datePublished\":\"2019-11-08T08:54:00+00:00\",\"dateModified\":\"2021-06-24T14:48:04+00:00\",\"mainEntityOfPage\":{\"@id\":\"https:\/\/revistaautobus.com.br\/?p=2220\"},\"wordCount\":398,\"commentCount\":0,\"publisher\":{\"@id\":\"https:\/\/revistaautobus.com.br\/#organization\"},\"image\":{\"@id\":\"https:\/\/revistaautobus.com.br\/?p=2220#primaryimage\"},\"thumbnailUrl\":\"https:\/\/revistaautobus.com.br\/wp-content\/uploads\/2021\/06\/nova-geracao-de-transmissao-automatica-1573214111.jpg\",\"articleSection\":[\"Not\u00edcias\"],\"inLanguage\":\"pt-BR\",\"potentialAction\":[{\"@type\":\"CommentAction\",\"name\":\"Comment\",\"target\":[\"https:\/\/revistaautobus.com.br\/?p=2220#respond\"]}]},{\"@type\":\"WebPage\",\"@id\":\"https:\/\/revistaautobus.com.br\/?p=2220\",\"url\":\"https:\/\/revistaautobus.com.br\/?p=2220\",\"name\":\"Nova gera\u00e7\u00e3o de transmiss\u00e3o autom\u00e1tica - Revista AutoBus\",\"isPartOf\":{\"@id\":\"https:\/\/revistaautobus.com.br\/#website\"},\"primaryImageOfPage\":{\"@id\":\"https:\/\/revistaautobus.com.br\/?p=2220#primaryimage\"},\"image\":{\"@id\":\"https:\/\/revistaautobus.com.br\/?p=2220#primaryimage\"},\"thumbnailUrl\":\"https:\/\/revistaautobus.com.br\/wp-content\/uploads\/2021\/06\/nova-geracao-de-transmissao-automatica-1573214111.jpg\",\"datePublished\":\"2019-11-08T08:54:00+00:00\",\"dateModified\":\"2021-06-24T14:48:04+00:00\",\"breadcrumb\":{\"@id\":\"https:\/\/revistaautobus.com.br\/?p=2220#breadcrumb\"},\"inLanguage\":\"pt-BR\",\"potentialAction\":[{\"@type\":\"ReadAction\",\"target\":[\"https:\/\/revistaautobus.com.br\/?p=2220\"]}]},{\"@type\":\"ImageObject\",\"inLanguage\":\"pt-BR\",\"@id\":\"https:\/\/revistaautobus.com.br\/?p=2220#primaryimage\",\"url\":\"https:\/\/revistaautobus.com.br\/wp-content\/uploads\/2021\/06\/nova-geracao-de-transmissao-automatica-1573214111.jpg\",\"contentUrl\":\"https:\/\/revistaautobus.com.br\/wp-content\/uploads\/2021\/06\/nova-geracao-de-transmissao-automatica-1573214111.jpg\",\"width\":1200,\"height\":628},{\"@type\":\"BreadcrumbList\",\"@id\":\"https:\/\/revistaautobus.com.br\/?p=2220#breadcrumb\",\"itemListElement\":[{\"@type\":\"ListItem\",\"position\":1,\"name\":\"In\u00edcio\",\"item\":\"https:\/\/revistaautobus.com.br\/\"},{\"@type\":\"ListItem\",\"position\":2,\"name\":\"Nova gera\u00e7\u00e3o de transmiss\u00e3o autom\u00e1tica\"}]},{\"@type\":\"WebSite\",\"@id\":\"https:\/\/revistaautobus.com.br\/#website\",\"url\":\"https:\/\/revistaautobus.com.br\/\",\"name\":\"Revista AutoBus\",\"description\":\"\",\"publisher\":{\"@id\":\"https:\/\/revistaautobus.com.br\/#organization\"},\"potentialAction\":[{\"@type\":\"SearchAction\",\"target\":{\"@type\":\"EntryPoint\",\"urlTemplate\":\"https:\/\/revistaautobus.com.br\/?s={search_term_string}\"},\"query-input\":{\"@type\":\"PropertyValueSpecification\",\"valueRequired\":true,\"valueName\":\"search_term_string\"}}],\"inLanguage\":\"pt-BR\"},{\"@type\":\"Organization\",\"@id\":\"https:\/\/revistaautobus.com.br\/#organization\",\"name\":\"Revista AutoBus\",\"url\":\"https:\/\/revistaautobus.com.br\/\",\"logo\":{\"@type\":\"ImageObject\",\"inLanguage\":\"pt-BR\",\"@id\":\"https:\/\/revistaautobus.com.br\/#\/schema\/logo\/image\/\",\"url\":\"https:\/\/revistaautobus.com.br\/wp-content\/uploads\/2024\/11\/logo_revista_autobus_fb.png\",\"contentUrl\":\"https:\/\/revistaautobus.com.br\/wp-content\/uploads\/2024\/11\/logo_revista_autobus_fb.png\",\"width\":836,\"height\":227,\"caption\":\"Revista AutoBus\"},\"image\":{\"@id\":\"https:\/\/revistaautobus.com.br\/#\/schema\/logo\/image\/\"},\"sameAs\":[\"https:\/\/www.facebook.com\/antonio.ferro.3150\",\"https:\/\/www.instagram.com\/revistaautobus\/\"]},{\"@type\":\"Person\",\"@id\":\"https:\/\/revistaautobus.com.br\/#\/schema\/person\/54af7c3eb83a310e42ef686ef6d16f50\",\"name\":\"Antonio Ferro\",\"image\":{\"@type\":\"ImageObject\",\"inLanguage\":\"pt-BR\",\"@id\":\"https:\/\/revistaautobus.com.br\/wp-content\/uploads\/2025\/12\/editor_antonio_ferro-150x150.jpg\",\"url\":\"https:\/\/revistaautobus.com.br\/wp-content\/uploads\/2025\/12\/editor_antonio_ferro-150x150.jpg\",\"contentUrl\":\"https:\/\/revistaautobus.com.br\/wp-content\/uploads\/2025\/12\/editor_antonio_ferro-150x150.jpg\",\"caption\":\"Antonio Ferro\"},\"description\":\"infobus@uol.com.br\",\"url\":\"https:\/\/revistaautobus.com.br\/?author=2\"}]}<\/script>\n<!-- \/ Yoast SEO plugin. -->","yoast_head_json":{"title":"Nova gera\u00e7\u00e3o de transmiss\u00e3o autom\u00e1tica - Revista AutoBus","robots":{"index":"index","follow":"follow","max-snippet":"max-snippet:-1","max-image-preview":"max-image-preview:large","max-video-preview":"max-video-preview:-1"},"canonical":"https:\/\/revistaautobus.com.br\/?p=2220","og_locale":"pt_BR","og_type":"article","og_title":"Nova gera\u00e7\u00e3o de transmiss\u00e3o autom\u00e1tica - Revista AutoBus","og_description":"A fabricante manteve o princ\u00edpio b\u00e1sico do conjunto de engrenagens planet\u00e1rias de seis est\u00e1gios com conversor de torque e retardador prim\u00e1rio em sua segunda gera\u00e7\u00e3o da transmiss\u00e3o","og_url":"https:\/\/revistaautobus.com.br\/?p=2220","og_site_name":"Revista AutoBus","article_publisher":"https:\/\/www.facebook.com\/antonio.ferro.3150","article_published_time":"2019-11-08T08:54:00+00:00","article_modified_time":"2021-06-24T14:48:04+00:00","og_image":[{"width":1200,"height":628,"url":"https:\/\/revistaautobus.com.br\/wp-content\/uploads\/2021\/06\/nova-geracao-de-transmissao-automatica-1573214111.jpg","type":"image\/jpeg"}],"author":"Antonio Ferro","twitter_card":"summary_large_image","twitter_misc":{"Escrito por":"Antonio Ferro","Est. tempo de leitura":"2 minutos"},"schema":{"@context":"https:\/\/schema.org","@graph":[{"@type":"Article","@id":"https:\/\/revistaautobus.com.br\/?p=2220#article","isPartOf":{"@id":"https:\/\/revistaautobus.com.br\/?p=2220"},"author":{"name":"Antonio Ferro","@id":"https:\/\/revistaautobus.com.br\/#\/schema\/person\/54af7c3eb83a310e42ef686ef6d16f50"},"headline":"Nova gera\u00e7\u00e3o de transmiss\u00e3o autom\u00e1tica","datePublished":"2019-11-08T08:54:00+00:00","dateModified":"2021-06-24T14:48:04+00:00","mainEntityOfPage":{"@id":"https:\/\/revistaautobus.com.br\/?p=2220"},"wordCount":398,"commentCount":0,"publisher":{"@id":"https:\/\/revistaautobus.com.br\/#organization"},"image":{"@id":"https:\/\/revistaautobus.com.br\/?p=2220#primaryimage"},"thumbnailUrl":"https:\/\/revistaautobus.com.br\/wp-content\/uploads\/2021\/06\/nova-geracao-de-transmissao-automatica-1573214111.jpg","articleSection":["Not\u00edcias"],"inLanguage":"pt-BR","potentialAction":[{"@type":"CommentAction","name":"Comment","target":["https:\/\/revistaautobus.com.br\/?p=2220#respond"]}]},{"@type":"WebPage","@id":"https:\/\/revistaautobus.com.br\/?p=2220","url":"https:\/\/revistaautobus.com.br\/?p=2220","name":"Nova gera\u00e7\u00e3o de transmiss\u00e3o autom\u00e1tica - Revista AutoBus","isPartOf":{"@id":"https:\/\/revistaautobus.com.br\/#website"},"primaryImageOfPage":{"@id":"https:\/\/revistaautobus.com.br\/?p=2220#primaryimage"},"image":{"@id":"https:\/\/revistaautobus.com.br\/?p=2220#primaryimage"},"thumbnailUrl":"https:\/\/revistaautobus.com.br\/wp-content\/uploads\/2021\/06\/nova-geracao-de-transmissao-automatica-1573214111.jpg","datePublished":"2019-11-08T08:54:00+00:00","dateModified":"2021-06-24T14:48:04+00:00","breadcrumb":{"@id":"https:\/\/revistaautobus.com.br\/?p=2220#breadcrumb"},"inLanguage":"pt-BR","potentialAction":[{"@type":"ReadAction","target":["https:\/\/revistaautobus.com.br\/?p=2220"]}]},{"@type":"ImageObject","inLanguage":"pt-BR","@id":"https:\/\/revistaautobus.com.br\/?p=2220#primaryimage","url":"https:\/\/revistaautobus.com.br\/wp-content\/uploads\/2021\/06\/nova-geracao-de-transmissao-automatica-1573214111.jpg","contentUrl":"https:\/\/revistaautobus.com.br\/wp-content\/uploads\/2021\/06\/nova-geracao-de-transmissao-automatica-1573214111.jpg","width":1200,"height":628},{"@type":"BreadcrumbList","@id":"https:\/\/revistaautobus.com.br\/?p=2220#breadcrumb","itemListElement":[{"@type":"ListItem","position":1,"name":"In\u00edcio","item":"https:\/\/revistaautobus.com.br\/"},{"@type":"ListItem","position":2,"name":"Nova gera\u00e7\u00e3o de transmiss\u00e3o autom\u00e1tica"}]},{"@type":"WebSite","@id":"https:\/\/revistaautobus.com.br\/#website","url":"https:\/\/revistaautobus.com.br\/","name":"Revista AutoBus","description":"","publisher":{"@id":"https:\/\/revistaautobus.com.br\/#organization"},"potentialAction":[{"@type":"SearchAction","target":{"@type":"EntryPoint","urlTemplate":"https:\/\/revistaautobus.com.br\/?s={search_term_string}"},"query-input":{"@type":"PropertyValueSpecification","valueRequired":true,"valueName":"search_term_string"}}],"inLanguage":"pt-BR"},{"@type":"Organization","@id":"https:\/\/revistaautobus.com.br\/#organization","name":"Revista AutoBus","url":"https:\/\/revistaautobus.com.br\/","logo":{"@type":"ImageObject","inLanguage":"pt-BR","@id":"https:\/\/revistaautobus.com.br\/#\/schema\/logo\/image\/","url":"https:\/\/revistaautobus.com.br\/wp-content\/uploads\/2024\/11\/logo_revista_autobus_fb.png","contentUrl":"https:\/\/revistaautobus.com.br\/wp-content\/uploads\/2024\/11\/logo_revista_autobus_fb.png","width":836,"height":227,"caption":"Revista AutoBus"},"image":{"@id":"https:\/\/revistaautobus.com.br\/#\/schema\/logo\/image\/"},"sameAs":["https:\/\/www.facebook.com\/antonio.ferro.3150","https:\/\/www.instagram.com\/revistaautobus\/"]},{"@type":"Person","@id":"https:\/\/revistaautobus.com.br\/#\/schema\/person\/54af7c3eb83a310e42ef686ef6d16f50","name":"Antonio Ferro","image":{"@type":"ImageObject","inLanguage":"pt-BR","@id":"https:\/\/revistaautobus.com.br\/wp-content\/uploads\/2025\/12\/editor_antonio_ferro-150x150.jpg","url":"https:\/\/revistaautobus.com.br\/wp-content\/uploads\/2025\/12\/editor_antonio_ferro-150x150.jpg","contentUrl":"https:\/\/revistaautobus.com.br\/wp-content\/uploads\/2025\/12\/editor_antonio_ferro-150x150.jpg","caption":"Antonio Ferro"},"description":"infobus@uol.com.br","url":"https:\/\/revistaautobus.com.br\/?author=2"}]}},"jetpack_featured_media_url":"https:\/\/revistaautobus.com.br\/wp-content\/uploads\/2021\/06\/nova-geracao-de-transmissao-automatica-1573214111.jpg","jetpack_sharing_enabled":true,"_links":{"self":[{"href":"https:\/\/revistaautobus.com.br\/index.php?rest_route=\/wp\/v2\/posts\/2220","targetHints":{"allow":["GET"]}}],"collection":[{"href":"https:\/\/revistaautobus.com.br\/index.php?rest_route=\/wp\/v2\/posts"}],"about":[{"href":"https:\/\/revistaautobus.com.br\/index.php?rest_route=\/wp\/v2\/types\/post"}],"author":[{"embeddable":true,"href":"https:\/\/revistaautobus.com.br\/index.php?rest_route=\/wp\/v2\/users\/2"}],"replies":[{"embeddable":true,"href":"https:\/\/revistaautobus.com.br\/index.php?rest_route=%2Fwp%2Fv2%2Fcomments&post=2220"}],"version-history":[{"count":1,"href":"https:\/\/revistaautobus.com.br\/index.php?rest_route=\/wp\/v2\/posts\/2220\/revisions"}],"predecessor-version":[{"id":2222,"href":"https:\/\/revistaautobus.com.br\/index.php?rest_route=\/wp\/v2\/posts\/2220\/revisions\/2222"}],"wp:featuredmedia":[{"embeddable":true,"href":"https:\/\/revistaautobus.com.br\/index.php?rest_route=\/wp\/v2\/media\/2221"}],"wp:attachment":[{"href":"https:\/\/revistaautobus.com.br\/index.php?rest_route=%2Fwp%2Fv2%2Fmedia&parent=2220"}],"wp:term":[{"taxonomy":"category","embeddable":true,"href":"https:\/\/revistaautobus.com.br\/index.php?rest_route=%2Fwp%2Fv2%2Fcategories&post=2220"},{"taxonomy":"post_tag","embeddable":true,"href":"https:\/\/revistaautobus.com.br\/index.php?rest_route=%2Fwp%2Fv2%2Ftags&post=2220"}],"curies":[{"name":"wp","href":"https:\/\/api.w.org\/{rel}","templated":true}]}}