{"id":2235,"date":"2019-11-08T06:02:00","date_gmt":"2019-11-08T09:02:00","guid":{"rendered":"https:\/\/vila8.com.br\/clientes\/autobus\/?p=2235"},"modified":"2021-06-24T12:04:39","modified_gmt":"2021-06-24T15:04:39","slug":"o-pacote-inteligente-da-seguranca","status":"publish","type":"post","link":"https:\/\/revistaautobus.com.br\/?p=2235","title":{"rendered":"O pacote inteligente da seguran\u00e7a"},"content":{"rendered":"\n<p>Dispositivos de seguran\u00e7a embarcados nos chassis de \u00f4nibus t\u00eam se tornado recursos cada vez mais presentes nos dias atuais. Veja o exemplo dos ve\u00edculos produzidos pela Volvo Bus Latin America. A montadora, que tem em seu DNA a constante preocupa\u00e7\u00e3o com o tema, chamou recentemente a imprensa especializada para mostrar a import\u00e2ncia do contexto disponibilizado aos seus clientes. A Transac\u00e1cia, uma operadora de turismo e fretamento da cidade paranaense de Maring\u00e1, investiu na mais nova tecnologia desenvolvida pela marca.<\/p>\n\n\n\n<p>Seu pacote de seguran\u00e7a denominado SSA (Sistema de Seguran\u00e7a Ativa) chegou para evitar colis\u00f5es e refor\u00e7ar o compromisso da marca em busca do ideal de &#8220;Zero Acidentes&#8221;. E, levar pessoas com seguran\u00e7a e conforto para todos os cantos do Brasil e do Mercosul, \u00e9 o mote da transportadora ao apostar na tecnologia. De acordo com o propriet\u00e1rio da Transac\u00e1cia, Antonio Maria Reinaldo, seu neg\u00f3cio \u00e9 customizado, com passageiros que levam em considera\u00e7\u00e3o a qualidade do \u00f4nibus e os equipamentos de seguran\u00e7a. &#8220;Investi e continuo investindo em equipamentos de seguran\u00e7a de \u00f4nibus. A jornada di\u00e1ria e as dificuldades e perigos das estradas me mostraram muito cedo como \u00e9 importante ter todos os recursos de seguran\u00e7a dispon\u00edveis&#8221;, declara.<\/p>\n\n\n\n<p>Sua frota, composta por nove \u00f4nibus, sendo seis deles Volvo, roda meio milh\u00e3o de quil\u00f4metros por ano. Recentemente, duas novas unidades, com o chassi B420R, foram adquiridas com as ferramentas. A solu\u00e7\u00e3o Volvo SSA engloba o Aviso de Colis\u00e3o Frontal com Frenagem de Emerg\u00eancia, sistema que une um radar e uma c\u00e2mera para monitorar os ve\u00edculos e obst\u00e1culos \u00e0 frente dos \u00f4nibus, avisando por meios sonoros e visuais o condutor em caso a dist\u00e2ncia entre os ve\u00edculos esteja diminuindo. Caso n\u00e3o diminua a velocidade, o sistema faz uma pr\u00e9-frenagem e at\u00e9 uma frenagem total de emerg\u00eancia, em caso de acidente iminente. J\u00e1 o &#8220;Aviso de Mudan\u00e7a de Faixa&#8221; \u00e9 a tecnologia que entra em a\u00e7\u00e3o quando o \u00f4nibus passa sobre as faixas da pista \u00e0 esquerda ou \u00e0 direita, sem ligar as setas, indicando desaten\u00e7\u00e3o ou descuido. Al\u00e9m de emitir sinais sonoro e visual no display do painel, o dispositivo faz vibrar o assento do motorista. Outro recurso \u00e9 o &#8220;Sinal de Alerta no Para-brisa&#8221; (Heads Up Display), sendo uma barra vermelha de luzes de LED projetada no para-brisa para o condutor visualizar mais facilmente um eventual risco de impacto com outro ve\u00edculo.<\/p>\n\n\n\n<p>Outro sistema \u00e9 o &#8220;Piloto Autom\u00e1tico Adaptativo&#8221; \u00e9 o sistema que mant\u00e9m um distanciamento previamente definido pelo condutor em rela\u00e7\u00e3o ao ve\u00edculo \u00e0 frente, mantendo sempre uma dist\u00e2ncia segura. Tamb\u00e9m h\u00e1 o &#8220;Assento Vibrat\u00f3rio&#8221;, dispositivo de seguran\u00e7a que tamb\u00e9m alerta o motorista em caso de mudan\u00e7a de faixa sem acionar o pisca-pisca. \u00c9 a \u00fanica tecnologia de seguran\u00e7a do pacote do SSA que precisa ser instalada com o encarro\u00e7amento do \u00f4nibus. &#8220;Somos l\u00edderes mundiais em seguran\u00e7a e no Brasil n\u00e3o \u00e9 diferente&#8221;, declarou Fabiano Todeschini, presidente da Volvo Buses LA.<\/p>\n\n\n\n<p>Mais detalhes sobre o tema poder\u00e3o ser conferidos na edi\u00e7\u00e3o de dezembro da revista AutoBus.<\/p>\n\n\n\n<p>Imagem &#8211; Divulga\u00e7\u00e3o<\/p>\n","protected":false},"excerpt":{"rendered":"<p>A solu\u00e7\u00e3o Volvo SSA engloba o Aviso de Colis\u00e3o Frontal com Frenagem de Emerg\u00eancia, sistema que une um radar e uma c\u00e2mera para monitorar os ve\u00edculos e obst\u00e1culos \u00e0 frente dos \u00f4nibus<\/p>\n","protected":false},"author":2,"featured_media":2236,"comment_status":"open","ping_status":"open","sticky":false,"template":"","format":"standard","meta":{"_et_pb_use_builder":"off","_et_pb_old_content":"","_et_gb_content_width":"","_jetpack_memberships_contains_paid_content":false,"footnotes":""},"categories":[90],"tags":[],"class_list":["post-2235","post","type-post","status-publish","format-standard","has-post-thumbnail","hentry","category-noticias","et-has-post-format-content","et_post_format-et-post-format-standard"],"yoast_head":"<!-- This site is optimized with the Yoast SEO plugin v27.2 - https:\/\/yoast.com\/product\/yoast-seo-wordpress\/ -->\n<title>O pacote inteligente da seguran\u00e7a - Revista AutoBus<\/title>\n<meta name=\"robots\" content=\"index, follow, max-snippet:-1, max-image-preview:large, max-video-preview:-1\" \/>\n<link rel=\"canonical\" href=\"https:\/\/revistaautobus.com.br\/?p=2235\" \/>\n<meta property=\"og:locale\" content=\"pt_BR\" \/>\n<meta property=\"og:type\" content=\"article\" \/>\n<meta property=\"og:title\" content=\"O pacote inteligente da seguran\u00e7a - Revista AutoBus\" \/>\n<meta property=\"og:description\" content=\"A solu\u00e7\u00e3o Volvo SSA engloba o Aviso de Colis\u00e3o Frontal com Frenagem de Emerg\u00eancia, sistema que une um radar e uma c\u00e2mera para monitorar os ve\u00edculos e obst\u00e1culos \u00e0 frente dos \u00f4nibus\" \/>\n<meta property=\"og:url\" content=\"https:\/\/revistaautobus.com.br\/?p=2235\" \/>\n<meta property=\"og:site_name\" content=\"Revista AutoBus\" \/>\n<meta property=\"article:publisher\" content=\"https:\/\/www.facebook.com\/antonio.ferro.3150\" \/>\n<meta property=\"article:published_time\" content=\"2019-11-08T09:02:00+00:00\" \/>\n<meta property=\"article:modified_time\" content=\"2021-06-24T15:04:39+00:00\" \/>\n<meta property=\"og:image\" content=\"https:\/\/revistaautobus.com.br\/wp-content\/uploads\/2021\/06\/o-pacote-inteligente-da-seguranca-1573214576.jpg\" \/>\n\t<meta property=\"og:image:width\" content=\"1200\" \/>\n\t<meta property=\"og:image:height\" content=\"748\" \/>\n\t<meta property=\"og:image:type\" content=\"image\/jpeg\" \/>\n<meta name=\"author\" content=\"Antonio Ferro\" \/>\n<meta name=\"twitter:card\" content=\"summary_large_image\" \/>\n<meta name=\"twitter:label1\" content=\"Escrito por\" \/>\n\t<meta name=\"twitter:data1\" content=\"Antonio Ferro\" \/>\n\t<meta name=\"twitter:label2\" content=\"Est. tempo de leitura\" \/>\n\t<meta name=\"twitter:data2\" content=\"3 minutos\" \/>\n<script type=\"application\/ld+json\" class=\"yoast-schema-graph\">{\"@context\":\"https:\/\/schema.org\",\"@graph\":[{\"@type\":\"Article\",\"@id\":\"https:\/\/revistaautobus.com.br\/?p=2235#article\",\"isPartOf\":{\"@id\":\"https:\/\/revistaautobus.com.br\/?p=2235\"},\"author\":{\"name\":\"Antonio Ferro\",\"@id\":\"https:\/\/revistaautobus.com.br\/#\/schema\/person\/54af7c3eb83a310e42ef686ef6d16f50\"},\"headline\":\"O pacote inteligente da seguran\u00e7a\",\"datePublished\":\"2019-11-08T09:02:00+00:00\",\"dateModified\":\"2021-06-24T15:04:39+00:00\",\"mainEntityOfPage\":{\"@id\":\"https:\/\/revistaautobus.com.br\/?p=2235\"},\"wordCount\":546,\"commentCount\":0,\"publisher\":{\"@id\":\"https:\/\/revistaautobus.com.br\/#organization\"},\"image\":{\"@id\":\"https:\/\/revistaautobus.com.br\/?p=2235#primaryimage\"},\"thumbnailUrl\":\"https:\/\/revistaautobus.com.br\/wp-content\/uploads\/2021\/06\/o-pacote-inteligente-da-seguranca-1573214576.jpg\",\"articleSection\":[\"Not\u00edcias\"],\"inLanguage\":\"pt-BR\",\"potentialAction\":[{\"@type\":\"CommentAction\",\"name\":\"Comment\",\"target\":[\"https:\/\/revistaautobus.com.br\/?p=2235#respond\"]}]},{\"@type\":\"WebPage\",\"@id\":\"https:\/\/revistaautobus.com.br\/?p=2235\",\"url\":\"https:\/\/revistaautobus.com.br\/?p=2235\",\"name\":\"O pacote inteligente da seguran\u00e7a - Revista AutoBus\",\"isPartOf\":{\"@id\":\"https:\/\/revistaautobus.com.br\/#website\"},\"primaryImageOfPage\":{\"@id\":\"https:\/\/revistaautobus.com.br\/?p=2235#primaryimage\"},\"image\":{\"@id\":\"https:\/\/revistaautobus.com.br\/?p=2235#primaryimage\"},\"thumbnailUrl\":\"https:\/\/revistaautobus.com.br\/wp-content\/uploads\/2021\/06\/o-pacote-inteligente-da-seguranca-1573214576.jpg\",\"datePublished\":\"2019-11-08T09:02:00+00:00\",\"dateModified\":\"2021-06-24T15:04:39+00:00\",\"breadcrumb\":{\"@id\":\"https:\/\/revistaautobus.com.br\/?p=2235#breadcrumb\"},\"inLanguage\":\"pt-BR\",\"potentialAction\":[{\"@type\":\"ReadAction\",\"target\":[\"https:\/\/revistaautobus.com.br\/?p=2235\"]}]},{\"@type\":\"ImageObject\",\"inLanguage\":\"pt-BR\",\"@id\":\"https:\/\/revistaautobus.com.br\/?p=2235#primaryimage\",\"url\":\"https:\/\/revistaautobus.com.br\/wp-content\/uploads\/2021\/06\/o-pacote-inteligente-da-seguranca-1573214576.jpg\",\"contentUrl\":\"https:\/\/revistaautobus.com.br\/wp-content\/uploads\/2021\/06\/o-pacote-inteligente-da-seguranca-1573214576.jpg\",\"width\":1200,\"height\":748},{\"@type\":\"BreadcrumbList\",\"@id\":\"https:\/\/revistaautobus.com.br\/?p=2235#breadcrumb\",\"itemListElement\":[{\"@type\":\"ListItem\",\"position\":1,\"name\":\"In\u00edcio\",\"item\":\"https:\/\/revistaautobus.com.br\/\"},{\"@type\":\"ListItem\",\"position\":2,\"name\":\"O pacote inteligente da seguran\u00e7a\"}]},{\"@type\":\"WebSite\",\"@id\":\"https:\/\/revistaautobus.com.br\/#website\",\"url\":\"https:\/\/revistaautobus.com.br\/\",\"name\":\"Revista AutoBus\",\"description\":\"\",\"publisher\":{\"@id\":\"https:\/\/revistaautobus.com.br\/#organization\"},\"potentialAction\":[{\"@type\":\"SearchAction\",\"target\":{\"@type\":\"EntryPoint\",\"urlTemplate\":\"https:\/\/revistaautobus.com.br\/?s={search_term_string}\"},\"query-input\":{\"@type\":\"PropertyValueSpecification\",\"valueRequired\":true,\"valueName\":\"search_term_string\"}}],\"inLanguage\":\"pt-BR\"},{\"@type\":\"Organization\",\"@id\":\"https:\/\/revistaautobus.com.br\/#organization\",\"name\":\"Revista AutoBus\",\"url\":\"https:\/\/revistaautobus.com.br\/\",\"logo\":{\"@type\":\"ImageObject\",\"inLanguage\":\"pt-BR\",\"@id\":\"https:\/\/revistaautobus.com.br\/#\/schema\/logo\/image\/\",\"url\":\"https:\/\/revistaautobus.com.br\/wp-content\/uploads\/2024\/11\/logo_revista_autobus_fb.png\",\"contentUrl\":\"https:\/\/revistaautobus.com.br\/wp-content\/uploads\/2024\/11\/logo_revista_autobus_fb.png\",\"width\":836,\"height\":227,\"caption\":\"Revista AutoBus\"},\"image\":{\"@id\":\"https:\/\/revistaautobus.com.br\/#\/schema\/logo\/image\/\"},\"sameAs\":[\"https:\/\/www.facebook.com\/antonio.ferro.3150\",\"https:\/\/www.instagram.com\/revistaautobus\/\"]},{\"@type\":\"Person\",\"@id\":\"https:\/\/revistaautobus.com.br\/#\/schema\/person\/54af7c3eb83a310e42ef686ef6d16f50\",\"name\":\"Antonio Ferro\",\"image\":{\"@type\":\"ImageObject\",\"inLanguage\":\"pt-BR\",\"@id\":\"https:\/\/revistaautobus.com.br\/wp-content\/uploads\/2025\/12\/editor_antonio_ferro-150x150.jpg\",\"url\":\"https:\/\/revistaautobus.com.br\/wp-content\/uploads\/2025\/12\/editor_antonio_ferro-150x150.jpg\",\"contentUrl\":\"https:\/\/revistaautobus.com.br\/wp-content\/uploads\/2025\/12\/editor_antonio_ferro-150x150.jpg\",\"caption\":\"Antonio Ferro\"},\"description\":\"infobus@uol.com.br\",\"url\":\"https:\/\/revistaautobus.com.br\/?author=2\"}]}<\/script>\n<!-- \/ Yoast SEO plugin. -->","yoast_head_json":{"title":"O pacote inteligente da seguran\u00e7a - Revista AutoBus","robots":{"index":"index","follow":"follow","max-snippet":"max-snippet:-1","max-image-preview":"max-image-preview:large","max-video-preview":"max-video-preview:-1"},"canonical":"https:\/\/revistaautobus.com.br\/?p=2235","og_locale":"pt_BR","og_type":"article","og_title":"O pacote inteligente da seguran\u00e7a - Revista AutoBus","og_description":"A solu\u00e7\u00e3o Volvo SSA engloba o Aviso de Colis\u00e3o Frontal com Frenagem de Emerg\u00eancia, sistema que une um radar e uma c\u00e2mera para monitorar os ve\u00edculos e obst\u00e1culos \u00e0 frente dos \u00f4nibus","og_url":"https:\/\/revistaautobus.com.br\/?p=2235","og_site_name":"Revista AutoBus","article_publisher":"https:\/\/www.facebook.com\/antonio.ferro.3150","article_published_time":"2019-11-08T09:02:00+00:00","article_modified_time":"2021-06-24T15:04:39+00:00","og_image":[{"width":1200,"height":748,"url":"https:\/\/revistaautobus.com.br\/wp-content\/uploads\/2021\/06\/o-pacote-inteligente-da-seguranca-1573214576.jpg","type":"image\/jpeg"}],"author":"Antonio Ferro","twitter_card":"summary_large_image","twitter_misc":{"Escrito por":"Antonio Ferro","Est. tempo de leitura":"3 minutos"},"schema":{"@context":"https:\/\/schema.org","@graph":[{"@type":"Article","@id":"https:\/\/revistaautobus.com.br\/?p=2235#article","isPartOf":{"@id":"https:\/\/revistaautobus.com.br\/?p=2235"},"author":{"name":"Antonio Ferro","@id":"https:\/\/revistaautobus.com.br\/#\/schema\/person\/54af7c3eb83a310e42ef686ef6d16f50"},"headline":"O pacote inteligente da seguran\u00e7a","datePublished":"2019-11-08T09:02:00+00:00","dateModified":"2021-06-24T15:04:39+00:00","mainEntityOfPage":{"@id":"https:\/\/revistaautobus.com.br\/?p=2235"},"wordCount":546,"commentCount":0,"publisher":{"@id":"https:\/\/revistaautobus.com.br\/#organization"},"image":{"@id":"https:\/\/revistaautobus.com.br\/?p=2235#primaryimage"},"thumbnailUrl":"https:\/\/revistaautobus.com.br\/wp-content\/uploads\/2021\/06\/o-pacote-inteligente-da-seguranca-1573214576.jpg","articleSection":["Not\u00edcias"],"inLanguage":"pt-BR","potentialAction":[{"@type":"CommentAction","name":"Comment","target":["https:\/\/revistaautobus.com.br\/?p=2235#respond"]}]},{"@type":"WebPage","@id":"https:\/\/revistaautobus.com.br\/?p=2235","url":"https:\/\/revistaautobus.com.br\/?p=2235","name":"O pacote inteligente da seguran\u00e7a - Revista AutoBus","isPartOf":{"@id":"https:\/\/revistaautobus.com.br\/#website"},"primaryImageOfPage":{"@id":"https:\/\/revistaautobus.com.br\/?p=2235#primaryimage"},"image":{"@id":"https:\/\/revistaautobus.com.br\/?p=2235#primaryimage"},"thumbnailUrl":"https:\/\/revistaautobus.com.br\/wp-content\/uploads\/2021\/06\/o-pacote-inteligente-da-seguranca-1573214576.jpg","datePublished":"2019-11-08T09:02:00+00:00","dateModified":"2021-06-24T15:04:39+00:00","breadcrumb":{"@id":"https:\/\/revistaautobus.com.br\/?p=2235#breadcrumb"},"inLanguage":"pt-BR","potentialAction":[{"@type":"ReadAction","target":["https:\/\/revistaautobus.com.br\/?p=2235"]}]},{"@type":"ImageObject","inLanguage":"pt-BR","@id":"https:\/\/revistaautobus.com.br\/?p=2235#primaryimage","url":"https:\/\/revistaautobus.com.br\/wp-content\/uploads\/2021\/06\/o-pacote-inteligente-da-seguranca-1573214576.jpg","contentUrl":"https:\/\/revistaautobus.com.br\/wp-content\/uploads\/2021\/06\/o-pacote-inteligente-da-seguranca-1573214576.jpg","width":1200,"height":748},{"@type":"BreadcrumbList","@id":"https:\/\/revistaautobus.com.br\/?p=2235#breadcrumb","itemListElement":[{"@type":"ListItem","position":1,"name":"In\u00edcio","item":"https:\/\/revistaautobus.com.br\/"},{"@type":"ListItem","position":2,"name":"O pacote inteligente da seguran\u00e7a"}]},{"@type":"WebSite","@id":"https:\/\/revistaautobus.com.br\/#website","url":"https:\/\/revistaautobus.com.br\/","name":"Revista AutoBus","description":"","publisher":{"@id":"https:\/\/revistaautobus.com.br\/#organization"},"potentialAction":[{"@type":"SearchAction","target":{"@type":"EntryPoint","urlTemplate":"https:\/\/revistaautobus.com.br\/?s={search_term_string}"},"query-input":{"@type":"PropertyValueSpecification","valueRequired":true,"valueName":"search_term_string"}}],"inLanguage":"pt-BR"},{"@type":"Organization","@id":"https:\/\/revistaautobus.com.br\/#organization","name":"Revista AutoBus","url":"https:\/\/revistaautobus.com.br\/","logo":{"@type":"ImageObject","inLanguage":"pt-BR","@id":"https:\/\/revistaautobus.com.br\/#\/schema\/logo\/image\/","url":"https:\/\/revistaautobus.com.br\/wp-content\/uploads\/2024\/11\/logo_revista_autobus_fb.png","contentUrl":"https:\/\/revistaautobus.com.br\/wp-content\/uploads\/2024\/11\/logo_revista_autobus_fb.png","width":836,"height":227,"caption":"Revista AutoBus"},"image":{"@id":"https:\/\/revistaautobus.com.br\/#\/schema\/logo\/image\/"},"sameAs":["https:\/\/www.facebook.com\/antonio.ferro.3150","https:\/\/www.instagram.com\/revistaautobus\/"]},{"@type":"Person","@id":"https:\/\/revistaautobus.com.br\/#\/schema\/person\/54af7c3eb83a310e42ef686ef6d16f50","name":"Antonio Ferro","image":{"@type":"ImageObject","inLanguage":"pt-BR","@id":"https:\/\/revistaautobus.com.br\/wp-content\/uploads\/2025\/12\/editor_antonio_ferro-150x150.jpg","url":"https:\/\/revistaautobus.com.br\/wp-content\/uploads\/2025\/12\/editor_antonio_ferro-150x150.jpg","contentUrl":"https:\/\/revistaautobus.com.br\/wp-content\/uploads\/2025\/12\/editor_antonio_ferro-150x150.jpg","caption":"Antonio Ferro"},"description":"infobus@uol.com.br","url":"https:\/\/revistaautobus.com.br\/?author=2"}]}},"jetpack_featured_media_url":"https:\/\/revistaautobus.com.br\/wp-content\/uploads\/2021\/06\/o-pacote-inteligente-da-seguranca-1573214576.jpg","jetpack_sharing_enabled":true,"_links":{"self":[{"href":"https:\/\/revistaautobus.com.br\/index.php?rest_route=\/wp\/v2\/posts\/2235","targetHints":{"allow":["GET"]}}],"collection":[{"href":"https:\/\/revistaautobus.com.br\/index.php?rest_route=\/wp\/v2\/posts"}],"about":[{"href":"https:\/\/revistaautobus.com.br\/index.php?rest_route=\/wp\/v2\/types\/post"}],"author":[{"embeddable":true,"href":"https:\/\/revistaautobus.com.br\/index.php?rest_route=\/wp\/v2\/users\/2"}],"replies":[{"embeddable":true,"href":"https:\/\/revistaautobus.com.br\/index.php?rest_route=%2Fwp%2Fv2%2Fcomments&post=2235"}],"version-history":[{"count":1,"href":"https:\/\/revistaautobus.com.br\/index.php?rest_route=\/wp\/v2\/posts\/2235\/revisions"}],"predecessor-version":[{"id":2237,"href":"https:\/\/revistaautobus.com.br\/index.php?rest_route=\/wp\/v2\/posts\/2235\/revisions\/2237"}],"wp:featuredmedia":[{"embeddable":true,"href":"https:\/\/revistaautobus.com.br\/index.php?rest_route=\/wp\/v2\/media\/2236"}],"wp:attachment":[{"href":"https:\/\/revistaautobus.com.br\/index.php?rest_route=%2Fwp%2Fv2%2Fmedia&parent=2235"}],"wp:term":[{"taxonomy":"category","embeddable":true,"href":"https:\/\/revistaautobus.com.br\/index.php?rest_route=%2Fwp%2Fv2%2Fcategories&post=2235"},{"taxonomy":"post_tag","embeddable":true,"href":"https:\/\/revistaautobus.com.br\/index.php?rest_route=%2Fwp%2Fv2%2Ftags&post=2235"}],"curies":[{"name":"wp","href":"https:\/\/api.w.org\/{rel}","templated":true}]}}