{"id":2253,"date":"2019-11-15T06:33:00","date_gmt":"2019-11-15T09:33:00","guid":{"rendered":"https:\/\/vila8.com.br\/clientes\/autobus\/?p=2253"},"modified":"2021-06-25T10:26:19","modified_gmt":"2021-06-25T13:26:19","slug":"na-vanguarda-da-direcao-autonoma","status":"publish","type":"post","link":"https:\/\/revistaautobus.com.br\/?p=2253","title":{"rendered":"Na vanguarda da dire\u00e7\u00e3o aut\u00f4noma"},"content":{"rendered":"\n<p>O conceito da dire\u00e7\u00e3o aut\u00f4noma para \u00f4nibus est\u00e1 em est\u00e1gio bem adiantado para a montadora sueca Volvo. Recentemente, a fabricante demonstrou o potencial do seu modelo 100% el\u00e9trico aut\u00f4nomo de 12 metros na garagem de sua cliente Keolis, operadora do transporte p\u00fablico na cidade de Gotemburgo (Su\u00e9cia). Veja mais abaixo o v\u00eddeo que revela a vanguarda desse projeto.<\/p>\n\n\n\n<p>Durante o evento, o ve\u00edculo se auto conduziu exitosamente entre a baia de estacionamento e as \u00e1reas de limpeza, de manuten\u00e7\u00e3o e pelo p\u00e1tio central, incluindo a\u00ed a recarga el\u00e9trica, sempre com pessoas em seu interior. De acordo com a marca, o evento representa um importante momento no desenvolvimento de tecnologias que visam o transporte coletivo inovador e eficiente para um futuro muito pr\u00f3ximo. &#8220;Este \u00e9 um passo muito importante para alcan\u00e7ar nosso objetivo da autonomia, j\u00e1 que agora demonstramos com sucesso os benef\u00edcios comerciais que essas solu\u00e7\u00f5es podem oferecer nas garagens&#8221;, disse H\u00e5kan Agnevall, presidente da Volvo Buses.<\/p>\n\n\n\n<figure class=\"wp-block-image\"><img decoding=\"async\" src=\"https:\/\/www.revistaautobus.com.br\/uploads\/images\/2019\/11\/562-1573821274.jpg\" alt=\"Na vanguarda da dire\u00e7\u00e3o aut\u00f4noma\" title=\"Na vanguarda da dire\u00e7\u00e3o aut\u00f4noma\"\/><\/figure>\n\n\n\n<p>A empresa su\u00ed\u00e7a ABB, fabricante de equipamentos el\u00e9tricos e de automa\u00e7\u00e3o industrial, tamb\u00e9m participou da demonstra\u00e7\u00e3o do ve\u00edculo aut\u00f4nomo. Segundo ela, seus produtos e solu\u00e7\u00f5es podem gerar e trazer energia do ponto inicial ao ponto de consumo de forma segura, inteligente e sustent\u00e1vel. A alta pot\u00eancia el\u00e9trica dos carregadores de \u00f4nibus ABB com conex\u00f5es de teto automatizadas permite o carregamento eficiente dos ve\u00edculos incorporados com a nova tecnologia, revelando estar bem entusiasmada com o que o futuro da inova\u00e7\u00e3o em transporte trar\u00e1, juntamente com a Volvo Buses.<\/p>\n\n\n\n<p>De acordo com a montadora sueca, em dez anos, o Planeta Terra ter\u00e1 mais um bilh\u00e3o de pessoas, a maioria vivendo em cidades. Esse fato criar\u00e1 grandes desafios para o transporte p\u00fablico, para a infraestrutura e para o planejamento urbano, que precisar\u00e3o ser gerenciados de maneira mais sustent\u00e1vel e eficiente. E, como parte dessa resposta, a marca acredita que futuro ser\u00e1 el\u00e9trico, conectado e aut\u00f4nomo.<\/p>\n\n\n\n<p>Nesse contexto, o Grupo Volvo anunciou a cria\u00e7\u00e3o de uma \u00e1rea de neg\u00f3cios para o fortalecimento dessas solu\u00e7\u00f5es. Chamada de Volvo Autonomous Solutions, a \u00e1rea tecnol\u00f3gica acelerar\u00e1 o desenvolvimento, comercializa\u00e7\u00e3o e vendas neste segmento. &#8220;Com o desenvolvimento global marcado por uma crescente demanda em transportes, estradas cada vez mais congestionadas e grandes mudan\u00e7as ambientais, a ind\u00fastria precisa proporcionar solu\u00e7\u00f5es cada vez mais seguras, eficientes e com impacto ambiental cada vez menor&#8221;, disse Martin Lundstedt, presidente e CEO do Grupo Volvo.<\/p>\n\n\n\n<p>Imagens &#8211; Volvo Buses<\/p>\n","protected":false},"excerpt":{"rendered":"<p>Recentemente, a fabricante Volvo demonstrou o potencial do seu modelo 100% el\u00e9trico aut\u00f4nomo de 12 metros na garagem de sua cliente Keolis, operadora do transporte p\u00fablico na cidade de Gotemburgo<\/p>\n","protected":false},"author":2,"featured_media":2254,"comment_status":"open","ping_status":"open","sticky":false,"template":"","format":"standard","meta":{"_et_pb_use_builder":"off","_et_pb_old_content":"","_et_gb_content_width":"","_jetpack_memberships_contains_paid_content":false,"footnotes":""},"categories":[90],"tags":[],"class_list":["post-2253","post","type-post","status-publish","format-standard","has-post-thumbnail","hentry","category-noticias","et-has-post-format-content","et_post_format-et-post-format-standard"],"yoast_head":"<!-- This site is optimized with the Yoast SEO plugin v27.2 - https:\/\/yoast.com\/product\/yoast-seo-wordpress\/ -->\n<title>Na vanguarda da dire\u00e7\u00e3o aut\u00f4noma - Revista AutoBus<\/title>\n<meta name=\"robots\" content=\"index, follow, max-snippet:-1, max-image-preview:large, max-video-preview:-1\" \/>\n<link rel=\"canonical\" href=\"https:\/\/revistaautobus.com.br\/?p=2253\" \/>\n<meta property=\"og:locale\" content=\"pt_BR\" \/>\n<meta property=\"og:type\" content=\"article\" \/>\n<meta property=\"og:title\" content=\"Na vanguarda da dire\u00e7\u00e3o aut\u00f4noma - Revista AutoBus\" \/>\n<meta property=\"og:description\" content=\"Recentemente, a fabricante Volvo demonstrou o potencial do seu modelo 100% el\u00e9trico aut\u00f4nomo de 12 metros na garagem de sua cliente Keolis, operadora do transporte p\u00fablico na cidade de Gotemburgo\" \/>\n<meta property=\"og:url\" content=\"https:\/\/revistaautobus.com.br\/?p=2253\" \/>\n<meta property=\"og:site_name\" content=\"Revista AutoBus\" \/>\n<meta property=\"article:publisher\" content=\"https:\/\/www.facebook.com\/antonio.ferro.3150\" \/>\n<meta property=\"article:published_time\" content=\"2019-11-15T09:33:00+00:00\" \/>\n<meta property=\"article:modified_time\" content=\"2021-06-25T13:26:19+00:00\" \/>\n<meta property=\"og:image\" content=\"https:\/\/revistaautobus.com.br\/wp-content\/uploads\/2021\/06\/na-vanguarda-da-direcao-autonoma-1573821250.jpg\" \/>\n\t<meta property=\"og:image:width\" content=\"1200\" \/>\n\t<meta property=\"og:image:height\" content=\"800\" \/>\n\t<meta property=\"og:image:type\" content=\"image\/jpeg\" \/>\n<meta name=\"author\" content=\"Antonio Ferro\" \/>\n<meta name=\"twitter:card\" content=\"summary_large_image\" \/>\n<meta name=\"twitter:label1\" content=\"Escrito por\" \/>\n\t<meta name=\"twitter:data1\" content=\"Antonio Ferro\" \/>\n\t<meta name=\"twitter:label2\" content=\"Est. tempo de leitura\" \/>\n\t<meta name=\"twitter:data2\" content=\"2 minutos\" \/>\n<script type=\"application\/ld+json\" class=\"yoast-schema-graph\">{\"@context\":\"https:\/\/schema.org\",\"@graph\":[{\"@type\":\"Article\",\"@id\":\"https:\/\/revistaautobus.com.br\/?p=2253#article\",\"isPartOf\":{\"@id\":\"https:\/\/revistaautobus.com.br\/?p=2253\"},\"author\":{\"name\":\"Antonio Ferro\",\"@id\":\"https:\/\/revistaautobus.com.br\/#\/schema\/person\/54af7c3eb83a310e42ef686ef6d16f50\"},\"headline\":\"Na vanguarda da dire\u00e7\u00e3o aut\u00f4noma\",\"datePublished\":\"2019-11-15T09:33:00+00:00\",\"dateModified\":\"2021-06-25T13:26:19+00:00\",\"mainEntityOfPage\":{\"@id\":\"https:\/\/revistaautobus.com.br\/?p=2253\"},\"wordCount\":442,\"commentCount\":0,\"publisher\":{\"@id\":\"https:\/\/revistaautobus.com.br\/#organization\"},\"image\":{\"@id\":\"https:\/\/revistaautobus.com.br\/?p=2253#primaryimage\"},\"thumbnailUrl\":\"https:\/\/revistaautobus.com.br\/wp-content\/uploads\/2021\/06\/na-vanguarda-da-direcao-autonoma-1573821250.jpg\",\"articleSection\":[\"Not\u00edcias\"],\"inLanguage\":\"pt-BR\",\"potentialAction\":[{\"@type\":\"CommentAction\",\"name\":\"Comment\",\"target\":[\"https:\/\/revistaautobus.com.br\/?p=2253#respond\"]}]},{\"@type\":\"WebPage\",\"@id\":\"https:\/\/revistaautobus.com.br\/?p=2253\",\"url\":\"https:\/\/revistaautobus.com.br\/?p=2253\",\"name\":\"Na vanguarda da dire\u00e7\u00e3o aut\u00f4noma - Revista AutoBus\",\"isPartOf\":{\"@id\":\"https:\/\/revistaautobus.com.br\/#website\"},\"primaryImageOfPage\":{\"@id\":\"https:\/\/revistaautobus.com.br\/?p=2253#primaryimage\"},\"image\":{\"@id\":\"https:\/\/revistaautobus.com.br\/?p=2253#primaryimage\"},\"thumbnailUrl\":\"https:\/\/revistaautobus.com.br\/wp-content\/uploads\/2021\/06\/na-vanguarda-da-direcao-autonoma-1573821250.jpg\",\"datePublished\":\"2019-11-15T09:33:00+00:00\",\"dateModified\":\"2021-06-25T13:26:19+00:00\",\"breadcrumb\":{\"@id\":\"https:\/\/revistaautobus.com.br\/?p=2253#breadcrumb\"},\"inLanguage\":\"pt-BR\",\"potentialAction\":[{\"@type\":\"ReadAction\",\"target\":[\"https:\/\/revistaautobus.com.br\/?p=2253\"]}]},{\"@type\":\"ImageObject\",\"inLanguage\":\"pt-BR\",\"@id\":\"https:\/\/revistaautobus.com.br\/?p=2253#primaryimage\",\"url\":\"https:\/\/revistaautobus.com.br\/wp-content\/uploads\/2021\/06\/na-vanguarda-da-direcao-autonoma-1573821250.jpg\",\"contentUrl\":\"https:\/\/revistaautobus.com.br\/wp-content\/uploads\/2021\/06\/na-vanguarda-da-direcao-autonoma-1573821250.jpg\",\"width\":1200,\"height\":800},{\"@type\":\"BreadcrumbList\",\"@id\":\"https:\/\/revistaautobus.com.br\/?p=2253#breadcrumb\",\"itemListElement\":[{\"@type\":\"ListItem\",\"position\":1,\"name\":\"In\u00edcio\",\"item\":\"https:\/\/revistaautobus.com.br\/\"},{\"@type\":\"ListItem\",\"position\":2,\"name\":\"Na vanguarda da dire\u00e7\u00e3o aut\u00f4noma\"}]},{\"@type\":\"WebSite\",\"@id\":\"https:\/\/revistaautobus.com.br\/#website\",\"url\":\"https:\/\/revistaautobus.com.br\/\",\"name\":\"Revista AutoBus\",\"description\":\"\",\"publisher\":{\"@id\":\"https:\/\/revistaautobus.com.br\/#organization\"},\"potentialAction\":[{\"@type\":\"SearchAction\",\"target\":{\"@type\":\"EntryPoint\",\"urlTemplate\":\"https:\/\/revistaautobus.com.br\/?s={search_term_string}\"},\"query-input\":{\"@type\":\"PropertyValueSpecification\",\"valueRequired\":true,\"valueName\":\"search_term_string\"}}],\"inLanguage\":\"pt-BR\"},{\"@type\":\"Organization\",\"@id\":\"https:\/\/revistaautobus.com.br\/#organization\",\"name\":\"Revista AutoBus\",\"url\":\"https:\/\/revistaautobus.com.br\/\",\"logo\":{\"@type\":\"ImageObject\",\"inLanguage\":\"pt-BR\",\"@id\":\"https:\/\/revistaautobus.com.br\/#\/schema\/logo\/image\/\",\"url\":\"https:\/\/revistaautobus.com.br\/wp-content\/uploads\/2024\/11\/logo_revista_autobus_fb.png\",\"contentUrl\":\"https:\/\/revistaautobus.com.br\/wp-content\/uploads\/2024\/11\/logo_revista_autobus_fb.png\",\"width\":836,\"height\":227,\"caption\":\"Revista AutoBus\"},\"image\":{\"@id\":\"https:\/\/revistaautobus.com.br\/#\/schema\/logo\/image\/\"},\"sameAs\":[\"https:\/\/www.facebook.com\/antonio.ferro.3150\",\"https:\/\/www.instagram.com\/revistaautobus\/\"]},{\"@type\":\"Person\",\"@id\":\"https:\/\/revistaautobus.com.br\/#\/schema\/person\/54af7c3eb83a310e42ef686ef6d16f50\",\"name\":\"Antonio Ferro\",\"image\":{\"@type\":\"ImageObject\",\"inLanguage\":\"pt-BR\",\"@id\":\"https:\/\/revistaautobus.com.br\/wp-content\/uploads\/2025\/12\/editor_antonio_ferro-150x150.jpg\",\"url\":\"https:\/\/revistaautobus.com.br\/wp-content\/uploads\/2025\/12\/editor_antonio_ferro-150x150.jpg\",\"contentUrl\":\"https:\/\/revistaautobus.com.br\/wp-content\/uploads\/2025\/12\/editor_antonio_ferro-150x150.jpg\",\"caption\":\"Antonio Ferro\"},\"description\":\"infobus@uol.com.br\",\"url\":\"https:\/\/revistaautobus.com.br\/?author=2\"}]}<\/script>\n<!-- \/ Yoast SEO plugin. -->","yoast_head_json":{"title":"Na vanguarda da dire\u00e7\u00e3o aut\u00f4noma - Revista AutoBus","robots":{"index":"index","follow":"follow","max-snippet":"max-snippet:-1","max-image-preview":"max-image-preview:large","max-video-preview":"max-video-preview:-1"},"canonical":"https:\/\/revistaautobus.com.br\/?p=2253","og_locale":"pt_BR","og_type":"article","og_title":"Na vanguarda da dire\u00e7\u00e3o aut\u00f4noma - Revista AutoBus","og_description":"Recentemente, a fabricante Volvo demonstrou o potencial do seu modelo 100% el\u00e9trico aut\u00f4nomo de 12 metros na garagem de sua cliente Keolis, operadora do transporte p\u00fablico na cidade de Gotemburgo","og_url":"https:\/\/revistaautobus.com.br\/?p=2253","og_site_name":"Revista AutoBus","article_publisher":"https:\/\/www.facebook.com\/antonio.ferro.3150","article_published_time":"2019-11-15T09:33:00+00:00","article_modified_time":"2021-06-25T13:26:19+00:00","og_image":[{"width":1200,"height":800,"url":"https:\/\/revistaautobus.com.br\/wp-content\/uploads\/2021\/06\/na-vanguarda-da-direcao-autonoma-1573821250.jpg","type":"image\/jpeg"}],"author":"Antonio Ferro","twitter_card":"summary_large_image","twitter_misc":{"Escrito por":"Antonio Ferro","Est. tempo de leitura":"2 minutos"},"schema":{"@context":"https:\/\/schema.org","@graph":[{"@type":"Article","@id":"https:\/\/revistaautobus.com.br\/?p=2253#article","isPartOf":{"@id":"https:\/\/revistaautobus.com.br\/?p=2253"},"author":{"name":"Antonio Ferro","@id":"https:\/\/revistaautobus.com.br\/#\/schema\/person\/54af7c3eb83a310e42ef686ef6d16f50"},"headline":"Na vanguarda da dire\u00e7\u00e3o aut\u00f4noma","datePublished":"2019-11-15T09:33:00+00:00","dateModified":"2021-06-25T13:26:19+00:00","mainEntityOfPage":{"@id":"https:\/\/revistaautobus.com.br\/?p=2253"},"wordCount":442,"commentCount":0,"publisher":{"@id":"https:\/\/revistaautobus.com.br\/#organization"},"image":{"@id":"https:\/\/revistaautobus.com.br\/?p=2253#primaryimage"},"thumbnailUrl":"https:\/\/revistaautobus.com.br\/wp-content\/uploads\/2021\/06\/na-vanguarda-da-direcao-autonoma-1573821250.jpg","articleSection":["Not\u00edcias"],"inLanguage":"pt-BR","potentialAction":[{"@type":"CommentAction","name":"Comment","target":["https:\/\/revistaautobus.com.br\/?p=2253#respond"]}]},{"@type":"WebPage","@id":"https:\/\/revistaautobus.com.br\/?p=2253","url":"https:\/\/revistaautobus.com.br\/?p=2253","name":"Na vanguarda da dire\u00e7\u00e3o aut\u00f4noma - Revista AutoBus","isPartOf":{"@id":"https:\/\/revistaautobus.com.br\/#website"},"primaryImageOfPage":{"@id":"https:\/\/revistaautobus.com.br\/?p=2253#primaryimage"},"image":{"@id":"https:\/\/revistaautobus.com.br\/?p=2253#primaryimage"},"thumbnailUrl":"https:\/\/revistaautobus.com.br\/wp-content\/uploads\/2021\/06\/na-vanguarda-da-direcao-autonoma-1573821250.jpg","datePublished":"2019-11-15T09:33:00+00:00","dateModified":"2021-06-25T13:26:19+00:00","breadcrumb":{"@id":"https:\/\/revistaautobus.com.br\/?p=2253#breadcrumb"},"inLanguage":"pt-BR","potentialAction":[{"@type":"ReadAction","target":["https:\/\/revistaautobus.com.br\/?p=2253"]}]},{"@type":"ImageObject","inLanguage":"pt-BR","@id":"https:\/\/revistaautobus.com.br\/?p=2253#primaryimage","url":"https:\/\/revistaautobus.com.br\/wp-content\/uploads\/2021\/06\/na-vanguarda-da-direcao-autonoma-1573821250.jpg","contentUrl":"https:\/\/revistaautobus.com.br\/wp-content\/uploads\/2021\/06\/na-vanguarda-da-direcao-autonoma-1573821250.jpg","width":1200,"height":800},{"@type":"BreadcrumbList","@id":"https:\/\/revistaautobus.com.br\/?p=2253#breadcrumb","itemListElement":[{"@type":"ListItem","position":1,"name":"In\u00edcio","item":"https:\/\/revistaautobus.com.br\/"},{"@type":"ListItem","position":2,"name":"Na vanguarda da dire\u00e7\u00e3o aut\u00f4noma"}]},{"@type":"WebSite","@id":"https:\/\/revistaautobus.com.br\/#website","url":"https:\/\/revistaautobus.com.br\/","name":"Revista AutoBus","description":"","publisher":{"@id":"https:\/\/revistaautobus.com.br\/#organization"},"potentialAction":[{"@type":"SearchAction","target":{"@type":"EntryPoint","urlTemplate":"https:\/\/revistaautobus.com.br\/?s={search_term_string}"},"query-input":{"@type":"PropertyValueSpecification","valueRequired":true,"valueName":"search_term_string"}}],"inLanguage":"pt-BR"},{"@type":"Organization","@id":"https:\/\/revistaautobus.com.br\/#organization","name":"Revista AutoBus","url":"https:\/\/revistaautobus.com.br\/","logo":{"@type":"ImageObject","inLanguage":"pt-BR","@id":"https:\/\/revistaautobus.com.br\/#\/schema\/logo\/image\/","url":"https:\/\/revistaautobus.com.br\/wp-content\/uploads\/2024\/11\/logo_revista_autobus_fb.png","contentUrl":"https:\/\/revistaautobus.com.br\/wp-content\/uploads\/2024\/11\/logo_revista_autobus_fb.png","width":836,"height":227,"caption":"Revista AutoBus"},"image":{"@id":"https:\/\/revistaautobus.com.br\/#\/schema\/logo\/image\/"},"sameAs":["https:\/\/www.facebook.com\/antonio.ferro.3150","https:\/\/www.instagram.com\/revistaautobus\/"]},{"@type":"Person","@id":"https:\/\/revistaautobus.com.br\/#\/schema\/person\/54af7c3eb83a310e42ef686ef6d16f50","name":"Antonio Ferro","image":{"@type":"ImageObject","inLanguage":"pt-BR","@id":"https:\/\/revistaautobus.com.br\/wp-content\/uploads\/2025\/12\/editor_antonio_ferro-150x150.jpg","url":"https:\/\/revistaautobus.com.br\/wp-content\/uploads\/2025\/12\/editor_antonio_ferro-150x150.jpg","contentUrl":"https:\/\/revistaautobus.com.br\/wp-content\/uploads\/2025\/12\/editor_antonio_ferro-150x150.jpg","caption":"Antonio Ferro"},"description":"infobus@uol.com.br","url":"https:\/\/revistaautobus.com.br\/?author=2"}]}},"jetpack_featured_media_url":"https:\/\/revistaautobus.com.br\/wp-content\/uploads\/2021\/06\/na-vanguarda-da-direcao-autonoma-1573821250.jpg","jetpack_sharing_enabled":true,"_links":{"self":[{"href":"https:\/\/revistaautobus.com.br\/index.php?rest_route=\/wp\/v2\/posts\/2253","targetHints":{"allow":["GET"]}}],"collection":[{"href":"https:\/\/revistaautobus.com.br\/index.php?rest_route=\/wp\/v2\/posts"}],"about":[{"href":"https:\/\/revistaautobus.com.br\/index.php?rest_route=\/wp\/v2\/types\/post"}],"author":[{"embeddable":true,"href":"https:\/\/revistaautobus.com.br\/index.php?rest_route=\/wp\/v2\/users\/2"}],"replies":[{"embeddable":true,"href":"https:\/\/revistaautobus.com.br\/index.php?rest_route=%2Fwp%2Fv2%2Fcomments&post=2253"}],"version-history":[{"count":1,"href":"https:\/\/revistaautobus.com.br\/index.php?rest_route=\/wp\/v2\/posts\/2253\/revisions"}],"predecessor-version":[{"id":2255,"href":"https:\/\/revistaautobus.com.br\/index.php?rest_route=\/wp\/v2\/posts\/2253\/revisions\/2255"}],"wp:featuredmedia":[{"embeddable":true,"href":"https:\/\/revistaautobus.com.br\/index.php?rest_route=\/wp\/v2\/media\/2254"}],"wp:attachment":[{"href":"https:\/\/revistaautobus.com.br\/index.php?rest_route=%2Fwp%2Fv2%2Fmedia&parent=2253"}],"wp:term":[{"taxonomy":"category","embeddable":true,"href":"https:\/\/revistaautobus.com.br\/index.php?rest_route=%2Fwp%2Fv2%2Fcategories&post=2253"},{"taxonomy":"post_tag","embeddable":true,"href":"https:\/\/revistaautobus.com.br\/index.php?rest_route=%2Fwp%2Fv2%2Ftags&post=2253"}],"curies":[{"name":"wp","href":"https:\/\/api.w.org\/{rel}","templated":true}]}}