{"id":2613,"date":"2020-04-21T08:56:00","date_gmt":"2020-04-21T11:56:00","guid":{"rendered":"https:\/\/vila8.com.br\/clientes\/autobus\/?p=2613"},"modified":"2021-06-25T13:09:04","modified_gmt":"2021-06-25T16:09:04","slug":"todos-contra-o-covid-19","status":"publish","type":"post","link":"https:\/\/revistaautobus.com.br\/?p=2613","title":{"rendered":"Todos contra o Covid-19"},"content":{"rendered":"\n<p>Na batalha com a pandemia do coronav\u00edrus, bons exemplos veem se destacando nos \u00faltimos dias. Cliente da Mercedes-Benz, a operadora paulista Via\u00e7\u00e3o Piracicabana, emprestou, sem qualquer custo, duas vans da montadora com motoristas para o transporte di\u00e1rio de funcion\u00e1rios da empresa Magnamed, em Cotia (SP), que trabalham em dois turnos para produzir&nbsp;respiradores usados no combate ao Covid-19. De acordo com a transportadora da cidade de Piracicaba, a cada dia fica mais claro que a pandemia em curso \u00e9 um desafio que s\u00f3 ser\u00e1 superado em conjunto e a partir de muita solidariedade.<\/p>\n\n\n\n<p>O Informativo AutoBus conversou com Izabel Rosalen, diretora Comercial de Fretamento na Via\u00e7\u00e3o Piracicabana S.A, sobre o momento e quais s\u00e3o as a\u00e7\u00f5es que est\u00e3o sendo realizadas pela empresa no sentido de enfrentar essa crise. Acompanhe abaixo.<\/p>\n\n\n\n<p><em><strong>Informativo AutoBus<\/strong><\/em>&nbsp;&#8211; Qual o significado para a transportadora participar de a\u00e7\u00f5es como as que est\u00e3o combatendo o mal de sa\u00fade proporcionado pelo Covid-19?<\/p>\n\n\n\n<p><em><strong>Izabel Rosalen<\/strong><\/em>&nbsp;&#8211; O princ\u00edpio b\u00e1sico dos nossos neg\u00f3cios \u00e9 a seguran\u00e7a. Todas as medidas necess\u00e1rias para a preserva\u00e7\u00e3o da vida se sobrep\u00f5em a qualquer discuss\u00e3o de impacto econ\u00f4mico. A cada dia fica mais claro que a pandemia em curso \u00e9 um desafio que s\u00f3 ser\u00e1 superado em conjunto e a partir de muita solidariedade. A atua\u00e7\u00e3o das grandes empresas \u00e9 parte importante na constru\u00e7\u00e3o de medidas que minimizem os danos, sejam de sa\u00fade, econ\u00f4micos, sociais e at\u00e9 mesmo a confian\u00e7a das pessoas. \u00c9 essa vis\u00e3o que tem pautado a atua\u00e7\u00e3o da Piracicabana. \u00c9 um desafio de solidariedade, de responsabilidade, de resili\u00eancia. Trabalhar juntos para salvar a vida de qualquer cidad\u00e3o e agir de acordo com a responsabilidade social que nos cabe \u00e9 o nosso papel.<\/p>\n\n\n\n<p><strong><em>AutoBus<\/em><\/strong>&nbsp;&#8211; Qual a participa\u00e7\u00e3o da empresa?<\/p>\n\n\n\n<p><em><strong>Izabel<\/strong>&nbsp;<\/em>&#8211; Assim que a Mercedes-Benz nos procurou solicitando a ajuda, disponibilizamos o transporte dos colaboradores (resid\u00eancia x empresa) da Magnamed que aumentou o quadro e os turnos de trabalho.<\/p>\n\n\n\n<p><em><strong>AutoBus<\/strong><\/em>&nbsp;&#8211; Como ela se estruturou e planejou suas opera\u00e7\u00f5es?<\/p>\n\n\n\n<p><em><strong>Izabel<\/strong><\/em>&nbsp;&#8211; A Piracicabana se destaca no mercado por fornecer solu\u00e7\u00f5es personalizadas, tendo como marca a flexibilidade e expertise na cria\u00e7\u00e3o e implanta\u00e7\u00e3o de opera\u00e7\u00f5es log\u00edsticas de transporte de passageiros que atendam \u00e0s particularidades de cada cliente. No caso da Magnamed, apenas colocamos isso em pr\u00e1tica mais uma vez. Tivemos uma redu\u00e7\u00e3o dr\u00e1stica em nossas opera\u00e7\u00f5es, o que possibilitou o atendimento com a sobra de ve\u00edculos e motoristas.<\/p>\n\n\n\n<p><em><strong>AutoBus<\/strong><\/em>&nbsp;&#8211; Desde quando est\u00e1 participando e se h\u00e1 uma data espec\u00edfica para finalizar sua colabora\u00e7\u00e3o?<\/p>\n\n\n\n<p><em><strong>Izabel<\/strong><\/em>&nbsp;&#8211; Desde que fomos acionados pela MBB nos colocamos \u00e0 disposi\u00e7\u00e3o para dar o suporte na elabora\u00e7\u00e3o das rotas e hor\u00e1rios para colocar este plano em opera\u00e7\u00e3o no menor tempo poss\u00edvel. O atendimento com o transporte efetivamente iniciou em 1\u00b0 de abril passado. O prazo para atendimento, inicialmente, \u00e9 de 30 dias. Mas poder\u00e1 ser revisto, conforme evolu\u00e7\u00e3o da pandemia, necessidade de manter o transporte e disponibilidade da nossa frota.<\/p>\n\n\n\n<figure class=\"wp-block-image\"><img decoding=\"async\" src=\"https:\/\/revistaautobus.com.br\/uploads\/images\/2020\/04\/690-1587470300.jpg\" alt=\"Todos contra o Covid-19\" title=\"Todos contra o Covid-19\"\/><\/figure>\n\n\n\n<p><em><strong>AutoBus<\/strong><\/em>&nbsp;&#8211; No tocante a promover condi\u00e7\u00f5es seguras e prop\u00edcias \u00e0s seus colaboradores e passageiros, quais medidas tomou para enfrentar a pandemia?<\/p>\n\n\n\n<p><strong><em>Izabel<\/em><\/strong>&nbsp;&#8211; Criamos um comit\u00ea de crise que tem definido diretrizes e orienta\u00e7\u00f5es aos colaboradores, parceiros e usu\u00e1rios para acompanhar as instru\u00e7\u00f5es concedidas pelas autoridades de sa\u00fade e para monitorar a evolu\u00e7\u00e3o da pandemia e seus reflexos. Foi estabelecido um protocolo de atua\u00e7\u00e3o que visa medidas preventivas para manter a sa\u00fade dos nossos colaboradores em primeiro lugar, como adotar o home office, afastar os colaboradores do grupo de risco e os que apresentarem qualquer sintoma da doen\u00e7a, por exemplo, sem deixar de cumprir o compromisso que nossos clientes esperam. Nas opera\u00e7\u00f5es que permanecem ativas, tamb\u00e9m adotamos novos processos de limpeza que teve a frequ\u00eancia aumentada com a utiliza\u00e7\u00e3o de produtos que combatem a prolifera\u00e7\u00e3o do v\u00edrus e que tamb\u00e9m inclui a higieniza\u00e7\u00e3o a cada viagem realizada de itens como corrim\u00f5es, apoios de bra\u00e7o, porta pacotes, ma\u00e7anetas, volante, alavanca de c\u00e2mbio, painel, etc. Disponibilizamos m\u00e1scaras aos motoristas e colaboradores da linha de frente bem como a primeira carga de \u00e1lcool gel nos ve\u00edculos para uso dos motoristas e passageiros que tem sua reposi\u00e7\u00e3o feita pelo cliente. Tamb\u00e9m disponibilizamos EPIs, como m\u00e1scaras, luvas, macac\u00f5es, botas e \u00f3culos para a equipe da limpeza na garagem.<\/p>\n\n\n\n<p><strong><em>AutoBus<\/em><\/strong>&nbsp;&#8211; A pandemia \u00e9 um momento para se repensar nos aspectos operacionais e uma forma de poder instituir novas a\u00e7\u00f5es, medidas e uma governan\u00e7a diferente da praticada atualmente? Como a Piracicabana est\u00e1 vendo isso? S\u00e3o novos desafios?<\/p>\n\n\n\n<p><em><strong>Izabel<\/strong><\/em>&nbsp;&#8211; Com certeza! Estamos vivendo um momento sem precedentes na hist\u00f3ria da humanidade. Qualquer mudan\u00e7a de cen\u00e1rio nos leva a tomar a\u00e7\u00f5es diferentes para mitigar riscos. Acompanhar as mudan\u00e7as na mesma velocidade em que elas acontecem j\u00e1 faz parte da estrat\u00e9gia da empresa. Inovar, adaptar, melhorar, adequar, personalizar, em todos os aspectos que o mercado e os cen\u00e1rios nos exigirem, transformando amea\u00e7as em oportunidades, agregando cada vez mais valor aos nossos servi\u00e7os e sendo percebida pelos stakeholders como tal.<\/p>\n\n\n\n<p><em><strong>AutoBus<\/strong><\/em>&nbsp;&#8211; Descreva um pouco a rela\u00e7\u00e3o entre a Via\u00e7\u00e3o Piracicabana e a Mercedes-Benz ao longo de sua hist\u00f3ria.<\/p>\n\n\n\n<p><em><strong>Izabel<\/strong><\/em>&nbsp;&#8211; A rela\u00e7\u00e3o \u00e9 excelente e de longa data. O grupo ao qual a Via\u00e7\u00e3o Piracicabana faz parte \u00e9 o maior comprador de chassis da marca no Pa\u00eds e um dos maiores do mundo. Tamb\u00e9m prestamos servi\u00e7os de transporte dos funcion\u00e1rios da Mercedes-Benz das unidades fabris de S\u00e3o Bernardo do Campo e Campinas.<\/p>\n\n\n\n<p>Outro exemplo \u00e9 o caso do Grupo Belarmino, da \u00e1rea de transporte coletivo, que est\u00e1 produzindo 17 mil m\u00e1scaras de tecido, lav\u00e1veis para serem utilizadas pelos funcion\u00e1rios, evitando assim que os servi\u00e7os essenciais parem. Segundo informou, h\u00e1 cerca de 50 funcion\u00e1rios, em diversas garagens do Grupo, dentro dos setores de tape\u00e7aria, que ajudam na confec\u00e7\u00e3o das pe\u00e7as. As m\u00e1scaras est\u00e3o sendo distribu\u00eddas aos motoristas (3 unidades) e aos demais funcion\u00e1rios (2 unidades). Todos os funcion\u00e1rios, independentemente do segmento em que trabalham (urbano, fretamento, cargas, metropolitano e intermunicipal) utilizar\u00e3o as m\u00e1scaras.<\/p>\n\n\n\n<figure class=\"wp-block-image\"><img decoding=\"async\" src=\"https:\/\/revistaautobus.com.br\/uploads\/images\/2020\/04\/690-1587470441.jpg\" alt=\"Todos contra o Covid-19\" title=\"Todos contra o Covid-19\"\/><\/figure>\n\n\n\n<p>O Grupo Belarmino j\u00e1 fez diversas a\u00e7\u00f5es para proteger os seus colaboradores e usu\u00e1rios, dentre elas, intensificou a higieniza\u00e7\u00e3o dos ve\u00edculos, distribuiu \u00e1lcool em gel 70% aos funcion\u00e1rios, colocou cartazes informativos em todos os ve\u00edculos da frota, mensagens sobre preven\u00e7\u00e3o em todos os seus meios de comunica\u00e7\u00e3o, palestras aos funcion\u00e1rios, lembretes dentro das garagens. &#8220;\u00c9 importante salientar que, mesmo em meio \u00e0s dificuldades, o nosso Grupo mant\u00e9m a responsabilidade de prestar servi\u00e7os para a popula\u00e7\u00e3o. Queremos agradecer a todos os nossos colaboradores que se empenham e se arriscam para atender as comunidades nas quais atuamos&#8221;, disse Paulo Barddal, diretor de comunica\u00e7\u00e3o do Grupo, que atua mais de 1.800 \u00f4nibus nos setores rodovi\u00e1rio, urbano e fretamento.<\/p>\n\n\n\n<p>A fabricante de motores Cummins, por meio de sua subsidi\u00e1ria Cummins Filtros, e o Grupo DuPont unem for\u00e7as para contribuir com a sa\u00fade e reduzir a escassez de m\u00e1scaras respirat\u00f3rias N95, diante do cen\u00e1rio de pandemia causada pelo Covid-19. Segundo informa, as tecnologias NanoNet\u00ae e NanoForce\u00ae, pertencentes \u00e0 Cummins Filtration, em complemento com a membrana h\u00edbrida da DuPont, s\u00e3o encontradas em filtros de ar, combust\u00edvel e lubrificante e tamb\u00e9m podem ser usadas nas m\u00e1scaras N95 utilizadas pelos profissionais de sa\u00fade, sendo capazes de filtrar as part\u00edculas transportadas pelo ar que podem espalhar o coronav\u00edrus.<\/p>\n\n\n\n<p>Outro destaque \u00e9 que a designa\u00e7\u00e3o N95 significa que o respirador pode impedir que pelo menos 95% das part\u00edculas entrem pelo nariz e boca do usu\u00e1rio. A Cummins ressalta que, quando o seu material NanoNet\u00ae foi testado, usando um m\u00e9todo de teste padr\u00e3o do setor, excedeu aos requisitos de desempenho para a designa\u00e7\u00e3o N95. Desde ent\u00e3o, as suas instala\u00e7\u00f5es forneceram amostras do material para os fabricantes em todo o mundo verificarem sua efic\u00e1cia.<\/p>\n\n\n\n<figure class=\"wp-block-image\"><img decoding=\"async\" src=\"https:\/\/revistaautobus.com.br\/uploads\/images\/2020\/04\/690-1587470465.jpg\" alt=\"Todos contra o Covid-19\" title=\"Todos contra o Covid-19\"\/><\/figure>\n\n\n\n<p>A referida parceira entre as empresas quer solucionar a atual escassez de m\u00e1scaras N95 nos Estados Unidos e em outras partes do mundo, inclusive no Brasil. &#8220;Com muitos dos principais fabricantes de m\u00e1scaras do mundo precisando de materiais cr\u00edticos para montar esses equipamentos de prote\u00e7\u00e3o individual e lutando para atender \u00e0 demanda, a Cummins usar\u00e1 a tecnologia de filtro pr\u00e9-existente em parceria com a DuPont para ajudar com o fornecimento. Estamos trabalhando o mais r\u00e1pido poss\u00edvel com as autoridades de sa\u00fade e outros parceiros para ajudar a certificar os produtos com nossos materiais e preparar nossas instala\u00e7\u00f5es para atender toda a demanda&#8221;, disse Amy Davis, vice-presidente da Cummins Filtros.<\/p>\n\n\n\n<p>Imagens &#8211; Via\u00e7\u00e3o Piracicabana, Grupo Belarmino e Cummins<\/p>\n","protected":false},"excerpt":{"rendered":"<p>O princ\u00edpio b\u00e1sico dos nossos neg\u00f3cios \u00e9 a seguran\u00e7a. Todas as medidas necess\u00e1rias para a preserva\u00e7\u00e3o da vida se sobrep\u00f5em a qualquer discuss\u00e3o de impacto econ\u00f4mico (Izabel Rosalen).<\/p>\n","protected":false},"author":2,"featured_media":2614,"comment_status":"open","ping_status":"open","sticky":false,"template":"","format":"standard","meta":{"_et_pb_use_builder":"off","_et_pb_old_content":"","_et_gb_content_width":"","_jetpack_memberships_contains_paid_content":false,"footnotes":""},"categories":[90],"tags":[],"class_list":["post-2613","post","type-post","status-publish","format-standard","has-post-thumbnail","hentry","category-noticias","et-has-post-format-content","et_post_format-et-post-format-standard"],"yoast_head":"<!-- This site is optimized with the Yoast SEO plugin v27.2 - https:\/\/yoast.com\/product\/yoast-seo-wordpress\/ -->\n<title>Todos contra o Covid-19 - Revista AutoBus<\/title>\n<meta name=\"robots\" content=\"index, follow, max-snippet:-1, max-image-preview:large, max-video-preview:-1\" \/>\n<link rel=\"canonical\" href=\"https:\/\/revistaautobus.com.br\/?p=2613\" \/>\n<meta property=\"og:locale\" content=\"pt_BR\" \/>\n<meta property=\"og:type\" content=\"article\" \/>\n<meta property=\"og:title\" content=\"Todos contra o Covid-19 - Revista AutoBus\" \/>\n<meta property=\"og:description\" content=\"O princ\u00edpio b\u00e1sico dos nossos neg\u00f3cios \u00e9 a seguran\u00e7a. Todas as medidas necess\u00e1rias para a preserva\u00e7\u00e3o da vida se sobrep\u00f5em a qualquer discuss\u00e3o de impacto econ\u00f4mico (Izabel Rosalen).\" \/>\n<meta property=\"og:url\" content=\"https:\/\/revistaautobus.com.br\/?p=2613\" \/>\n<meta property=\"og:site_name\" content=\"Revista AutoBus\" \/>\n<meta property=\"article:publisher\" content=\"https:\/\/www.facebook.com\/antonio.ferro.3150\" \/>\n<meta property=\"article:published_time\" content=\"2020-04-21T11:56:00+00:00\" \/>\n<meta property=\"article:modified_time\" content=\"2021-06-25T16:09:04+00:00\" \/>\n<meta property=\"og:image\" content=\"https:\/\/revistaautobus.com.br\/wp-content\/uploads\/2021\/06\/todos-contra-o-covid-19-1587470512.jpg\" \/>\n\t<meta property=\"og:image:width\" content=\"1200\" \/>\n\t<meta property=\"og:image:height\" content=\"628\" \/>\n\t<meta property=\"og:image:type\" content=\"image\/jpeg\" \/>\n<meta name=\"author\" content=\"Antonio Ferro\" \/>\n<meta name=\"twitter:card\" content=\"summary_large_image\" \/>\n<meta name=\"twitter:label1\" content=\"Escrito por\" \/>\n\t<meta name=\"twitter:data1\" content=\"Antonio Ferro\" \/>\n\t<meta name=\"twitter:label2\" content=\"Est. tempo de leitura\" \/>\n\t<meta name=\"twitter:data2\" content=\"8 minutos\" \/>\n<script type=\"application\/ld+json\" class=\"yoast-schema-graph\">{\"@context\":\"https:\/\/schema.org\",\"@graph\":[{\"@type\":\"Article\",\"@id\":\"https:\/\/revistaautobus.com.br\/?p=2613#article\",\"isPartOf\":{\"@id\":\"https:\/\/revistaautobus.com.br\/?p=2613\"},\"author\":{\"name\":\"Antonio Ferro\",\"@id\":\"https:\/\/revistaautobus.com.br\/#\/schema\/person\/54af7c3eb83a310e42ef686ef6d16f50\"},\"headline\":\"Todos contra o Covid-19\",\"datePublished\":\"2020-04-21T11:56:00+00:00\",\"dateModified\":\"2021-06-25T16:09:04+00:00\",\"mainEntityOfPage\":{\"@id\":\"https:\/\/revistaautobus.com.br\/?p=2613\"},\"wordCount\":1532,\"commentCount\":0,\"publisher\":{\"@id\":\"https:\/\/revistaautobus.com.br\/#organization\"},\"image\":{\"@id\":\"https:\/\/revistaautobus.com.br\/?p=2613#primaryimage\"},\"thumbnailUrl\":\"https:\/\/revistaautobus.com.br\/wp-content\/uploads\/2021\/06\/todos-contra-o-covid-19-1587470512.jpg\",\"articleSection\":[\"Not\u00edcias\"],\"inLanguage\":\"pt-BR\",\"potentialAction\":[{\"@type\":\"CommentAction\",\"name\":\"Comment\",\"target\":[\"https:\/\/revistaautobus.com.br\/?p=2613#respond\"]}]},{\"@type\":\"WebPage\",\"@id\":\"https:\/\/revistaautobus.com.br\/?p=2613\",\"url\":\"https:\/\/revistaautobus.com.br\/?p=2613\",\"name\":\"Todos contra o Covid-19 - Revista AutoBus\",\"isPartOf\":{\"@id\":\"https:\/\/revistaautobus.com.br\/#website\"},\"primaryImageOfPage\":{\"@id\":\"https:\/\/revistaautobus.com.br\/?p=2613#primaryimage\"},\"image\":{\"@id\":\"https:\/\/revistaautobus.com.br\/?p=2613#primaryimage\"},\"thumbnailUrl\":\"https:\/\/revistaautobus.com.br\/wp-content\/uploads\/2021\/06\/todos-contra-o-covid-19-1587470512.jpg\",\"datePublished\":\"2020-04-21T11:56:00+00:00\",\"dateModified\":\"2021-06-25T16:09:04+00:00\",\"breadcrumb\":{\"@id\":\"https:\/\/revistaautobus.com.br\/?p=2613#breadcrumb\"},\"inLanguage\":\"pt-BR\",\"potentialAction\":[{\"@type\":\"ReadAction\",\"target\":[\"https:\/\/revistaautobus.com.br\/?p=2613\"]}]},{\"@type\":\"ImageObject\",\"inLanguage\":\"pt-BR\",\"@id\":\"https:\/\/revistaautobus.com.br\/?p=2613#primaryimage\",\"url\":\"https:\/\/revistaautobus.com.br\/wp-content\/uploads\/2021\/06\/todos-contra-o-covid-19-1587470512.jpg\",\"contentUrl\":\"https:\/\/revistaautobus.com.br\/wp-content\/uploads\/2021\/06\/todos-contra-o-covid-19-1587470512.jpg\",\"width\":1200,\"height\":628},{\"@type\":\"BreadcrumbList\",\"@id\":\"https:\/\/revistaautobus.com.br\/?p=2613#breadcrumb\",\"itemListElement\":[{\"@type\":\"ListItem\",\"position\":1,\"name\":\"In\u00edcio\",\"item\":\"https:\/\/revistaautobus.com.br\/\"},{\"@type\":\"ListItem\",\"position\":2,\"name\":\"Todos contra o Covid-19\"}]},{\"@type\":\"WebSite\",\"@id\":\"https:\/\/revistaautobus.com.br\/#website\",\"url\":\"https:\/\/revistaautobus.com.br\/\",\"name\":\"Revista AutoBus\",\"description\":\"\",\"publisher\":{\"@id\":\"https:\/\/revistaautobus.com.br\/#organization\"},\"potentialAction\":[{\"@type\":\"SearchAction\",\"target\":{\"@type\":\"EntryPoint\",\"urlTemplate\":\"https:\/\/revistaautobus.com.br\/?s={search_term_string}\"},\"query-input\":{\"@type\":\"PropertyValueSpecification\",\"valueRequired\":true,\"valueName\":\"search_term_string\"}}],\"inLanguage\":\"pt-BR\"},{\"@type\":\"Organization\",\"@id\":\"https:\/\/revistaautobus.com.br\/#organization\",\"name\":\"Revista AutoBus\",\"url\":\"https:\/\/revistaautobus.com.br\/\",\"logo\":{\"@type\":\"ImageObject\",\"inLanguage\":\"pt-BR\",\"@id\":\"https:\/\/revistaautobus.com.br\/#\/schema\/logo\/image\/\",\"url\":\"https:\/\/revistaautobus.com.br\/wp-content\/uploads\/2024\/11\/logo_revista_autobus_fb.png\",\"contentUrl\":\"https:\/\/revistaautobus.com.br\/wp-content\/uploads\/2024\/11\/logo_revista_autobus_fb.png\",\"width\":836,\"height\":227,\"caption\":\"Revista AutoBus\"},\"image\":{\"@id\":\"https:\/\/revistaautobus.com.br\/#\/schema\/logo\/image\/\"},\"sameAs\":[\"https:\/\/www.facebook.com\/antonio.ferro.3150\",\"https:\/\/www.instagram.com\/revistaautobus\/\"]},{\"@type\":\"Person\",\"@id\":\"https:\/\/revistaautobus.com.br\/#\/schema\/person\/54af7c3eb83a310e42ef686ef6d16f50\",\"name\":\"Antonio Ferro\",\"image\":{\"@type\":\"ImageObject\",\"inLanguage\":\"pt-BR\",\"@id\":\"https:\/\/revistaautobus.com.br\/wp-content\/uploads\/2025\/12\/editor_antonio_ferro-150x150.jpg\",\"url\":\"https:\/\/revistaautobus.com.br\/wp-content\/uploads\/2025\/12\/editor_antonio_ferro-150x150.jpg\",\"contentUrl\":\"https:\/\/revistaautobus.com.br\/wp-content\/uploads\/2025\/12\/editor_antonio_ferro-150x150.jpg\",\"caption\":\"Antonio Ferro\"},\"description\":\"infobus@uol.com.br\",\"url\":\"https:\/\/revistaautobus.com.br\/?author=2\"}]}<\/script>\n<!-- \/ Yoast SEO plugin. -->","yoast_head_json":{"title":"Todos contra o Covid-19 - Revista AutoBus","robots":{"index":"index","follow":"follow","max-snippet":"max-snippet:-1","max-image-preview":"max-image-preview:large","max-video-preview":"max-video-preview:-1"},"canonical":"https:\/\/revistaautobus.com.br\/?p=2613","og_locale":"pt_BR","og_type":"article","og_title":"Todos contra o Covid-19 - Revista AutoBus","og_description":"O princ\u00edpio b\u00e1sico dos nossos neg\u00f3cios \u00e9 a seguran\u00e7a. Todas as medidas necess\u00e1rias para a preserva\u00e7\u00e3o da vida se sobrep\u00f5em a qualquer discuss\u00e3o de impacto econ\u00f4mico (Izabel Rosalen).","og_url":"https:\/\/revistaautobus.com.br\/?p=2613","og_site_name":"Revista AutoBus","article_publisher":"https:\/\/www.facebook.com\/antonio.ferro.3150","article_published_time":"2020-04-21T11:56:00+00:00","article_modified_time":"2021-06-25T16:09:04+00:00","og_image":[{"width":1200,"height":628,"url":"https:\/\/revistaautobus.com.br\/wp-content\/uploads\/2021\/06\/todos-contra-o-covid-19-1587470512.jpg","type":"image\/jpeg"}],"author":"Antonio Ferro","twitter_card":"summary_large_image","twitter_misc":{"Escrito por":"Antonio Ferro","Est. tempo de leitura":"8 minutos"},"schema":{"@context":"https:\/\/schema.org","@graph":[{"@type":"Article","@id":"https:\/\/revistaautobus.com.br\/?p=2613#article","isPartOf":{"@id":"https:\/\/revistaautobus.com.br\/?p=2613"},"author":{"name":"Antonio Ferro","@id":"https:\/\/revistaautobus.com.br\/#\/schema\/person\/54af7c3eb83a310e42ef686ef6d16f50"},"headline":"Todos contra o Covid-19","datePublished":"2020-04-21T11:56:00+00:00","dateModified":"2021-06-25T16:09:04+00:00","mainEntityOfPage":{"@id":"https:\/\/revistaautobus.com.br\/?p=2613"},"wordCount":1532,"commentCount":0,"publisher":{"@id":"https:\/\/revistaautobus.com.br\/#organization"},"image":{"@id":"https:\/\/revistaautobus.com.br\/?p=2613#primaryimage"},"thumbnailUrl":"https:\/\/revistaautobus.com.br\/wp-content\/uploads\/2021\/06\/todos-contra-o-covid-19-1587470512.jpg","articleSection":["Not\u00edcias"],"inLanguage":"pt-BR","potentialAction":[{"@type":"CommentAction","name":"Comment","target":["https:\/\/revistaautobus.com.br\/?p=2613#respond"]}]},{"@type":"WebPage","@id":"https:\/\/revistaautobus.com.br\/?p=2613","url":"https:\/\/revistaautobus.com.br\/?p=2613","name":"Todos contra o Covid-19 - Revista AutoBus","isPartOf":{"@id":"https:\/\/revistaautobus.com.br\/#website"},"primaryImageOfPage":{"@id":"https:\/\/revistaautobus.com.br\/?p=2613#primaryimage"},"image":{"@id":"https:\/\/revistaautobus.com.br\/?p=2613#primaryimage"},"thumbnailUrl":"https:\/\/revistaautobus.com.br\/wp-content\/uploads\/2021\/06\/todos-contra-o-covid-19-1587470512.jpg","datePublished":"2020-04-21T11:56:00+00:00","dateModified":"2021-06-25T16:09:04+00:00","breadcrumb":{"@id":"https:\/\/revistaautobus.com.br\/?p=2613#breadcrumb"},"inLanguage":"pt-BR","potentialAction":[{"@type":"ReadAction","target":["https:\/\/revistaautobus.com.br\/?p=2613"]}]},{"@type":"ImageObject","inLanguage":"pt-BR","@id":"https:\/\/revistaautobus.com.br\/?p=2613#primaryimage","url":"https:\/\/revistaautobus.com.br\/wp-content\/uploads\/2021\/06\/todos-contra-o-covid-19-1587470512.jpg","contentUrl":"https:\/\/revistaautobus.com.br\/wp-content\/uploads\/2021\/06\/todos-contra-o-covid-19-1587470512.jpg","width":1200,"height":628},{"@type":"BreadcrumbList","@id":"https:\/\/revistaautobus.com.br\/?p=2613#breadcrumb","itemListElement":[{"@type":"ListItem","position":1,"name":"In\u00edcio","item":"https:\/\/revistaautobus.com.br\/"},{"@type":"ListItem","position":2,"name":"Todos contra o Covid-19"}]},{"@type":"WebSite","@id":"https:\/\/revistaautobus.com.br\/#website","url":"https:\/\/revistaautobus.com.br\/","name":"Revista AutoBus","description":"","publisher":{"@id":"https:\/\/revistaautobus.com.br\/#organization"},"potentialAction":[{"@type":"SearchAction","target":{"@type":"EntryPoint","urlTemplate":"https:\/\/revistaautobus.com.br\/?s={search_term_string}"},"query-input":{"@type":"PropertyValueSpecification","valueRequired":true,"valueName":"search_term_string"}}],"inLanguage":"pt-BR"},{"@type":"Organization","@id":"https:\/\/revistaautobus.com.br\/#organization","name":"Revista AutoBus","url":"https:\/\/revistaautobus.com.br\/","logo":{"@type":"ImageObject","inLanguage":"pt-BR","@id":"https:\/\/revistaautobus.com.br\/#\/schema\/logo\/image\/","url":"https:\/\/revistaautobus.com.br\/wp-content\/uploads\/2024\/11\/logo_revista_autobus_fb.png","contentUrl":"https:\/\/revistaautobus.com.br\/wp-content\/uploads\/2024\/11\/logo_revista_autobus_fb.png","width":836,"height":227,"caption":"Revista AutoBus"},"image":{"@id":"https:\/\/revistaautobus.com.br\/#\/schema\/logo\/image\/"},"sameAs":["https:\/\/www.facebook.com\/antonio.ferro.3150","https:\/\/www.instagram.com\/revistaautobus\/"]},{"@type":"Person","@id":"https:\/\/revistaautobus.com.br\/#\/schema\/person\/54af7c3eb83a310e42ef686ef6d16f50","name":"Antonio Ferro","image":{"@type":"ImageObject","inLanguage":"pt-BR","@id":"https:\/\/revistaautobus.com.br\/wp-content\/uploads\/2025\/12\/editor_antonio_ferro-150x150.jpg","url":"https:\/\/revistaautobus.com.br\/wp-content\/uploads\/2025\/12\/editor_antonio_ferro-150x150.jpg","contentUrl":"https:\/\/revistaautobus.com.br\/wp-content\/uploads\/2025\/12\/editor_antonio_ferro-150x150.jpg","caption":"Antonio Ferro"},"description":"infobus@uol.com.br","url":"https:\/\/revistaautobus.com.br\/?author=2"}]}},"jetpack_featured_media_url":"https:\/\/revistaautobus.com.br\/wp-content\/uploads\/2021\/06\/todos-contra-o-covid-19-1587470512.jpg","jetpack_sharing_enabled":true,"_links":{"self":[{"href":"https:\/\/revistaautobus.com.br\/index.php?rest_route=\/wp\/v2\/posts\/2613","targetHints":{"allow":["GET"]}}],"collection":[{"href":"https:\/\/revistaautobus.com.br\/index.php?rest_route=\/wp\/v2\/posts"}],"about":[{"href":"https:\/\/revistaautobus.com.br\/index.php?rest_route=\/wp\/v2\/types\/post"}],"author":[{"embeddable":true,"href":"https:\/\/revistaautobus.com.br\/index.php?rest_route=\/wp\/v2\/users\/2"}],"replies":[{"embeddable":true,"href":"https:\/\/revistaautobus.com.br\/index.php?rest_route=%2Fwp%2Fv2%2Fcomments&post=2613"}],"version-history":[{"count":1,"href":"https:\/\/revistaautobus.com.br\/index.php?rest_route=\/wp\/v2\/posts\/2613\/revisions"}],"predecessor-version":[{"id":2615,"href":"https:\/\/revistaautobus.com.br\/index.php?rest_route=\/wp\/v2\/posts\/2613\/revisions\/2615"}],"wp:featuredmedia":[{"embeddable":true,"href":"https:\/\/revistaautobus.com.br\/index.php?rest_route=\/wp\/v2\/media\/2614"}],"wp:attachment":[{"href":"https:\/\/revistaautobus.com.br\/index.php?rest_route=%2Fwp%2Fv2%2Fmedia&parent=2613"}],"wp:term":[{"taxonomy":"category","embeddable":true,"href":"https:\/\/revistaautobus.com.br\/index.php?rest_route=%2Fwp%2Fv2%2Fcategories&post=2613"},{"taxonomy":"post_tag","embeddable":true,"href":"https:\/\/revistaautobus.com.br\/index.php?rest_route=%2Fwp%2Fv2%2Ftags&post=2613"}],"curies":[{"name":"wp","href":"https:\/\/api.w.org\/{rel}","templated":true}]}}