{"id":2628,"date":"2020-04-27T12:16:00","date_gmt":"2020-04-27T15:16:00","guid":{"rendered":"https:\/\/vila8.com.br\/clientes\/autobus\/?p=2628"},"modified":"2021-06-25T13:12:55","modified_gmt":"2021-06-25T16:12:55","slug":"medidas-para-um-transporte-livre-de-covid-19","status":"publish","type":"post","link":"https:\/\/revistaautobus.com.br\/?p=2628","title":{"rendered":"Medidas para um transporte livre de Covid-19"},"content":{"rendered":"\n<p>Neste momento t\u00e3o delicado nas vidas das pessoas e corpora\u00e7\u00f5es, encontrar meios para ficar distante da pandemia do novo coronav\u00edrus em servi\u00e7os regulares \u00e9 um grande desafio para as empresas. A encarro\u00e7adora ga\u00facha Marcopolo teve a iniciativa, por meio de sua divis\u00e3o Marcopolo Next, focada em inova\u00e7\u00e3o, para encontrar startups e tecnologias especializadas em biosseguran\u00e7a para tornar o transporte coletivo mais seguro a contamina\u00e7\u00f5es virais. A fabricante de carro\u00e7arias se posiciona ao lado de seus clientes no sentido de buscar formas para que as opera\u00e7\u00f5es de transporte n\u00e3o sejam paralisadas, al\u00e9m de proteger a sociedade da pandemia de Covid-19 e de outros agentes biol\u00f3gicos nocivos \u00e0 sa\u00fade e a seguran\u00e7a dos passageiros e motoristas.<\/p>\n\n\n\n<p>A fabricante informou que a sele\u00e7\u00e3o dos projetos \u00e9 conduzida por um grupo t\u00e9cnico multidisciplinar de infectologistas, engenheiros e especialistas, seguindo crit\u00e9rios como adequa\u00e7\u00e3o a aplica\u00e7\u00e3o em \u00f4nibus e o n\u00edvel de maturidade da solu\u00e7\u00e3o. Mais de 20 solu\u00e7\u00f5es apresentadas foram escolhidas e, entre essas, algumas j\u00e1 est\u00e3o em processo de aprova\u00e7\u00e3o de conceito junto a operadores e clientes. As propostas seguem uma linha estrat\u00e9gica voltada \u00e0s condi\u00e7\u00f5es envolvidas para evitar o cont\u00e1gio, como a higieniza\u00e7\u00e3o, com suas solu\u00e7\u00f5es de biosseguran\u00e7a, higieniza\u00e7\u00e3o e esteriliza\u00e7\u00e3o que tornam o interior do \u00f4nibus, assim como o bagageiro, menos propensos \u00e0 dissemina\u00e7\u00e3o dos v\u00edrus durante as viagens; os sistemas de isolamento e triagem, tendo como objetivo a promo\u00e7\u00e3o de viagens mais seguras e confort\u00e1veis, portando sistemas que permitem restringir contato entre passageiros e tamb\u00e9m com os motoristas. Enquadram-se nesse tema solu\u00e7\u00f5es que identifiquem passageiros com sintomas, medi\u00e7\u00e3o de temperatura; o uso da nanotecnologia e de materiais para facilitar a higiene e esteriliza\u00e7\u00e3o do ambiente interno do \u00f4nibus; e a aplica\u00e7\u00e3o de sistemas de informa\u00e7\u00f5es\/comunica\u00e7\u00e3o para orientar os passageiros, motoristas, mec\u00e2nicos, zeladores, etc. sobre as boas pr\u00e1ticas na higieniza\u00e7\u00e3o do ve\u00edculo, bagagens e demais produtos ofertados na viagem.<\/p>\n\n\n\n<p>Com mais este exemplo, podemos notar o engajamento das empresas quanto a aplicabilidade de solu\u00e7\u00f5es de combate ao mal do novo coronav\u00edrus e tamb\u00e9m no quesito econ\u00f4mico, permitindo que em meio a tempestade possa haver alguma rentabilidade dos operadores envolvidos com o transporte.<\/p>\n\n\n\n<p>Imagem &#8211; J\u00falio Soares<\/p>\n","protected":false},"excerpt":{"rendered":"<p>A Marcopolo se posiciona ao lado de seus clientes no sentido de buscar formas para que as opera\u00e7\u00f5es de transporte n\u00e3o sejam paralisadas, al\u00e9m de proteger a sociedade da pandemia de Covid-19<\/p>\n","protected":false},"author":2,"featured_media":2629,"comment_status":"open","ping_status":"open","sticky":false,"template":"","format":"standard","meta":{"_et_pb_use_builder":"off","_et_pb_old_content":"","_et_gb_content_width":"","_jetpack_memberships_contains_paid_content":false,"footnotes":""},"categories":[90],"tags":[],"class_list":["post-2628","post","type-post","status-publish","format-standard","has-post-thumbnail","hentry","category-noticias","et-has-post-format-content","et_post_format-et-post-format-standard"],"yoast_head":"<!-- This site is optimized with the Yoast SEO plugin v27.2 - https:\/\/yoast.com\/product\/yoast-seo-wordpress\/ -->\n<title>Medidas para um transporte livre de Covid-19 - Revista AutoBus<\/title>\n<meta name=\"robots\" content=\"index, follow, max-snippet:-1, max-image-preview:large, max-video-preview:-1\" \/>\n<link rel=\"canonical\" href=\"https:\/\/revistaautobus.com.br\/?p=2628\" \/>\n<meta property=\"og:locale\" content=\"pt_BR\" \/>\n<meta property=\"og:type\" content=\"article\" \/>\n<meta property=\"og:title\" content=\"Medidas para um transporte livre de Covid-19 - Revista AutoBus\" \/>\n<meta property=\"og:description\" content=\"A Marcopolo se posiciona ao lado de seus clientes no sentido de buscar formas para que as opera\u00e7\u00f5es de transporte n\u00e3o sejam paralisadas, al\u00e9m de proteger a sociedade da pandemia de Covid-19\" \/>\n<meta property=\"og:url\" content=\"https:\/\/revistaautobus.com.br\/?p=2628\" \/>\n<meta property=\"og:site_name\" content=\"Revista AutoBus\" \/>\n<meta property=\"article:publisher\" content=\"https:\/\/www.facebook.com\/antonio.ferro.3150\" \/>\n<meta property=\"article:published_time\" content=\"2020-04-27T15:16:00+00:00\" \/>\n<meta property=\"article:modified_time\" content=\"2021-06-25T16:12:55+00:00\" \/>\n<meta property=\"og:image\" content=\"https:\/\/revistaautobus.com.br\/wp-content\/uploads\/2021\/06\/medidas-para-um-transporte-livre-de-covid-19-1588000668.jpg\" \/>\n\t<meta property=\"og:image:width\" content=\"1200\" \/>\n\t<meta property=\"og:image:height\" content=\"628\" \/>\n\t<meta property=\"og:image:type\" content=\"image\/jpeg\" \/>\n<meta name=\"author\" content=\"Antonio Ferro\" \/>\n<meta name=\"twitter:card\" content=\"summary_large_image\" \/>\n<meta name=\"twitter:label1\" content=\"Escrito por\" \/>\n\t<meta name=\"twitter:data1\" content=\"Antonio Ferro\" \/>\n\t<meta name=\"twitter:label2\" content=\"Est. tempo de leitura\" \/>\n\t<meta name=\"twitter:data2\" content=\"2 minutos\" \/>\n<script type=\"application\/ld+json\" class=\"yoast-schema-graph\">{\"@context\":\"https:\/\/schema.org\",\"@graph\":[{\"@type\":\"Article\",\"@id\":\"https:\/\/revistaautobus.com.br\/?p=2628#article\",\"isPartOf\":{\"@id\":\"https:\/\/revistaautobus.com.br\/?p=2628\"},\"author\":{\"name\":\"Antonio Ferro\",\"@id\":\"https:\/\/revistaautobus.com.br\/#\/schema\/person\/54af7c3eb83a310e42ef686ef6d16f50\"},\"headline\":\"Medidas para um transporte livre de Covid-19\",\"datePublished\":\"2020-04-27T15:16:00+00:00\",\"dateModified\":\"2021-06-25T16:12:55+00:00\",\"mainEntityOfPage\":{\"@id\":\"https:\/\/revistaautobus.com.br\/?p=2628\"},\"wordCount\":412,\"commentCount\":0,\"publisher\":{\"@id\":\"https:\/\/revistaautobus.com.br\/#organization\"},\"image\":{\"@id\":\"https:\/\/revistaautobus.com.br\/?p=2628#primaryimage\"},\"thumbnailUrl\":\"https:\/\/revistaautobus.com.br\/wp-content\/uploads\/2021\/06\/medidas-para-um-transporte-livre-de-covid-19-1588000668.jpg\",\"articleSection\":[\"Not\u00edcias\"],\"inLanguage\":\"pt-BR\",\"potentialAction\":[{\"@type\":\"CommentAction\",\"name\":\"Comment\",\"target\":[\"https:\/\/revistaautobus.com.br\/?p=2628#respond\"]}]},{\"@type\":\"WebPage\",\"@id\":\"https:\/\/revistaautobus.com.br\/?p=2628\",\"url\":\"https:\/\/revistaautobus.com.br\/?p=2628\",\"name\":\"Medidas para um transporte livre de Covid-19 - Revista AutoBus\",\"isPartOf\":{\"@id\":\"https:\/\/revistaautobus.com.br\/#website\"},\"primaryImageOfPage\":{\"@id\":\"https:\/\/revistaautobus.com.br\/?p=2628#primaryimage\"},\"image\":{\"@id\":\"https:\/\/revistaautobus.com.br\/?p=2628#primaryimage\"},\"thumbnailUrl\":\"https:\/\/revistaautobus.com.br\/wp-content\/uploads\/2021\/06\/medidas-para-um-transporte-livre-de-covid-19-1588000668.jpg\",\"datePublished\":\"2020-04-27T15:16:00+00:00\",\"dateModified\":\"2021-06-25T16:12:55+00:00\",\"breadcrumb\":{\"@id\":\"https:\/\/revistaautobus.com.br\/?p=2628#breadcrumb\"},\"inLanguage\":\"pt-BR\",\"potentialAction\":[{\"@type\":\"ReadAction\",\"target\":[\"https:\/\/revistaautobus.com.br\/?p=2628\"]}]},{\"@type\":\"ImageObject\",\"inLanguage\":\"pt-BR\",\"@id\":\"https:\/\/revistaautobus.com.br\/?p=2628#primaryimage\",\"url\":\"https:\/\/revistaautobus.com.br\/wp-content\/uploads\/2021\/06\/medidas-para-um-transporte-livre-de-covid-19-1588000668.jpg\",\"contentUrl\":\"https:\/\/revistaautobus.com.br\/wp-content\/uploads\/2021\/06\/medidas-para-um-transporte-livre-de-covid-19-1588000668.jpg\",\"width\":1200,\"height\":628},{\"@type\":\"BreadcrumbList\",\"@id\":\"https:\/\/revistaautobus.com.br\/?p=2628#breadcrumb\",\"itemListElement\":[{\"@type\":\"ListItem\",\"position\":1,\"name\":\"In\u00edcio\",\"item\":\"https:\/\/revistaautobus.com.br\/\"},{\"@type\":\"ListItem\",\"position\":2,\"name\":\"Medidas para um transporte livre de Covid-19\"}]},{\"@type\":\"WebSite\",\"@id\":\"https:\/\/revistaautobus.com.br\/#website\",\"url\":\"https:\/\/revistaautobus.com.br\/\",\"name\":\"Revista AutoBus\",\"description\":\"\",\"publisher\":{\"@id\":\"https:\/\/revistaautobus.com.br\/#organization\"},\"potentialAction\":[{\"@type\":\"SearchAction\",\"target\":{\"@type\":\"EntryPoint\",\"urlTemplate\":\"https:\/\/revistaautobus.com.br\/?s={search_term_string}\"},\"query-input\":{\"@type\":\"PropertyValueSpecification\",\"valueRequired\":true,\"valueName\":\"search_term_string\"}}],\"inLanguage\":\"pt-BR\"},{\"@type\":\"Organization\",\"@id\":\"https:\/\/revistaautobus.com.br\/#organization\",\"name\":\"Revista AutoBus\",\"url\":\"https:\/\/revistaautobus.com.br\/\",\"logo\":{\"@type\":\"ImageObject\",\"inLanguage\":\"pt-BR\",\"@id\":\"https:\/\/revistaautobus.com.br\/#\/schema\/logo\/image\/\",\"url\":\"https:\/\/revistaautobus.com.br\/wp-content\/uploads\/2024\/11\/logo_revista_autobus_fb.png\",\"contentUrl\":\"https:\/\/revistaautobus.com.br\/wp-content\/uploads\/2024\/11\/logo_revista_autobus_fb.png\",\"width\":836,\"height\":227,\"caption\":\"Revista AutoBus\"},\"image\":{\"@id\":\"https:\/\/revistaautobus.com.br\/#\/schema\/logo\/image\/\"},\"sameAs\":[\"https:\/\/www.facebook.com\/antonio.ferro.3150\",\"https:\/\/www.instagram.com\/revistaautobus\/\"]},{\"@type\":\"Person\",\"@id\":\"https:\/\/revistaautobus.com.br\/#\/schema\/person\/54af7c3eb83a310e42ef686ef6d16f50\",\"name\":\"Antonio Ferro\",\"image\":{\"@type\":\"ImageObject\",\"inLanguage\":\"pt-BR\",\"@id\":\"https:\/\/revistaautobus.com.br\/wp-content\/uploads\/2025\/12\/editor_antonio_ferro-150x150.jpg\",\"url\":\"https:\/\/revistaautobus.com.br\/wp-content\/uploads\/2025\/12\/editor_antonio_ferro-150x150.jpg\",\"contentUrl\":\"https:\/\/revistaautobus.com.br\/wp-content\/uploads\/2025\/12\/editor_antonio_ferro-150x150.jpg\",\"caption\":\"Antonio Ferro\"},\"description\":\"infobus@uol.com.br\",\"url\":\"https:\/\/revistaautobus.com.br\/?author=2\"}]}<\/script>\n<!-- \/ Yoast SEO plugin. -->","yoast_head_json":{"title":"Medidas para um transporte livre de Covid-19 - Revista AutoBus","robots":{"index":"index","follow":"follow","max-snippet":"max-snippet:-1","max-image-preview":"max-image-preview:large","max-video-preview":"max-video-preview:-1"},"canonical":"https:\/\/revistaautobus.com.br\/?p=2628","og_locale":"pt_BR","og_type":"article","og_title":"Medidas para um transporte livre de Covid-19 - Revista AutoBus","og_description":"A Marcopolo se posiciona ao lado de seus clientes no sentido de buscar formas para que as opera\u00e7\u00f5es de transporte n\u00e3o sejam paralisadas, al\u00e9m de proteger a sociedade da pandemia de Covid-19","og_url":"https:\/\/revistaautobus.com.br\/?p=2628","og_site_name":"Revista AutoBus","article_publisher":"https:\/\/www.facebook.com\/antonio.ferro.3150","article_published_time":"2020-04-27T15:16:00+00:00","article_modified_time":"2021-06-25T16:12:55+00:00","og_image":[{"width":1200,"height":628,"url":"https:\/\/revistaautobus.com.br\/wp-content\/uploads\/2021\/06\/medidas-para-um-transporte-livre-de-covid-19-1588000668.jpg","type":"image\/jpeg"}],"author":"Antonio Ferro","twitter_card":"summary_large_image","twitter_misc":{"Escrito por":"Antonio Ferro","Est. tempo de leitura":"2 minutos"},"schema":{"@context":"https:\/\/schema.org","@graph":[{"@type":"Article","@id":"https:\/\/revistaautobus.com.br\/?p=2628#article","isPartOf":{"@id":"https:\/\/revistaautobus.com.br\/?p=2628"},"author":{"name":"Antonio Ferro","@id":"https:\/\/revistaautobus.com.br\/#\/schema\/person\/54af7c3eb83a310e42ef686ef6d16f50"},"headline":"Medidas para um transporte livre de Covid-19","datePublished":"2020-04-27T15:16:00+00:00","dateModified":"2021-06-25T16:12:55+00:00","mainEntityOfPage":{"@id":"https:\/\/revistaautobus.com.br\/?p=2628"},"wordCount":412,"commentCount":0,"publisher":{"@id":"https:\/\/revistaautobus.com.br\/#organization"},"image":{"@id":"https:\/\/revistaautobus.com.br\/?p=2628#primaryimage"},"thumbnailUrl":"https:\/\/revistaautobus.com.br\/wp-content\/uploads\/2021\/06\/medidas-para-um-transporte-livre-de-covid-19-1588000668.jpg","articleSection":["Not\u00edcias"],"inLanguage":"pt-BR","potentialAction":[{"@type":"CommentAction","name":"Comment","target":["https:\/\/revistaautobus.com.br\/?p=2628#respond"]}]},{"@type":"WebPage","@id":"https:\/\/revistaautobus.com.br\/?p=2628","url":"https:\/\/revistaautobus.com.br\/?p=2628","name":"Medidas para um transporte livre de Covid-19 - Revista AutoBus","isPartOf":{"@id":"https:\/\/revistaautobus.com.br\/#website"},"primaryImageOfPage":{"@id":"https:\/\/revistaautobus.com.br\/?p=2628#primaryimage"},"image":{"@id":"https:\/\/revistaautobus.com.br\/?p=2628#primaryimage"},"thumbnailUrl":"https:\/\/revistaautobus.com.br\/wp-content\/uploads\/2021\/06\/medidas-para-um-transporte-livre-de-covid-19-1588000668.jpg","datePublished":"2020-04-27T15:16:00+00:00","dateModified":"2021-06-25T16:12:55+00:00","breadcrumb":{"@id":"https:\/\/revistaautobus.com.br\/?p=2628#breadcrumb"},"inLanguage":"pt-BR","potentialAction":[{"@type":"ReadAction","target":["https:\/\/revistaautobus.com.br\/?p=2628"]}]},{"@type":"ImageObject","inLanguage":"pt-BR","@id":"https:\/\/revistaautobus.com.br\/?p=2628#primaryimage","url":"https:\/\/revistaautobus.com.br\/wp-content\/uploads\/2021\/06\/medidas-para-um-transporte-livre-de-covid-19-1588000668.jpg","contentUrl":"https:\/\/revistaautobus.com.br\/wp-content\/uploads\/2021\/06\/medidas-para-um-transporte-livre-de-covid-19-1588000668.jpg","width":1200,"height":628},{"@type":"BreadcrumbList","@id":"https:\/\/revistaautobus.com.br\/?p=2628#breadcrumb","itemListElement":[{"@type":"ListItem","position":1,"name":"In\u00edcio","item":"https:\/\/revistaautobus.com.br\/"},{"@type":"ListItem","position":2,"name":"Medidas para um transporte livre de Covid-19"}]},{"@type":"WebSite","@id":"https:\/\/revistaautobus.com.br\/#website","url":"https:\/\/revistaautobus.com.br\/","name":"Revista AutoBus","description":"","publisher":{"@id":"https:\/\/revistaautobus.com.br\/#organization"},"potentialAction":[{"@type":"SearchAction","target":{"@type":"EntryPoint","urlTemplate":"https:\/\/revistaautobus.com.br\/?s={search_term_string}"},"query-input":{"@type":"PropertyValueSpecification","valueRequired":true,"valueName":"search_term_string"}}],"inLanguage":"pt-BR"},{"@type":"Organization","@id":"https:\/\/revistaautobus.com.br\/#organization","name":"Revista AutoBus","url":"https:\/\/revistaautobus.com.br\/","logo":{"@type":"ImageObject","inLanguage":"pt-BR","@id":"https:\/\/revistaautobus.com.br\/#\/schema\/logo\/image\/","url":"https:\/\/revistaautobus.com.br\/wp-content\/uploads\/2024\/11\/logo_revista_autobus_fb.png","contentUrl":"https:\/\/revistaautobus.com.br\/wp-content\/uploads\/2024\/11\/logo_revista_autobus_fb.png","width":836,"height":227,"caption":"Revista AutoBus"},"image":{"@id":"https:\/\/revistaautobus.com.br\/#\/schema\/logo\/image\/"},"sameAs":["https:\/\/www.facebook.com\/antonio.ferro.3150","https:\/\/www.instagram.com\/revistaautobus\/"]},{"@type":"Person","@id":"https:\/\/revistaautobus.com.br\/#\/schema\/person\/54af7c3eb83a310e42ef686ef6d16f50","name":"Antonio Ferro","image":{"@type":"ImageObject","inLanguage":"pt-BR","@id":"https:\/\/revistaautobus.com.br\/wp-content\/uploads\/2025\/12\/editor_antonio_ferro-150x150.jpg","url":"https:\/\/revistaautobus.com.br\/wp-content\/uploads\/2025\/12\/editor_antonio_ferro-150x150.jpg","contentUrl":"https:\/\/revistaautobus.com.br\/wp-content\/uploads\/2025\/12\/editor_antonio_ferro-150x150.jpg","caption":"Antonio Ferro"},"description":"infobus@uol.com.br","url":"https:\/\/revistaautobus.com.br\/?author=2"}]}},"jetpack_featured_media_url":"https:\/\/revistaautobus.com.br\/wp-content\/uploads\/2021\/06\/medidas-para-um-transporte-livre-de-covid-19-1588000668.jpg","jetpack_sharing_enabled":true,"_links":{"self":[{"href":"https:\/\/revistaautobus.com.br\/index.php?rest_route=\/wp\/v2\/posts\/2628","targetHints":{"allow":["GET"]}}],"collection":[{"href":"https:\/\/revistaautobus.com.br\/index.php?rest_route=\/wp\/v2\/posts"}],"about":[{"href":"https:\/\/revistaautobus.com.br\/index.php?rest_route=\/wp\/v2\/types\/post"}],"author":[{"embeddable":true,"href":"https:\/\/revistaautobus.com.br\/index.php?rest_route=\/wp\/v2\/users\/2"}],"replies":[{"embeddable":true,"href":"https:\/\/revistaautobus.com.br\/index.php?rest_route=%2Fwp%2Fv2%2Fcomments&post=2628"}],"version-history":[{"count":1,"href":"https:\/\/revistaautobus.com.br\/index.php?rest_route=\/wp\/v2\/posts\/2628\/revisions"}],"predecessor-version":[{"id":2630,"href":"https:\/\/revistaautobus.com.br\/index.php?rest_route=\/wp\/v2\/posts\/2628\/revisions\/2630"}],"wp:featuredmedia":[{"embeddable":true,"href":"https:\/\/revistaautobus.com.br\/index.php?rest_route=\/wp\/v2\/media\/2629"}],"wp:attachment":[{"href":"https:\/\/revistaautobus.com.br\/index.php?rest_route=%2Fwp%2Fv2%2Fmedia&parent=2628"}],"wp:term":[{"taxonomy":"category","embeddable":true,"href":"https:\/\/revistaautobus.com.br\/index.php?rest_route=%2Fwp%2Fv2%2Fcategories&post=2628"},{"taxonomy":"post_tag","embeddable":true,"href":"https:\/\/revistaautobus.com.br\/index.php?rest_route=%2Fwp%2Fv2%2Ftags&post=2628"}],"curies":[{"name":"wp","href":"https:\/\/api.w.org\/{rel}","templated":true}]}}