{"id":2640,"date":"2020-05-05T11:08:00","date_gmt":"2020-05-05T14:08:00","guid":{"rendered":"https:\/\/vila8.com.br\/clientes\/autobus\/?p=2640"},"modified":"2021-06-25T13:20:41","modified_gmt":"2021-06-25T16:20:41","slug":"transporte-rodoviario-no-combate-ao-covid-19","status":"publish","type":"post","link":"https:\/\/revistaautobus.com.br\/?p=2640","title":{"rendered":"Transporte rodovi\u00e1rio no combate ao Covid-19"},"content":{"rendered":"\n<p>Procurando proporcionar novas formas para evitar o cont\u00e1gio do coronav\u00edrus dentre seus clientes, o operador paranaense Grupo Garcia-Brasil Sul est\u00e1 colocando acess\u00f3rios em seus \u00f4nibus, como a instala\u00e7\u00e3o de cortinas entre poltronas para a separa\u00e7\u00e3o dos passageiros. Antes disponibilizadas apenas para os servi\u00e7os Cabine-Cama e Leito Plus, as cortinas come\u00e7aram a ser instaladas tamb\u00e9m no Executivo, Semileito e Convencional, tendo como objetivo a prote\u00e7\u00e3o contra o cont\u00e1gio por v\u00edrus. De acordo com o Grupo, a iniciativa \u00e9 pioneira no Brasil e propicia privacidade e seguran\u00e7a aos passageiros. &#8220;Queremos proporcionar aos nossos passageiros viagens sempre seguras. Para evitar cont\u00e1gio por v\u00edrus, todos os nossos servi\u00e7os v\u00e3o operar com esta prote\u00e7\u00e3o individual, al\u00e9m de j\u00e1 contarem com limpeza interna diferenciada que torna os ambientes protegidos&#8221;, disse Estefano Boiko Junior, vice-presidente do Grupo.<\/p>\n\n\n\n<p>Em nota, o Grupo informou que as cortinas ser\u00e3o higienizadas a cada viagem, assim como acontece com a limpeza interna e externa dos \u00f4nibus a cada opera\u00e7\u00e3o. Para este momento outras a\u00e7\u00f5es, visando a seguran\u00e7a de todos, ainda ser\u00e3o implementadas. A inova\u00e7\u00e3o, inclusive, sempre fez parte das iniciativas do Grupo GBS, como o servi\u00e7o de cabine-cama com reclina\u00e7\u00e3o de 180 graus, o Espa\u00e7o Mulher que garante a reserva de assentos conjuntos para mulheres, o check-in digital e a compra de passagens com criptomoedas.<\/p>\n\n\n\n<p>Imagem &#8211; Divulga\u00e7\u00e3o<\/p>\n","protected":false},"excerpt":{"rendered":"<p>Em nota, o Grupo Garcia-Brasil Sul informou que as cortinas ser\u00e3o higienizadas a cada viagem, assim como acontece com a limpeza interna e externa dos \u00f4nibus a cada opera\u00e7\u00e3o<\/p>\n","protected":false},"author":2,"featured_media":2641,"comment_status":"open","ping_status":"open","sticky":false,"template":"","format":"standard","meta":{"_et_pb_use_builder":"off","_et_pb_old_content":"","_et_gb_content_width":"","_jetpack_memberships_contains_paid_content":false,"footnotes":""},"categories":[90],"tags":[],"class_list":["post-2640","post","type-post","status-publish","format-standard","has-post-thumbnail","hentry","category-noticias","et-has-post-format-content","et_post_format-et-post-format-standard"],"yoast_head":"<!-- This site is optimized with the Yoast SEO plugin v27.2 - https:\/\/yoast.com\/product\/yoast-seo-wordpress\/ -->\n<title>Transporte rodovi\u00e1rio no combate ao Covid-19 - Revista AutoBus<\/title>\n<meta name=\"robots\" content=\"index, follow, max-snippet:-1, max-image-preview:large, max-video-preview:-1\" \/>\n<link rel=\"canonical\" href=\"https:\/\/revistaautobus.com.br\/?p=2640\" \/>\n<meta property=\"og:locale\" content=\"pt_BR\" \/>\n<meta property=\"og:type\" content=\"article\" \/>\n<meta property=\"og:title\" content=\"Transporte rodovi\u00e1rio no combate ao Covid-19 - Revista AutoBus\" \/>\n<meta property=\"og:description\" content=\"Em nota, o Grupo Garcia-Brasil Sul informou que as cortinas ser\u00e3o higienizadas a cada viagem, assim como acontece com a limpeza interna e externa dos \u00f4nibus a cada opera\u00e7\u00e3o\" \/>\n<meta property=\"og:url\" content=\"https:\/\/revistaautobus.com.br\/?p=2640\" \/>\n<meta property=\"og:site_name\" content=\"Revista AutoBus\" \/>\n<meta property=\"article:publisher\" content=\"https:\/\/www.facebook.com\/antonio.ferro.3150\" \/>\n<meta property=\"article:published_time\" content=\"2020-05-05T14:08:00+00:00\" \/>\n<meta property=\"article:modified_time\" content=\"2021-06-25T16:20:41+00:00\" \/>\n<meta property=\"og:image\" content=\"https:\/\/revistaautobus.com.br\/wp-content\/uploads\/2021\/06\/transporte-rodoviario-no-combate-ao-covid-19-1588687770.jpg\" \/>\n\t<meta property=\"og:image:width\" content=\"1200\" \/>\n\t<meta property=\"og:image:height\" content=\"797\" \/>\n\t<meta property=\"og:image:type\" content=\"image\/jpeg\" \/>\n<meta name=\"author\" content=\"Antonio Ferro\" \/>\n<meta name=\"twitter:card\" content=\"summary_large_image\" \/>\n<meta name=\"twitter:label1\" content=\"Escrito por\" \/>\n\t<meta name=\"twitter:data1\" content=\"Antonio Ferro\" \/>\n\t<meta name=\"twitter:label2\" content=\"Est. tempo de leitura\" \/>\n\t<meta name=\"twitter:data2\" content=\"1 minuto\" \/>\n<script type=\"application\/ld+json\" class=\"yoast-schema-graph\">{\"@context\":\"https:\/\/schema.org\",\"@graph\":[{\"@type\":\"Article\",\"@id\":\"https:\/\/revistaautobus.com.br\/?p=2640#article\",\"isPartOf\":{\"@id\":\"https:\/\/revistaautobus.com.br\/?p=2640\"},\"author\":{\"name\":\"Antonio Ferro\",\"@id\":\"https:\/\/revistaautobus.com.br\/#\/schema\/person\/54af7c3eb83a310e42ef686ef6d16f50\"},\"headline\":\"Transporte rodovi\u00e1rio no combate ao Covid-19\",\"datePublished\":\"2020-05-05T14:08:00+00:00\",\"dateModified\":\"2021-06-25T16:20:41+00:00\",\"mainEntityOfPage\":{\"@id\":\"https:\/\/revistaautobus.com.br\/?p=2640\"},\"wordCount\":249,\"commentCount\":0,\"publisher\":{\"@id\":\"https:\/\/revistaautobus.com.br\/#organization\"},\"image\":{\"@id\":\"https:\/\/revistaautobus.com.br\/?p=2640#primaryimage\"},\"thumbnailUrl\":\"https:\/\/revistaautobus.com.br\/wp-content\/uploads\/2021\/06\/transporte-rodoviario-no-combate-ao-covid-19-1588687770.jpg\",\"articleSection\":[\"Not\u00edcias\"],\"inLanguage\":\"pt-BR\",\"potentialAction\":[{\"@type\":\"CommentAction\",\"name\":\"Comment\",\"target\":[\"https:\/\/revistaautobus.com.br\/?p=2640#respond\"]}]},{\"@type\":\"WebPage\",\"@id\":\"https:\/\/revistaautobus.com.br\/?p=2640\",\"url\":\"https:\/\/revistaautobus.com.br\/?p=2640\",\"name\":\"Transporte rodovi\u00e1rio no combate ao Covid-19 - Revista AutoBus\",\"isPartOf\":{\"@id\":\"https:\/\/revistaautobus.com.br\/#website\"},\"primaryImageOfPage\":{\"@id\":\"https:\/\/revistaautobus.com.br\/?p=2640#primaryimage\"},\"image\":{\"@id\":\"https:\/\/revistaautobus.com.br\/?p=2640#primaryimage\"},\"thumbnailUrl\":\"https:\/\/revistaautobus.com.br\/wp-content\/uploads\/2021\/06\/transporte-rodoviario-no-combate-ao-covid-19-1588687770.jpg\",\"datePublished\":\"2020-05-05T14:08:00+00:00\",\"dateModified\":\"2021-06-25T16:20:41+00:00\",\"breadcrumb\":{\"@id\":\"https:\/\/revistaautobus.com.br\/?p=2640#breadcrumb\"},\"inLanguage\":\"pt-BR\",\"potentialAction\":[{\"@type\":\"ReadAction\",\"target\":[\"https:\/\/revistaautobus.com.br\/?p=2640\"]}]},{\"@type\":\"ImageObject\",\"inLanguage\":\"pt-BR\",\"@id\":\"https:\/\/revistaautobus.com.br\/?p=2640#primaryimage\",\"url\":\"https:\/\/revistaautobus.com.br\/wp-content\/uploads\/2021\/06\/transporte-rodoviario-no-combate-ao-covid-19-1588687770.jpg\",\"contentUrl\":\"https:\/\/revistaautobus.com.br\/wp-content\/uploads\/2021\/06\/transporte-rodoviario-no-combate-ao-covid-19-1588687770.jpg\",\"width\":1200,\"height\":797},{\"@type\":\"BreadcrumbList\",\"@id\":\"https:\/\/revistaautobus.com.br\/?p=2640#breadcrumb\",\"itemListElement\":[{\"@type\":\"ListItem\",\"position\":1,\"name\":\"In\u00edcio\",\"item\":\"https:\/\/revistaautobus.com.br\/\"},{\"@type\":\"ListItem\",\"position\":2,\"name\":\"Transporte rodovi\u00e1rio no combate ao Covid-19\"}]},{\"@type\":\"WebSite\",\"@id\":\"https:\/\/revistaautobus.com.br\/#website\",\"url\":\"https:\/\/revistaautobus.com.br\/\",\"name\":\"Revista AutoBus\",\"description\":\"\",\"publisher\":{\"@id\":\"https:\/\/revistaautobus.com.br\/#organization\"},\"potentialAction\":[{\"@type\":\"SearchAction\",\"target\":{\"@type\":\"EntryPoint\",\"urlTemplate\":\"https:\/\/revistaautobus.com.br\/?s={search_term_string}\"},\"query-input\":{\"@type\":\"PropertyValueSpecification\",\"valueRequired\":true,\"valueName\":\"search_term_string\"}}],\"inLanguage\":\"pt-BR\"},{\"@type\":\"Organization\",\"@id\":\"https:\/\/revistaautobus.com.br\/#organization\",\"name\":\"Revista AutoBus\",\"url\":\"https:\/\/revistaautobus.com.br\/\",\"logo\":{\"@type\":\"ImageObject\",\"inLanguage\":\"pt-BR\",\"@id\":\"https:\/\/revistaautobus.com.br\/#\/schema\/logo\/image\/\",\"url\":\"https:\/\/revistaautobus.com.br\/wp-content\/uploads\/2024\/11\/logo_revista_autobus_fb.png\",\"contentUrl\":\"https:\/\/revistaautobus.com.br\/wp-content\/uploads\/2024\/11\/logo_revista_autobus_fb.png\",\"width\":836,\"height\":227,\"caption\":\"Revista AutoBus\"},\"image\":{\"@id\":\"https:\/\/revistaautobus.com.br\/#\/schema\/logo\/image\/\"},\"sameAs\":[\"https:\/\/www.facebook.com\/antonio.ferro.3150\",\"https:\/\/www.instagram.com\/revistaautobus\/\"]},{\"@type\":\"Person\",\"@id\":\"https:\/\/revistaautobus.com.br\/#\/schema\/person\/54af7c3eb83a310e42ef686ef6d16f50\",\"name\":\"Antonio Ferro\",\"image\":{\"@type\":\"ImageObject\",\"inLanguage\":\"pt-BR\",\"@id\":\"https:\/\/revistaautobus.com.br\/wp-content\/uploads\/2025\/12\/editor_antonio_ferro-150x150.jpg\",\"url\":\"https:\/\/revistaautobus.com.br\/wp-content\/uploads\/2025\/12\/editor_antonio_ferro-150x150.jpg\",\"contentUrl\":\"https:\/\/revistaautobus.com.br\/wp-content\/uploads\/2025\/12\/editor_antonio_ferro-150x150.jpg\",\"caption\":\"Antonio Ferro\"},\"description\":\"infobus@uol.com.br\",\"url\":\"https:\/\/revistaautobus.com.br\/?author=2\"}]}<\/script>\n<!-- \/ Yoast SEO plugin. -->","yoast_head_json":{"title":"Transporte rodovi\u00e1rio no combate ao Covid-19 - Revista AutoBus","robots":{"index":"index","follow":"follow","max-snippet":"max-snippet:-1","max-image-preview":"max-image-preview:large","max-video-preview":"max-video-preview:-1"},"canonical":"https:\/\/revistaautobus.com.br\/?p=2640","og_locale":"pt_BR","og_type":"article","og_title":"Transporte rodovi\u00e1rio no combate ao Covid-19 - Revista AutoBus","og_description":"Em nota, o Grupo Garcia-Brasil Sul informou que as cortinas ser\u00e3o higienizadas a cada viagem, assim como acontece com a limpeza interna e externa dos \u00f4nibus a cada opera\u00e7\u00e3o","og_url":"https:\/\/revistaautobus.com.br\/?p=2640","og_site_name":"Revista AutoBus","article_publisher":"https:\/\/www.facebook.com\/antonio.ferro.3150","article_published_time":"2020-05-05T14:08:00+00:00","article_modified_time":"2021-06-25T16:20:41+00:00","og_image":[{"width":1200,"height":797,"url":"https:\/\/revistaautobus.com.br\/wp-content\/uploads\/2021\/06\/transporte-rodoviario-no-combate-ao-covid-19-1588687770.jpg","type":"image\/jpeg"}],"author":"Antonio Ferro","twitter_card":"summary_large_image","twitter_misc":{"Escrito por":"Antonio Ferro","Est. tempo de leitura":"1 minuto"},"schema":{"@context":"https:\/\/schema.org","@graph":[{"@type":"Article","@id":"https:\/\/revistaautobus.com.br\/?p=2640#article","isPartOf":{"@id":"https:\/\/revistaautobus.com.br\/?p=2640"},"author":{"name":"Antonio Ferro","@id":"https:\/\/revistaautobus.com.br\/#\/schema\/person\/54af7c3eb83a310e42ef686ef6d16f50"},"headline":"Transporte rodovi\u00e1rio no combate ao Covid-19","datePublished":"2020-05-05T14:08:00+00:00","dateModified":"2021-06-25T16:20:41+00:00","mainEntityOfPage":{"@id":"https:\/\/revistaautobus.com.br\/?p=2640"},"wordCount":249,"commentCount":0,"publisher":{"@id":"https:\/\/revistaautobus.com.br\/#organization"},"image":{"@id":"https:\/\/revistaautobus.com.br\/?p=2640#primaryimage"},"thumbnailUrl":"https:\/\/revistaautobus.com.br\/wp-content\/uploads\/2021\/06\/transporte-rodoviario-no-combate-ao-covid-19-1588687770.jpg","articleSection":["Not\u00edcias"],"inLanguage":"pt-BR","potentialAction":[{"@type":"CommentAction","name":"Comment","target":["https:\/\/revistaautobus.com.br\/?p=2640#respond"]}]},{"@type":"WebPage","@id":"https:\/\/revistaautobus.com.br\/?p=2640","url":"https:\/\/revistaautobus.com.br\/?p=2640","name":"Transporte rodovi\u00e1rio no combate ao Covid-19 - Revista AutoBus","isPartOf":{"@id":"https:\/\/revistaautobus.com.br\/#website"},"primaryImageOfPage":{"@id":"https:\/\/revistaautobus.com.br\/?p=2640#primaryimage"},"image":{"@id":"https:\/\/revistaautobus.com.br\/?p=2640#primaryimage"},"thumbnailUrl":"https:\/\/revistaautobus.com.br\/wp-content\/uploads\/2021\/06\/transporte-rodoviario-no-combate-ao-covid-19-1588687770.jpg","datePublished":"2020-05-05T14:08:00+00:00","dateModified":"2021-06-25T16:20:41+00:00","breadcrumb":{"@id":"https:\/\/revistaautobus.com.br\/?p=2640#breadcrumb"},"inLanguage":"pt-BR","potentialAction":[{"@type":"ReadAction","target":["https:\/\/revistaautobus.com.br\/?p=2640"]}]},{"@type":"ImageObject","inLanguage":"pt-BR","@id":"https:\/\/revistaautobus.com.br\/?p=2640#primaryimage","url":"https:\/\/revistaautobus.com.br\/wp-content\/uploads\/2021\/06\/transporte-rodoviario-no-combate-ao-covid-19-1588687770.jpg","contentUrl":"https:\/\/revistaautobus.com.br\/wp-content\/uploads\/2021\/06\/transporte-rodoviario-no-combate-ao-covid-19-1588687770.jpg","width":1200,"height":797},{"@type":"BreadcrumbList","@id":"https:\/\/revistaautobus.com.br\/?p=2640#breadcrumb","itemListElement":[{"@type":"ListItem","position":1,"name":"In\u00edcio","item":"https:\/\/revistaautobus.com.br\/"},{"@type":"ListItem","position":2,"name":"Transporte rodovi\u00e1rio no combate ao Covid-19"}]},{"@type":"WebSite","@id":"https:\/\/revistaautobus.com.br\/#website","url":"https:\/\/revistaautobus.com.br\/","name":"Revista AutoBus","description":"","publisher":{"@id":"https:\/\/revistaautobus.com.br\/#organization"},"potentialAction":[{"@type":"SearchAction","target":{"@type":"EntryPoint","urlTemplate":"https:\/\/revistaautobus.com.br\/?s={search_term_string}"},"query-input":{"@type":"PropertyValueSpecification","valueRequired":true,"valueName":"search_term_string"}}],"inLanguage":"pt-BR"},{"@type":"Organization","@id":"https:\/\/revistaautobus.com.br\/#organization","name":"Revista AutoBus","url":"https:\/\/revistaautobus.com.br\/","logo":{"@type":"ImageObject","inLanguage":"pt-BR","@id":"https:\/\/revistaautobus.com.br\/#\/schema\/logo\/image\/","url":"https:\/\/revistaautobus.com.br\/wp-content\/uploads\/2024\/11\/logo_revista_autobus_fb.png","contentUrl":"https:\/\/revistaautobus.com.br\/wp-content\/uploads\/2024\/11\/logo_revista_autobus_fb.png","width":836,"height":227,"caption":"Revista AutoBus"},"image":{"@id":"https:\/\/revistaautobus.com.br\/#\/schema\/logo\/image\/"},"sameAs":["https:\/\/www.facebook.com\/antonio.ferro.3150","https:\/\/www.instagram.com\/revistaautobus\/"]},{"@type":"Person","@id":"https:\/\/revistaautobus.com.br\/#\/schema\/person\/54af7c3eb83a310e42ef686ef6d16f50","name":"Antonio Ferro","image":{"@type":"ImageObject","inLanguage":"pt-BR","@id":"https:\/\/revistaautobus.com.br\/wp-content\/uploads\/2025\/12\/editor_antonio_ferro-150x150.jpg","url":"https:\/\/revistaautobus.com.br\/wp-content\/uploads\/2025\/12\/editor_antonio_ferro-150x150.jpg","contentUrl":"https:\/\/revistaautobus.com.br\/wp-content\/uploads\/2025\/12\/editor_antonio_ferro-150x150.jpg","caption":"Antonio Ferro"},"description":"infobus@uol.com.br","url":"https:\/\/revistaautobus.com.br\/?author=2"}]}},"jetpack_featured_media_url":"https:\/\/revistaautobus.com.br\/wp-content\/uploads\/2021\/06\/transporte-rodoviario-no-combate-ao-covid-19-1588687770.jpg","jetpack_sharing_enabled":true,"_links":{"self":[{"href":"https:\/\/revistaautobus.com.br\/index.php?rest_route=\/wp\/v2\/posts\/2640","targetHints":{"allow":["GET"]}}],"collection":[{"href":"https:\/\/revistaautobus.com.br\/index.php?rest_route=\/wp\/v2\/posts"}],"about":[{"href":"https:\/\/revistaautobus.com.br\/index.php?rest_route=\/wp\/v2\/types\/post"}],"author":[{"embeddable":true,"href":"https:\/\/revistaautobus.com.br\/index.php?rest_route=\/wp\/v2\/users\/2"}],"replies":[{"embeddable":true,"href":"https:\/\/revistaautobus.com.br\/index.php?rest_route=%2Fwp%2Fv2%2Fcomments&post=2640"}],"version-history":[{"count":1,"href":"https:\/\/revistaautobus.com.br\/index.php?rest_route=\/wp\/v2\/posts\/2640\/revisions"}],"predecessor-version":[{"id":2642,"href":"https:\/\/revistaautobus.com.br\/index.php?rest_route=\/wp\/v2\/posts\/2640\/revisions\/2642"}],"wp:featuredmedia":[{"embeddable":true,"href":"https:\/\/revistaautobus.com.br\/index.php?rest_route=\/wp\/v2\/media\/2641"}],"wp:attachment":[{"href":"https:\/\/revistaautobus.com.br\/index.php?rest_route=%2Fwp%2Fv2%2Fmedia&parent=2640"}],"wp:term":[{"taxonomy":"category","embeddable":true,"href":"https:\/\/revistaautobus.com.br\/index.php?rest_route=%2Fwp%2Fv2%2Fcategories&post=2640"},{"taxonomy":"post_tag","embeddable":true,"href":"https:\/\/revistaautobus.com.br\/index.php?rest_route=%2Fwp%2Fv2%2Ftags&post=2640"}],"curies":[{"name":"wp","href":"https:\/\/api.w.org\/{rel}","templated":true}]}}