{"id":2652,"date":"2020-05-11T10:11:00","date_gmt":"2020-05-11T13:11:00","guid":{"rendered":"https:\/\/vila8.com.br\/clientes\/autobus\/?p=2652"},"modified":"2021-06-25T13:23:46","modified_gmt":"2021-06-25T16:23:46","slug":"renovacao-de-onibus-curitibanos-com-volvo","status":"publish","type":"post","link":"https:\/\/revistaautobus.com.br\/?p=2652","title":{"rendered":"Renova\u00e7\u00e3o de \u00f4nibus curitibanos com Volvo"},"content":{"rendered":"\n<p>Como \u00e9 de praxe, a Volvo Buses Latin America entregou recentemente 40 novos \u00f4nibus para o transporte coletivo da capital paranaense Curitiba. O neg\u00f3cio envolveu seis chassis do modelo biarticulado, 13 articulados, 16 Padron e cinco convencionais. Eles s\u00e3o dos modelos B340M biarticulado, B340M articulado, B250R Padron e B270F convencional. A montadora destaca que os ve\u00edculos pesados (biarticulados, articulados e Padron) contam com itens como sistema de freios eletr\u00f4nicos \u00e0 disco e ABS, controle eletr\u00f4nico de acelera\u00e7\u00e3o, sistema autom\u00e1tico de nivelamento da suspens\u00e3o a ar, entre outros.<\/p>\n\n\n\n<p>Fabiano Todeschini, presidente da Volvo Buses Latin America, disse que a marca volta a ter total hegemonia nos biarticulados, um ve\u00edculo da qual \u00e9 l\u00edder absoluta na cidade e no mercado. &#8220;Al\u00e9m disso, tivemos entregas expressivas em todo o segmento de ve\u00edculos pesados, que inclui tamb\u00e9m articulados e \u00f4nibus Padron. E, os chassis pesados Volvo est\u00e3o tamb\u00e9m habilitados para ativa\u00e7\u00e3o do Controle Autom\u00e1tico de Velocidade, sistema que utiliza conectividade GPS para reduzir automaticamente a velocidade dos \u00f4nibus em \u00e1reas cr\u00edticas como terminais, perto de escolas ou hospitais. No ano da implanta\u00e7\u00e3o (2018), essa tecnologia teve importante contribui\u00e7\u00e3o para a redu\u00e7\u00e3o de 50% nas colis\u00f5es no eixo norte do BRT da capital paranaense, comparando com o ano anterior&#8221;, observou o executivo.<\/p>\n\n\n\n<p>O transporte coletivo curitibano movimenta 1,23 milh\u00e3o de pessoas, em mais de 14,1 mil viagens di\u00e1rias, com um sistema dividido entre 254 linhas, tendo uma frota com 1.250 \u00f4nibus que percorrem uma m\u00e9dia di\u00e1ria 273 mil quil\u00f4metros. Curitiba apresentou ao mundo o conceito do BRT (Tr\u00e2nsito R\u00e1pido de \u00d4nibus), que utiliza \u00f4nibus em corredores exclusivos, com embarques em n\u00edvel e bilhetagem pr\u00e9-paga para dar mais fluidez ao transporte coletivo de passageiros. Surgido na cidade nos anos 70, o sistema inspirou diversas outras metr\u00f3poles ao redor do mundo, especialmente na Am\u00e9rica Latina. No in\u00edcio da \u00faltima d\u00e9cada, no entanto, diversos fatores vinham limitando a renova\u00e7\u00e3o da frota, o que foi revertido nos \u00faltimos anos. &#8220;Como parceiros desde o in\u00edcio do BRT ficamos muito felizes por a cidade ter voltado a investir em \u00f4nibus novos, seguros e de qualidade&#8221;, disse Paulo Arabian, diretor comercial de \u00f4nibus da Volvo no Brasil.<\/p>\n\n\n\n<p>Imagem &#8211; Volvo Buses LA<\/p>\n","protected":false},"excerpt":{"rendered":"<p>O transporte coletivo curitibano movimenta 1,23 milh\u00e3o de pessoas, em mais de 14,1 mil viagens di\u00e1rias, com um sistema dividido entre 254 linhas, tendo uma frota com 1.250 \u00f4nibus que percorrem uma m\u00e9dia di\u00e1ria 273 mil quil\u00f4metros<\/p>\n","protected":false},"author":2,"featured_media":2653,"comment_status":"open","ping_status":"open","sticky":false,"template":"","format":"standard","meta":{"_et_pb_use_builder":"off","_et_pb_old_content":"","_et_gb_content_width":"","_jetpack_memberships_contains_paid_content":false,"footnotes":""},"categories":[90],"tags":[],"class_list":["post-2652","post","type-post","status-publish","format-standard","has-post-thumbnail","hentry","category-noticias","et-has-post-format-content","et_post_format-et-post-format-standard"],"yoast_head":"<!-- This site is optimized with the Yoast SEO plugin v27.2 - https:\/\/yoast.com\/product\/yoast-seo-wordpress\/ -->\n<title>Renova\u00e7\u00e3o de \u00f4nibus curitibanos com Volvo - Revista AutoBus<\/title>\n<meta name=\"robots\" content=\"index, follow, max-snippet:-1, max-image-preview:large, max-video-preview:-1\" \/>\n<link rel=\"canonical\" href=\"https:\/\/revistaautobus.com.br\/?p=2652\" \/>\n<meta property=\"og:locale\" content=\"pt_BR\" \/>\n<meta property=\"og:type\" content=\"article\" \/>\n<meta property=\"og:title\" content=\"Renova\u00e7\u00e3o de \u00f4nibus curitibanos com Volvo - Revista AutoBus\" \/>\n<meta property=\"og:description\" content=\"O transporte coletivo curitibano movimenta 1,23 milh\u00e3o de pessoas, em mais de 14,1 mil viagens di\u00e1rias, com um sistema dividido entre 254 linhas, tendo uma frota com 1.250 \u00f4nibus que percorrem uma m\u00e9dia di\u00e1ria 273 mil quil\u00f4metros\" \/>\n<meta property=\"og:url\" content=\"https:\/\/revistaautobus.com.br\/?p=2652\" \/>\n<meta property=\"og:site_name\" content=\"Revista AutoBus\" \/>\n<meta property=\"article:publisher\" content=\"https:\/\/www.facebook.com\/antonio.ferro.3150\" \/>\n<meta property=\"article:published_time\" content=\"2020-05-11T13:11:00+00:00\" \/>\n<meta property=\"article:modified_time\" content=\"2021-06-25T16:23:46+00:00\" \/>\n<meta property=\"og:image\" content=\"https:\/\/revistaautobus.com.br\/wp-content\/uploads\/2021\/06\/renovacao-de-onibus-curitibanos-com-volvo-1589202776.jpg\" \/>\n\t<meta property=\"og:image:width\" content=\"1200\" \/>\n\t<meta property=\"og:image:height\" content=\"800\" \/>\n\t<meta property=\"og:image:type\" content=\"image\/jpeg\" \/>\n<meta name=\"author\" content=\"Antonio Ferro\" \/>\n<meta name=\"twitter:card\" content=\"summary_large_image\" \/>\n<meta name=\"twitter:label1\" content=\"Escrito por\" \/>\n\t<meta name=\"twitter:data1\" content=\"Antonio Ferro\" \/>\n\t<meta name=\"twitter:label2\" content=\"Est. tempo de leitura\" \/>\n\t<meta name=\"twitter:data2\" content=\"2 minutos\" \/>\n<script type=\"application\/ld+json\" class=\"yoast-schema-graph\">{\"@context\":\"https:\/\/schema.org\",\"@graph\":[{\"@type\":\"Article\",\"@id\":\"https:\/\/revistaautobus.com.br\/?p=2652#article\",\"isPartOf\":{\"@id\":\"https:\/\/revistaautobus.com.br\/?p=2652\"},\"author\":{\"name\":\"Antonio Ferro\",\"@id\":\"https:\/\/revistaautobus.com.br\/#\/schema\/person\/54af7c3eb83a310e42ef686ef6d16f50\"},\"headline\":\"Renova\u00e7\u00e3o de \u00f4nibus curitibanos com Volvo\",\"datePublished\":\"2020-05-11T13:11:00+00:00\",\"dateModified\":\"2021-06-25T16:23:46+00:00\",\"mainEntityOfPage\":{\"@id\":\"https:\/\/revistaautobus.com.br\/?p=2652\"},\"wordCount\":394,\"commentCount\":0,\"publisher\":{\"@id\":\"https:\/\/revistaautobus.com.br\/#organization\"},\"image\":{\"@id\":\"https:\/\/revistaautobus.com.br\/?p=2652#primaryimage\"},\"thumbnailUrl\":\"https:\/\/revistaautobus.com.br\/wp-content\/uploads\/2021\/06\/renovacao-de-onibus-curitibanos-com-volvo-1589202776.jpg\",\"articleSection\":[\"Not\u00edcias\"],\"inLanguage\":\"pt-BR\",\"potentialAction\":[{\"@type\":\"CommentAction\",\"name\":\"Comment\",\"target\":[\"https:\/\/revistaautobus.com.br\/?p=2652#respond\"]}]},{\"@type\":\"WebPage\",\"@id\":\"https:\/\/revistaautobus.com.br\/?p=2652\",\"url\":\"https:\/\/revistaautobus.com.br\/?p=2652\",\"name\":\"Renova\u00e7\u00e3o de \u00f4nibus curitibanos com Volvo - Revista AutoBus\",\"isPartOf\":{\"@id\":\"https:\/\/revistaautobus.com.br\/#website\"},\"primaryImageOfPage\":{\"@id\":\"https:\/\/revistaautobus.com.br\/?p=2652#primaryimage\"},\"image\":{\"@id\":\"https:\/\/revistaautobus.com.br\/?p=2652#primaryimage\"},\"thumbnailUrl\":\"https:\/\/revistaautobus.com.br\/wp-content\/uploads\/2021\/06\/renovacao-de-onibus-curitibanos-com-volvo-1589202776.jpg\",\"datePublished\":\"2020-05-11T13:11:00+00:00\",\"dateModified\":\"2021-06-25T16:23:46+00:00\",\"breadcrumb\":{\"@id\":\"https:\/\/revistaautobus.com.br\/?p=2652#breadcrumb\"},\"inLanguage\":\"pt-BR\",\"potentialAction\":[{\"@type\":\"ReadAction\",\"target\":[\"https:\/\/revistaautobus.com.br\/?p=2652\"]}]},{\"@type\":\"ImageObject\",\"inLanguage\":\"pt-BR\",\"@id\":\"https:\/\/revistaautobus.com.br\/?p=2652#primaryimage\",\"url\":\"https:\/\/revistaautobus.com.br\/wp-content\/uploads\/2021\/06\/renovacao-de-onibus-curitibanos-com-volvo-1589202776.jpg\",\"contentUrl\":\"https:\/\/revistaautobus.com.br\/wp-content\/uploads\/2021\/06\/renovacao-de-onibus-curitibanos-com-volvo-1589202776.jpg\",\"width\":1200,\"height\":800},{\"@type\":\"BreadcrumbList\",\"@id\":\"https:\/\/revistaautobus.com.br\/?p=2652#breadcrumb\",\"itemListElement\":[{\"@type\":\"ListItem\",\"position\":1,\"name\":\"In\u00edcio\",\"item\":\"https:\/\/revistaautobus.com.br\/\"},{\"@type\":\"ListItem\",\"position\":2,\"name\":\"Renova\u00e7\u00e3o de \u00f4nibus curitibanos com Volvo\"}]},{\"@type\":\"WebSite\",\"@id\":\"https:\/\/revistaautobus.com.br\/#website\",\"url\":\"https:\/\/revistaautobus.com.br\/\",\"name\":\"Revista AutoBus\",\"description\":\"\",\"publisher\":{\"@id\":\"https:\/\/revistaautobus.com.br\/#organization\"},\"potentialAction\":[{\"@type\":\"SearchAction\",\"target\":{\"@type\":\"EntryPoint\",\"urlTemplate\":\"https:\/\/revistaautobus.com.br\/?s={search_term_string}\"},\"query-input\":{\"@type\":\"PropertyValueSpecification\",\"valueRequired\":true,\"valueName\":\"search_term_string\"}}],\"inLanguage\":\"pt-BR\"},{\"@type\":\"Organization\",\"@id\":\"https:\/\/revistaautobus.com.br\/#organization\",\"name\":\"Revista AutoBus\",\"url\":\"https:\/\/revistaautobus.com.br\/\",\"logo\":{\"@type\":\"ImageObject\",\"inLanguage\":\"pt-BR\",\"@id\":\"https:\/\/revistaautobus.com.br\/#\/schema\/logo\/image\/\",\"url\":\"https:\/\/revistaautobus.com.br\/wp-content\/uploads\/2024\/11\/logo_revista_autobus_fb.png\",\"contentUrl\":\"https:\/\/revistaautobus.com.br\/wp-content\/uploads\/2024\/11\/logo_revista_autobus_fb.png\",\"width\":836,\"height\":227,\"caption\":\"Revista AutoBus\"},\"image\":{\"@id\":\"https:\/\/revistaautobus.com.br\/#\/schema\/logo\/image\/\"},\"sameAs\":[\"https:\/\/www.facebook.com\/antonio.ferro.3150\",\"https:\/\/www.instagram.com\/revistaautobus\/\"]},{\"@type\":\"Person\",\"@id\":\"https:\/\/revistaautobus.com.br\/#\/schema\/person\/54af7c3eb83a310e42ef686ef6d16f50\",\"name\":\"Antonio Ferro\",\"image\":{\"@type\":\"ImageObject\",\"inLanguage\":\"pt-BR\",\"@id\":\"https:\/\/revistaautobus.com.br\/wp-content\/uploads\/2025\/12\/editor_antonio_ferro-150x150.jpg\",\"url\":\"https:\/\/revistaautobus.com.br\/wp-content\/uploads\/2025\/12\/editor_antonio_ferro-150x150.jpg\",\"contentUrl\":\"https:\/\/revistaautobus.com.br\/wp-content\/uploads\/2025\/12\/editor_antonio_ferro-150x150.jpg\",\"caption\":\"Antonio Ferro\"},\"description\":\"infobus@uol.com.br\",\"url\":\"https:\/\/revistaautobus.com.br\/?author=2\"}]}<\/script>\n<!-- \/ Yoast SEO plugin. -->","yoast_head_json":{"title":"Renova\u00e7\u00e3o de \u00f4nibus curitibanos com Volvo - Revista AutoBus","robots":{"index":"index","follow":"follow","max-snippet":"max-snippet:-1","max-image-preview":"max-image-preview:large","max-video-preview":"max-video-preview:-1"},"canonical":"https:\/\/revistaautobus.com.br\/?p=2652","og_locale":"pt_BR","og_type":"article","og_title":"Renova\u00e7\u00e3o de \u00f4nibus curitibanos com Volvo - Revista AutoBus","og_description":"O transporte coletivo curitibano movimenta 1,23 milh\u00e3o de pessoas, em mais de 14,1 mil viagens di\u00e1rias, com um sistema dividido entre 254 linhas, tendo uma frota com 1.250 \u00f4nibus que percorrem uma m\u00e9dia di\u00e1ria 273 mil quil\u00f4metros","og_url":"https:\/\/revistaautobus.com.br\/?p=2652","og_site_name":"Revista AutoBus","article_publisher":"https:\/\/www.facebook.com\/antonio.ferro.3150","article_published_time":"2020-05-11T13:11:00+00:00","article_modified_time":"2021-06-25T16:23:46+00:00","og_image":[{"width":1200,"height":800,"url":"https:\/\/revistaautobus.com.br\/wp-content\/uploads\/2021\/06\/renovacao-de-onibus-curitibanos-com-volvo-1589202776.jpg","type":"image\/jpeg"}],"author":"Antonio Ferro","twitter_card":"summary_large_image","twitter_misc":{"Escrito por":"Antonio Ferro","Est. tempo de leitura":"2 minutos"},"schema":{"@context":"https:\/\/schema.org","@graph":[{"@type":"Article","@id":"https:\/\/revistaautobus.com.br\/?p=2652#article","isPartOf":{"@id":"https:\/\/revistaautobus.com.br\/?p=2652"},"author":{"name":"Antonio Ferro","@id":"https:\/\/revistaautobus.com.br\/#\/schema\/person\/54af7c3eb83a310e42ef686ef6d16f50"},"headline":"Renova\u00e7\u00e3o de \u00f4nibus curitibanos com Volvo","datePublished":"2020-05-11T13:11:00+00:00","dateModified":"2021-06-25T16:23:46+00:00","mainEntityOfPage":{"@id":"https:\/\/revistaautobus.com.br\/?p=2652"},"wordCount":394,"commentCount":0,"publisher":{"@id":"https:\/\/revistaautobus.com.br\/#organization"},"image":{"@id":"https:\/\/revistaautobus.com.br\/?p=2652#primaryimage"},"thumbnailUrl":"https:\/\/revistaautobus.com.br\/wp-content\/uploads\/2021\/06\/renovacao-de-onibus-curitibanos-com-volvo-1589202776.jpg","articleSection":["Not\u00edcias"],"inLanguage":"pt-BR","potentialAction":[{"@type":"CommentAction","name":"Comment","target":["https:\/\/revistaautobus.com.br\/?p=2652#respond"]}]},{"@type":"WebPage","@id":"https:\/\/revistaautobus.com.br\/?p=2652","url":"https:\/\/revistaautobus.com.br\/?p=2652","name":"Renova\u00e7\u00e3o de \u00f4nibus curitibanos com Volvo - Revista AutoBus","isPartOf":{"@id":"https:\/\/revistaautobus.com.br\/#website"},"primaryImageOfPage":{"@id":"https:\/\/revistaautobus.com.br\/?p=2652#primaryimage"},"image":{"@id":"https:\/\/revistaautobus.com.br\/?p=2652#primaryimage"},"thumbnailUrl":"https:\/\/revistaautobus.com.br\/wp-content\/uploads\/2021\/06\/renovacao-de-onibus-curitibanos-com-volvo-1589202776.jpg","datePublished":"2020-05-11T13:11:00+00:00","dateModified":"2021-06-25T16:23:46+00:00","breadcrumb":{"@id":"https:\/\/revistaautobus.com.br\/?p=2652#breadcrumb"},"inLanguage":"pt-BR","potentialAction":[{"@type":"ReadAction","target":["https:\/\/revistaautobus.com.br\/?p=2652"]}]},{"@type":"ImageObject","inLanguage":"pt-BR","@id":"https:\/\/revistaautobus.com.br\/?p=2652#primaryimage","url":"https:\/\/revistaautobus.com.br\/wp-content\/uploads\/2021\/06\/renovacao-de-onibus-curitibanos-com-volvo-1589202776.jpg","contentUrl":"https:\/\/revistaautobus.com.br\/wp-content\/uploads\/2021\/06\/renovacao-de-onibus-curitibanos-com-volvo-1589202776.jpg","width":1200,"height":800},{"@type":"BreadcrumbList","@id":"https:\/\/revistaautobus.com.br\/?p=2652#breadcrumb","itemListElement":[{"@type":"ListItem","position":1,"name":"In\u00edcio","item":"https:\/\/revistaautobus.com.br\/"},{"@type":"ListItem","position":2,"name":"Renova\u00e7\u00e3o de \u00f4nibus curitibanos com Volvo"}]},{"@type":"WebSite","@id":"https:\/\/revistaautobus.com.br\/#website","url":"https:\/\/revistaautobus.com.br\/","name":"Revista AutoBus","description":"","publisher":{"@id":"https:\/\/revistaautobus.com.br\/#organization"},"potentialAction":[{"@type":"SearchAction","target":{"@type":"EntryPoint","urlTemplate":"https:\/\/revistaautobus.com.br\/?s={search_term_string}"},"query-input":{"@type":"PropertyValueSpecification","valueRequired":true,"valueName":"search_term_string"}}],"inLanguage":"pt-BR"},{"@type":"Organization","@id":"https:\/\/revistaautobus.com.br\/#organization","name":"Revista AutoBus","url":"https:\/\/revistaautobus.com.br\/","logo":{"@type":"ImageObject","inLanguage":"pt-BR","@id":"https:\/\/revistaautobus.com.br\/#\/schema\/logo\/image\/","url":"https:\/\/revistaautobus.com.br\/wp-content\/uploads\/2024\/11\/logo_revista_autobus_fb.png","contentUrl":"https:\/\/revistaautobus.com.br\/wp-content\/uploads\/2024\/11\/logo_revista_autobus_fb.png","width":836,"height":227,"caption":"Revista AutoBus"},"image":{"@id":"https:\/\/revistaautobus.com.br\/#\/schema\/logo\/image\/"},"sameAs":["https:\/\/www.facebook.com\/antonio.ferro.3150","https:\/\/www.instagram.com\/revistaautobus\/"]},{"@type":"Person","@id":"https:\/\/revistaautobus.com.br\/#\/schema\/person\/54af7c3eb83a310e42ef686ef6d16f50","name":"Antonio Ferro","image":{"@type":"ImageObject","inLanguage":"pt-BR","@id":"https:\/\/revistaautobus.com.br\/wp-content\/uploads\/2025\/12\/editor_antonio_ferro-150x150.jpg","url":"https:\/\/revistaautobus.com.br\/wp-content\/uploads\/2025\/12\/editor_antonio_ferro-150x150.jpg","contentUrl":"https:\/\/revistaautobus.com.br\/wp-content\/uploads\/2025\/12\/editor_antonio_ferro-150x150.jpg","caption":"Antonio Ferro"},"description":"infobus@uol.com.br","url":"https:\/\/revistaautobus.com.br\/?author=2"}]}},"jetpack_featured_media_url":"https:\/\/revistaautobus.com.br\/wp-content\/uploads\/2021\/06\/renovacao-de-onibus-curitibanos-com-volvo-1589202776.jpg","jetpack_sharing_enabled":true,"_links":{"self":[{"href":"https:\/\/revistaautobus.com.br\/index.php?rest_route=\/wp\/v2\/posts\/2652","targetHints":{"allow":["GET"]}}],"collection":[{"href":"https:\/\/revistaautobus.com.br\/index.php?rest_route=\/wp\/v2\/posts"}],"about":[{"href":"https:\/\/revistaautobus.com.br\/index.php?rest_route=\/wp\/v2\/types\/post"}],"author":[{"embeddable":true,"href":"https:\/\/revistaautobus.com.br\/index.php?rest_route=\/wp\/v2\/users\/2"}],"replies":[{"embeddable":true,"href":"https:\/\/revistaautobus.com.br\/index.php?rest_route=%2Fwp%2Fv2%2Fcomments&post=2652"}],"version-history":[{"count":1,"href":"https:\/\/revistaautobus.com.br\/index.php?rest_route=\/wp\/v2\/posts\/2652\/revisions"}],"predecessor-version":[{"id":2654,"href":"https:\/\/revistaautobus.com.br\/index.php?rest_route=\/wp\/v2\/posts\/2652\/revisions\/2654"}],"wp:featuredmedia":[{"embeddable":true,"href":"https:\/\/revistaautobus.com.br\/index.php?rest_route=\/wp\/v2\/media\/2653"}],"wp:attachment":[{"href":"https:\/\/revistaautobus.com.br\/index.php?rest_route=%2Fwp%2Fv2%2Fmedia&parent=2652"}],"wp:term":[{"taxonomy":"category","embeddable":true,"href":"https:\/\/revistaautobus.com.br\/index.php?rest_route=%2Fwp%2Fv2%2Fcategories&post=2652"},{"taxonomy":"post_tag","embeddable":true,"href":"https:\/\/revistaautobus.com.br\/index.php?rest_route=%2Fwp%2Fv2%2Ftags&post=2652"}],"curies":[{"name":"wp","href":"https:\/\/api.w.org\/{rel}","templated":true}]}}