{"id":2655,"date":"2020-05-11T13:14:00","date_gmt":"2020-05-11T16:14:00","guid":{"rendered":"https:\/\/vila8.com.br\/clientes\/autobus\/?p=2655"},"modified":"2021-06-25T13:24:29","modified_gmt":"2021-06-25T16:24:29","slug":"carrocarias-mais-leves-e-resistentes","status":"publish","type":"post","link":"https:\/\/revistaautobus.com.br\/?p=2655","title":{"rendered":"Carro\u00e7arias mais leves e resistentes"},"content":{"rendered":"\n<p>\u00c9 o que promete a fabricante Marcopolo ao iniciar testes com a aplica\u00e7\u00e3o do grafeno em novos componentes de \u00f4nibus, tendo como objetivo a redu\u00e7\u00e3o do peso total do ve\u00edculo e amplia\u00e7\u00e3o da garantia sobre a resist\u00eancia estrutural. Esse aspecto se volta na possibilidade de utiliza\u00e7\u00e3o e introdu\u00e7\u00e3o em ve\u00edculos de motoriza\u00e7\u00e3o 100% el\u00e9trica ou h\u00edbrida que est\u00e1 ocorrendo na ind\u00fastria automobil\u00edstica mundial.<\/p>\n\n\n\n<p>Luciano Resner, diretor de Engenharia da Marcopolo, comentou que o programa est\u00e1 em fase de estudos de engenharia e o plano \u00e9 concluir o desenvolvimento e iniciar testes at\u00e9 o final deste ano. &#8220;Firmamos, no ano passado, uma parceria com a UCS, Universidade de Caxias do Sul, para o desenvolvimento do material e produ\u00e7\u00e3o local em escala industrial. Iniciamos os estudos de caracteriza\u00e7\u00e3o, uma das principais etapas, pois permitir\u00e1 determinar qual a quantidade ideal de grafeno na composi\u00e7\u00e3o do material que relaciona diretamente com a resist\u00eancia mec\u00e2nica desejada para cada subsistema do nosso produto. S\u00e3o testes de ensaios qu\u00edmicos, t\u00e9rmicos e mec\u00e2nicos, al\u00e9m de teste acelerado de durabilidade em dispositivos que garantem a durabilidade e confiabilidade do produto, representando as condi\u00e7\u00f5es de utiliza\u00e7\u00e3o de nossos clientes&#8221;, disse.<\/p>\n\n\n\n<p>A Marcopolo revelou que o grafeno \u00e9 o material mais leve e forte do mundo, sendo 200 vezes mais resistente do que o a\u00e7o e superando at\u00e9 o diamante. Outra caracter\u00edstica \u00e9 que ele \u00e9 o material mais fino que existe, com espessura de um \u00e1tomo, ou 1 milh\u00e3o de vezes menor que um fio de cabelo, sendo male\u00e1vel, resistente ao impacto e \u00e0 flex\u00e3o, e excelente condutor t\u00e9rmico e el\u00e9trico. Resner disse que um dos grandes desafios da ind\u00fastria automobil\u00edstica mundial est\u00e1 na cont\u00ednua redu\u00e7\u00e3o de peso e eleva\u00e7\u00e3o da resist\u00eancia dos componentes e dos ve\u00edculos como um todo.&#8221; O outro \u00e9 a redu\u00e7\u00e3o no uso de combust\u00edveis f\u00f3sseis e nas emiss\u00f5es. Com a crescente ado\u00e7\u00e3o da tecnologia de motoriza\u00e7\u00e3o el\u00e9trica e elevado peso das baterias, os fabricantes t\u00eam como meta desenvolver ve\u00edculos mais leves e, ao mesmo tempo, robustos&#8221;, finalizou.<\/p>\n\n\n\n<p>Imagem &#8211; Divulga\u00e7\u00e3o<\/p>\n","protected":false},"excerpt":{"rendered":"<p>O grafeno \u00e9 o material mais leve e forte do mundo, sendo 200 vezes mais resistente do que o a\u00e7o e superando at\u00e9 o diamante. Outra caracter\u00edstica \u00e9 que ele \u00e9 o material mais fino que existe, com espessura de um \u00e1tomo<\/p>\n","protected":false},"author":2,"featured_media":2656,"comment_status":"open","ping_status":"open","sticky":false,"template":"","format":"standard","meta":{"_et_pb_use_builder":"off","_et_pb_old_content":"","_et_gb_content_width":"","_jetpack_memberships_contains_paid_content":false,"footnotes":""},"categories":[90],"tags":[],"class_list":["post-2655","post","type-post","status-publish","format-standard","has-post-thumbnail","hentry","category-noticias","et-has-post-format-content","et_post_format-et-post-format-standard"],"yoast_head":"<!-- This site is optimized with the Yoast SEO plugin v27.2 - https:\/\/yoast.com\/product\/yoast-seo-wordpress\/ -->\n<title>Carro\u00e7arias mais leves e resistentes - Revista AutoBus<\/title>\n<meta name=\"robots\" content=\"index, follow, max-snippet:-1, max-image-preview:large, max-video-preview:-1\" \/>\n<link rel=\"canonical\" href=\"https:\/\/revistaautobus.com.br\/?p=2655\" \/>\n<meta property=\"og:locale\" content=\"pt_BR\" \/>\n<meta property=\"og:type\" content=\"article\" \/>\n<meta property=\"og:title\" content=\"Carro\u00e7arias mais leves e resistentes - Revista AutoBus\" \/>\n<meta property=\"og:description\" content=\"O grafeno \u00e9 o material mais leve e forte do mundo, sendo 200 vezes mais resistente do que o a\u00e7o e superando at\u00e9 o diamante. Outra caracter\u00edstica \u00e9 que ele \u00e9 o material mais fino que existe, com espessura de um \u00e1tomo\" \/>\n<meta property=\"og:url\" content=\"https:\/\/revistaautobus.com.br\/?p=2655\" \/>\n<meta property=\"og:site_name\" content=\"Revista AutoBus\" \/>\n<meta property=\"article:publisher\" content=\"https:\/\/www.facebook.com\/antonio.ferro.3150\" \/>\n<meta property=\"article:published_time\" content=\"2020-05-11T16:14:00+00:00\" \/>\n<meta property=\"article:modified_time\" content=\"2021-06-25T16:24:29+00:00\" \/>\n<meta property=\"og:image\" content=\"https:\/\/revistaautobus.com.br\/wp-content\/uploads\/2021\/06\/carrocarias-mais-leves-e-resistentes-1589213759.jpg\" \/>\n\t<meta property=\"og:image:width\" content=\"1200\" \/>\n\t<meta property=\"og:image:height\" content=\"628\" \/>\n\t<meta property=\"og:image:type\" content=\"image\/jpeg\" \/>\n<meta name=\"author\" content=\"Antonio Ferro\" \/>\n<meta name=\"twitter:card\" content=\"summary_large_image\" \/>\n<meta name=\"twitter:label1\" content=\"Escrito por\" \/>\n\t<meta name=\"twitter:data1\" content=\"Antonio Ferro\" \/>\n\t<meta name=\"twitter:label2\" content=\"Est. tempo de leitura\" \/>\n\t<meta name=\"twitter:data2\" content=\"2 minutos\" \/>\n<script type=\"application\/ld+json\" class=\"yoast-schema-graph\">{\"@context\":\"https:\/\/schema.org\",\"@graph\":[{\"@type\":\"Article\",\"@id\":\"https:\/\/revistaautobus.com.br\/?p=2655#article\",\"isPartOf\":{\"@id\":\"https:\/\/revistaautobus.com.br\/?p=2655\"},\"author\":{\"name\":\"Antonio Ferro\",\"@id\":\"https:\/\/revistaautobus.com.br\/#\/schema\/person\/54af7c3eb83a310e42ef686ef6d16f50\"},\"headline\":\"Carro\u00e7arias mais leves e resistentes\",\"datePublished\":\"2020-05-11T16:14:00+00:00\",\"dateModified\":\"2021-06-25T16:24:29+00:00\",\"mainEntityOfPage\":{\"@id\":\"https:\/\/revistaautobus.com.br\/?p=2655\"},\"wordCount\":380,\"commentCount\":0,\"publisher\":{\"@id\":\"https:\/\/revistaautobus.com.br\/#organization\"},\"image\":{\"@id\":\"https:\/\/revistaautobus.com.br\/?p=2655#primaryimage\"},\"thumbnailUrl\":\"https:\/\/revistaautobus.com.br\/wp-content\/uploads\/2021\/06\/carrocarias-mais-leves-e-resistentes-1589213759.jpg\",\"articleSection\":[\"Not\u00edcias\"],\"inLanguage\":\"pt-BR\",\"potentialAction\":[{\"@type\":\"CommentAction\",\"name\":\"Comment\",\"target\":[\"https:\/\/revistaautobus.com.br\/?p=2655#respond\"]}]},{\"@type\":\"WebPage\",\"@id\":\"https:\/\/revistaautobus.com.br\/?p=2655\",\"url\":\"https:\/\/revistaautobus.com.br\/?p=2655\",\"name\":\"Carro\u00e7arias mais leves e resistentes - Revista AutoBus\",\"isPartOf\":{\"@id\":\"https:\/\/revistaautobus.com.br\/#website\"},\"primaryImageOfPage\":{\"@id\":\"https:\/\/revistaautobus.com.br\/?p=2655#primaryimage\"},\"image\":{\"@id\":\"https:\/\/revistaautobus.com.br\/?p=2655#primaryimage\"},\"thumbnailUrl\":\"https:\/\/revistaautobus.com.br\/wp-content\/uploads\/2021\/06\/carrocarias-mais-leves-e-resistentes-1589213759.jpg\",\"datePublished\":\"2020-05-11T16:14:00+00:00\",\"dateModified\":\"2021-06-25T16:24:29+00:00\",\"breadcrumb\":{\"@id\":\"https:\/\/revistaautobus.com.br\/?p=2655#breadcrumb\"},\"inLanguage\":\"pt-BR\",\"potentialAction\":[{\"@type\":\"ReadAction\",\"target\":[\"https:\/\/revistaautobus.com.br\/?p=2655\"]}]},{\"@type\":\"ImageObject\",\"inLanguage\":\"pt-BR\",\"@id\":\"https:\/\/revistaautobus.com.br\/?p=2655#primaryimage\",\"url\":\"https:\/\/revistaautobus.com.br\/wp-content\/uploads\/2021\/06\/carrocarias-mais-leves-e-resistentes-1589213759.jpg\",\"contentUrl\":\"https:\/\/revistaautobus.com.br\/wp-content\/uploads\/2021\/06\/carrocarias-mais-leves-e-resistentes-1589213759.jpg\",\"width\":1200,\"height\":628},{\"@type\":\"BreadcrumbList\",\"@id\":\"https:\/\/revistaautobus.com.br\/?p=2655#breadcrumb\",\"itemListElement\":[{\"@type\":\"ListItem\",\"position\":1,\"name\":\"In\u00edcio\",\"item\":\"https:\/\/revistaautobus.com.br\/\"},{\"@type\":\"ListItem\",\"position\":2,\"name\":\"Carro\u00e7arias mais leves e resistentes\"}]},{\"@type\":\"WebSite\",\"@id\":\"https:\/\/revistaautobus.com.br\/#website\",\"url\":\"https:\/\/revistaautobus.com.br\/\",\"name\":\"Revista AutoBus\",\"description\":\"\",\"publisher\":{\"@id\":\"https:\/\/revistaautobus.com.br\/#organization\"},\"potentialAction\":[{\"@type\":\"SearchAction\",\"target\":{\"@type\":\"EntryPoint\",\"urlTemplate\":\"https:\/\/revistaautobus.com.br\/?s={search_term_string}\"},\"query-input\":{\"@type\":\"PropertyValueSpecification\",\"valueRequired\":true,\"valueName\":\"search_term_string\"}}],\"inLanguage\":\"pt-BR\"},{\"@type\":\"Organization\",\"@id\":\"https:\/\/revistaautobus.com.br\/#organization\",\"name\":\"Revista AutoBus\",\"url\":\"https:\/\/revistaautobus.com.br\/\",\"logo\":{\"@type\":\"ImageObject\",\"inLanguage\":\"pt-BR\",\"@id\":\"https:\/\/revistaautobus.com.br\/#\/schema\/logo\/image\/\",\"url\":\"https:\/\/revistaautobus.com.br\/wp-content\/uploads\/2024\/11\/logo_revista_autobus_fb.png\",\"contentUrl\":\"https:\/\/revistaautobus.com.br\/wp-content\/uploads\/2024\/11\/logo_revista_autobus_fb.png\",\"width\":836,\"height\":227,\"caption\":\"Revista AutoBus\"},\"image\":{\"@id\":\"https:\/\/revistaautobus.com.br\/#\/schema\/logo\/image\/\"},\"sameAs\":[\"https:\/\/www.facebook.com\/antonio.ferro.3150\",\"https:\/\/www.instagram.com\/revistaautobus\/\"]},{\"@type\":\"Person\",\"@id\":\"https:\/\/revistaautobus.com.br\/#\/schema\/person\/54af7c3eb83a310e42ef686ef6d16f50\",\"name\":\"Antonio Ferro\",\"image\":{\"@type\":\"ImageObject\",\"inLanguage\":\"pt-BR\",\"@id\":\"https:\/\/revistaautobus.com.br\/wp-content\/uploads\/2025\/12\/editor_antonio_ferro-150x150.jpg\",\"url\":\"https:\/\/revistaautobus.com.br\/wp-content\/uploads\/2025\/12\/editor_antonio_ferro-150x150.jpg\",\"contentUrl\":\"https:\/\/revistaautobus.com.br\/wp-content\/uploads\/2025\/12\/editor_antonio_ferro-150x150.jpg\",\"caption\":\"Antonio Ferro\"},\"description\":\"infobus@uol.com.br\",\"url\":\"https:\/\/revistaautobus.com.br\/?author=2\"}]}<\/script>\n<!-- \/ Yoast SEO plugin. -->","yoast_head_json":{"title":"Carro\u00e7arias mais leves e resistentes - Revista AutoBus","robots":{"index":"index","follow":"follow","max-snippet":"max-snippet:-1","max-image-preview":"max-image-preview:large","max-video-preview":"max-video-preview:-1"},"canonical":"https:\/\/revistaautobus.com.br\/?p=2655","og_locale":"pt_BR","og_type":"article","og_title":"Carro\u00e7arias mais leves e resistentes - Revista AutoBus","og_description":"O grafeno \u00e9 o material mais leve e forte do mundo, sendo 200 vezes mais resistente do que o a\u00e7o e superando at\u00e9 o diamante. Outra caracter\u00edstica \u00e9 que ele \u00e9 o material mais fino que existe, com espessura de um \u00e1tomo","og_url":"https:\/\/revistaautobus.com.br\/?p=2655","og_site_name":"Revista AutoBus","article_publisher":"https:\/\/www.facebook.com\/antonio.ferro.3150","article_published_time":"2020-05-11T16:14:00+00:00","article_modified_time":"2021-06-25T16:24:29+00:00","og_image":[{"width":1200,"height":628,"url":"https:\/\/revistaautobus.com.br\/wp-content\/uploads\/2021\/06\/carrocarias-mais-leves-e-resistentes-1589213759.jpg","type":"image\/jpeg"}],"author":"Antonio Ferro","twitter_card":"summary_large_image","twitter_misc":{"Escrito por":"Antonio Ferro","Est. tempo de leitura":"2 minutos"},"schema":{"@context":"https:\/\/schema.org","@graph":[{"@type":"Article","@id":"https:\/\/revistaautobus.com.br\/?p=2655#article","isPartOf":{"@id":"https:\/\/revistaautobus.com.br\/?p=2655"},"author":{"name":"Antonio Ferro","@id":"https:\/\/revistaautobus.com.br\/#\/schema\/person\/54af7c3eb83a310e42ef686ef6d16f50"},"headline":"Carro\u00e7arias mais leves e resistentes","datePublished":"2020-05-11T16:14:00+00:00","dateModified":"2021-06-25T16:24:29+00:00","mainEntityOfPage":{"@id":"https:\/\/revistaautobus.com.br\/?p=2655"},"wordCount":380,"commentCount":0,"publisher":{"@id":"https:\/\/revistaautobus.com.br\/#organization"},"image":{"@id":"https:\/\/revistaautobus.com.br\/?p=2655#primaryimage"},"thumbnailUrl":"https:\/\/revistaautobus.com.br\/wp-content\/uploads\/2021\/06\/carrocarias-mais-leves-e-resistentes-1589213759.jpg","articleSection":["Not\u00edcias"],"inLanguage":"pt-BR","potentialAction":[{"@type":"CommentAction","name":"Comment","target":["https:\/\/revistaautobus.com.br\/?p=2655#respond"]}]},{"@type":"WebPage","@id":"https:\/\/revistaautobus.com.br\/?p=2655","url":"https:\/\/revistaautobus.com.br\/?p=2655","name":"Carro\u00e7arias mais leves e resistentes - Revista AutoBus","isPartOf":{"@id":"https:\/\/revistaautobus.com.br\/#website"},"primaryImageOfPage":{"@id":"https:\/\/revistaautobus.com.br\/?p=2655#primaryimage"},"image":{"@id":"https:\/\/revistaautobus.com.br\/?p=2655#primaryimage"},"thumbnailUrl":"https:\/\/revistaautobus.com.br\/wp-content\/uploads\/2021\/06\/carrocarias-mais-leves-e-resistentes-1589213759.jpg","datePublished":"2020-05-11T16:14:00+00:00","dateModified":"2021-06-25T16:24:29+00:00","breadcrumb":{"@id":"https:\/\/revistaautobus.com.br\/?p=2655#breadcrumb"},"inLanguage":"pt-BR","potentialAction":[{"@type":"ReadAction","target":["https:\/\/revistaautobus.com.br\/?p=2655"]}]},{"@type":"ImageObject","inLanguage":"pt-BR","@id":"https:\/\/revistaautobus.com.br\/?p=2655#primaryimage","url":"https:\/\/revistaautobus.com.br\/wp-content\/uploads\/2021\/06\/carrocarias-mais-leves-e-resistentes-1589213759.jpg","contentUrl":"https:\/\/revistaautobus.com.br\/wp-content\/uploads\/2021\/06\/carrocarias-mais-leves-e-resistentes-1589213759.jpg","width":1200,"height":628},{"@type":"BreadcrumbList","@id":"https:\/\/revistaautobus.com.br\/?p=2655#breadcrumb","itemListElement":[{"@type":"ListItem","position":1,"name":"In\u00edcio","item":"https:\/\/revistaautobus.com.br\/"},{"@type":"ListItem","position":2,"name":"Carro\u00e7arias mais leves e resistentes"}]},{"@type":"WebSite","@id":"https:\/\/revistaautobus.com.br\/#website","url":"https:\/\/revistaautobus.com.br\/","name":"Revista AutoBus","description":"","publisher":{"@id":"https:\/\/revistaautobus.com.br\/#organization"},"potentialAction":[{"@type":"SearchAction","target":{"@type":"EntryPoint","urlTemplate":"https:\/\/revistaautobus.com.br\/?s={search_term_string}"},"query-input":{"@type":"PropertyValueSpecification","valueRequired":true,"valueName":"search_term_string"}}],"inLanguage":"pt-BR"},{"@type":"Organization","@id":"https:\/\/revistaautobus.com.br\/#organization","name":"Revista AutoBus","url":"https:\/\/revistaautobus.com.br\/","logo":{"@type":"ImageObject","inLanguage":"pt-BR","@id":"https:\/\/revistaautobus.com.br\/#\/schema\/logo\/image\/","url":"https:\/\/revistaautobus.com.br\/wp-content\/uploads\/2024\/11\/logo_revista_autobus_fb.png","contentUrl":"https:\/\/revistaautobus.com.br\/wp-content\/uploads\/2024\/11\/logo_revista_autobus_fb.png","width":836,"height":227,"caption":"Revista AutoBus"},"image":{"@id":"https:\/\/revistaautobus.com.br\/#\/schema\/logo\/image\/"},"sameAs":["https:\/\/www.facebook.com\/antonio.ferro.3150","https:\/\/www.instagram.com\/revistaautobus\/"]},{"@type":"Person","@id":"https:\/\/revistaautobus.com.br\/#\/schema\/person\/54af7c3eb83a310e42ef686ef6d16f50","name":"Antonio Ferro","image":{"@type":"ImageObject","inLanguage":"pt-BR","@id":"https:\/\/revistaautobus.com.br\/wp-content\/uploads\/2025\/12\/editor_antonio_ferro-150x150.jpg","url":"https:\/\/revistaautobus.com.br\/wp-content\/uploads\/2025\/12\/editor_antonio_ferro-150x150.jpg","contentUrl":"https:\/\/revistaautobus.com.br\/wp-content\/uploads\/2025\/12\/editor_antonio_ferro-150x150.jpg","caption":"Antonio Ferro"},"description":"infobus@uol.com.br","url":"https:\/\/revistaautobus.com.br\/?author=2"}]}},"jetpack_featured_media_url":"https:\/\/revistaautobus.com.br\/wp-content\/uploads\/2021\/06\/carrocarias-mais-leves-e-resistentes-1589213759.jpg","jetpack_sharing_enabled":true,"_links":{"self":[{"href":"https:\/\/revistaautobus.com.br\/index.php?rest_route=\/wp\/v2\/posts\/2655","targetHints":{"allow":["GET"]}}],"collection":[{"href":"https:\/\/revistaautobus.com.br\/index.php?rest_route=\/wp\/v2\/posts"}],"about":[{"href":"https:\/\/revistaautobus.com.br\/index.php?rest_route=\/wp\/v2\/types\/post"}],"author":[{"embeddable":true,"href":"https:\/\/revistaautobus.com.br\/index.php?rest_route=\/wp\/v2\/users\/2"}],"replies":[{"embeddable":true,"href":"https:\/\/revistaautobus.com.br\/index.php?rest_route=%2Fwp%2Fv2%2Fcomments&post=2655"}],"version-history":[{"count":1,"href":"https:\/\/revistaautobus.com.br\/index.php?rest_route=\/wp\/v2\/posts\/2655\/revisions"}],"predecessor-version":[{"id":2657,"href":"https:\/\/revistaautobus.com.br\/index.php?rest_route=\/wp\/v2\/posts\/2655\/revisions\/2657"}],"wp:featuredmedia":[{"embeddable":true,"href":"https:\/\/revistaautobus.com.br\/index.php?rest_route=\/wp\/v2\/media\/2656"}],"wp:attachment":[{"href":"https:\/\/revistaautobus.com.br\/index.php?rest_route=%2Fwp%2Fv2%2Fmedia&parent=2655"}],"wp:term":[{"taxonomy":"category","embeddable":true,"href":"https:\/\/revistaautobus.com.br\/index.php?rest_route=%2Fwp%2Fv2%2Fcategories&post=2655"},{"taxonomy":"post_tag","embeddable":true,"href":"https:\/\/revistaautobus.com.br\/index.php?rest_route=%2Fwp%2Fv2%2Ftags&post=2655"}],"curies":[{"name":"wp","href":"https:\/\/api.w.org\/{rel}","templated":true}]}}