{"id":2661,"date":"2020-05-11T13:17:00","date_gmt":"2020-05-11T16:17:00","guid":{"rendered":"https:\/\/vila8.com.br\/clientes\/autobus\/?p=2661"},"modified":"2021-06-25T13:25:54","modified_gmt":"2021-06-25T16:25:54","slug":"gas-movera-o-transporte-bogotano","status":"publish","type":"post","link":"https:\/\/revistaautobus.com.br\/?p=2661","title":{"rendered":"G\u00e1s mover\u00e1 o transporte bogotano"},"content":{"rendered":"\n<p>Se aqui n\u00e3o tem presen\u00e7a, l\u00e1 h\u00e1 mercado. Calma, \u00e9 preciso entender a quest\u00e3o. Se o \u00f4nibus urbano equipado com o propulsor a g\u00e1s natural tem um hist\u00f3rico bem negativo em solo brasileiro, em outros pa\u00edses da Am\u00e9rica Latina ele vem se mostrando uma op\u00e7\u00e3o vi\u00e1vel em termos ambientais e operacionais. Apesar do Governo Federal ter anunciado um amplo programa de est\u00edmulo a esse combust\u00edvel, o que poderia fomentar seu maior uso em frotas de ve\u00edculos pesados, a realidade ainda n\u00e3o confirmou a formata\u00e7\u00e3o de pol\u00edticas p\u00fablicas idealizadas para tal aspecto. O Brasil possui extensas \u00e1reas explorat\u00f3rias do g\u00e1s e conta com um enorme potencial para produzir o biog\u00e1s, a vers\u00e3o renov\u00e1vel do primo f\u00f3ssil, fato que contribuiria em muito com a redu\u00e7\u00e3o dos efeitos negativos vindos da utiliza\u00e7\u00e3o do diesel ou da gasolina no transporte urbano.<\/p>\n\n\n\n<p>Mas, vamos ao fato de Bogot\u00e1 estar promovendo um grande programa de renova\u00e7\u00e3o de sua frota de \u00f4nibus para o transporte coletivo local, destacando para isso o uso de tecnologias alternativas ao diesel na propuls\u00e3o dos novos ve\u00edculos. Este espa\u00e7o j\u00e1 anunciou v\u00e1rias vezes a disposi\u00e7\u00e3o do governo da cidade e da Col\u00f4mbia em estabelecer metas para investir na troca dos ve\u00edculos mais antigos por modelos de \u00faltima gera\u00e7\u00e3o, com baixa ou nenhuma emiss\u00e3o poluente.<\/p>\n\n\n\n<p>Quanto ao g\u00e1s natural, ele ser\u00e1 mais uma op\u00e7\u00e3o em combust\u00edvel na rede SITP, Sistema Integrado de Transporte P\u00fablico de Bogot\u00e1, organismo governamental que tem como objetivo garantir a otimiza\u00e7\u00e3o dos servi\u00e7os de transporte, al\u00e9m de proporcionar uma melhor qualidade de vida ao habitantes da cidade. Tr\u00eas operadoras do transporte zonal, GMasivo (grupo Masivo, 2 unidades) y Gran America (Grupo Express, 1 unidade), escolheram a Scania como provedor dos novos \u00f4nibus equipados com motoriza\u00e7\u00e3o a g\u00e1s. Nessa primeira fase de aquisi\u00e7\u00e3o da nova frota, 534 chassis entrar\u00e3o em opera\u00e7\u00e3o, todos do modelo K280 para as carro\u00e7arias do tipo Padron (12 metros).<\/p>\n\n\n\n<p>O propulsor Euro VI \u00e9 capaz de reduzir 95% das emiss\u00f5es de material particulado (fuma\u00e7a preta) em compara\u00e7\u00e3o aos motores Euro V ou inferiores. &#8220;A cidade de Bogot\u00e1 tem dois grandes desafios relacionados ao transporte: a renova\u00e7\u00e3o da frota existente e como lidar com a polui\u00e7\u00e3o. Os \u00f4nibus a g\u00e1s s\u00e3o uma excelente solu\u00e7\u00e3o para ambos os problemas, pois nosso produto permite reduzir drasticamente as emiss\u00f5es de material particulado (a principal causa de doen\u00e7as respirat\u00f3rias na cidade), gases de efeito estufa e polui\u00e7\u00e3o sonora, sem negligenciar aspectos como rentabilidade, efici\u00eancia e sustentabilidade das opera\u00e7\u00f5es de nossos clientes &#8220;, destacou Juan Carlos Ocampo, diretor geral da Scania Col\u00f4mbia.<\/p>\n\n\n\n<p>Al\u00e9m dos ve\u00edculos, a marca ir\u00e1 disponibilizar o seu programa de manuten\u00e7\u00e3o aos operadores. Lembrando que a montadora j\u00e1 comercializou recentemente 741 chassis, entre articulados e biarticulados, todos movidos a g\u00e1s natural, para o sistema TransMilenio.<\/p>\n\n\n\n<p>Imagem &#8211; Reprodu\u00e7\u00e3o<\/p>\n","protected":false},"excerpt":{"rendered":"<p>Bogot\u00e1 est\u00e1 promovendo um grande programa de renova\u00e7\u00e3o de sua frota de \u00f4nibus para o transporte coletivo local, destacando para isso o uso de tecnologias alternativas ao diesel na propuls\u00e3o dos novos ve\u00edculos<\/p>\n","protected":false},"author":2,"featured_media":2662,"comment_status":"open","ping_status":"open","sticky":false,"template":"","format":"standard","meta":{"_et_pb_use_builder":"off","_et_pb_old_content":"","_et_gb_content_width":"","_jetpack_memberships_contains_paid_content":false,"footnotes":""},"categories":[90],"tags":[],"class_list":["post-2661","post","type-post","status-publish","format-standard","has-post-thumbnail","hentry","category-noticias","et-has-post-format-content","et_post_format-et-post-format-standard"],"yoast_head":"<!-- This site is optimized with the Yoast SEO plugin v27.2 - https:\/\/yoast.com\/product\/yoast-seo-wordpress\/ -->\n<title>G\u00e1s mover\u00e1 o transporte bogotano - Revista AutoBus<\/title>\n<meta name=\"robots\" content=\"index, follow, max-snippet:-1, max-image-preview:large, max-video-preview:-1\" \/>\n<link rel=\"canonical\" href=\"https:\/\/revistaautobus.com.br\/?p=2661\" \/>\n<meta property=\"og:locale\" content=\"pt_BR\" \/>\n<meta property=\"og:type\" content=\"article\" \/>\n<meta property=\"og:title\" content=\"G\u00e1s mover\u00e1 o transporte bogotano - Revista AutoBus\" \/>\n<meta property=\"og:description\" content=\"Bogot\u00e1 est\u00e1 promovendo um grande programa de renova\u00e7\u00e3o de sua frota de \u00f4nibus para o transporte coletivo local, destacando para isso o uso de tecnologias alternativas ao diesel na propuls\u00e3o dos novos ve\u00edculos\" \/>\n<meta property=\"og:url\" content=\"https:\/\/revistaautobus.com.br\/?p=2661\" \/>\n<meta property=\"og:site_name\" content=\"Revista AutoBus\" \/>\n<meta property=\"article:publisher\" content=\"https:\/\/www.facebook.com\/antonio.ferro.3150\" \/>\n<meta property=\"article:published_time\" content=\"2020-05-11T16:17:00+00:00\" \/>\n<meta property=\"article:modified_time\" content=\"2021-06-25T16:25:54+00:00\" \/>\n<meta property=\"og:image\" content=\"https:\/\/revistaautobus.com.br\/wp-content\/uploads\/2021\/06\/gas-movera-o-transporte-bogotano-1589213923.jpg\" \/>\n\t<meta property=\"og:image:width\" content=\"1200\" \/>\n\t<meta property=\"og:image:height\" content=\"628\" \/>\n\t<meta property=\"og:image:type\" content=\"image\/jpeg\" \/>\n<meta name=\"author\" content=\"Antonio Ferro\" \/>\n<meta name=\"twitter:card\" content=\"summary_large_image\" \/>\n<meta name=\"twitter:label1\" content=\"Escrito por\" \/>\n\t<meta name=\"twitter:data1\" content=\"Antonio Ferro\" \/>\n\t<meta name=\"twitter:label2\" content=\"Est. tempo de leitura\" \/>\n\t<meta name=\"twitter:data2\" content=\"3 minutos\" \/>\n<script type=\"application\/ld+json\" class=\"yoast-schema-graph\">{\"@context\":\"https:\/\/schema.org\",\"@graph\":[{\"@type\":\"Article\",\"@id\":\"https:\/\/revistaautobus.com.br\/?p=2661#article\",\"isPartOf\":{\"@id\":\"https:\/\/revistaautobus.com.br\/?p=2661\"},\"author\":{\"name\":\"Antonio Ferro\",\"@id\":\"https:\/\/revistaautobus.com.br\/#\/schema\/person\/54af7c3eb83a310e42ef686ef6d16f50\"},\"headline\":\"G\u00e1s mover\u00e1 o transporte bogotano\",\"datePublished\":\"2020-05-11T16:17:00+00:00\",\"dateModified\":\"2021-06-25T16:25:54+00:00\",\"mainEntityOfPage\":{\"@id\":\"https:\/\/revistaautobus.com.br\/?p=2661\"},\"wordCount\":524,\"commentCount\":0,\"publisher\":{\"@id\":\"https:\/\/revistaautobus.com.br\/#organization\"},\"image\":{\"@id\":\"https:\/\/revistaautobus.com.br\/?p=2661#primaryimage\"},\"thumbnailUrl\":\"https:\/\/revistaautobus.com.br\/wp-content\/uploads\/2021\/06\/gas-movera-o-transporte-bogotano-1589213923.jpg\",\"articleSection\":[\"Not\u00edcias\"],\"inLanguage\":\"pt-BR\",\"potentialAction\":[{\"@type\":\"CommentAction\",\"name\":\"Comment\",\"target\":[\"https:\/\/revistaautobus.com.br\/?p=2661#respond\"]}]},{\"@type\":\"WebPage\",\"@id\":\"https:\/\/revistaautobus.com.br\/?p=2661\",\"url\":\"https:\/\/revistaautobus.com.br\/?p=2661\",\"name\":\"G\u00e1s mover\u00e1 o transporte bogotano - Revista AutoBus\",\"isPartOf\":{\"@id\":\"https:\/\/revistaautobus.com.br\/#website\"},\"primaryImageOfPage\":{\"@id\":\"https:\/\/revistaautobus.com.br\/?p=2661#primaryimage\"},\"image\":{\"@id\":\"https:\/\/revistaautobus.com.br\/?p=2661#primaryimage\"},\"thumbnailUrl\":\"https:\/\/revistaautobus.com.br\/wp-content\/uploads\/2021\/06\/gas-movera-o-transporte-bogotano-1589213923.jpg\",\"datePublished\":\"2020-05-11T16:17:00+00:00\",\"dateModified\":\"2021-06-25T16:25:54+00:00\",\"breadcrumb\":{\"@id\":\"https:\/\/revistaautobus.com.br\/?p=2661#breadcrumb\"},\"inLanguage\":\"pt-BR\",\"potentialAction\":[{\"@type\":\"ReadAction\",\"target\":[\"https:\/\/revistaautobus.com.br\/?p=2661\"]}]},{\"@type\":\"ImageObject\",\"inLanguage\":\"pt-BR\",\"@id\":\"https:\/\/revistaautobus.com.br\/?p=2661#primaryimage\",\"url\":\"https:\/\/revistaautobus.com.br\/wp-content\/uploads\/2021\/06\/gas-movera-o-transporte-bogotano-1589213923.jpg\",\"contentUrl\":\"https:\/\/revistaautobus.com.br\/wp-content\/uploads\/2021\/06\/gas-movera-o-transporte-bogotano-1589213923.jpg\",\"width\":1200,\"height\":628},{\"@type\":\"BreadcrumbList\",\"@id\":\"https:\/\/revistaautobus.com.br\/?p=2661#breadcrumb\",\"itemListElement\":[{\"@type\":\"ListItem\",\"position\":1,\"name\":\"In\u00edcio\",\"item\":\"https:\/\/revistaautobus.com.br\/\"},{\"@type\":\"ListItem\",\"position\":2,\"name\":\"G\u00e1s mover\u00e1 o transporte bogotano\"}]},{\"@type\":\"WebSite\",\"@id\":\"https:\/\/revistaautobus.com.br\/#website\",\"url\":\"https:\/\/revistaautobus.com.br\/\",\"name\":\"Revista AutoBus\",\"description\":\"\",\"publisher\":{\"@id\":\"https:\/\/revistaautobus.com.br\/#organization\"},\"potentialAction\":[{\"@type\":\"SearchAction\",\"target\":{\"@type\":\"EntryPoint\",\"urlTemplate\":\"https:\/\/revistaautobus.com.br\/?s={search_term_string}\"},\"query-input\":{\"@type\":\"PropertyValueSpecification\",\"valueRequired\":true,\"valueName\":\"search_term_string\"}}],\"inLanguage\":\"pt-BR\"},{\"@type\":\"Organization\",\"@id\":\"https:\/\/revistaautobus.com.br\/#organization\",\"name\":\"Revista AutoBus\",\"url\":\"https:\/\/revistaautobus.com.br\/\",\"logo\":{\"@type\":\"ImageObject\",\"inLanguage\":\"pt-BR\",\"@id\":\"https:\/\/revistaautobus.com.br\/#\/schema\/logo\/image\/\",\"url\":\"https:\/\/revistaautobus.com.br\/wp-content\/uploads\/2024\/11\/logo_revista_autobus_fb.png\",\"contentUrl\":\"https:\/\/revistaautobus.com.br\/wp-content\/uploads\/2024\/11\/logo_revista_autobus_fb.png\",\"width\":836,\"height\":227,\"caption\":\"Revista AutoBus\"},\"image\":{\"@id\":\"https:\/\/revistaautobus.com.br\/#\/schema\/logo\/image\/\"},\"sameAs\":[\"https:\/\/www.facebook.com\/antonio.ferro.3150\",\"https:\/\/www.instagram.com\/revistaautobus\/\"]},{\"@type\":\"Person\",\"@id\":\"https:\/\/revistaautobus.com.br\/#\/schema\/person\/54af7c3eb83a310e42ef686ef6d16f50\",\"name\":\"Antonio Ferro\",\"image\":{\"@type\":\"ImageObject\",\"inLanguage\":\"pt-BR\",\"@id\":\"https:\/\/revistaautobus.com.br\/wp-content\/uploads\/2025\/12\/editor_antonio_ferro-150x150.jpg\",\"url\":\"https:\/\/revistaautobus.com.br\/wp-content\/uploads\/2025\/12\/editor_antonio_ferro-150x150.jpg\",\"contentUrl\":\"https:\/\/revistaautobus.com.br\/wp-content\/uploads\/2025\/12\/editor_antonio_ferro-150x150.jpg\",\"caption\":\"Antonio Ferro\"},\"description\":\"infobus@uol.com.br\",\"url\":\"https:\/\/revistaautobus.com.br\/?author=2\"}]}<\/script>\n<!-- \/ Yoast SEO plugin. -->","yoast_head_json":{"title":"G\u00e1s mover\u00e1 o transporte bogotano - Revista AutoBus","robots":{"index":"index","follow":"follow","max-snippet":"max-snippet:-1","max-image-preview":"max-image-preview:large","max-video-preview":"max-video-preview:-1"},"canonical":"https:\/\/revistaautobus.com.br\/?p=2661","og_locale":"pt_BR","og_type":"article","og_title":"G\u00e1s mover\u00e1 o transporte bogotano - Revista AutoBus","og_description":"Bogot\u00e1 est\u00e1 promovendo um grande programa de renova\u00e7\u00e3o de sua frota de \u00f4nibus para o transporte coletivo local, destacando para isso o uso de tecnologias alternativas ao diesel na propuls\u00e3o dos novos ve\u00edculos","og_url":"https:\/\/revistaautobus.com.br\/?p=2661","og_site_name":"Revista AutoBus","article_publisher":"https:\/\/www.facebook.com\/antonio.ferro.3150","article_published_time":"2020-05-11T16:17:00+00:00","article_modified_time":"2021-06-25T16:25:54+00:00","og_image":[{"width":1200,"height":628,"url":"https:\/\/revistaautobus.com.br\/wp-content\/uploads\/2021\/06\/gas-movera-o-transporte-bogotano-1589213923.jpg","type":"image\/jpeg"}],"author":"Antonio Ferro","twitter_card":"summary_large_image","twitter_misc":{"Escrito por":"Antonio Ferro","Est. tempo de leitura":"3 minutos"},"schema":{"@context":"https:\/\/schema.org","@graph":[{"@type":"Article","@id":"https:\/\/revistaautobus.com.br\/?p=2661#article","isPartOf":{"@id":"https:\/\/revistaautobus.com.br\/?p=2661"},"author":{"name":"Antonio Ferro","@id":"https:\/\/revistaautobus.com.br\/#\/schema\/person\/54af7c3eb83a310e42ef686ef6d16f50"},"headline":"G\u00e1s mover\u00e1 o transporte bogotano","datePublished":"2020-05-11T16:17:00+00:00","dateModified":"2021-06-25T16:25:54+00:00","mainEntityOfPage":{"@id":"https:\/\/revistaautobus.com.br\/?p=2661"},"wordCount":524,"commentCount":0,"publisher":{"@id":"https:\/\/revistaautobus.com.br\/#organization"},"image":{"@id":"https:\/\/revistaautobus.com.br\/?p=2661#primaryimage"},"thumbnailUrl":"https:\/\/revistaautobus.com.br\/wp-content\/uploads\/2021\/06\/gas-movera-o-transporte-bogotano-1589213923.jpg","articleSection":["Not\u00edcias"],"inLanguage":"pt-BR","potentialAction":[{"@type":"CommentAction","name":"Comment","target":["https:\/\/revistaautobus.com.br\/?p=2661#respond"]}]},{"@type":"WebPage","@id":"https:\/\/revistaautobus.com.br\/?p=2661","url":"https:\/\/revistaautobus.com.br\/?p=2661","name":"G\u00e1s mover\u00e1 o transporte bogotano - Revista AutoBus","isPartOf":{"@id":"https:\/\/revistaautobus.com.br\/#website"},"primaryImageOfPage":{"@id":"https:\/\/revistaautobus.com.br\/?p=2661#primaryimage"},"image":{"@id":"https:\/\/revistaautobus.com.br\/?p=2661#primaryimage"},"thumbnailUrl":"https:\/\/revistaautobus.com.br\/wp-content\/uploads\/2021\/06\/gas-movera-o-transporte-bogotano-1589213923.jpg","datePublished":"2020-05-11T16:17:00+00:00","dateModified":"2021-06-25T16:25:54+00:00","breadcrumb":{"@id":"https:\/\/revistaautobus.com.br\/?p=2661#breadcrumb"},"inLanguage":"pt-BR","potentialAction":[{"@type":"ReadAction","target":["https:\/\/revistaautobus.com.br\/?p=2661"]}]},{"@type":"ImageObject","inLanguage":"pt-BR","@id":"https:\/\/revistaautobus.com.br\/?p=2661#primaryimage","url":"https:\/\/revistaautobus.com.br\/wp-content\/uploads\/2021\/06\/gas-movera-o-transporte-bogotano-1589213923.jpg","contentUrl":"https:\/\/revistaautobus.com.br\/wp-content\/uploads\/2021\/06\/gas-movera-o-transporte-bogotano-1589213923.jpg","width":1200,"height":628},{"@type":"BreadcrumbList","@id":"https:\/\/revistaautobus.com.br\/?p=2661#breadcrumb","itemListElement":[{"@type":"ListItem","position":1,"name":"In\u00edcio","item":"https:\/\/revistaautobus.com.br\/"},{"@type":"ListItem","position":2,"name":"G\u00e1s mover\u00e1 o transporte bogotano"}]},{"@type":"WebSite","@id":"https:\/\/revistaautobus.com.br\/#website","url":"https:\/\/revistaautobus.com.br\/","name":"Revista AutoBus","description":"","publisher":{"@id":"https:\/\/revistaautobus.com.br\/#organization"},"potentialAction":[{"@type":"SearchAction","target":{"@type":"EntryPoint","urlTemplate":"https:\/\/revistaautobus.com.br\/?s={search_term_string}"},"query-input":{"@type":"PropertyValueSpecification","valueRequired":true,"valueName":"search_term_string"}}],"inLanguage":"pt-BR"},{"@type":"Organization","@id":"https:\/\/revistaautobus.com.br\/#organization","name":"Revista AutoBus","url":"https:\/\/revistaautobus.com.br\/","logo":{"@type":"ImageObject","inLanguage":"pt-BR","@id":"https:\/\/revistaautobus.com.br\/#\/schema\/logo\/image\/","url":"https:\/\/revistaautobus.com.br\/wp-content\/uploads\/2024\/11\/logo_revista_autobus_fb.png","contentUrl":"https:\/\/revistaautobus.com.br\/wp-content\/uploads\/2024\/11\/logo_revista_autobus_fb.png","width":836,"height":227,"caption":"Revista AutoBus"},"image":{"@id":"https:\/\/revistaautobus.com.br\/#\/schema\/logo\/image\/"},"sameAs":["https:\/\/www.facebook.com\/antonio.ferro.3150","https:\/\/www.instagram.com\/revistaautobus\/"]},{"@type":"Person","@id":"https:\/\/revistaautobus.com.br\/#\/schema\/person\/54af7c3eb83a310e42ef686ef6d16f50","name":"Antonio Ferro","image":{"@type":"ImageObject","inLanguage":"pt-BR","@id":"https:\/\/revistaautobus.com.br\/wp-content\/uploads\/2025\/12\/editor_antonio_ferro-150x150.jpg","url":"https:\/\/revistaautobus.com.br\/wp-content\/uploads\/2025\/12\/editor_antonio_ferro-150x150.jpg","contentUrl":"https:\/\/revistaautobus.com.br\/wp-content\/uploads\/2025\/12\/editor_antonio_ferro-150x150.jpg","caption":"Antonio Ferro"},"description":"infobus@uol.com.br","url":"https:\/\/revistaautobus.com.br\/?author=2"}]}},"jetpack_featured_media_url":"https:\/\/revistaautobus.com.br\/wp-content\/uploads\/2021\/06\/gas-movera-o-transporte-bogotano-1589213923.jpg","jetpack_sharing_enabled":true,"_links":{"self":[{"href":"https:\/\/revistaautobus.com.br\/index.php?rest_route=\/wp\/v2\/posts\/2661","targetHints":{"allow":["GET"]}}],"collection":[{"href":"https:\/\/revistaautobus.com.br\/index.php?rest_route=\/wp\/v2\/posts"}],"about":[{"href":"https:\/\/revistaautobus.com.br\/index.php?rest_route=\/wp\/v2\/types\/post"}],"author":[{"embeddable":true,"href":"https:\/\/revistaautobus.com.br\/index.php?rest_route=\/wp\/v2\/users\/2"}],"replies":[{"embeddable":true,"href":"https:\/\/revistaautobus.com.br\/index.php?rest_route=%2Fwp%2Fv2%2Fcomments&post=2661"}],"version-history":[{"count":1,"href":"https:\/\/revistaautobus.com.br\/index.php?rest_route=\/wp\/v2\/posts\/2661\/revisions"}],"predecessor-version":[{"id":2663,"href":"https:\/\/revistaautobus.com.br\/index.php?rest_route=\/wp\/v2\/posts\/2661\/revisions\/2663"}],"wp:featuredmedia":[{"embeddable":true,"href":"https:\/\/revistaautobus.com.br\/index.php?rest_route=\/wp\/v2\/media\/2662"}],"wp:attachment":[{"href":"https:\/\/revistaautobus.com.br\/index.php?rest_route=%2Fwp%2Fv2%2Fmedia&parent=2661"}],"wp:term":[{"taxonomy":"category","embeddable":true,"href":"https:\/\/revistaautobus.com.br\/index.php?rest_route=%2Fwp%2Fv2%2Fcategories&post=2661"},{"taxonomy":"post_tag","embeddable":true,"href":"https:\/\/revistaautobus.com.br\/index.php?rest_route=%2Fwp%2Fv2%2Ftags&post=2661"}],"curies":[{"name":"wp","href":"https:\/\/api.w.org\/{rel}","templated":true}]}}