{"id":2667,"date":"2020-05-19T14:00:00","date_gmt":"2020-05-19T17:00:00","guid":{"rendered":"https:\/\/vila8.com.br\/clientes\/autobus\/?p=2667"},"modified":"2021-06-25T13:27:30","modified_gmt":"2021-06-25T16:27:30","slug":"visao-de-transporte-sustentavel","status":"publish","type":"post","link":"https:\/\/revistaautobus.com.br\/?p=2667","title":{"rendered":"Vis\u00e3o de transporte sustent\u00e1vel"},"content":{"rendered":"\n<p>A fabricante brit\u00e2nica de \u00f4nibus Alexander Dennis (ADL) revelou recentemente sua vis\u00e3o de neg\u00f3cios envolvendo os ve\u00edculos com tra\u00e7\u00e3o alternativa para os pr\u00f3ximos quatro anos em todas as regi\u00f5es do Reino Unido. De acordo com ela, pelo menos 10.000 \u00f4nibus equipados com propulsores de baixo ou nenhum impacto negativo ao ambiente devem estar em opera\u00e7\u00e3o pelas cidades. O bloqueio urbano causado pela pandemia do coronav\u00edrus mostrou uma redu\u00e7\u00e3o significativa das emiss\u00f5es poluentes vindas dos sistemas de transportes. Com isso, \u00e9 necess\u00e1ria a valoriza\u00e7\u00e3o do transporte p\u00fablico frente ao modelo do grande uso dos autom\u00f3veis.<\/p>\n\n\n\n<p>Colin Robertson, diretor executivo da ADL, disse que, juntamente com viagens ativas e outros modos de transporte p\u00fablico, os \u00f4nibus s\u00e3o uma parte crucial da solu\u00e7\u00e3o. &#8220;Como sociedade, precisamos agir imediatamente e oferecer benef\u00edcios o mais r\u00e1pido poss\u00edvel para minimizar a deteriora\u00e7\u00e3o da qualidade do ar quando a economia reiniciar&#8221;, disse ele.<\/p>\n\n\n\n<p>Na vis\u00e3o da ADL, os novos \u00f4nibus sem emiss\u00f5es poderiam estar prontos antes do final do ano para retirar das ruas os ve\u00edculos mais antigos com motores a diesel, oferecendo ainda maior capacidade para facilitar o distanciamento social. Esses \u00f4nibus podem ter a tecnologia da tra\u00e7\u00e3o el\u00e9trica, com baterias ou movidos a hidrog\u00eanio. A fabricante ainda ressaltou que os trabalhos para a substitui\u00e7\u00e3o das frotas poderiam come\u00e7ar pelo planejamento e desenvolvimento da infraestrutura de recarga dos \u00f4nibus com emiss\u00e3o zero. J\u00e1 os \u00f4nibus de hidrog\u00eanio desempenhar\u00e3o seu papel nas rotas que requerem alcance adicional e estar\u00e3o prontos quando uma infraestrutura de abastecimento do combust\u00edvel e um suprimento sustent\u00e1vel de hidrog\u00eanio verde forem instalados. &#8220;Solicitamos ao governo do Reino Unido e \u00e0s administra\u00e7\u00f5es encarregadas de incentivar a transi\u00e7\u00e3o para um transporte mais limpo, a acelera\u00e7\u00e3o do financiamento destinado a \u00f4nibus com emiss\u00e3o zero, assegurando benef\u00edcios \u00e0 sa\u00fade de um impacto positivo imediato na qualidade do ar que pode alcan\u00e7ado pela frota verde que poderia estar em servi\u00e7o antes do final deste ano&#8221;, observou Colin Robertson.<\/p>\n\n\n\n<p>Finalizando, a ADL informou que \u00f4nibus limpos, espa\u00e7osos e bem equipados tamb\u00e9m serviriam para tranquilizar os passageiros quanto a uma viagem segura, com distanciamento social, conforme necess\u00e1rio, para seus locais de trabalho, compras, estudos e atividades de lazer, ajudando a recupera\u00e7\u00e3o da econ\u00f4mica do pa\u00eds.<\/p>\n\n\n\n<p>Imagem &#8211; ADL<\/p>\n","protected":false},"excerpt":{"rendered":"<p>Na vis\u00e3o da ADL, os novos \u00f4nibus sem emiss\u00f5es poderiam estar prontos antes do final do ano para retirar das ruas os ve\u00edculos mais antigos com motores a diesel, oferecendo ainda maior capacidade para facilitar o distanciamento social<\/p>\n","protected":false},"author":2,"featured_media":2668,"comment_status":"open","ping_status":"open","sticky":false,"template":"","format":"standard","meta":{"_et_pb_use_builder":"off","_et_pb_old_content":"","_et_gb_content_width":"","_jetpack_memberships_contains_paid_content":false,"footnotes":""},"categories":[90],"tags":[],"class_list":["post-2667","post","type-post","status-publish","format-standard","has-post-thumbnail","hentry","category-noticias","et-has-post-format-content","et_post_format-et-post-format-standard"],"yoast_head":"<!-- This site is optimized with the Yoast SEO plugin v27.2 - https:\/\/yoast.com\/product\/yoast-seo-wordpress\/ -->\n<title>Vis\u00e3o de transporte sustent\u00e1vel - Revista AutoBus<\/title>\n<meta name=\"robots\" content=\"index, follow, max-snippet:-1, max-image-preview:large, max-video-preview:-1\" \/>\n<link rel=\"canonical\" href=\"https:\/\/revistaautobus.com.br\/?p=2667\" \/>\n<meta property=\"og:locale\" content=\"pt_BR\" \/>\n<meta property=\"og:type\" content=\"article\" \/>\n<meta property=\"og:title\" content=\"Vis\u00e3o de transporte sustent\u00e1vel - Revista AutoBus\" \/>\n<meta property=\"og:description\" content=\"Na vis\u00e3o da ADL, os novos \u00f4nibus sem emiss\u00f5es poderiam estar prontos antes do final do ano para retirar das ruas os ve\u00edculos mais antigos com motores a diesel, oferecendo ainda maior capacidade para facilitar o distanciamento social\" \/>\n<meta property=\"og:url\" content=\"https:\/\/revistaautobus.com.br\/?p=2667\" \/>\n<meta property=\"og:site_name\" content=\"Revista AutoBus\" \/>\n<meta property=\"article:publisher\" content=\"https:\/\/www.facebook.com\/antonio.ferro.3150\" \/>\n<meta property=\"article:published_time\" content=\"2020-05-19T17:00:00+00:00\" \/>\n<meta property=\"article:modified_time\" content=\"2021-06-25T16:27:30+00:00\" \/>\n<meta property=\"og:image\" content=\"https:\/\/revistaautobus.com.br\/wp-content\/uploads\/2021\/06\/visao-de-transporte-sustentavel-1589907720.jpg\" \/>\n\t<meta property=\"og:image:width\" content=\"1200\" \/>\n\t<meta property=\"og:image:height\" content=\"628\" \/>\n\t<meta property=\"og:image:type\" content=\"image\/jpeg\" \/>\n<meta name=\"author\" content=\"Antonio Ferro\" \/>\n<meta name=\"twitter:card\" content=\"summary_large_image\" \/>\n<meta name=\"twitter:label1\" content=\"Escrito por\" \/>\n\t<meta name=\"twitter:data1\" content=\"Antonio Ferro\" \/>\n\t<meta name=\"twitter:label2\" content=\"Est. tempo de leitura\" \/>\n\t<meta name=\"twitter:data2\" content=\"2 minutos\" \/>\n<script type=\"application\/ld+json\" class=\"yoast-schema-graph\">{\"@context\":\"https:\/\/schema.org\",\"@graph\":[{\"@type\":\"Article\",\"@id\":\"https:\/\/revistaautobus.com.br\/?p=2667#article\",\"isPartOf\":{\"@id\":\"https:\/\/revistaautobus.com.br\/?p=2667\"},\"author\":{\"name\":\"Antonio Ferro\",\"@id\":\"https:\/\/revistaautobus.com.br\/#\/schema\/person\/54af7c3eb83a310e42ef686ef6d16f50\"},\"headline\":\"Vis\u00e3o de transporte sustent\u00e1vel\",\"datePublished\":\"2020-05-19T17:00:00+00:00\",\"dateModified\":\"2021-06-25T16:27:30+00:00\",\"mainEntityOfPage\":{\"@id\":\"https:\/\/revistaautobus.com.br\/?p=2667\"},\"wordCount\":422,\"commentCount\":0,\"publisher\":{\"@id\":\"https:\/\/revistaautobus.com.br\/#organization\"},\"image\":{\"@id\":\"https:\/\/revistaautobus.com.br\/?p=2667#primaryimage\"},\"thumbnailUrl\":\"https:\/\/revistaautobus.com.br\/wp-content\/uploads\/2021\/06\/visao-de-transporte-sustentavel-1589907720.jpg\",\"articleSection\":[\"Not\u00edcias\"],\"inLanguage\":\"pt-BR\",\"potentialAction\":[{\"@type\":\"CommentAction\",\"name\":\"Comment\",\"target\":[\"https:\/\/revistaautobus.com.br\/?p=2667#respond\"]}]},{\"@type\":\"WebPage\",\"@id\":\"https:\/\/revistaautobus.com.br\/?p=2667\",\"url\":\"https:\/\/revistaautobus.com.br\/?p=2667\",\"name\":\"Vis\u00e3o de transporte sustent\u00e1vel - Revista AutoBus\",\"isPartOf\":{\"@id\":\"https:\/\/revistaautobus.com.br\/#website\"},\"primaryImageOfPage\":{\"@id\":\"https:\/\/revistaautobus.com.br\/?p=2667#primaryimage\"},\"image\":{\"@id\":\"https:\/\/revistaautobus.com.br\/?p=2667#primaryimage\"},\"thumbnailUrl\":\"https:\/\/revistaautobus.com.br\/wp-content\/uploads\/2021\/06\/visao-de-transporte-sustentavel-1589907720.jpg\",\"datePublished\":\"2020-05-19T17:00:00+00:00\",\"dateModified\":\"2021-06-25T16:27:30+00:00\",\"breadcrumb\":{\"@id\":\"https:\/\/revistaautobus.com.br\/?p=2667#breadcrumb\"},\"inLanguage\":\"pt-BR\",\"potentialAction\":[{\"@type\":\"ReadAction\",\"target\":[\"https:\/\/revistaautobus.com.br\/?p=2667\"]}]},{\"@type\":\"ImageObject\",\"inLanguage\":\"pt-BR\",\"@id\":\"https:\/\/revistaautobus.com.br\/?p=2667#primaryimage\",\"url\":\"https:\/\/revistaautobus.com.br\/wp-content\/uploads\/2021\/06\/visao-de-transporte-sustentavel-1589907720.jpg\",\"contentUrl\":\"https:\/\/revistaautobus.com.br\/wp-content\/uploads\/2021\/06\/visao-de-transporte-sustentavel-1589907720.jpg\",\"width\":1200,\"height\":628},{\"@type\":\"BreadcrumbList\",\"@id\":\"https:\/\/revistaautobus.com.br\/?p=2667#breadcrumb\",\"itemListElement\":[{\"@type\":\"ListItem\",\"position\":1,\"name\":\"In\u00edcio\",\"item\":\"https:\/\/revistaautobus.com.br\/\"},{\"@type\":\"ListItem\",\"position\":2,\"name\":\"Vis\u00e3o de transporte sustent\u00e1vel\"}]},{\"@type\":\"WebSite\",\"@id\":\"https:\/\/revistaautobus.com.br\/#website\",\"url\":\"https:\/\/revistaautobus.com.br\/\",\"name\":\"Revista AutoBus\",\"description\":\"\",\"publisher\":{\"@id\":\"https:\/\/revistaautobus.com.br\/#organization\"},\"potentialAction\":[{\"@type\":\"SearchAction\",\"target\":{\"@type\":\"EntryPoint\",\"urlTemplate\":\"https:\/\/revistaautobus.com.br\/?s={search_term_string}\"},\"query-input\":{\"@type\":\"PropertyValueSpecification\",\"valueRequired\":true,\"valueName\":\"search_term_string\"}}],\"inLanguage\":\"pt-BR\"},{\"@type\":\"Organization\",\"@id\":\"https:\/\/revistaautobus.com.br\/#organization\",\"name\":\"Revista AutoBus\",\"url\":\"https:\/\/revistaautobus.com.br\/\",\"logo\":{\"@type\":\"ImageObject\",\"inLanguage\":\"pt-BR\",\"@id\":\"https:\/\/revistaautobus.com.br\/#\/schema\/logo\/image\/\",\"url\":\"https:\/\/revistaautobus.com.br\/wp-content\/uploads\/2024\/11\/logo_revista_autobus_fb.png\",\"contentUrl\":\"https:\/\/revistaautobus.com.br\/wp-content\/uploads\/2024\/11\/logo_revista_autobus_fb.png\",\"width\":836,\"height\":227,\"caption\":\"Revista AutoBus\"},\"image\":{\"@id\":\"https:\/\/revistaautobus.com.br\/#\/schema\/logo\/image\/\"},\"sameAs\":[\"https:\/\/www.facebook.com\/antonio.ferro.3150\",\"https:\/\/www.instagram.com\/revistaautobus\/\"]},{\"@type\":\"Person\",\"@id\":\"https:\/\/revistaautobus.com.br\/#\/schema\/person\/54af7c3eb83a310e42ef686ef6d16f50\",\"name\":\"Antonio Ferro\",\"image\":{\"@type\":\"ImageObject\",\"inLanguage\":\"pt-BR\",\"@id\":\"https:\/\/revistaautobus.com.br\/wp-content\/uploads\/2025\/12\/editor_antonio_ferro-150x150.jpg\",\"url\":\"https:\/\/revistaautobus.com.br\/wp-content\/uploads\/2025\/12\/editor_antonio_ferro-150x150.jpg\",\"contentUrl\":\"https:\/\/revistaautobus.com.br\/wp-content\/uploads\/2025\/12\/editor_antonio_ferro-150x150.jpg\",\"caption\":\"Antonio Ferro\"},\"description\":\"infobus@uol.com.br\",\"url\":\"https:\/\/revistaautobus.com.br\/?author=2\"}]}<\/script>\n<!-- \/ Yoast SEO plugin. -->","yoast_head_json":{"title":"Vis\u00e3o de transporte sustent\u00e1vel - Revista AutoBus","robots":{"index":"index","follow":"follow","max-snippet":"max-snippet:-1","max-image-preview":"max-image-preview:large","max-video-preview":"max-video-preview:-1"},"canonical":"https:\/\/revistaautobus.com.br\/?p=2667","og_locale":"pt_BR","og_type":"article","og_title":"Vis\u00e3o de transporte sustent\u00e1vel - Revista AutoBus","og_description":"Na vis\u00e3o da ADL, os novos \u00f4nibus sem emiss\u00f5es poderiam estar prontos antes do final do ano para retirar das ruas os ve\u00edculos mais antigos com motores a diesel, oferecendo ainda maior capacidade para facilitar o distanciamento social","og_url":"https:\/\/revistaautobus.com.br\/?p=2667","og_site_name":"Revista AutoBus","article_publisher":"https:\/\/www.facebook.com\/antonio.ferro.3150","article_published_time":"2020-05-19T17:00:00+00:00","article_modified_time":"2021-06-25T16:27:30+00:00","og_image":[{"width":1200,"height":628,"url":"https:\/\/revistaautobus.com.br\/wp-content\/uploads\/2021\/06\/visao-de-transporte-sustentavel-1589907720.jpg","type":"image\/jpeg"}],"author":"Antonio Ferro","twitter_card":"summary_large_image","twitter_misc":{"Escrito por":"Antonio Ferro","Est. tempo de leitura":"2 minutos"},"schema":{"@context":"https:\/\/schema.org","@graph":[{"@type":"Article","@id":"https:\/\/revistaautobus.com.br\/?p=2667#article","isPartOf":{"@id":"https:\/\/revistaautobus.com.br\/?p=2667"},"author":{"name":"Antonio Ferro","@id":"https:\/\/revistaautobus.com.br\/#\/schema\/person\/54af7c3eb83a310e42ef686ef6d16f50"},"headline":"Vis\u00e3o de transporte sustent\u00e1vel","datePublished":"2020-05-19T17:00:00+00:00","dateModified":"2021-06-25T16:27:30+00:00","mainEntityOfPage":{"@id":"https:\/\/revistaautobus.com.br\/?p=2667"},"wordCount":422,"commentCount":0,"publisher":{"@id":"https:\/\/revistaautobus.com.br\/#organization"},"image":{"@id":"https:\/\/revistaautobus.com.br\/?p=2667#primaryimage"},"thumbnailUrl":"https:\/\/revistaautobus.com.br\/wp-content\/uploads\/2021\/06\/visao-de-transporte-sustentavel-1589907720.jpg","articleSection":["Not\u00edcias"],"inLanguage":"pt-BR","potentialAction":[{"@type":"CommentAction","name":"Comment","target":["https:\/\/revistaautobus.com.br\/?p=2667#respond"]}]},{"@type":"WebPage","@id":"https:\/\/revistaautobus.com.br\/?p=2667","url":"https:\/\/revistaautobus.com.br\/?p=2667","name":"Vis\u00e3o de transporte sustent\u00e1vel - Revista AutoBus","isPartOf":{"@id":"https:\/\/revistaautobus.com.br\/#website"},"primaryImageOfPage":{"@id":"https:\/\/revistaautobus.com.br\/?p=2667#primaryimage"},"image":{"@id":"https:\/\/revistaautobus.com.br\/?p=2667#primaryimage"},"thumbnailUrl":"https:\/\/revistaautobus.com.br\/wp-content\/uploads\/2021\/06\/visao-de-transporte-sustentavel-1589907720.jpg","datePublished":"2020-05-19T17:00:00+00:00","dateModified":"2021-06-25T16:27:30+00:00","breadcrumb":{"@id":"https:\/\/revistaautobus.com.br\/?p=2667#breadcrumb"},"inLanguage":"pt-BR","potentialAction":[{"@type":"ReadAction","target":["https:\/\/revistaautobus.com.br\/?p=2667"]}]},{"@type":"ImageObject","inLanguage":"pt-BR","@id":"https:\/\/revistaautobus.com.br\/?p=2667#primaryimage","url":"https:\/\/revistaautobus.com.br\/wp-content\/uploads\/2021\/06\/visao-de-transporte-sustentavel-1589907720.jpg","contentUrl":"https:\/\/revistaautobus.com.br\/wp-content\/uploads\/2021\/06\/visao-de-transporte-sustentavel-1589907720.jpg","width":1200,"height":628},{"@type":"BreadcrumbList","@id":"https:\/\/revistaautobus.com.br\/?p=2667#breadcrumb","itemListElement":[{"@type":"ListItem","position":1,"name":"In\u00edcio","item":"https:\/\/revistaautobus.com.br\/"},{"@type":"ListItem","position":2,"name":"Vis\u00e3o de transporte sustent\u00e1vel"}]},{"@type":"WebSite","@id":"https:\/\/revistaautobus.com.br\/#website","url":"https:\/\/revistaautobus.com.br\/","name":"Revista AutoBus","description":"","publisher":{"@id":"https:\/\/revistaautobus.com.br\/#organization"},"potentialAction":[{"@type":"SearchAction","target":{"@type":"EntryPoint","urlTemplate":"https:\/\/revistaautobus.com.br\/?s={search_term_string}"},"query-input":{"@type":"PropertyValueSpecification","valueRequired":true,"valueName":"search_term_string"}}],"inLanguage":"pt-BR"},{"@type":"Organization","@id":"https:\/\/revistaautobus.com.br\/#organization","name":"Revista AutoBus","url":"https:\/\/revistaautobus.com.br\/","logo":{"@type":"ImageObject","inLanguage":"pt-BR","@id":"https:\/\/revistaautobus.com.br\/#\/schema\/logo\/image\/","url":"https:\/\/revistaautobus.com.br\/wp-content\/uploads\/2024\/11\/logo_revista_autobus_fb.png","contentUrl":"https:\/\/revistaautobus.com.br\/wp-content\/uploads\/2024\/11\/logo_revista_autobus_fb.png","width":836,"height":227,"caption":"Revista AutoBus"},"image":{"@id":"https:\/\/revistaautobus.com.br\/#\/schema\/logo\/image\/"},"sameAs":["https:\/\/www.facebook.com\/antonio.ferro.3150","https:\/\/www.instagram.com\/revistaautobus\/"]},{"@type":"Person","@id":"https:\/\/revistaautobus.com.br\/#\/schema\/person\/54af7c3eb83a310e42ef686ef6d16f50","name":"Antonio Ferro","image":{"@type":"ImageObject","inLanguage":"pt-BR","@id":"https:\/\/revistaautobus.com.br\/wp-content\/uploads\/2025\/12\/editor_antonio_ferro-150x150.jpg","url":"https:\/\/revistaautobus.com.br\/wp-content\/uploads\/2025\/12\/editor_antonio_ferro-150x150.jpg","contentUrl":"https:\/\/revistaautobus.com.br\/wp-content\/uploads\/2025\/12\/editor_antonio_ferro-150x150.jpg","caption":"Antonio Ferro"},"description":"infobus@uol.com.br","url":"https:\/\/revistaautobus.com.br\/?author=2"}]}},"jetpack_featured_media_url":"https:\/\/revistaautobus.com.br\/wp-content\/uploads\/2021\/06\/visao-de-transporte-sustentavel-1589907720.jpg","jetpack_sharing_enabled":true,"_links":{"self":[{"href":"https:\/\/revistaautobus.com.br\/index.php?rest_route=\/wp\/v2\/posts\/2667","targetHints":{"allow":["GET"]}}],"collection":[{"href":"https:\/\/revistaautobus.com.br\/index.php?rest_route=\/wp\/v2\/posts"}],"about":[{"href":"https:\/\/revistaautobus.com.br\/index.php?rest_route=\/wp\/v2\/types\/post"}],"author":[{"embeddable":true,"href":"https:\/\/revistaautobus.com.br\/index.php?rest_route=\/wp\/v2\/users\/2"}],"replies":[{"embeddable":true,"href":"https:\/\/revistaautobus.com.br\/index.php?rest_route=%2Fwp%2Fv2%2Fcomments&post=2667"}],"version-history":[{"count":1,"href":"https:\/\/revistaautobus.com.br\/index.php?rest_route=\/wp\/v2\/posts\/2667\/revisions"}],"predecessor-version":[{"id":2669,"href":"https:\/\/revistaautobus.com.br\/index.php?rest_route=\/wp\/v2\/posts\/2667\/revisions\/2669"}],"wp:featuredmedia":[{"embeddable":true,"href":"https:\/\/revistaautobus.com.br\/index.php?rest_route=\/wp\/v2\/media\/2668"}],"wp:attachment":[{"href":"https:\/\/revistaautobus.com.br\/index.php?rest_route=%2Fwp%2Fv2%2Fmedia&parent=2667"}],"wp:term":[{"taxonomy":"category","embeddable":true,"href":"https:\/\/revistaautobus.com.br\/index.php?rest_route=%2Fwp%2Fv2%2Fcategories&post=2667"},{"taxonomy":"post_tag","embeddable":true,"href":"https:\/\/revistaautobus.com.br\/index.php?rest_route=%2Fwp%2Fv2%2Ftags&post=2667"}],"curies":[{"name":"wp","href":"https:\/\/api.w.org\/{rel}","templated":true}]}}