{"id":2676,"date":"2020-05-25T06:11:00","date_gmt":"2020-05-25T09:11:00","guid":{"rendered":"https:\/\/vila8.com.br\/clientes\/autobus\/?p=2676"},"modified":"2021-06-25T13:34:00","modified_gmt":"2021-06-25T16:34:00","slug":"quando-quanto-e-como-voltaremos","status":"publish","type":"post","link":"https:\/\/revistaautobus.com.br\/?p=2676","title":{"rendered":"Quando, quanto e como voltaremos"},"content":{"rendered":"\n<h3 class=\"wp-block-heading\"><em><strong>Artigo<\/strong><\/em>&nbsp;<\/h3>\n\n\n\n<p>N\u00e3o \u00e9 por coincid\u00eancia que me refiro as medidas p\u00f3s COVID-19 como o novo plano Marshall, concebido com o desafio de recuperar a Europa fisicamente, economicamente e moralmente, p\u00f3s Segunda Guerra.<\/p>\n\n\n\n<p>Felizmente, n\u00e3o temos o desafio f\u00edsico, mas o econ\u00f4mico e o mental s\u00e3o gigantescos. Desnecess\u00e1rio descrever aqui o econ\u00f4mico de um setor que operava, muitas vezes, sendo salvo pelo fluxo de caixa e que agora tem as atividades interrompidas abruptamente e seus compromissos n\u00e3o.<\/p>\n\n\n\n<p>Prefiro discorrer sobre o desafio mental, o de recriar (n\u00e3o somente repensar) a opera\u00e7\u00e3o dentro e fora das garagens.<\/p>\n\n\n\n<p>As grandes mudan\u00e7as externas, de como nossos clientes v\u00e3o se relacionar com o trabalho, com os amigos e com o lazer, \u00e9 que nos orientar\u00e3o de como ser\u00e1 o novo transporte, como devemos nos adaptar para transport\u00e1-los. N\u00e3o sejamos petulantes em querer apresentar um novo plano de mobilidade, para que os passageiros os utilizem, somos coadjuvantes.<\/p>\n\n\n\n<p>Quanto mais r\u00e1pido estudarmos e entendermos as novas rela\u00e7\u00f5es, mais teremos a oportunidade de nos adaptar para servir o passageiro. O transporte \u00e9 um gigante, mas precisa ter velocidade e agilidade. Encaremos a realidade p\u00f3s COVID como uma grande perspectiva para o setor. Como haver\u00e1 novas necessidades, imprecisas no momento, seria como se part\u00edssemos do zero, nivelando a todos e nos trazendo a oportunidade de sermos mais \u00fateis e recuperarmos (ou perdermos menos) nossos clientes.<\/p>\n\n\n\n<p>Internamente, os processos tamb\u00e9m mudar\u00e3o, imaginar como gostar\u00edamos de ser se tiv\u00e9ssemos criando uma nova empresa \u00e9 um excelente exerc\u00edcio. Recriar os modelos de relacionamento com os colaboradores e, principalmente, questionar a necessidade de procedimentos e tarefas, n\u00e3o somente para tornar a empresa mais enxuta e econ\u00f4mica, mas, principalmente, mais \u00e1gil. Teremos que encontrar formas muito melhor de fazer as mesmas tarefas, isso se estas forem realmente produtivas e\/ou necess\u00e1ria para a empresa.<\/p>\n\n\n\n<p>Nosso setor perde espa\u00e7o para outros modelos muito mais jovens e \u00e1geis. Muitos dos conceitos ou das estruturas que nos deixam lentos, contratos, regulamenta\u00e7\u00f5es, estruturas f\u00edsicas, terminais, vias, financiamentos, sofrer\u00e3o modifica\u00e7\u00f5es significativas. Nosso desafio \u00e9, tamb\u00e9m, dar velocidade nessas modifica\u00e7\u00f5es.<\/p>\n\n\n\n<p>Velocidade, talvez, ser\u00e1 a palavra de ordem p\u00f3s COVID. Velocidade para percebermos as tend\u00eancias, velocidade para descobrirmos as solu\u00e7\u00f5es e velocidade para coloca-las em pr\u00e1tica.<\/p>\n\n\n\n<p>Que sejamos inspirados pelo protagonista da antiga s\u00e9rie americana O Homem de Seis Milh\u00f5es de D\u00f3lares, Steve Austin, que depois de um acidente quase fatal se torna &#8220;melhor, mais forte e mais r\u00e1pido&#8221;.<\/p>\n\n\n\n<p>Por Gelson Forlin &#8211; engenheiro mec\u00e2nico e Diretor Executivo da Transporte Coletivo Gl\u00f3ria, de Curitiba (PR)<\/p>\n","protected":false},"excerpt":{"rendered":"<p>Nosso setor perde espa\u00e7o para outros modelos muito mais jovens e \u00e1geis. Muitos dos conceitos ou das estruturas que nos deixam lentos, contratos, regulamenta\u00e7\u00f5es, estruturas f\u00edsicas, terminais, vias, financiamentos, sofrer\u00e3o modifica\u00e7\u00f5es significativas<\/p>\n","protected":false},"author":2,"featured_media":2677,"comment_status":"open","ping_status":"open","sticky":false,"template":"","format":"standard","meta":{"_et_pb_use_builder":"off","_et_pb_old_content":"","_et_gb_content_width":"","_jetpack_memberships_contains_paid_content":false,"footnotes":""},"categories":[5],"tags":[],"class_list":["post-2676","post","type-post","status-publish","format-standard","has-post-thumbnail","hentry","category-conexao-mobilidade","et-has-post-format-content","et_post_format-et-post-format-standard"],"yoast_head":"<!-- This site is optimized with the Yoast SEO plugin v27.2 - https:\/\/yoast.com\/product\/yoast-seo-wordpress\/ -->\n<title>Quando, quanto e como voltaremos - Revista AutoBus<\/title>\n<meta name=\"robots\" content=\"index, follow, max-snippet:-1, max-image-preview:large, max-video-preview:-1\" \/>\n<link rel=\"canonical\" href=\"https:\/\/revistaautobus.com.br\/?p=2676\" \/>\n<meta property=\"og:locale\" content=\"pt_BR\" \/>\n<meta property=\"og:type\" content=\"article\" \/>\n<meta property=\"og:title\" content=\"Quando, quanto e como voltaremos - Revista AutoBus\" \/>\n<meta property=\"og:description\" content=\"Nosso setor perde espa\u00e7o para outros modelos muito mais jovens e \u00e1geis. Muitos dos conceitos ou das estruturas que nos deixam lentos, contratos, regulamenta\u00e7\u00f5es, estruturas f\u00edsicas, terminais, vias, financiamentos, sofrer\u00e3o modifica\u00e7\u00f5es significativas\" \/>\n<meta property=\"og:url\" content=\"https:\/\/revistaautobus.com.br\/?p=2676\" \/>\n<meta property=\"og:site_name\" content=\"Revista AutoBus\" \/>\n<meta property=\"article:publisher\" content=\"https:\/\/www.facebook.com\/antonio.ferro.3150\" \/>\n<meta property=\"article:published_time\" content=\"2020-05-25T09:11:00+00:00\" \/>\n<meta property=\"article:modified_time\" content=\"2021-06-25T16:34:00+00:00\" \/>\n<meta property=\"og:image\" content=\"https:\/\/revistaautobus.com.br\/wp-content\/uploads\/2021\/06\/quando-quanto-e-como-voltaremos-1590433951.jpg\" \/>\n\t<meta property=\"og:image:width\" content=\"720\" \/>\n\t<meta property=\"og:image:height\" content=\"711\" \/>\n\t<meta property=\"og:image:type\" content=\"image\/jpeg\" \/>\n<meta name=\"author\" content=\"Antonio Ferro\" \/>\n<meta name=\"twitter:card\" content=\"summary_large_image\" \/>\n<meta name=\"twitter:label1\" content=\"Escrito por\" \/>\n\t<meta name=\"twitter:data1\" content=\"Antonio Ferro\" \/>\n\t<meta name=\"twitter:label2\" content=\"Est. tempo de leitura\" \/>\n\t<meta name=\"twitter:data2\" content=\"2 minutos\" \/>\n<script type=\"application\/ld+json\" class=\"yoast-schema-graph\">{\"@context\":\"https:\/\/schema.org\",\"@graph\":[{\"@type\":\"Article\",\"@id\":\"https:\/\/revistaautobus.com.br\/?p=2676#article\",\"isPartOf\":{\"@id\":\"https:\/\/revistaautobus.com.br\/?p=2676\"},\"author\":{\"name\":\"Antonio Ferro\",\"@id\":\"https:\/\/revistaautobus.com.br\/#\/schema\/person\/54af7c3eb83a310e42ef686ef6d16f50\"},\"headline\":\"Quando, quanto e como voltaremos\",\"datePublished\":\"2020-05-25T09:11:00+00:00\",\"dateModified\":\"2021-06-25T16:34:00+00:00\",\"mainEntityOfPage\":{\"@id\":\"https:\/\/revistaautobus.com.br\/?p=2676\"},\"wordCount\":462,\"commentCount\":0,\"publisher\":{\"@id\":\"https:\/\/revistaautobus.com.br\/#organization\"},\"image\":{\"@id\":\"https:\/\/revistaautobus.com.br\/?p=2676#primaryimage\"},\"thumbnailUrl\":\"https:\/\/revistaautobus.com.br\/wp-content\/uploads\/2021\/06\/quando-quanto-e-como-voltaremos-1590433951.jpg\",\"articleSection\":[\"Conex\u00e3o Mobilidade\"],\"inLanguage\":\"pt-BR\",\"potentialAction\":[{\"@type\":\"CommentAction\",\"name\":\"Comment\",\"target\":[\"https:\/\/revistaautobus.com.br\/?p=2676#respond\"]}]},{\"@type\":\"WebPage\",\"@id\":\"https:\/\/revistaautobus.com.br\/?p=2676\",\"url\":\"https:\/\/revistaautobus.com.br\/?p=2676\",\"name\":\"Quando, quanto e como voltaremos - Revista AutoBus\",\"isPartOf\":{\"@id\":\"https:\/\/revistaautobus.com.br\/#website\"},\"primaryImageOfPage\":{\"@id\":\"https:\/\/revistaautobus.com.br\/?p=2676#primaryimage\"},\"image\":{\"@id\":\"https:\/\/revistaautobus.com.br\/?p=2676#primaryimage\"},\"thumbnailUrl\":\"https:\/\/revistaautobus.com.br\/wp-content\/uploads\/2021\/06\/quando-quanto-e-como-voltaremos-1590433951.jpg\",\"datePublished\":\"2020-05-25T09:11:00+00:00\",\"dateModified\":\"2021-06-25T16:34:00+00:00\",\"breadcrumb\":{\"@id\":\"https:\/\/revistaautobus.com.br\/?p=2676#breadcrumb\"},\"inLanguage\":\"pt-BR\",\"potentialAction\":[{\"@type\":\"ReadAction\",\"target\":[\"https:\/\/revistaautobus.com.br\/?p=2676\"]}]},{\"@type\":\"ImageObject\",\"inLanguage\":\"pt-BR\",\"@id\":\"https:\/\/revistaautobus.com.br\/?p=2676#primaryimage\",\"url\":\"https:\/\/revistaautobus.com.br\/wp-content\/uploads\/2021\/06\/quando-quanto-e-como-voltaremos-1590433951.jpg\",\"contentUrl\":\"https:\/\/revistaautobus.com.br\/wp-content\/uploads\/2021\/06\/quando-quanto-e-como-voltaremos-1590433951.jpg\",\"width\":720,\"height\":711},{\"@type\":\"BreadcrumbList\",\"@id\":\"https:\/\/revistaautobus.com.br\/?p=2676#breadcrumb\",\"itemListElement\":[{\"@type\":\"ListItem\",\"position\":1,\"name\":\"In\u00edcio\",\"item\":\"https:\/\/revistaautobus.com.br\/\"},{\"@type\":\"ListItem\",\"position\":2,\"name\":\"Quando, quanto e como voltaremos\"}]},{\"@type\":\"WebSite\",\"@id\":\"https:\/\/revistaautobus.com.br\/#website\",\"url\":\"https:\/\/revistaautobus.com.br\/\",\"name\":\"Revista AutoBus\",\"description\":\"\",\"publisher\":{\"@id\":\"https:\/\/revistaautobus.com.br\/#organization\"},\"potentialAction\":[{\"@type\":\"SearchAction\",\"target\":{\"@type\":\"EntryPoint\",\"urlTemplate\":\"https:\/\/revistaautobus.com.br\/?s={search_term_string}\"},\"query-input\":{\"@type\":\"PropertyValueSpecification\",\"valueRequired\":true,\"valueName\":\"search_term_string\"}}],\"inLanguage\":\"pt-BR\"},{\"@type\":\"Organization\",\"@id\":\"https:\/\/revistaautobus.com.br\/#organization\",\"name\":\"Revista AutoBus\",\"url\":\"https:\/\/revistaautobus.com.br\/\",\"logo\":{\"@type\":\"ImageObject\",\"inLanguage\":\"pt-BR\",\"@id\":\"https:\/\/revistaautobus.com.br\/#\/schema\/logo\/image\/\",\"url\":\"https:\/\/revistaautobus.com.br\/wp-content\/uploads\/2024\/11\/logo_revista_autobus_fb.png\",\"contentUrl\":\"https:\/\/revistaautobus.com.br\/wp-content\/uploads\/2024\/11\/logo_revista_autobus_fb.png\",\"width\":836,\"height\":227,\"caption\":\"Revista AutoBus\"},\"image\":{\"@id\":\"https:\/\/revistaautobus.com.br\/#\/schema\/logo\/image\/\"},\"sameAs\":[\"https:\/\/www.facebook.com\/antonio.ferro.3150\",\"https:\/\/www.instagram.com\/revistaautobus\/\"]},{\"@type\":\"Person\",\"@id\":\"https:\/\/revistaautobus.com.br\/#\/schema\/person\/54af7c3eb83a310e42ef686ef6d16f50\",\"name\":\"Antonio Ferro\",\"image\":{\"@type\":\"ImageObject\",\"inLanguage\":\"pt-BR\",\"@id\":\"https:\/\/revistaautobus.com.br\/wp-content\/uploads\/2025\/12\/editor_antonio_ferro-150x150.jpg\",\"url\":\"https:\/\/revistaautobus.com.br\/wp-content\/uploads\/2025\/12\/editor_antonio_ferro-150x150.jpg\",\"contentUrl\":\"https:\/\/revistaautobus.com.br\/wp-content\/uploads\/2025\/12\/editor_antonio_ferro-150x150.jpg\",\"caption\":\"Antonio Ferro\"},\"description\":\"infobus@uol.com.br\",\"url\":\"https:\/\/revistaautobus.com.br\/?author=2\"}]}<\/script>\n<!-- \/ Yoast SEO plugin. -->","yoast_head_json":{"title":"Quando, quanto e como voltaremos - Revista AutoBus","robots":{"index":"index","follow":"follow","max-snippet":"max-snippet:-1","max-image-preview":"max-image-preview:large","max-video-preview":"max-video-preview:-1"},"canonical":"https:\/\/revistaautobus.com.br\/?p=2676","og_locale":"pt_BR","og_type":"article","og_title":"Quando, quanto e como voltaremos - Revista AutoBus","og_description":"Nosso setor perde espa\u00e7o para outros modelos muito mais jovens e \u00e1geis. Muitos dos conceitos ou das estruturas que nos deixam lentos, contratos, regulamenta\u00e7\u00f5es, estruturas f\u00edsicas, terminais, vias, financiamentos, sofrer\u00e3o modifica\u00e7\u00f5es significativas","og_url":"https:\/\/revistaautobus.com.br\/?p=2676","og_site_name":"Revista AutoBus","article_publisher":"https:\/\/www.facebook.com\/antonio.ferro.3150","article_published_time":"2020-05-25T09:11:00+00:00","article_modified_time":"2021-06-25T16:34:00+00:00","og_image":[{"width":720,"height":711,"url":"https:\/\/revistaautobus.com.br\/wp-content\/uploads\/2021\/06\/quando-quanto-e-como-voltaremos-1590433951.jpg","type":"image\/jpeg"}],"author":"Antonio Ferro","twitter_card":"summary_large_image","twitter_misc":{"Escrito por":"Antonio Ferro","Est. tempo de leitura":"2 minutos"},"schema":{"@context":"https:\/\/schema.org","@graph":[{"@type":"Article","@id":"https:\/\/revistaautobus.com.br\/?p=2676#article","isPartOf":{"@id":"https:\/\/revistaautobus.com.br\/?p=2676"},"author":{"name":"Antonio Ferro","@id":"https:\/\/revistaautobus.com.br\/#\/schema\/person\/54af7c3eb83a310e42ef686ef6d16f50"},"headline":"Quando, quanto e como voltaremos","datePublished":"2020-05-25T09:11:00+00:00","dateModified":"2021-06-25T16:34:00+00:00","mainEntityOfPage":{"@id":"https:\/\/revistaautobus.com.br\/?p=2676"},"wordCount":462,"commentCount":0,"publisher":{"@id":"https:\/\/revistaautobus.com.br\/#organization"},"image":{"@id":"https:\/\/revistaautobus.com.br\/?p=2676#primaryimage"},"thumbnailUrl":"https:\/\/revistaautobus.com.br\/wp-content\/uploads\/2021\/06\/quando-quanto-e-como-voltaremos-1590433951.jpg","articleSection":["Conex\u00e3o Mobilidade"],"inLanguage":"pt-BR","potentialAction":[{"@type":"CommentAction","name":"Comment","target":["https:\/\/revistaautobus.com.br\/?p=2676#respond"]}]},{"@type":"WebPage","@id":"https:\/\/revistaautobus.com.br\/?p=2676","url":"https:\/\/revistaautobus.com.br\/?p=2676","name":"Quando, quanto e como voltaremos - Revista AutoBus","isPartOf":{"@id":"https:\/\/revistaautobus.com.br\/#website"},"primaryImageOfPage":{"@id":"https:\/\/revistaautobus.com.br\/?p=2676#primaryimage"},"image":{"@id":"https:\/\/revistaautobus.com.br\/?p=2676#primaryimage"},"thumbnailUrl":"https:\/\/revistaautobus.com.br\/wp-content\/uploads\/2021\/06\/quando-quanto-e-como-voltaremos-1590433951.jpg","datePublished":"2020-05-25T09:11:00+00:00","dateModified":"2021-06-25T16:34:00+00:00","breadcrumb":{"@id":"https:\/\/revistaautobus.com.br\/?p=2676#breadcrumb"},"inLanguage":"pt-BR","potentialAction":[{"@type":"ReadAction","target":["https:\/\/revistaautobus.com.br\/?p=2676"]}]},{"@type":"ImageObject","inLanguage":"pt-BR","@id":"https:\/\/revistaautobus.com.br\/?p=2676#primaryimage","url":"https:\/\/revistaautobus.com.br\/wp-content\/uploads\/2021\/06\/quando-quanto-e-como-voltaremos-1590433951.jpg","contentUrl":"https:\/\/revistaautobus.com.br\/wp-content\/uploads\/2021\/06\/quando-quanto-e-como-voltaremos-1590433951.jpg","width":720,"height":711},{"@type":"BreadcrumbList","@id":"https:\/\/revistaautobus.com.br\/?p=2676#breadcrumb","itemListElement":[{"@type":"ListItem","position":1,"name":"In\u00edcio","item":"https:\/\/revistaautobus.com.br\/"},{"@type":"ListItem","position":2,"name":"Quando, quanto e como voltaremos"}]},{"@type":"WebSite","@id":"https:\/\/revistaautobus.com.br\/#website","url":"https:\/\/revistaautobus.com.br\/","name":"Revista AutoBus","description":"","publisher":{"@id":"https:\/\/revistaautobus.com.br\/#organization"},"potentialAction":[{"@type":"SearchAction","target":{"@type":"EntryPoint","urlTemplate":"https:\/\/revistaautobus.com.br\/?s={search_term_string}"},"query-input":{"@type":"PropertyValueSpecification","valueRequired":true,"valueName":"search_term_string"}}],"inLanguage":"pt-BR"},{"@type":"Organization","@id":"https:\/\/revistaautobus.com.br\/#organization","name":"Revista AutoBus","url":"https:\/\/revistaautobus.com.br\/","logo":{"@type":"ImageObject","inLanguage":"pt-BR","@id":"https:\/\/revistaautobus.com.br\/#\/schema\/logo\/image\/","url":"https:\/\/revistaautobus.com.br\/wp-content\/uploads\/2024\/11\/logo_revista_autobus_fb.png","contentUrl":"https:\/\/revistaautobus.com.br\/wp-content\/uploads\/2024\/11\/logo_revista_autobus_fb.png","width":836,"height":227,"caption":"Revista AutoBus"},"image":{"@id":"https:\/\/revistaautobus.com.br\/#\/schema\/logo\/image\/"},"sameAs":["https:\/\/www.facebook.com\/antonio.ferro.3150","https:\/\/www.instagram.com\/revistaautobus\/"]},{"@type":"Person","@id":"https:\/\/revistaautobus.com.br\/#\/schema\/person\/54af7c3eb83a310e42ef686ef6d16f50","name":"Antonio Ferro","image":{"@type":"ImageObject","inLanguage":"pt-BR","@id":"https:\/\/revistaautobus.com.br\/wp-content\/uploads\/2025\/12\/editor_antonio_ferro-150x150.jpg","url":"https:\/\/revistaautobus.com.br\/wp-content\/uploads\/2025\/12\/editor_antonio_ferro-150x150.jpg","contentUrl":"https:\/\/revistaautobus.com.br\/wp-content\/uploads\/2025\/12\/editor_antonio_ferro-150x150.jpg","caption":"Antonio Ferro"},"description":"infobus@uol.com.br","url":"https:\/\/revistaautobus.com.br\/?author=2"}]}},"jetpack_featured_media_url":"https:\/\/revistaautobus.com.br\/wp-content\/uploads\/2021\/06\/quando-quanto-e-como-voltaremos-1590433951.jpg","jetpack_sharing_enabled":true,"_links":{"self":[{"href":"https:\/\/revistaautobus.com.br\/index.php?rest_route=\/wp\/v2\/posts\/2676","targetHints":{"allow":["GET"]}}],"collection":[{"href":"https:\/\/revistaautobus.com.br\/index.php?rest_route=\/wp\/v2\/posts"}],"about":[{"href":"https:\/\/revistaautobus.com.br\/index.php?rest_route=\/wp\/v2\/types\/post"}],"author":[{"embeddable":true,"href":"https:\/\/revistaautobus.com.br\/index.php?rest_route=\/wp\/v2\/users\/2"}],"replies":[{"embeddable":true,"href":"https:\/\/revistaautobus.com.br\/index.php?rest_route=%2Fwp%2Fv2%2Fcomments&post=2676"}],"version-history":[{"count":1,"href":"https:\/\/revistaautobus.com.br\/index.php?rest_route=\/wp\/v2\/posts\/2676\/revisions"}],"predecessor-version":[{"id":2678,"href":"https:\/\/revistaautobus.com.br\/index.php?rest_route=\/wp\/v2\/posts\/2676\/revisions\/2678"}],"wp:featuredmedia":[{"embeddable":true,"href":"https:\/\/revistaautobus.com.br\/index.php?rest_route=\/wp\/v2\/media\/2677"}],"wp:attachment":[{"href":"https:\/\/revistaautobus.com.br\/index.php?rest_route=%2Fwp%2Fv2%2Fmedia&parent=2676"}],"wp:term":[{"taxonomy":"category","embeddable":true,"href":"https:\/\/revistaautobus.com.br\/index.php?rest_route=%2Fwp%2Fv2%2Fcategories&post=2676"},{"taxonomy":"post_tag","embeddable":true,"href":"https:\/\/revistaautobus.com.br\/index.php?rest_route=%2Fwp%2Fv2%2Ftags&post=2676"}],"curies":[{"name":"wp","href":"https:\/\/api.w.org\/{rel}","templated":true}]}}