{"id":2679,"date":"2020-05-26T08:54:00","date_gmt":"2020-05-26T11:54:00","guid":{"rendered":"https:\/\/vila8.com.br\/clientes\/autobus\/?p=2679"},"modified":"2021-06-25T13:34:45","modified_gmt":"2021-06-25T16:34:45","slug":"eletromobilidade-segue-firme-no-transporte","status":"publish","type":"post","link":"https:\/\/revistaautobus.com.br\/?p=2679","title":{"rendered":"Eletromobilidade segue firme no transporte"},"content":{"rendered":"\n<p>A cidade polonesa de Crac\u00f3via, por meio da operadora do transporte p\u00fablico Miejskie Przedsi\u0119biorstwo Komunikacyjne S.A. (MPK) assinou contrato com a fabricante Solaris Bus &amp; Coach para a compra de 50 \u00f4nibus el\u00e9tricos Solaris Urbino 18 (articulados), sendo mais uma cidade europeia a investir na renova\u00e7\u00e3o de sua frota de \u00f4nibus urbano com a tecnologia da tra\u00e7\u00e3o el\u00e9trica.<\/p>\n\n\n\n<p>Os habitantes da cidade j\u00e1 utilizam os \u00f4nibus el\u00e9tricos da marca em seus deslocamentos di\u00e1rios. &#8220;Percebemos a decis\u00e3o de nosso cliente para comprar mais 50 \u00f4nibus el\u00e9tricos da Solaris como confirma\u00e7\u00e3o de sua experi\u00eancia positiva, resultante n\u00e3o apenas da alta qualidade do ve\u00edculo, mas tamb\u00e9m do servi\u00e7o de manuten\u00e7\u00e3o projetado profissionalmente. Estamos orgulhosos que temos um impacto real na melhoria da qualidade do ar em Crac\u00f3via&#8221;, afirmou Petros Spinaris, respons\u00e1vel pelas vendas, marketing e atendimento ao cliente.<\/p>\n\n\n\n<p>Os \u00f4nibus el\u00e9tricos fornecidos \u00e0 Crac\u00f3via pela Solaris possuem eixos equipados com motores el\u00e9tricos. A configura\u00e7\u00e3o dos ve\u00edculos ter\u00e1 dois modos de recarga: por meio de um pant\u00f3grafo com quatro polos montado no teto, colocado acima do primeiro eixo do ve\u00edculo; ou usando um plug-in carregador. Toda a energia ser\u00e1 armazenada em baterias Solaris High Energy + de alta densidade.<\/p>\n\n\n\n<p>Os novos \u00f4nibus articulados el\u00e9tricos poder\u00e3o transportar 141 passageiros, sendo 43 sentados e contar\u00e3o com um sistema de monitoramento, al\u00e9m de informa\u00e7\u00f5es para os passageiros, sistema de ar-condicionado, portas de carregamento USB e um sistema de aquecimento el\u00e9trico. &#8220;Crac\u00f3via ficou em quinto lugar no concurso Capital Verde da Europa 2022. Um dos fatores levados em considera\u00e7\u00e3o nessa competi\u00e7\u00e3o foram os transportes ecol\u00f3gicos e seu significado para o meio ambiente. Os novos \u00f4nibus ser\u00e3o operados em quatro&nbsp;avenidas importantes da cidade, onde os limites de polui\u00e7\u00e3o do ar s\u00e3o mais excedidos&#8221;, afirmou o prefeito da cidade, Jacek Majchrowski. Crac\u00f3via possui cerca de 800 mil habitantes.<\/p>\n\n\n\n<p>Imagem &#8211; Solaris Bus &amp; Coach<\/p>\n","protected":false},"excerpt":{"rendered":"<p>Os novos \u00f4nibus articulados el\u00e9tricos de Crac\u00f3via poder\u00e3o transportar 141 passageiros, sendo 43 sentados e contar\u00e3o com um sistema de monitoramento, al\u00e9m de informa\u00e7\u00f5es para os passageiros, sistema de ar-condicionado, portas de carregamento USB<\/p>\n","protected":false},"author":2,"featured_media":2680,"comment_status":"open","ping_status":"open","sticky":false,"template":"","format":"standard","meta":{"_et_pb_use_builder":"off","_et_pb_old_content":"","_et_gb_content_width":"","_jetpack_memberships_contains_paid_content":false,"footnotes":""},"categories":[90],"tags":[],"class_list":["post-2679","post","type-post","status-publish","format-standard","has-post-thumbnail","hentry","category-noticias","et-has-post-format-content","et_post_format-et-post-format-standard"],"yoast_head":"<!-- This site is optimized with the Yoast SEO plugin v27.2 - https:\/\/yoast.com\/product\/yoast-seo-wordpress\/ -->\n<title>Eletromobilidade segue firme no transporte - Revista AutoBus<\/title>\n<meta name=\"robots\" content=\"index, follow, max-snippet:-1, max-image-preview:large, max-video-preview:-1\" \/>\n<link rel=\"canonical\" href=\"https:\/\/revistaautobus.com.br\/?p=2679\" \/>\n<meta property=\"og:locale\" content=\"pt_BR\" \/>\n<meta property=\"og:type\" content=\"article\" \/>\n<meta property=\"og:title\" content=\"Eletromobilidade segue firme no transporte - Revista AutoBus\" \/>\n<meta property=\"og:description\" content=\"Os novos \u00f4nibus articulados el\u00e9tricos de Crac\u00f3via poder\u00e3o transportar 141 passageiros, sendo 43 sentados e contar\u00e3o com um sistema de monitoramento, al\u00e9m de informa\u00e7\u00f5es para os passageiros, sistema de ar-condicionado, portas de carregamento USB\" \/>\n<meta property=\"og:url\" content=\"https:\/\/revistaautobus.com.br\/?p=2679\" \/>\n<meta property=\"og:site_name\" content=\"Revista AutoBus\" \/>\n<meta property=\"article:publisher\" content=\"https:\/\/www.facebook.com\/antonio.ferro.3150\" \/>\n<meta property=\"article:published_time\" content=\"2020-05-26T11:54:00+00:00\" \/>\n<meta property=\"article:modified_time\" content=\"2021-06-25T16:34:45+00:00\" \/>\n<meta property=\"og:image\" content=\"https:\/\/revistaautobus.com.br\/wp-content\/uploads\/2021\/06\/eletromobilidade-segue-firme-no-transporte-1590494124.jpg\" \/>\n\t<meta property=\"og:image:width\" content=\"1200\" \/>\n\t<meta property=\"og:image:height\" content=\"628\" \/>\n\t<meta property=\"og:image:type\" content=\"image\/jpeg\" \/>\n<meta name=\"author\" content=\"Antonio Ferro\" \/>\n<meta name=\"twitter:card\" content=\"summary_large_image\" \/>\n<meta name=\"twitter:label1\" content=\"Escrito por\" \/>\n\t<meta name=\"twitter:data1\" content=\"Antonio Ferro\" \/>\n\t<meta name=\"twitter:label2\" content=\"Est. tempo de leitura\" \/>\n\t<meta name=\"twitter:data2\" content=\"2 minutos\" \/>\n<script type=\"application\/ld+json\" class=\"yoast-schema-graph\">{\"@context\":\"https:\/\/schema.org\",\"@graph\":[{\"@type\":\"Article\",\"@id\":\"https:\/\/revistaautobus.com.br\/?p=2679#article\",\"isPartOf\":{\"@id\":\"https:\/\/revistaautobus.com.br\/?p=2679\"},\"author\":{\"name\":\"Antonio Ferro\",\"@id\":\"https:\/\/revistaautobus.com.br\/#\/schema\/person\/54af7c3eb83a310e42ef686ef6d16f50\"},\"headline\":\"Eletromobilidade segue firme no transporte\",\"datePublished\":\"2020-05-26T11:54:00+00:00\",\"dateModified\":\"2021-06-25T16:34:45+00:00\",\"mainEntityOfPage\":{\"@id\":\"https:\/\/revistaautobus.com.br\/?p=2679\"},\"wordCount\":344,\"commentCount\":0,\"publisher\":{\"@id\":\"https:\/\/revistaautobus.com.br\/#organization\"},\"image\":{\"@id\":\"https:\/\/revistaautobus.com.br\/?p=2679#primaryimage\"},\"thumbnailUrl\":\"https:\/\/revistaautobus.com.br\/wp-content\/uploads\/2021\/06\/eletromobilidade-segue-firme-no-transporte-1590494124.jpg\",\"articleSection\":[\"Not\u00edcias\"],\"inLanguage\":\"pt-BR\",\"potentialAction\":[{\"@type\":\"CommentAction\",\"name\":\"Comment\",\"target\":[\"https:\/\/revistaautobus.com.br\/?p=2679#respond\"]}]},{\"@type\":\"WebPage\",\"@id\":\"https:\/\/revistaautobus.com.br\/?p=2679\",\"url\":\"https:\/\/revistaautobus.com.br\/?p=2679\",\"name\":\"Eletromobilidade segue firme no transporte - Revista AutoBus\",\"isPartOf\":{\"@id\":\"https:\/\/revistaautobus.com.br\/#website\"},\"primaryImageOfPage\":{\"@id\":\"https:\/\/revistaautobus.com.br\/?p=2679#primaryimage\"},\"image\":{\"@id\":\"https:\/\/revistaautobus.com.br\/?p=2679#primaryimage\"},\"thumbnailUrl\":\"https:\/\/revistaautobus.com.br\/wp-content\/uploads\/2021\/06\/eletromobilidade-segue-firme-no-transporte-1590494124.jpg\",\"datePublished\":\"2020-05-26T11:54:00+00:00\",\"dateModified\":\"2021-06-25T16:34:45+00:00\",\"breadcrumb\":{\"@id\":\"https:\/\/revistaautobus.com.br\/?p=2679#breadcrumb\"},\"inLanguage\":\"pt-BR\",\"potentialAction\":[{\"@type\":\"ReadAction\",\"target\":[\"https:\/\/revistaautobus.com.br\/?p=2679\"]}]},{\"@type\":\"ImageObject\",\"inLanguage\":\"pt-BR\",\"@id\":\"https:\/\/revistaautobus.com.br\/?p=2679#primaryimage\",\"url\":\"https:\/\/revistaautobus.com.br\/wp-content\/uploads\/2021\/06\/eletromobilidade-segue-firme-no-transporte-1590494124.jpg\",\"contentUrl\":\"https:\/\/revistaautobus.com.br\/wp-content\/uploads\/2021\/06\/eletromobilidade-segue-firme-no-transporte-1590494124.jpg\",\"width\":1200,\"height\":628},{\"@type\":\"BreadcrumbList\",\"@id\":\"https:\/\/revistaautobus.com.br\/?p=2679#breadcrumb\",\"itemListElement\":[{\"@type\":\"ListItem\",\"position\":1,\"name\":\"In\u00edcio\",\"item\":\"https:\/\/revistaautobus.com.br\/\"},{\"@type\":\"ListItem\",\"position\":2,\"name\":\"Eletromobilidade segue firme no transporte\"}]},{\"@type\":\"WebSite\",\"@id\":\"https:\/\/revistaautobus.com.br\/#website\",\"url\":\"https:\/\/revistaautobus.com.br\/\",\"name\":\"Revista AutoBus\",\"description\":\"\",\"publisher\":{\"@id\":\"https:\/\/revistaautobus.com.br\/#organization\"},\"potentialAction\":[{\"@type\":\"SearchAction\",\"target\":{\"@type\":\"EntryPoint\",\"urlTemplate\":\"https:\/\/revistaautobus.com.br\/?s={search_term_string}\"},\"query-input\":{\"@type\":\"PropertyValueSpecification\",\"valueRequired\":true,\"valueName\":\"search_term_string\"}}],\"inLanguage\":\"pt-BR\"},{\"@type\":\"Organization\",\"@id\":\"https:\/\/revistaautobus.com.br\/#organization\",\"name\":\"Revista AutoBus\",\"url\":\"https:\/\/revistaautobus.com.br\/\",\"logo\":{\"@type\":\"ImageObject\",\"inLanguage\":\"pt-BR\",\"@id\":\"https:\/\/revistaautobus.com.br\/#\/schema\/logo\/image\/\",\"url\":\"https:\/\/revistaautobus.com.br\/wp-content\/uploads\/2024\/11\/logo_revista_autobus_fb.png\",\"contentUrl\":\"https:\/\/revistaautobus.com.br\/wp-content\/uploads\/2024\/11\/logo_revista_autobus_fb.png\",\"width\":836,\"height\":227,\"caption\":\"Revista AutoBus\"},\"image\":{\"@id\":\"https:\/\/revistaautobus.com.br\/#\/schema\/logo\/image\/\"},\"sameAs\":[\"https:\/\/www.facebook.com\/antonio.ferro.3150\",\"https:\/\/www.instagram.com\/revistaautobus\/\"]},{\"@type\":\"Person\",\"@id\":\"https:\/\/revistaautobus.com.br\/#\/schema\/person\/54af7c3eb83a310e42ef686ef6d16f50\",\"name\":\"Antonio Ferro\",\"image\":{\"@type\":\"ImageObject\",\"inLanguage\":\"pt-BR\",\"@id\":\"https:\/\/revistaautobus.com.br\/wp-content\/uploads\/2025\/12\/editor_antonio_ferro-150x150.jpg\",\"url\":\"https:\/\/revistaautobus.com.br\/wp-content\/uploads\/2025\/12\/editor_antonio_ferro-150x150.jpg\",\"contentUrl\":\"https:\/\/revistaautobus.com.br\/wp-content\/uploads\/2025\/12\/editor_antonio_ferro-150x150.jpg\",\"caption\":\"Antonio Ferro\"},\"description\":\"infobus@uol.com.br\",\"url\":\"https:\/\/revistaautobus.com.br\/?author=2\"}]}<\/script>\n<!-- \/ Yoast SEO plugin. -->","yoast_head_json":{"title":"Eletromobilidade segue firme no transporte - Revista AutoBus","robots":{"index":"index","follow":"follow","max-snippet":"max-snippet:-1","max-image-preview":"max-image-preview:large","max-video-preview":"max-video-preview:-1"},"canonical":"https:\/\/revistaautobus.com.br\/?p=2679","og_locale":"pt_BR","og_type":"article","og_title":"Eletromobilidade segue firme no transporte - Revista AutoBus","og_description":"Os novos \u00f4nibus articulados el\u00e9tricos de Crac\u00f3via poder\u00e3o transportar 141 passageiros, sendo 43 sentados e contar\u00e3o com um sistema de monitoramento, al\u00e9m de informa\u00e7\u00f5es para os passageiros, sistema de ar-condicionado, portas de carregamento USB","og_url":"https:\/\/revistaautobus.com.br\/?p=2679","og_site_name":"Revista AutoBus","article_publisher":"https:\/\/www.facebook.com\/antonio.ferro.3150","article_published_time":"2020-05-26T11:54:00+00:00","article_modified_time":"2021-06-25T16:34:45+00:00","og_image":[{"width":1200,"height":628,"url":"https:\/\/revistaautobus.com.br\/wp-content\/uploads\/2021\/06\/eletromobilidade-segue-firme-no-transporte-1590494124.jpg","type":"image\/jpeg"}],"author":"Antonio Ferro","twitter_card":"summary_large_image","twitter_misc":{"Escrito por":"Antonio Ferro","Est. tempo de leitura":"2 minutos"},"schema":{"@context":"https:\/\/schema.org","@graph":[{"@type":"Article","@id":"https:\/\/revistaautobus.com.br\/?p=2679#article","isPartOf":{"@id":"https:\/\/revistaautobus.com.br\/?p=2679"},"author":{"name":"Antonio Ferro","@id":"https:\/\/revistaautobus.com.br\/#\/schema\/person\/54af7c3eb83a310e42ef686ef6d16f50"},"headline":"Eletromobilidade segue firme no transporte","datePublished":"2020-05-26T11:54:00+00:00","dateModified":"2021-06-25T16:34:45+00:00","mainEntityOfPage":{"@id":"https:\/\/revistaautobus.com.br\/?p=2679"},"wordCount":344,"commentCount":0,"publisher":{"@id":"https:\/\/revistaautobus.com.br\/#organization"},"image":{"@id":"https:\/\/revistaautobus.com.br\/?p=2679#primaryimage"},"thumbnailUrl":"https:\/\/revistaautobus.com.br\/wp-content\/uploads\/2021\/06\/eletromobilidade-segue-firme-no-transporte-1590494124.jpg","articleSection":["Not\u00edcias"],"inLanguage":"pt-BR","potentialAction":[{"@type":"CommentAction","name":"Comment","target":["https:\/\/revistaautobus.com.br\/?p=2679#respond"]}]},{"@type":"WebPage","@id":"https:\/\/revistaautobus.com.br\/?p=2679","url":"https:\/\/revistaautobus.com.br\/?p=2679","name":"Eletromobilidade segue firme no transporte - Revista AutoBus","isPartOf":{"@id":"https:\/\/revistaautobus.com.br\/#website"},"primaryImageOfPage":{"@id":"https:\/\/revistaautobus.com.br\/?p=2679#primaryimage"},"image":{"@id":"https:\/\/revistaautobus.com.br\/?p=2679#primaryimage"},"thumbnailUrl":"https:\/\/revistaautobus.com.br\/wp-content\/uploads\/2021\/06\/eletromobilidade-segue-firme-no-transporte-1590494124.jpg","datePublished":"2020-05-26T11:54:00+00:00","dateModified":"2021-06-25T16:34:45+00:00","breadcrumb":{"@id":"https:\/\/revistaautobus.com.br\/?p=2679#breadcrumb"},"inLanguage":"pt-BR","potentialAction":[{"@type":"ReadAction","target":["https:\/\/revistaautobus.com.br\/?p=2679"]}]},{"@type":"ImageObject","inLanguage":"pt-BR","@id":"https:\/\/revistaautobus.com.br\/?p=2679#primaryimage","url":"https:\/\/revistaautobus.com.br\/wp-content\/uploads\/2021\/06\/eletromobilidade-segue-firme-no-transporte-1590494124.jpg","contentUrl":"https:\/\/revistaautobus.com.br\/wp-content\/uploads\/2021\/06\/eletromobilidade-segue-firme-no-transporte-1590494124.jpg","width":1200,"height":628},{"@type":"BreadcrumbList","@id":"https:\/\/revistaautobus.com.br\/?p=2679#breadcrumb","itemListElement":[{"@type":"ListItem","position":1,"name":"In\u00edcio","item":"https:\/\/revistaautobus.com.br\/"},{"@type":"ListItem","position":2,"name":"Eletromobilidade segue firme no transporte"}]},{"@type":"WebSite","@id":"https:\/\/revistaautobus.com.br\/#website","url":"https:\/\/revistaautobus.com.br\/","name":"Revista AutoBus","description":"","publisher":{"@id":"https:\/\/revistaautobus.com.br\/#organization"},"potentialAction":[{"@type":"SearchAction","target":{"@type":"EntryPoint","urlTemplate":"https:\/\/revistaautobus.com.br\/?s={search_term_string}"},"query-input":{"@type":"PropertyValueSpecification","valueRequired":true,"valueName":"search_term_string"}}],"inLanguage":"pt-BR"},{"@type":"Organization","@id":"https:\/\/revistaautobus.com.br\/#organization","name":"Revista AutoBus","url":"https:\/\/revistaautobus.com.br\/","logo":{"@type":"ImageObject","inLanguage":"pt-BR","@id":"https:\/\/revistaautobus.com.br\/#\/schema\/logo\/image\/","url":"https:\/\/revistaautobus.com.br\/wp-content\/uploads\/2024\/11\/logo_revista_autobus_fb.png","contentUrl":"https:\/\/revistaautobus.com.br\/wp-content\/uploads\/2024\/11\/logo_revista_autobus_fb.png","width":836,"height":227,"caption":"Revista AutoBus"},"image":{"@id":"https:\/\/revistaautobus.com.br\/#\/schema\/logo\/image\/"},"sameAs":["https:\/\/www.facebook.com\/antonio.ferro.3150","https:\/\/www.instagram.com\/revistaautobus\/"]},{"@type":"Person","@id":"https:\/\/revistaautobus.com.br\/#\/schema\/person\/54af7c3eb83a310e42ef686ef6d16f50","name":"Antonio Ferro","image":{"@type":"ImageObject","inLanguage":"pt-BR","@id":"https:\/\/revistaautobus.com.br\/wp-content\/uploads\/2025\/12\/editor_antonio_ferro-150x150.jpg","url":"https:\/\/revistaautobus.com.br\/wp-content\/uploads\/2025\/12\/editor_antonio_ferro-150x150.jpg","contentUrl":"https:\/\/revistaautobus.com.br\/wp-content\/uploads\/2025\/12\/editor_antonio_ferro-150x150.jpg","caption":"Antonio Ferro"},"description":"infobus@uol.com.br","url":"https:\/\/revistaautobus.com.br\/?author=2"}]}},"jetpack_featured_media_url":"https:\/\/revistaautobus.com.br\/wp-content\/uploads\/2021\/06\/eletromobilidade-segue-firme-no-transporte-1590494124.jpg","jetpack_sharing_enabled":true,"_links":{"self":[{"href":"https:\/\/revistaautobus.com.br\/index.php?rest_route=\/wp\/v2\/posts\/2679","targetHints":{"allow":["GET"]}}],"collection":[{"href":"https:\/\/revistaautobus.com.br\/index.php?rest_route=\/wp\/v2\/posts"}],"about":[{"href":"https:\/\/revistaautobus.com.br\/index.php?rest_route=\/wp\/v2\/types\/post"}],"author":[{"embeddable":true,"href":"https:\/\/revistaautobus.com.br\/index.php?rest_route=\/wp\/v2\/users\/2"}],"replies":[{"embeddable":true,"href":"https:\/\/revistaautobus.com.br\/index.php?rest_route=%2Fwp%2Fv2%2Fcomments&post=2679"}],"version-history":[{"count":1,"href":"https:\/\/revistaautobus.com.br\/index.php?rest_route=\/wp\/v2\/posts\/2679\/revisions"}],"predecessor-version":[{"id":2681,"href":"https:\/\/revistaautobus.com.br\/index.php?rest_route=\/wp\/v2\/posts\/2679\/revisions\/2681"}],"wp:featuredmedia":[{"embeddable":true,"href":"https:\/\/revistaautobus.com.br\/index.php?rest_route=\/wp\/v2\/media\/2680"}],"wp:attachment":[{"href":"https:\/\/revistaautobus.com.br\/index.php?rest_route=%2Fwp%2Fv2%2Fmedia&parent=2679"}],"wp:term":[{"taxonomy":"category","embeddable":true,"href":"https:\/\/revistaautobus.com.br\/index.php?rest_route=%2Fwp%2Fv2%2Fcategories&post=2679"},{"taxonomy":"post_tag","embeddable":true,"href":"https:\/\/revistaautobus.com.br\/index.php?rest_route=%2Fwp%2Fv2%2Ftags&post=2679"}],"curies":[{"name":"wp","href":"https:\/\/api.w.org\/{rel}","templated":true}]}}