{"id":2685,"date":"2020-05-26T08:57:00","date_gmt":"2020-05-26T11:57:00","guid":{"rendered":"https:\/\/vila8.com.br\/clientes\/autobus\/?p=2685"},"modified":"2021-06-25T13:36:10","modified_gmt":"2021-06-25T16:36:10","slug":"iniciativas-no-combate-ao-covid-19","status":"publish","type":"post","link":"https:\/\/revistaautobus.com.br\/?p=2685","title":{"rendered":"Iniciativas no combate ao Covid-19"},"content":{"rendered":"\n<p>O setor de transportes n\u00e3o pode parar, pois sem ele muitos personagens envolvidos com o combate \u00e0 pandemia do coronav\u00edrus n\u00e3o conseguem atingir aos seus destinos. Atenta a esse fato, a encarro\u00e7adora paulista Caio informou que tem o compromisso de oferecer ao mercado solu\u00e7\u00f5es r\u00e1pidas, de custo acess\u00edvel e que garanta a prote\u00e7\u00e3o necess\u00e1ria contra o cont\u00e1gio.<\/p>\n\n\n\n<p>Em nota, uma das principais fabricante de carro\u00e7arias urbanas do Brasil ressaltou que em quest\u00e3o de dias, um v\u00edrus tornou-se o maior inimigo da humanidade, impactando na redu\u00e7\u00e3o da atividade econ\u00f4mica global. Segundo a Caio, entendendo esse contexto, no qual a mobilidade urbana \u00e9 a protagonista na locomo\u00e7\u00e3o de quem n\u00e3o pode parar, ela desenvolveu um conjunto de solu\u00e7\u00f5es para os clientes e para os passageiros.<\/p>\n\n\n\n<figure class=\"wp-block-image\"><img decoding=\"async\" src=\"https:\/\/revistaautobus.com.br\/uploads\/images\/2020\/05\/714-1590494388.jpg\" alt=\"Iniciativas no combate ao Covid-19\" title=\"Iniciativas no combate ao Covid-19\"\/><\/figure>\n\n\n\n<p>Suas pesquisas resultaram em kits opcionais compostos por prote\u00e7\u00e3o em vidro para o motorista e para o cobrador, evitando o contato direto com os passageiros. J\u00e1 para os passageiros, h\u00e1 duas solu\u00e7\u00f5es com possibilidade de aplica\u00e7\u00e3o imediata: sanefa transparente nos assentos preferenciais, com o objetivo de isolar e proteger pessoas que se enquadram nos grupos de risco, e poltronas demarcadas por capas na cor vermelha, produzidas em material de f\u00e1cil higieniza\u00e7\u00e3o, que podem indicar os assentos a n\u00e3o serem ocupados, para manter o distanciamento social necess\u00e1rio. A vantagem \u00e9 que os itens podem ser rapidamente instalados em ve\u00edculos zero km e tamb\u00e9m nos que est\u00e3o em opera\u00e7\u00e3o. As pe\u00e7as desenvolvidas s\u00e3o de f\u00e1cil higieniza\u00e7\u00e3o e manuseio. &#8220;Estamos trabalhando continuamente para que todos possam continuar usando o transporte coletivo, como meio priorit\u00e1rio de locomo\u00e7\u00e3o, sem receio de utiliz\u00e1-lo. O desenvolvimento de solu\u00e7\u00f5es eficientes requer estudo e an\u00e1lise de viabilidade, aplica\u00e7\u00e3o, durabilidade, custo benef\u00edcio, entre outros. No momento, pensamos em todos esses fatores para auxiliar nossos clientes nessa fase de adapta\u00e7\u00e3o a essa nova realidade, que n\u00e3o sabemos se ser\u00e1 duradoura&#8221;, disse o gerente de design da Caio, Roberto Barduco.<\/p>\n\n\n\n<p>A encarro\u00e7adora ainda destacou que outros itens t\u00e9cnicos, de f\u00e1cil aplicabilidade, como o higienizador de m\u00e3os e equipamento para aferi\u00e7\u00e3o de temperatura, a serem instalados na entrada dos ve\u00edculos, est\u00e3o em desenvolvimento.<\/p>\n\n\n\n<p>Imagens &#8211; Divulga\u00e7\u00e3o<\/p>\n","protected":false},"excerpt":{"rendered":"<p>Em nota, uma das principais fabricante de carro\u00e7arias urbanas do Brasil ressaltou que em quest\u00e3o de dias, um v\u00edrus tornou-se o maior inimigo da humanidade, impactando na redu\u00e7\u00e3o da atividade econ\u00f4mica global<\/p>\n","protected":false},"author":2,"featured_media":2686,"comment_status":"open","ping_status":"open","sticky":false,"template":"","format":"standard","meta":{"_et_pb_use_builder":"off","_et_pb_old_content":"","_et_gb_content_width":"","_jetpack_memberships_contains_paid_content":false,"footnotes":""},"categories":[90],"tags":[],"class_list":["post-2685","post","type-post","status-publish","format-standard","has-post-thumbnail","hentry","category-noticias","et-has-post-format-content","et_post_format-et-post-format-standard"],"yoast_head":"<!-- This site is optimized with the Yoast SEO plugin v27.2 - https:\/\/yoast.com\/product\/yoast-seo-wordpress\/ -->\n<title>Iniciativas no combate ao Covid-19 - Revista AutoBus<\/title>\n<meta name=\"robots\" content=\"index, follow, max-snippet:-1, max-image-preview:large, max-video-preview:-1\" \/>\n<link rel=\"canonical\" href=\"https:\/\/revistaautobus.com.br\/?p=2685\" \/>\n<meta property=\"og:locale\" content=\"pt_BR\" \/>\n<meta property=\"og:type\" content=\"article\" \/>\n<meta property=\"og:title\" content=\"Iniciativas no combate ao Covid-19 - Revista AutoBus\" \/>\n<meta property=\"og:description\" content=\"Em nota, uma das principais fabricante de carro\u00e7arias urbanas do Brasil ressaltou que em quest\u00e3o de dias, um v\u00edrus tornou-se o maior inimigo da humanidade, impactando na redu\u00e7\u00e3o da atividade econ\u00f4mica global\" \/>\n<meta property=\"og:url\" content=\"https:\/\/revistaautobus.com.br\/?p=2685\" \/>\n<meta property=\"og:site_name\" content=\"Revista AutoBus\" \/>\n<meta property=\"article:publisher\" content=\"https:\/\/www.facebook.com\/antonio.ferro.3150\" \/>\n<meta property=\"article:published_time\" content=\"2020-05-26T11:57:00+00:00\" \/>\n<meta property=\"article:modified_time\" content=\"2021-06-25T16:36:10+00:00\" \/>\n<meta property=\"og:image\" content=\"https:\/\/revistaautobus.com.br\/wp-content\/uploads\/2021\/06\/iniciativas-no-combate-ao-covid-19-1590494320.jpg\" \/>\n\t<meta property=\"og:image:width\" content=\"1200\" \/>\n\t<meta property=\"og:image:height\" content=\"845\" \/>\n\t<meta property=\"og:image:type\" content=\"image\/jpeg\" \/>\n<meta name=\"author\" content=\"Antonio Ferro\" \/>\n<meta name=\"twitter:card\" content=\"summary_large_image\" \/>\n<meta name=\"twitter:label1\" content=\"Escrito por\" \/>\n\t<meta name=\"twitter:data1\" content=\"Antonio Ferro\" \/>\n\t<meta name=\"twitter:label2\" content=\"Est. tempo de leitura\" \/>\n\t<meta name=\"twitter:data2\" content=\"2 minutos\" \/>\n<script type=\"application\/ld+json\" class=\"yoast-schema-graph\">{\"@context\":\"https:\/\/schema.org\",\"@graph\":[{\"@type\":\"Article\",\"@id\":\"https:\/\/revistaautobus.com.br\/?p=2685#article\",\"isPartOf\":{\"@id\":\"https:\/\/revistaautobus.com.br\/?p=2685\"},\"author\":{\"name\":\"Antonio Ferro\",\"@id\":\"https:\/\/revistaautobus.com.br\/#\/schema\/person\/54af7c3eb83a310e42ef686ef6d16f50\"},\"headline\":\"Iniciativas no combate ao Covid-19\",\"datePublished\":\"2020-05-26T11:57:00+00:00\",\"dateModified\":\"2021-06-25T16:36:10+00:00\",\"mainEntityOfPage\":{\"@id\":\"https:\/\/revistaautobus.com.br\/?p=2685\"},\"wordCount\":398,\"commentCount\":0,\"publisher\":{\"@id\":\"https:\/\/revistaautobus.com.br\/#organization\"},\"image\":{\"@id\":\"https:\/\/revistaautobus.com.br\/?p=2685#primaryimage\"},\"thumbnailUrl\":\"https:\/\/revistaautobus.com.br\/wp-content\/uploads\/2021\/06\/iniciativas-no-combate-ao-covid-19-1590494320.jpg\",\"articleSection\":[\"Not\u00edcias\"],\"inLanguage\":\"pt-BR\",\"potentialAction\":[{\"@type\":\"CommentAction\",\"name\":\"Comment\",\"target\":[\"https:\/\/revistaautobus.com.br\/?p=2685#respond\"]}]},{\"@type\":\"WebPage\",\"@id\":\"https:\/\/revistaautobus.com.br\/?p=2685\",\"url\":\"https:\/\/revistaautobus.com.br\/?p=2685\",\"name\":\"Iniciativas no combate ao Covid-19 - Revista AutoBus\",\"isPartOf\":{\"@id\":\"https:\/\/revistaautobus.com.br\/#website\"},\"primaryImageOfPage\":{\"@id\":\"https:\/\/revistaautobus.com.br\/?p=2685#primaryimage\"},\"image\":{\"@id\":\"https:\/\/revistaautobus.com.br\/?p=2685#primaryimage\"},\"thumbnailUrl\":\"https:\/\/revistaautobus.com.br\/wp-content\/uploads\/2021\/06\/iniciativas-no-combate-ao-covid-19-1590494320.jpg\",\"datePublished\":\"2020-05-26T11:57:00+00:00\",\"dateModified\":\"2021-06-25T16:36:10+00:00\",\"breadcrumb\":{\"@id\":\"https:\/\/revistaautobus.com.br\/?p=2685#breadcrumb\"},\"inLanguage\":\"pt-BR\",\"potentialAction\":[{\"@type\":\"ReadAction\",\"target\":[\"https:\/\/revistaautobus.com.br\/?p=2685\"]}]},{\"@type\":\"ImageObject\",\"inLanguage\":\"pt-BR\",\"@id\":\"https:\/\/revistaautobus.com.br\/?p=2685#primaryimage\",\"url\":\"https:\/\/revistaautobus.com.br\/wp-content\/uploads\/2021\/06\/iniciativas-no-combate-ao-covid-19-1590494320.jpg\",\"contentUrl\":\"https:\/\/revistaautobus.com.br\/wp-content\/uploads\/2021\/06\/iniciativas-no-combate-ao-covid-19-1590494320.jpg\",\"width\":1200,\"height\":845},{\"@type\":\"BreadcrumbList\",\"@id\":\"https:\/\/revistaautobus.com.br\/?p=2685#breadcrumb\",\"itemListElement\":[{\"@type\":\"ListItem\",\"position\":1,\"name\":\"In\u00edcio\",\"item\":\"https:\/\/revistaautobus.com.br\/\"},{\"@type\":\"ListItem\",\"position\":2,\"name\":\"Iniciativas no combate ao Covid-19\"}]},{\"@type\":\"WebSite\",\"@id\":\"https:\/\/revistaautobus.com.br\/#website\",\"url\":\"https:\/\/revistaautobus.com.br\/\",\"name\":\"Revista AutoBus\",\"description\":\"\",\"publisher\":{\"@id\":\"https:\/\/revistaautobus.com.br\/#organization\"},\"potentialAction\":[{\"@type\":\"SearchAction\",\"target\":{\"@type\":\"EntryPoint\",\"urlTemplate\":\"https:\/\/revistaautobus.com.br\/?s={search_term_string}\"},\"query-input\":{\"@type\":\"PropertyValueSpecification\",\"valueRequired\":true,\"valueName\":\"search_term_string\"}}],\"inLanguage\":\"pt-BR\"},{\"@type\":\"Organization\",\"@id\":\"https:\/\/revistaautobus.com.br\/#organization\",\"name\":\"Revista AutoBus\",\"url\":\"https:\/\/revistaautobus.com.br\/\",\"logo\":{\"@type\":\"ImageObject\",\"inLanguage\":\"pt-BR\",\"@id\":\"https:\/\/revistaautobus.com.br\/#\/schema\/logo\/image\/\",\"url\":\"https:\/\/revistaautobus.com.br\/wp-content\/uploads\/2024\/11\/logo_revista_autobus_fb.png\",\"contentUrl\":\"https:\/\/revistaautobus.com.br\/wp-content\/uploads\/2024\/11\/logo_revista_autobus_fb.png\",\"width\":836,\"height\":227,\"caption\":\"Revista AutoBus\"},\"image\":{\"@id\":\"https:\/\/revistaautobus.com.br\/#\/schema\/logo\/image\/\"},\"sameAs\":[\"https:\/\/www.facebook.com\/antonio.ferro.3150\",\"https:\/\/www.instagram.com\/revistaautobus\/\"]},{\"@type\":\"Person\",\"@id\":\"https:\/\/revistaautobus.com.br\/#\/schema\/person\/54af7c3eb83a310e42ef686ef6d16f50\",\"name\":\"Antonio Ferro\",\"image\":{\"@type\":\"ImageObject\",\"inLanguage\":\"pt-BR\",\"@id\":\"https:\/\/revistaautobus.com.br\/wp-content\/uploads\/2025\/12\/editor_antonio_ferro-150x150.jpg\",\"url\":\"https:\/\/revistaautobus.com.br\/wp-content\/uploads\/2025\/12\/editor_antonio_ferro-150x150.jpg\",\"contentUrl\":\"https:\/\/revistaautobus.com.br\/wp-content\/uploads\/2025\/12\/editor_antonio_ferro-150x150.jpg\",\"caption\":\"Antonio Ferro\"},\"description\":\"infobus@uol.com.br\",\"url\":\"https:\/\/revistaautobus.com.br\/?author=2\"}]}<\/script>\n<!-- \/ Yoast SEO plugin. -->","yoast_head_json":{"title":"Iniciativas no combate ao Covid-19 - Revista AutoBus","robots":{"index":"index","follow":"follow","max-snippet":"max-snippet:-1","max-image-preview":"max-image-preview:large","max-video-preview":"max-video-preview:-1"},"canonical":"https:\/\/revistaautobus.com.br\/?p=2685","og_locale":"pt_BR","og_type":"article","og_title":"Iniciativas no combate ao Covid-19 - Revista AutoBus","og_description":"Em nota, uma das principais fabricante de carro\u00e7arias urbanas do Brasil ressaltou que em quest\u00e3o de dias, um v\u00edrus tornou-se o maior inimigo da humanidade, impactando na redu\u00e7\u00e3o da atividade econ\u00f4mica global","og_url":"https:\/\/revistaautobus.com.br\/?p=2685","og_site_name":"Revista AutoBus","article_publisher":"https:\/\/www.facebook.com\/antonio.ferro.3150","article_published_time":"2020-05-26T11:57:00+00:00","article_modified_time":"2021-06-25T16:36:10+00:00","og_image":[{"width":1200,"height":845,"url":"https:\/\/revistaautobus.com.br\/wp-content\/uploads\/2021\/06\/iniciativas-no-combate-ao-covid-19-1590494320.jpg","type":"image\/jpeg"}],"author":"Antonio Ferro","twitter_card":"summary_large_image","twitter_misc":{"Escrito por":"Antonio Ferro","Est. tempo de leitura":"2 minutos"},"schema":{"@context":"https:\/\/schema.org","@graph":[{"@type":"Article","@id":"https:\/\/revistaautobus.com.br\/?p=2685#article","isPartOf":{"@id":"https:\/\/revistaautobus.com.br\/?p=2685"},"author":{"name":"Antonio Ferro","@id":"https:\/\/revistaautobus.com.br\/#\/schema\/person\/54af7c3eb83a310e42ef686ef6d16f50"},"headline":"Iniciativas no combate ao Covid-19","datePublished":"2020-05-26T11:57:00+00:00","dateModified":"2021-06-25T16:36:10+00:00","mainEntityOfPage":{"@id":"https:\/\/revistaautobus.com.br\/?p=2685"},"wordCount":398,"commentCount":0,"publisher":{"@id":"https:\/\/revistaautobus.com.br\/#organization"},"image":{"@id":"https:\/\/revistaautobus.com.br\/?p=2685#primaryimage"},"thumbnailUrl":"https:\/\/revistaautobus.com.br\/wp-content\/uploads\/2021\/06\/iniciativas-no-combate-ao-covid-19-1590494320.jpg","articleSection":["Not\u00edcias"],"inLanguage":"pt-BR","potentialAction":[{"@type":"CommentAction","name":"Comment","target":["https:\/\/revistaautobus.com.br\/?p=2685#respond"]}]},{"@type":"WebPage","@id":"https:\/\/revistaautobus.com.br\/?p=2685","url":"https:\/\/revistaautobus.com.br\/?p=2685","name":"Iniciativas no combate ao Covid-19 - Revista AutoBus","isPartOf":{"@id":"https:\/\/revistaautobus.com.br\/#website"},"primaryImageOfPage":{"@id":"https:\/\/revistaautobus.com.br\/?p=2685#primaryimage"},"image":{"@id":"https:\/\/revistaautobus.com.br\/?p=2685#primaryimage"},"thumbnailUrl":"https:\/\/revistaautobus.com.br\/wp-content\/uploads\/2021\/06\/iniciativas-no-combate-ao-covid-19-1590494320.jpg","datePublished":"2020-05-26T11:57:00+00:00","dateModified":"2021-06-25T16:36:10+00:00","breadcrumb":{"@id":"https:\/\/revistaautobus.com.br\/?p=2685#breadcrumb"},"inLanguage":"pt-BR","potentialAction":[{"@type":"ReadAction","target":["https:\/\/revistaautobus.com.br\/?p=2685"]}]},{"@type":"ImageObject","inLanguage":"pt-BR","@id":"https:\/\/revistaautobus.com.br\/?p=2685#primaryimage","url":"https:\/\/revistaautobus.com.br\/wp-content\/uploads\/2021\/06\/iniciativas-no-combate-ao-covid-19-1590494320.jpg","contentUrl":"https:\/\/revistaautobus.com.br\/wp-content\/uploads\/2021\/06\/iniciativas-no-combate-ao-covid-19-1590494320.jpg","width":1200,"height":845},{"@type":"BreadcrumbList","@id":"https:\/\/revistaautobus.com.br\/?p=2685#breadcrumb","itemListElement":[{"@type":"ListItem","position":1,"name":"In\u00edcio","item":"https:\/\/revistaautobus.com.br\/"},{"@type":"ListItem","position":2,"name":"Iniciativas no combate ao Covid-19"}]},{"@type":"WebSite","@id":"https:\/\/revistaautobus.com.br\/#website","url":"https:\/\/revistaautobus.com.br\/","name":"Revista AutoBus","description":"","publisher":{"@id":"https:\/\/revistaautobus.com.br\/#organization"},"potentialAction":[{"@type":"SearchAction","target":{"@type":"EntryPoint","urlTemplate":"https:\/\/revistaautobus.com.br\/?s={search_term_string}"},"query-input":{"@type":"PropertyValueSpecification","valueRequired":true,"valueName":"search_term_string"}}],"inLanguage":"pt-BR"},{"@type":"Organization","@id":"https:\/\/revistaautobus.com.br\/#organization","name":"Revista AutoBus","url":"https:\/\/revistaautobus.com.br\/","logo":{"@type":"ImageObject","inLanguage":"pt-BR","@id":"https:\/\/revistaautobus.com.br\/#\/schema\/logo\/image\/","url":"https:\/\/revistaautobus.com.br\/wp-content\/uploads\/2024\/11\/logo_revista_autobus_fb.png","contentUrl":"https:\/\/revistaautobus.com.br\/wp-content\/uploads\/2024\/11\/logo_revista_autobus_fb.png","width":836,"height":227,"caption":"Revista AutoBus"},"image":{"@id":"https:\/\/revistaautobus.com.br\/#\/schema\/logo\/image\/"},"sameAs":["https:\/\/www.facebook.com\/antonio.ferro.3150","https:\/\/www.instagram.com\/revistaautobus\/"]},{"@type":"Person","@id":"https:\/\/revistaautobus.com.br\/#\/schema\/person\/54af7c3eb83a310e42ef686ef6d16f50","name":"Antonio Ferro","image":{"@type":"ImageObject","inLanguage":"pt-BR","@id":"https:\/\/revistaautobus.com.br\/wp-content\/uploads\/2025\/12\/editor_antonio_ferro-150x150.jpg","url":"https:\/\/revistaautobus.com.br\/wp-content\/uploads\/2025\/12\/editor_antonio_ferro-150x150.jpg","contentUrl":"https:\/\/revistaautobus.com.br\/wp-content\/uploads\/2025\/12\/editor_antonio_ferro-150x150.jpg","caption":"Antonio Ferro"},"description":"infobus@uol.com.br","url":"https:\/\/revistaautobus.com.br\/?author=2"}]}},"jetpack_featured_media_url":"https:\/\/revistaautobus.com.br\/wp-content\/uploads\/2021\/06\/iniciativas-no-combate-ao-covid-19-1590494320.jpg","jetpack_sharing_enabled":true,"_links":{"self":[{"href":"https:\/\/revistaautobus.com.br\/index.php?rest_route=\/wp\/v2\/posts\/2685","targetHints":{"allow":["GET"]}}],"collection":[{"href":"https:\/\/revistaautobus.com.br\/index.php?rest_route=\/wp\/v2\/posts"}],"about":[{"href":"https:\/\/revistaautobus.com.br\/index.php?rest_route=\/wp\/v2\/types\/post"}],"author":[{"embeddable":true,"href":"https:\/\/revistaautobus.com.br\/index.php?rest_route=\/wp\/v2\/users\/2"}],"replies":[{"embeddable":true,"href":"https:\/\/revistaautobus.com.br\/index.php?rest_route=%2Fwp%2Fv2%2Fcomments&post=2685"}],"version-history":[{"count":1,"href":"https:\/\/revistaautobus.com.br\/index.php?rest_route=\/wp\/v2\/posts\/2685\/revisions"}],"predecessor-version":[{"id":2687,"href":"https:\/\/revistaautobus.com.br\/index.php?rest_route=\/wp\/v2\/posts\/2685\/revisions\/2687"}],"wp:featuredmedia":[{"embeddable":true,"href":"https:\/\/revistaautobus.com.br\/index.php?rest_route=\/wp\/v2\/media\/2686"}],"wp:attachment":[{"href":"https:\/\/revistaautobus.com.br\/index.php?rest_route=%2Fwp%2Fv2%2Fmedia&parent=2685"}],"wp:term":[{"taxonomy":"category","embeddable":true,"href":"https:\/\/revistaautobus.com.br\/index.php?rest_route=%2Fwp%2Fv2%2Fcategories&post=2685"},{"taxonomy":"post_tag","embeddable":true,"href":"https:\/\/revistaautobus.com.br\/index.php?rest_route=%2Fwp%2Fv2%2Ftags&post=2685"}],"curies":[{"name":"wp","href":"https:\/\/api.w.org\/{rel}","templated":true}]}}