{"id":2688,"date":"2020-05-26T09:00:00","date_gmt":"2020-05-26T12:00:00","guid":{"rendered":"https:\/\/vila8.com.br\/clientes\/autobus\/?p=2688"},"modified":"2021-06-25T13:36:58","modified_gmt":"2021-06-25T16:36:58","slug":"nova-ferramenta-de-vendas","status":"publish","type":"post","link":"https:\/\/revistaautobus.com.br\/?p=2688","title":{"rendered":"Nova ferramenta de vendas"},"content":{"rendered":"\n<p>Com o nome de Showroom Virtual Star Online, a Mercedes-Benz leva clientes para dentro de concession\u00e1rios de caminh\u00f5es, \u00f4nibus e Linha Sprinter de todo Brasil por meio de uma plataforma virtual, tendo como objetivo facilitar a vida de seus clientes que podem conferir o amplo portf\u00f3lio de seus produtos destinados ao transporte. A novidade engloba comercializa\u00e7\u00e3o de ve\u00edculos novos e tamb\u00e9m seminovos da SelecTrucks, al\u00e9m da oferta de pe\u00e7as e servi\u00e7os e neg\u00f3cios com Banco e Cons\u00f3rcio da pr\u00f3pria marca.<\/p>\n\n\n\n<p>Segundo a montadora, seu Showroom Virtual Star Online tem a meta de estabelecer um canal de venda digital entre os clientes e os concession\u00e1rios da marca. Para total seguran\u00e7a, o ambiente da nova plataforma tem acesso via login e senha, iniciando com um pr\u00e9-cadastro para valida\u00e7\u00e3o dos dados e o pr\u00f3prio sistema direciona o cliente para as revendas da regi\u00e3o mais pr\u00f3xima dele, onde \u00e9 atendido pela equipe que j\u00e1 conhece e tem relacionamento. Os novos clientes tamb\u00e9m estar\u00e3o \u00e0 vontade para fazer neg\u00f3cios, mesmo que ainda n\u00e3o conhe\u00e7am os vendedores Mercedes-Benz. &#8220;Mais uma vez, damos um passo \u00e0 frente em nosso segmento e lan\u00e7amos o Showroom Virtual Star Online, projeto que leva os clientes para dentro de concession\u00e1rios de todo o Pa\u00eds, de forma r\u00e1pida e online, assim ele pode nos visitar pelo computador, laptop ou celular a qualquer hora ou dia. Na tela, o cliente ter\u00e1 tudo o que precisa: vendas de caminh\u00f5es, \u00f4nibus e Linha Sprinter, comercializa\u00e7\u00e3o de ve\u00edculos usados da SelecTrucks, ofertas de pe\u00e7as e servi\u00e7os, al\u00e9m de neg\u00f3cios do Banco e Cons\u00f3rcio da pr\u00f3pria marca. Tudo muito pr\u00e1tico, simples e r\u00e1pido, para facilitar o seu dia a dia&#8221;, explicou Roberto Leoncini, vice-presidente de Vendas e Marketing Caminh\u00f5es e \u00d4nibus da Mercedes-Benz do Brasil.<\/p>\n\n\n\n<p>O executivo ainda lembrou que o lan\u00e7amento da novidade nesse dif\u00edcil momento do Pa\u00eds procura atender \u00e0s demandas crescentes de clientes por neg\u00f3cios via internet. &#8220;Contudo, essa ferramenta j\u00e1 vinha sendo pensada, veio para ficar e tamb\u00e9m \u00e9 fruto do avan\u00e7o da Mercedes-Benz no campo da inova\u00e7\u00e3o, tecnologia digital e Internet das Coisas dentro do conceito concession\u00e1rios e clientes 4.0, assim como j\u00e1 ocorre com nossos produtos, servi\u00e7os e f\u00e1bricas que tamb\u00e9m j\u00e1 s\u00e3o digitais&#8221;, observou Leoncini.<\/p>\n\n\n\n<p>A Mercedes-Benz ressaltou que conhece muito bem o potencial das ferramentas digitais e passa a oferecer mais vantagens aos clientes, que ganham a alternativa virtual de neg\u00f3cios, mas que continuam contando com seu concession\u00e1rio como sempre, podendo visit\u00e1-lo pessoalmente, tanto o showroom f\u00edsico, quanto a oficina e o balc\u00e3o de pe\u00e7as, conforme sua prefer\u00eancia ou necessidade.<\/p>\n\n\n\n<p>O acesso \u00e0 nova plataforma \u00e9 pelo endere\u00e7o www.showroommercedes-benz.com.br.<\/p>\n","protected":false},"excerpt":{"rendered":"<p>A novidade engloba comercializa\u00e7\u00e3o de ve\u00edculos novos e tamb\u00e9m seminovos da SelecTrucks, al\u00e9m da oferta de pe\u00e7as e servi\u00e7os e neg\u00f3cios com Banco e Cons\u00f3rcio da pr\u00f3pria marca Mercedes-Benz<\/p>\n","protected":false},"author":2,"featured_media":2689,"comment_status":"open","ping_status":"open","sticky":false,"template":"","format":"standard","meta":{"_et_pb_use_builder":"off","_et_pb_old_content":"","_et_gb_content_width":"","_jetpack_memberships_contains_paid_content":false,"footnotes":""},"categories":[90],"tags":[],"class_list":["post-2688","post","type-post","status-publish","format-standard","has-post-thumbnail","hentry","category-noticias","et-has-post-format-content","et_post_format-et-post-format-standard"],"yoast_head":"<!-- This site is optimized with the Yoast SEO plugin v27.2 - https:\/\/yoast.com\/product\/yoast-seo-wordpress\/ -->\n<title>Nova ferramenta de vendas - Revista AutoBus<\/title>\n<meta name=\"robots\" content=\"index, follow, max-snippet:-1, max-image-preview:large, max-video-preview:-1\" \/>\n<link rel=\"canonical\" href=\"https:\/\/revistaautobus.com.br\/?p=2688\" \/>\n<meta property=\"og:locale\" content=\"pt_BR\" \/>\n<meta property=\"og:type\" content=\"article\" \/>\n<meta property=\"og:title\" content=\"Nova ferramenta de vendas - Revista AutoBus\" \/>\n<meta property=\"og:description\" content=\"A novidade engloba comercializa\u00e7\u00e3o de ve\u00edculos novos e tamb\u00e9m seminovos da SelecTrucks, al\u00e9m da oferta de pe\u00e7as e servi\u00e7os e neg\u00f3cios com Banco e Cons\u00f3rcio da pr\u00f3pria marca Mercedes-Benz\" \/>\n<meta property=\"og:url\" content=\"https:\/\/revistaautobus.com.br\/?p=2688\" \/>\n<meta property=\"og:site_name\" content=\"Revista AutoBus\" \/>\n<meta property=\"article:publisher\" content=\"https:\/\/www.facebook.com\/antonio.ferro.3150\" \/>\n<meta property=\"article:published_time\" content=\"2020-05-26T12:00:00+00:00\" \/>\n<meta property=\"article:modified_time\" content=\"2021-06-25T16:36:58+00:00\" \/>\n<meta property=\"og:image\" content=\"https:\/\/revistaautobus.com.br\/wp-content\/uploads\/2021\/06\/nova-ferramenta-de-vendas-1590495057.png\" \/>\n\t<meta property=\"og:image:width\" content=\"1200\" \/>\n\t<meta property=\"og:image:height\" content=\"480\" \/>\n\t<meta property=\"og:image:type\" content=\"image\/png\" \/>\n<meta name=\"author\" content=\"Antonio Ferro\" \/>\n<meta name=\"twitter:card\" content=\"summary_large_image\" \/>\n<meta name=\"twitter:label1\" content=\"Escrito por\" \/>\n\t<meta name=\"twitter:data1\" content=\"Antonio Ferro\" \/>\n\t<meta name=\"twitter:label2\" content=\"Est. tempo de leitura\" \/>\n\t<meta name=\"twitter:data2\" content=\"2 minutos\" \/>\n<script type=\"application\/ld+json\" class=\"yoast-schema-graph\">{\"@context\":\"https:\/\/schema.org\",\"@graph\":[{\"@type\":\"Article\",\"@id\":\"https:\/\/revistaautobus.com.br\/?p=2688#article\",\"isPartOf\":{\"@id\":\"https:\/\/revistaautobus.com.br\/?p=2688\"},\"author\":{\"name\":\"Antonio Ferro\",\"@id\":\"https:\/\/revistaautobus.com.br\/#\/schema\/person\/54af7c3eb83a310e42ef686ef6d16f50\"},\"headline\":\"Nova ferramenta de vendas\",\"datePublished\":\"2020-05-26T12:00:00+00:00\",\"dateModified\":\"2021-06-25T16:36:58+00:00\",\"mainEntityOfPage\":{\"@id\":\"https:\/\/revistaautobus.com.br\/?p=2688\"},\"wordCount\":490,\"commentCount\":0,\"publisher\":{\"@id\":\"https:\/\/revistaautobus.com.br\/#organization\"},\"image\":{\"@id\":\"https:\/\/revistaautobus.com.br\/?p=2688#primaryimage\"},\"thumbnailUrl\":\"https:\/\/revistaautobus.com.br\/wp-content\/uploads\/2021\/06\/nova-ferramenta-de-vendas-1590495057.png\",\"articleSection\":[\"Not\u00edcias\"],\"inLanguage\":\"pt-BR\",\"potentialAction\":[{\"@type\":\"CommentAction\",\"name\":\"Comment\",\"target\":[\"https:\/\/revistaautobus.com.br\/?p=2688#respond\"]}]},{\"@type\":\"WebPage\",\"@id\":\"https:\/\/revistaautobus.com.br\/?p=2688\",\"url\":\"https:\/\/revistaautobus.com.br\/?p=2688\",\"name\":\"Nova ferramenta de vendas - Revista AutoBus\",\"isPartOf\":{\"@id\":\"https:\/\/revistaautobus.com.br\/#website\"},\"primaryImageOfPage\":{\"@id\":\"https:\/\/revistaautobus.com.br\/?p=2688#primaryimage\"},\"image\":{\"@id\":\"https:\/\/revistaautobus.com.br\/?p=2688#primaryimage\"},\"thumbnailUrl\":\"https:\/\/revistaautobus.com.br\/wp-content\/uploads\/2021\/06\/nova-ferramenta-de-vendas-1590495057.png\",\"datePublished\":\"2020-05-26T12:00:00+00:00\",\"dateModified\":\"2021-06-25T16:36:58+00:00\",\"breadcrumb\":{\"@id\":\"https:\/\/revistaautobus.com.br\/?p=2688#breadcrumb\"},\"inLanguage\":\"pt-BR\",\"potentialAction\":[{\"@type\":\"ReadAction\",\"target\":[\"https:\/\/revistaautobus.com.br\/?p=2688\"]}]},{\"@type\":\"ImageObject\",\"inLanguage\":\"pt-BR\",\"@id\":\"https:\/\/revistaautobus.com.br\/?p=2688#primaryimage\",\"url\":\"https:\/\/revistaautobus.com.br\/wp-content\/uploads\/2021\/06\/nova-ferramenta-de-vendas-1590495057.png\",\"contentUrl\":\"https:\/\/revistaautobus.com.br\/wp-content\/uploads\/2021\/06\/nova-ferramenta-de-vendas-1590495057.png\",\"width\":1200,\"height\":480},{\"@type\":\"BreadcrumbList\",\"@id\":\"https:\/\/revistaautobus.com.br\/?p=2688#breadcrumb\",\"itemListElement\":[{\"@type\":\"ListItem\",\"position\":1,\"name\":\"In\u00edcio\",\"item\":\"https:\/\/revistaautobus.com.br\/\"},{\"@type\":\"ListItem\",\"position\":2,\"name\":\"Nova ferramenta de vendas\"}]},{\"@type\":\"WebSite\",\"@id\":\"https:\/\/revistaautobus.com.br\/#website\",\"url\":\"https:\/\/revistaautobus.com.br\/\",\"name\":\"Revista AutoBus\",\"description\":\"\",\"publisher\":{\"@id\":\"https:\/\/revistaautobus.com.br\/#organization\"},\"potentialAction\":[{\"@type\":\"SearchAction\",\"target\":{\"@type\":\"EntryPoint\",\"urlTemplate\":\"https:\/\/revistaautobus.com.br\/?s={search_term_string}\"},\"query-input\":{\"@type\":\"PropertyValueSpecification\",\"valueRequired\":true,\"valueName\":\"search_term_string\"}}],\"inLanguage\":\"pt-BR\"},{\"@type\":\"Organization\",\"@id\":\"https:\/\/revistaautobus.com.br\/#organization\",\"name\":\"Revista AutoBus\",\"url\":\"https:\/\/revistaautobus.com.br\/\",\"logo\":{\"@type\":\"ImageObject\",\"inLanguage\":\"pt-BR\",\"@id\":\"https:\/\/revistaautobus.com.br\/#\/schema\/logo\/image\/\",\"url\":\"https:\/\/revistaautobus.com.br\/wp-content\/uploads\/2024\/11\/logo_revista_autobus_fb.png\",\"contentUrl\":\"https:\/\/revistaautobus.com.br\/wp-content\/uploads\/2024\/11\/logo_revista_autobus_fb.png\",\"width\":836,\"height\":227,\"caption\":\"Revista AutoBus\"},\"image\":{\"@id\":\"https:\/\/revistaautobus.com.br\/#\/schema\/logo\/image\/\"},\"sameAs\":[\"https:\/\/www.facebook.com\/antonio.ferro.3150\",\"https:\/\/www.instagram.com\/revistaautobus\/\"]},{\"@type\":\"Person\",\"@id\":\"https:\/\/revistaautobus.com.br\/#\/schema\/person\/54af7c3eb83a310e42ef686ef6d16f50\",\"name\":\"Antonio Ferro\",\"image\":{\"@type\":\"ImageObject\",\"inLanguage\":\"pt-BR\",\"@id\":\"https:\/\/revistaautobus.com.br\/wp-content\/uploads\/2025\/12\/editor_antonio_ferro-150x150.jpg\",\"url\":\"https:\/\/revistaautobus.com.br\/wp-content\/uploads\/2025\/12\/editor_antonio_ferro-150x150.jpg\",\"contentUrl\":\"https:\/\/revistaautobus.com.br\/wp-content\/uploads\/2025\/12\/editor_antonio_ferro-150x150.jpg\",\"caption\":\"Antonio Ferro\"},\"description\":\"infobus@uol.com.br\",\"url\":\"https:\/\/revistaautobus.com.br\/?author=2\"}]}<\/script>\n<!-- \/ Yoast SEO plugin. -->","yoast_head_json":{"title":"Nova ferramenta de vendas - Revista AutoBus","robots":{"index":"index","follow":"follow","max-snippet":"max-snippet:-1","max-image-preview":"max-image-preview:large","max-video-preview":"max-video-preview:-1"},"canonical":"https:\/\/revistaautobus.com.br\/?p=2688","og_locale":"pt_BR","og_type":"article","og_title":"Nova ferramenta de vendas - Revista AutoBus","og_description":"A novidade engloba comercializa\u00e7\u00e3o de ve\u00edculos novos e tamb\u00e9m seminovos da SelecTrucks, al\u00e9m da oferta de pe\u00e7as e servi\u00e7os e neg\u00f3cios com Banco e Cons\u00f3rcio da pr\u00f3pria marca Mercedes-Benz","og_url":"https:\/\/revistaautobus.com.br\/?p=2688","og_site_name":"Revista AutoBus","article_publisher":"https:\/\/www.facebook.com\/antonio.ferro.3150","article_published_time":"2020-05-26T12:00:00+00:00","article_modified_time":"2021-06-25T16:36:58+00:00","og_image":[{"width":1200,"height":480,"url":"https:\/\/revistaautobus.com.br\/wp-content\/uploads\/2021\/06\/nova-ferramenta-de-vendas-1590495057.png","type":"image\/png"}],"author":"Antonio Ferro","twitter_card":"summary_large_image","twitter_misc":{"Escrito por":"Antonio Ferro","Est. tempo de leitura":"2 minutos"},"schema":{"@context":"https:\/\/schema.org","@graph":[{"@type":"Article","@id":"https:\/\/revistaautobus.com.br\/?p=2688#article","isPartOf":{"@id":"https:\/\/revistaautobus.com.br\/?p=2688"},"author":{"name":"Antonio Ferro","@id":"https:\/\/revistaautobus.com.br\/#\/schema\/person\/54af7c3eb83a310e42ef686ef6d16f50"},"headline":"Nova ferramenta de vendas","datePublished":"2020-05-26T12:00:00+00:00","dateModified":"2021-06-25T16:36:58+00:00","mainEntityOfPage":{"@id":"https:\/\/revistaautobus.com.br\/?p=2688"},"wordCount":490,"commentCount":0,"publisher":{"@id":"https:\/\/revistaautobus.com.br\/#organization"},"image":{"@id":"https:\/\/revistaautobus.com.br\/?p=2688#primaryimage"},"thumbnailUrl":"https:\/\/revistaautobus.com.br\/wp-content\/uploads\/2021\/06\/nova-ferramenta-de-vendas-1590495057.png","articleSection":["Not\u00edcias"],"inLanguage":"pt-BR","potentialAction":[{"@type":"CommentAction","name":"Comment","target":["https:\/\/revistaautobus.com.br\/?p=2688#respond"]}]},{"@type":"WebPage","@id":"https:\/\/revistaautobus.com.br\/?p=2688","url":"https:\/\/revistaautobus.com.br\/?p=2688","name":"Nova ferramenta de vendas - Revista AutoBus","isPartOf":{"@id":"https:\/\/revistaautobus.com.br\/#website"},"primaryImageOfPage":{"@id":"https:\/\/revistaautobus.com.br\/?p=2688#primaryimage"},"image":{"@id":"https:\/\/revistaautobus.com.br\/?p=2688#primaryimage"},"thumbnailUrl":"https:\/\/revistaautobus.com.br\/wp-content\/uploads\/2021\/06\/nova-ferramenta-de-vendas-1590495057.png","datePublished":"2020-05-26T12:00:00+00:00","dateModified":"2021-06-25T16:36:58+00:00","breadcrumb":{"@id":"https:\/\/revistaautobus.com.br\/?p=2688#breadcrumb"},"inLanguage":"pt-BR","potentialAction":[{"@type":"ReadAction","target":["https:\/\/revistaautobus.com.br\/?p=2688"]}]},{"@type":"ImageObject","inLanguage":"pt-BR","@id":"https:\/\/revistaautobus.com.br\/?p=2688#primaryimage","url":"https:\/\/revistaautobus.com.br\/wp-content\/uploads\/2021\/06\/nova-ferramenta-de-vendas-1590495057.png","contentUrl":"https:\/\/revistaautobus.com.br\/wp-content\/uploads\/2021\/06\/nova-ferramenta-de-vendas-1590495057.png","width":1200,"height":480},{"@type":"BreadcrumbList","@id":"https:\/\/revistaautobus.com.br\/?p=2688#breadcrumb","itemListElement":[{"@type":"ListItem","position":1,"name":"In\u00edcio","item":"https:\/\/revistaautobus.com.br\/"},{"@type":"ListItem","position":2,"name":"Nova ferramenta de vendas"}]},{"@type":"WebSite","@id":"https:\/\/revistaautobus.com.br\/#website","url":"https:\/\/revistaautobus.com.br\/","name":"Revista AutoBus","description":"","publisher":{"@id":"https:\/\/revistaautobus.com.br\/#organization"},"potentialAction":[{"@type":"SearchAction","target":{"@type":"EntryPoint","urlTemplate":"https:\/\/revistaautobus.com.br\/?s={search_term_string}"},"query-input":{"@type":"PropertyValueSpecification","valueRequired":true,"valueName":"search_term_string"}}],"inLanguage":"pt-BR"},{"@type":"Organization","@id":"https:\/\/revistaautobus.com.br\/#organization","name":"Revista AutoBus","url":"https:\/\/revistaautobus.com.br\/","logo":{"@type":"ImageObject","inLanguage":"pt-BR","@id":"https:\/\/revistaautobus.com.br\/#\/schema\/logo\/image\/","url":"https:\/\/revistaautobus.com.br\/wp-content\/uploads\/2024\/11\/logo_revista_autobus_fb.png","contentUrl":"https:\/\/revistaautobus.com.br\/wp-content\/uploads\/2024\/11\/logo_revista_autobus_fb.png","width":836,"height":227,"caption":"Revista AutoBus"},"image":{"@id":"https:\/\/revistaautobus.com.br\/#\/schema\/logo\/image\/"},"sameAs":["https:\/\/www.facebook.com\/antonio.ferro.3150","https:\/\/www.instagram.com\/revistaautobus\/"]},{"@type":"Person","@id":"https:\/\/revistaautobus.com.br\/#\/schema\/person\/54af7c3eb83a310e42ef686ef6d16f50","name":"Antonio Ferro","image":{"@type":"ImageObject","inLanguage":"pt-BR","@id":"https:\/\/revistaautobus.com.br\/wp-content\/uploads\/2025\/12\/editor_antonio_ferro-150x150.jpg","url":"https:\/\/revistaautobus.com.br\/wp-content\/uploads\/2025\/12\/editor_antonio_ferro-150x150.jpg","contentUrl":"https:\/\/revistaautobus.com.br\/wp-content\/uploads\/2025\/12\/editor_antonio_ferro-150x150.jpg","caption":"Antonio Ferro"},"description":"infobus@uol.com.br","url":"https:\/\/revistaautobus.com.br\/?author=2"}]}},"jetpack_featured_media_url":"https:\/\/revistaautobus.com.br\/wp-content\/uploads\/2021\/06\/nova-ferramenta-de-vendas-1590495057.png","jetpack_sharing_enabled":true,"_links":{"self":[{"href":"https:\/\/revistaautobus.com.br\/index.php?rest_route=\/wp\/v2\/posts\/2688","targetHints":{"allow":["GET"]}}],"collection":[{"href":"https:\/\/revistaautobus.com.br\/index.php?rest_route=\/wp\/v2\/posts"}],"about":[{"href":"https:\/\/revistaautobus.com.br\/index.php?rest_route=\/wp\/v2\/types\/post"}],"author":[{"embeddable":true,"href":"https:\/\/revistaautobus.com.br\/index.php?rest_route=\/wp\/v2\/users\/2"}],"replies":[{"embeddable":true,"href":"https:\/\/revistaautobus.com.br\/index.php?rest_route=%2Fwp%2Fv2%2Fcomments&post=2688"}],"version-history":[{"count":1,"href":"https:\/\/revistaautobus.com.br\/index.php?rest_route=\/wp\/v2\/posts\/2688\/revisions"}],"predecessor-version":[{"id":2690,"href":"https:\/\/revistaautobus.com.br\/index.php?rest_route=\/wp\/v2\/posts\/2688\/revisions\/2690"}],"wp:featuredmedia":[{"embeddable":true,"href":"https:\/\/revistaautobus.com.br\/index.php?rest_route=\/wp\/v2\/media\/2689"}],"wp:attachment":[{"href":"https:\/\/revistaautobus.com.br\/index.php?rest_route=%2Fwp%2Fv2%2Fmedia&parent=2688"}],"wp:term":[{"taxonomy":"category","embeddable":true,"href":"https:\/\/revistaautobus.com.br\/index.php?rest_route=%2Fwp%2Fv2%2Fcategories&post=2688"},{"taxonomy":"post_tag","embeddable":true,"href":"https:\/\/revistaautobus.com.br\/index.php?rest_route=%2Fwp%2Fv2%2Ftags&post=2688"}],"curies":[{"name":"wp","href":"https:\/\/api.w.org\/{rel}","templated":true}]}}