{"id":2872,"date":"2020-08-10T08:10:00","date_gmt":"2020-08-10T11:10:00","guid":{"rendered":"https:\/\/vila8.com.br\/clientes\/autobus\/?p=2872"},"modified":"2021-06-26T09:56:00","modified_gmt":"2021-06-26T12:56:00","slug":"sistema-de-biosseguranca-em-atividade","status":"publish","type":"post","link":"https:\/\/revistaautobus.com.br\/?p=2872","title":{"rendered":"Sistema de biosseguran\u00e7a em atividade"},"content":{"rendered":"\n<p>Preocupado em oferecer viagens mais seguras, livres do cont\u00e1gio do novo coronav\u00edrus, o Grupo Garcia\u2013Brasil Sul (GBS) adotou recentemente o novo protocolo de biosseguran\u00e7a para a sanitiza\u00e7\u00e3o interna de seus \u00f4nibus. A desinfec\u00e7\u00e3o por nanopart\u00edculas, aplicada em n\u00e9voa e dissipada em todo o interior do ve\u00edculo com cobertura de 100% das superf\u00edcies, foi fornecida pela encarro\u00e7adora Marcopolo. Denominada de FIP Onboard, a ferramenta tem a\u00e7\u00e3o imediata na inativa\u00e7\u00e3o das bact\u00e9rias e v\u00edrus.<\/p>\n\n\n\n<p>A inova\u00e7\u00e3o \u00e9 at\u00f3xica e pode ser aplicada rapidamente no sal\u00e3o de passageiros, cabine do motorista e at\u00e9 mesmo no bagageiro, cobrindo 100% das superf\u00edcies, sendo que o processo total de aplica\u00e7\u00e3o leva menos de 20 minutos e garante prote\u00e7\u00e3o por at\u00e9 tr\u00eas dias. &#8220;\u00c9 muito importante para todo o segmento brasileiro de transporte a parceria fechada com a Via\u00e7\u00e3o Garcia para desinfec\u00e7\u00e3o dos seus \u00f4nibus com o FIP Onboard\u00ae. Vamos ajudar a garantir aos clientes da operadora total seguran\u00e7a e tranquilidade em suas viagens&#8221;, disse Rodrigo Pikussa, diretor do Neg\u00f3cio \u00d4nibus da Marcopolo.<\/p>\n\n\n\n<p>Para o Grupo GBS, a desinfec\u00e7\u00e3o interna do ar com aplica\u00e7\u00e3o de oz\u00f4nio j\u00e1 vem sendo utilizada desde a retomada gradual das opera\u00e7\u00f5es. Outro detalhe \u00e9 a pulveriza\u00e7\u00e3o de quatern\u00e1rio de am\u00f4nia dentro dos \u00f4nibus, como a\u00e7\u00e3o desinfetante, ampliando a efic\u00e1cia da sanitiza\u00e7\u00e3o, seguida de limpeza com \u00e1lcool 70%. E, as cortinas de prote\u00e7\u00e3o individual entre poltronas, instaladas em todos os servi\u00e7os da empresa, foi outra inova\u00e7\u00e3o do Grupo para proporcionar seguran\u00e7a e privacidade aos passageiros, sendo lavadas e esterilizadas a cada viagem. O mesmo acontece com todas as pe\u00e7as de uso dos passageiros como mantas, capa de mantas, fronhas e capas de poltronas que s\u00e3o esterilizadas e embaladas com total seguran\u00e7a. &#8220;Temos convic\u00e7\u00e3o que estamos oferecendo aos nossos clientes, durante todo o trajeto, a seguran\u00e7a que precisam para voltarem a viajar de \u00f4nibus&#8221;, ressaltou Estefano Boiko Junior, vice-presidente do Grupo GBS.<\/p>\n\n\n\n<p>Imagem &#8211; DC Multim\u00eddia<\/p>\n","protected":false},"excerpt":{"rendered":"<p>O Grupo Garcia\u2013Brasil Sul (GBS) adotou recentemente o novo protocolo de biosseguran\u00e7a para a sanitiza\u00e7\u00e3o interna de seus \u00f4nibus<\/p>\n","protected":false},"author":2,"featured_media":2874,"comment_status":"open","ping_status":"open","sticky":false,"template":"","format":"standard","meta":{"_et_pb_use_builder":"off","_et_pb_old_content":"","_et_gb_content_width":"","_jetpack_memberships_contains_paid_content":false,"footnotes":""},"categories":[90],"tags":[],"class_list":["post-2872","post","type-post","status-publish","format-standard","has-post-thumbnail","hentry","category-noticias","et-has-post-format-content","et_post_format-et-post-format-standard"],"yoast_head":"<!-- This site is optimized with the Yoast SEO plugin v27.2 - https:\/\/yoast.com\/product\/yoast-seo-wordpress\/ -->\n<title>Sistema de biosseguran\u00e7a em atividade - Revista AutoBus<\/title>\n<meta name=\"robots\" content=\"index, follow, max-snippet:-1, max-image-preview:large, max-video-preview:-1\" \/>\n<link rel=\"canonical\" href=\"https:\/\/revistaautobus.com.br\/?p=2872\" \/>\n<meta property=\"og:locale\" content=\"pt_BR\" \/>\n<meta property=\"og:type\" content=\"article\" \/>\n<meta property=\"og:title\" content=\"Sistema de biosseguran\u00e7a em atividade - Revista AutoBus\" \/>\n<meta property=\"og:description\" content=\"O Grupo Garcia\u2013Brasil Sul (GBS) adotou recentemente o novo protocolo de biosseguran\u00e7a para a sanitiza\u00e7\u00e3o interna de seus \u00f4nibus\" \/>\n<meta property=\"og:url\" content=\"https:\/\/revistaautobus.com.br\/?p=2872\" \/>\n<meta property=\"og:site_name\" content=\"Revista AutoBus\" \/>\n<meta property=\"article:publisher\" content=\"https:\/\/www.facebook.com\/antonio.ferro.3150\" \/>\n<meta property=\"article:published_time\" content=\"2020-08-10T11:10:00+00:00\" \/>\n<meta property=\"article:modified_time\" content=\"2021-06-26T12:56:00+00:00\" \/>\n<meta property=\"og:image\" content=\"https:\/\/revistaautobus.com.br\/wp-content\/uploads\/2020\/08\/sistema-de-biosseguranca-em-atividade-1597057924.jpg\" \/>\n\t<meta property=\"og:image:width\" content=\"1200\" \/>\n\t<meta property=\"og:image:height\" content=\"628\" \/>\n\t<meta property=\"og:image:type\" content=\"image\/jpeg\" \/>\n<meta name=\"author\" content=\"Antonio Ferro\" \/>\n<meta name=\"twitter:card\" content=\"summary_large_image\" \/>\n<meta name=\"twitter:label1\" content=\"Escrito por\" \/>\n\t<meta name=\"twitter:data1\" content=\"Antonio Ferro\" \/>\n\t<meta name=\"twitter:label2\" content=\"Est. tempo de leitura\" \/>\n\t<meta name=\"twitter:data2\" content=\"2 minutos\" \/>\n<script type=\"application\/ld+json\" class=\"yoast-schema-graph\">{\"@context\":\"https:\/\/schema.org\",\"@graph\":[{\"@type\":\"Article\",\"@id\":\"https:\/\/revistaautobus.com.br\/?p=2872#article\",\"isPartOf\":{\"@id\":\"https:\/\/revistaautobus.com.br\/?p=2872\"},\"author\":{\"name\":\"Antonio Ferro\",\"@id\":\"https:\/\/revistaautobus.com.br\/#\/schema\/person\/54af7c3eb83a310e42ef686ef6d16f50\"},\"headline\":\"Sistema de biosseguran\u00e7a em atividade\",\"datePublished\":\"2020-08-10T11:10:00+00:00\",\"dateModified\":\"2021-06-26T12:56:00+00:00\",\"mainEntityOfPage\":{\"@id\":\"https:\/\/revistaautobus.com.br\/?p=2872\"},\"wordCount\":357,\"commentCount\":0,\"publisher\":{\"@id\":\"https:\/\/revistaautobus.com.br\/#organization\"},\"image\":{\"@id\":\"https:\/\/revistaautobus.com.br\/?p=2872#primaryimage\"},\"thumbnailUrl\":\"https:\/\/revistaautobus.com.br\/wp-content\/uploads\/2020\/08\/sistema-de-biosseguranca-em-atividade-1597057924.jpg\",\"articleSection\":[\"Not\u00edcias\"],\"inLanguage\":\"pt-BR\",\"potentialAction\":[{\"@type\":\"CommentAction\",\"name\":\"Comment\",\"target\":[\"https:\/\/revistaautobus.com.br\/?p=2872#respond\"]}]},{\"@type\":\"WebPage\",\"@id\":\"https:\/\/revistaautobus.com.br\/?p=2872\",\"url\":\"https:\/\/revistaautobus.com.br\/?p=2872\",\"name\":\"Sistema de biosseguran\u00e7a em atividade - Revista AutoBus\",\"isPartOf\":{\"@id\":\"https:\/\/revistaautobus.com.br\/#website\"},\"primaryImageOfPage\":{\"@id\":\"https:\/\/revistaautobus.com.br\/?p=2872#primaryimage\"},\"image\":{\"@id\":\"https:\/\/revistaautobus.com.br\/?p=2872#primaryimage\"},\"thumbnailUrl\":\"https:\/\/revistaautobus.com.br\/wp-content\/uploads\/2020\/08\/sistema-de-biosseguranca-em-atividade-1597057924.jpg\",\"datePublished\":\"2020-08-10T11:10:00+00:00\",\"dateModified\":\"2021-06-26T12:56:00+00:00\",\"breadcrumb\":{\"@id\":\"https:\/\/revistaautobus.com.br\/?p=2872#breadcrumb\"},\"inLanguage\":\"pt-BR\",\"potentialAction\":[{\"@type\":\"ReadAction\",\"target\":[\"https:\/\/revistaautobus.com.br\/?p=2872\"]}]},{\"@type\":\"ImageObject\",\"inLanguage\":\"pt-BR\",\"@id\":\"https:\/\/revistaautobus.com.br\/?p=2872#primaryimage\",\"url\":\"https:\/\/revistaautobus.com.br\/wp-content\/uploads\/2020\/08\/sistema-de-biosseguranca-em-atividade-1597057924.jpg\",\"contentUrl\":\"https:\/\/revistaautobus.com.br\/wp-content\/uploads\/2020\/08\/sistema-de-biosseguranca-em-atividade-1597057924.jpg\",\"width\":1200,\"height\":628},{\"@type\":\"BreadcrumbList\",\"@id\":\"https:\/\/revistaautobus.com.br\/?p=2872#breadcrumb\",\"itemListElement\":[{\"@type\":\"ListItem\",\"position\":1,\"name\":\"In\u00edcio\",\"item\":\"https:\/\/revistaautobus.com.br\/\"},{\"@type\":\"ListItem\",\"position\":2,\"name\":\"Sistema de biosseguran\u00e7a em atividade\"}]},{\"@type\":\"WebSite\",\"@id\":\"https:\/\/revistaautobus.com.br\/#website\",\"url\":\"https:\/\/revistaautobus.com.br\/\",\"name\":\"Revista AutoBus\",\"description\":\"\",\"publisher\":{\"@id\":\"https:\/\/revistaautobus.com.br\/#organization\"},\"potentialAction\":[{\"@type\":\"SearchAction\",\"target\":{\"@type\":\"EntryPoint\",\"urlTemplate\":\"https:\/\/revistaautobus.com.br\/?s={search_term_string}\"},\"query-input\":{\"@type\":\"PropertyValueSpecification\",\"valueRequired\":true,\"valueName\":\"search_term_string\"}}],\"inLanguage\":\"pt-BR\"},{\"@type\":\"Organization\",\"@id\":\"https:\/\/revistaautobus.com.br\/#organization\",\"name\":\"Revista AutoBus\",\"url\":\"https:\/\/revistaautobus.com.br\/\",\"logo\":{\"@type\":\"ImageObject\",\"inLanguage\":\"pt-BR\",\"@id\":\"https:\/\/revistaautobus.com.br\/#\/schema\/logo\/image\/\",\"url\":\"https:\/\/revistaautobus.com.br\/wp-content\/uploads\/2024\/11\/logo_revista_autobus_fb.png\",\"contentUrl\":\"https:\/\/revistaautobus.com.br\/wp-content\/uploads\/2024\/11\/logo_revista_autobus_fb.png\",\"width\":836,\"height\":227,\"caption\":\"Revista AutoBus\"},\"image\":{\"@id\":\"https:\/\/revistaautobus.com.br\/#\/schema\/logo\/image\/\"},\"sameAs\":[\"https:\/\/www.facebook.com\/antonio.ferro.3150\",\"https:\/\/www.instagram.com\/revistaautobus\/\"]},{\"@type\":\"Person\",\"@id\":\"https:\/\/revistaautobus.com.br\/#\/schema\/person\/54af7c3eb83a310e42ef686ef6d16f50\",\"name\":\"Antonio Ferro\",\"image\":{\"@type\":\"ImageObject\",\"inLanguage\":\"pt-BR\",\"@id\":\"https:\/\/revistaautobus.com.br\/wp-content\/uploads\/2025\/12\/editor_antonio_ferro-150x150.jpg\",\"url\":\"https:\/\/revistaautobus.com.br\/wp-content\/uploads\/2025\/12\/editor_antonio_ferro-150x150.jpg\",\"contentUrl\":\"https:\/\/revistaautobus.com.br\/wp-content\/uploads\/2025\/12\/editor_antonio_ferro-150x150.jpg\",\"caption\":\"Antonio Ferro\"},\"description\":\"infobus@uol.com.br\",\"url\":\"https:\/\/revistaautobus.com.br\/?author=2\"}]}<\/script>\n<!-- \/ Yoast SEO plugin. -->","yoast_head_json":{"title":"Sistema de biosseguran\u00e7a em atividade - Revista AutoBus","robots":{"index":"index","follow":"follow","max-snippet":"max-snippet:-1","max-image-preview":"max-image-preview:large","max-video-preview":"max-video-preview:-1"},"canonical":"https:\/\/revistaautobus.com.br\/?p=2872","og_locale":"pt_BR","og_type":"article","og_title":"Sistema de biosseguran\u00e7a em atividade - Revista AutoBus","og_description":"O Grupo Garcia\u2013Brasil Sul (GBS) adotou recentemente o novo protocolo de biosseguran\u00e7a para a sanitiza\u00e7\u00e3o interna de seus \u00f4nibus","og_url":"https:\/\/revistaautobus.com.br\/?p=2872","og_site_name":"Revista AutoBus","article_publisher":"https:\/\/www.facebook.com\/antonio.ferro.3150","article_published_time":"2020-08-10T11:10:00+00:00","article_modified_time":"2021-06-26T12:56:00+00:00","og_image":[{"width":1200,"height":628,"url":"https:\/\/revistaautobus.com.br\/wp-content\/uploads\/2020\/08\/sistema-de-biosseguranca-em-atividade-1597057924.jpg","type":"image\/jpeg"}],"author":"Antonio Ferro","twitter_card":"summary_large_image","twitter_misc":{"Escrito por":"Antonio Ferro","Est. tempo de leitura":"2 minutos"},"schema":{"@context":"https:\/\/schema.org","@graph":[{"@type":"Article","@id":"https:\/\/revistaautobus.com.br\/?p=2872#article","isPartOf":{"@id":"https:\/\/revistaautobus.com.br\/?p=2872"},"author":{"name":"Antonio Ferro","@id":"https:\/\/revistaautobus.com.br\/#\/schema\/person\/54af7c3eb83a310e42ef686ef6d16f50"},"headline":"Sistema de biosseguran\u00e7a em atividade","datePublished":"2020-08-10T11:10:00+00:00","dateModified":"2021-06-26T12:56:00+00:00","mainEntityOfPage":{"@id":"https:\/\/revistaautobus.com.br\/?p=2872"},"wordCount":357,"commentCount":0,"publisher":{"@id":"https:\/\/revistaautobus.com.br\/#organization"},"image":{"@id":"https:\/\/revistaautobus.com.br\/?p=2872#primaryimage"},"thumbnailUrl":"https:\/\/revistaautobus.com.br\/wp-content\/uploads\/2020\/08\/sistema-de-biosseguranca-em-atividade-1597057924.jpg","articleSection":["Not\u00edcias"],"inLanguage":"pt-BR","potentialAction":[{"@type":"CommentAction","name":"Comment","target":["https:\/\/revistaautobus.com.br\/?p=2872#respond"]}]},{"@type":"WebPage","@id":"https:\/\/revistaautobus.com.br\/?p=2872","url":"https:\/\/revistaautobus.com.br\/?p=2872","name":"Sistema de biosseguran\u00e7a em atividade - Revista AutoBus","isPartOf":{"@id":"https:\/\/revistaautobus.com.br\/#website"},"primaryImageOfPage":{"@id":"https:\/\/revistaautobus.com.br\/?p=2872#primaryimage"},"image":{"@id":"https:\/\/revistaautobus.com.br\/?p=2872#primaryimage"},"thumbnailUrl":"https:\/\/revistaautobus.com.br\/wp-content\/uploads\/2020\/08\/sistema-de-biosseguranca-em-atividade-1597057924.jpg","datePublished":"2020-08-10T11:10:00+00:00","dateModified":"2021-06-26T12:56:00+00:00","breadcrumb":{"@id":"https:\/\/revistaautobus.com.br\/?p=2872#breadcrumb"},"inLanguage":"pt-BR","potentialAction":[{"@type":"ReadAction","target":["https:\/\/revistaautobus.com.br\/?p=2872"]}]},{"@type":"ImageObject","inLanguage":"pt-BR","@id":"https:\/\/revistaautobus.com.br\/?p=2872#primaryimage","url":"https:\/\/revistaautobus.com.br\/wp-content\/uploads\/2020\/08\/sistema-de-biosseguranca-em-atividade-1597057924.jpg","contentUrl":"https:\/\/revistaautobus.com.br\/wp-content\/uploads\/2020\/08\/sistema-de-biosseguranca-em-atividade-1597057924.jpg","width":1200,"height":628},{"@type":"BreadcrumbList","@id":"https:\/\/revistaautobus.com.br\/?p=2872#breadcrumb","itemListElement":[{"@type":"ListItem","position":1,"name":"In\u00edcio","item":"https:\/\/revistaautobus.com.br\/"},{"@type":"ListItem","position":2,"name":"Sistema de biosseguran\u00e7a em atividade"}]},{"@type":"WebSite","@id":"https:\/\/revistaautobus.com.br\/#website","url":"https:\/\/revistaautobus.com.br\/","name":"Revista AutoBus","description":"","publisher":{"@id":"https:\/\/revistaautobus.com.br\/#organization"},"potentialAction":[{"@type":"SearchAction","target":{"@type":"EntryPoint","urlTemplate":"https:\/\/revistaautobus.com.br\/?s={search_term_string}"},"query-input":{"@type":"PropertyValueSpecification","valueRequired":true,"valueName":"search_term_string"}}],"inLanguage":"pt-BR"},{"@type":"Organization","@id":"https:\/\/revistaautobus.com.br\/#organization","name":"Revista AutoBus","url":"https:\/\/revistaautobus.com.br\/","logo":{"@type":"ImageObject","inLanguage":"pt-BR","@id":"https:\/\/revistaautobus.com.br\/#\/schema\/logo\/image\/","url":"https:\/\/revistaautobus.com.br\/wp-content\/uploads\/2024\/11\/logo_revista_autobus_fb.png","contentUrl":"https:\/\/revistaautobus.com.br\/wp-content\/uploads\/2024\/11\/logo_revista_autobus_fb.png","width":836,"height":227,"caption":"Revista AutoBus"},"image":{"@id":"https:\/\/revistaautobus.com.br\/#\/schema\/logo\/image\/"},"sameAs":["https:\/\/www.facebook.com\/antonio.ferro.3150","https:\/\/www.instagram.com\/revistaautobus\/"]},{"@type":"Person","@id":"https:\/\/revistaautobus.com.br\/#\/schema\/person\/54af7c3eb83a310e42ef686ef6d16f50","name":"Antonio Ferro","image":{"@type":"ImageObject","inLanguage":"pt-BR","@id":"https:\/\/revistaautobus.com.br\/wp-content\/uploads\/2025\/12\/editor_antonio_ferro-150x150.jpg","url":"https:\/\/revistaautobus.com.br\/wp-content\/uploads\/2025\/12\/editor_antonio_ferro-150x150.jpg","contentUrl":"https:\/\/revistaautobus.com.br\/wp-content\/uploads\/2025\/12\/editor_antonio_ferro-150x150.jpg","caption":"Antonio Ferro"},"description":"infobus@uol.com.br","url":"https:\/\/revistaautobus.com.br\/?author=2"}]}},"jetpack_featured_media_url":"https:\/\/revistaautobus.com.br\/wp-content\/uploads\/2020\/08\/sistema-de-biosseguranca-em-atividade-1597057924.jpg","jetpack_sharing_enabled":true,"_links":{"self":[{"href":"https:\/\/revistaautobus.com.br\/index.php?rest_route=\/wp\/v2\/posts\/2872","targetHints":{"allow":["GET"]}}],"collection":[{"href":"https:\/\/revistaautobus.com.br\/index.php?rest_route=\/wp\/v2\/posts"}],"about":[{"href":"https:\/\/revistaautobus.com.br\/index.php?rest_route=\/wp\/v2\/types\/post"}],"author":[{"embeddable":true,"href":"https:\/\/revistaautobus.com.br\/index.php?rest_route=\/wp\/v2\/users\/2"}],"replies":[{"embeddable":true,"href":"https:\/\/revistaautobus.com.br\/index.php?rest_route=%2Fwp%2Fv2%2Fcomments&post=2872"}],"version-history":[{"count":1,"href":"https:\/\/revistaautobus.com.br\/index.php?rest_route=\/wp\/v2\/posts\/2872\/revisions"}],"predecessor-version":[{"id":2873,"href":"https:\/\/revistaautobus.com.br\/index.php?rest_route=\/wp\/v2\/posts\/2872\/revisions\/2873"}],"wp:featuredmedia":[{"embeddable":true,"href":"https:\/\/revistaautobus.com.br\/index.php?rest_route=\/wp\/v2\/media\/2874"}],"wp:attachment":[{"href":"https:\/\/revistaautobus.com.br\/index.php?rest_route=%2Fwp%2Fv2%2Fmedia&parent=2872"}],"wp:term":[{"taxonomy":"category","embeddable":true,"href":"https:\/\/revistaautobus.com.br\/index.php?rest_route=%2Fwp%2Fv2%2Fcategories&post=2872"},{"taxonomy":"post_tag","embeddable":true,"href":"https:\/\/revistaautobus.com.br\/index.php?rest_route=%2Fwp%2Fv2%2Ftags&post=2872"}],"curies":[{"name":"wp","href":"https:\/\/api.w.org\/{rel}","templated":true}]}}