{"id":2944,"date":"2020-09-14T07:23:00","date_gmt":"2020-09-14T10:23:00","guid":{"rendered":"https:\/\/vila8.com.br\/clientes\/autobus\/?p=2944"},"modified":"2021-06-26T10:21:33","modified_gmt":"2021-06-26T13:21:33","slug":"na-noruega-o-onibus-eletrico-ganha-espaco","status":"publish","type":"post","link":"https:\/\/revistaautobus.com.br\/?p=2944","title":{"rendered":"Na Noruega, o \u00f4nibus el\u00e9trico ganha espa\u00e7o"},"content":{"rendered":"\n<p>A cidade norueguesa de Bod\u00f6 est\u00e1 caminhando rumo ao transporte coletivo sustent\u00e1vel. Para isso, encomendou \u00e0 Volvo Buses 31 novos \u00f4nibus el\u00e9tricos, sendo 17 unidades do modelo 7900 com 12 metros de comprimento e 14 da vers\u00e3o articulada, com 18 metros. De acordo com a montadora sueca, a transi\u00e7\u00e3o para \u00f4nibus el\u00e9tricos, silenciosos e sem emiss\u00f5es melhora o ambiente urbano e reduz drasticamente o impacto clim\u00e1tico do transporte p\u00fablico em Bod\u00f6 e tamb\u00e9m marca um passo importante para alcan\u00e7ar as ambiciosas metas clim\u00e1ticas da Noruega, que, entre muitas outras coisas, estipula que todos os \u00f4nibus urbanos do pa\u00eds devem operar sem emiss\u00f5es at\u00e9 2025.<\/p>\n\n\n\n<p>Segundo informou a Volvo, os benef\u00edcios ambientais da eletrifica\u00e7\u00e3o dos \u00f4nibus ainda abrem novas possibilidades para o planejamento urbano futuro e a medida que as emiss\u00f5es e o ru\u00eddo desaparecem, a disponibilidade pode ser melhorada, sendo que os \u00f4nibus podem operar em \u00e1reas sens\u00edveis nos centros das cidades, e pontos de \u00f4nibus podem ser constru\u00eddos onde isso n\u00e3o era poss\u00edvel anteriormente, mesmo em ambientes fechados. &#8220;Cada cidade \u00e9 \u00fanica para criar uma solu\u00e7\u00e3o ideal e \u00e9 vital que tudo seja devidamente desenhado para se adequar \u00e0s condi\u00e7\u00f5es e necessidades locais. Por isso, nossa an\u00e1lise inicial, incluindo simula\u00e7\u00e3o de rotas, desempenha um papel crucial em nosso modelo de neg\u00f3cio. Topografia, frequ\u00eancia e proximidade com as garagens s\u00e3o outras considera\u00e7\u00f5es importantes em nossa oferta&#8221;, explicou Svenn-\u00c5ge L\u00f6kken, diretor de Vendas da Volvo Buses na Noruega.<\/p>\n\n\n\n<p>Al\u00e9m dos ve\u00edculos, a infraestrutura de recarga e servi\u00e7os tamb\u00e9m foi adquirida junto \u00e0 montadora. Os sistemas de recarga das baterias ser\u00e3o fornecidos pela empresa ABB.<\/p>\n\n\n\n<p>Imagem &#8211; Divulga\u00e7\u00e3o<\/p>\n","protected":false},"excerpt":{"rendered":"<p>A Volvo Buses ir\u00e1 fornecer 31 novos \u00f4nibus el\u00e9tricos, sendo 17 unidades do modelo 7900 com 12 metros de comprimento e 14 da vers\u00e3o articulada, com 18 metros<\/p>\n","protected":false},"author":1,"featured_media":2945,"comment_status":"open","ping_status":"open","sticky":false,"template":"","format":"standard","meta":{"_et_pb_use_builder":"off","_et_pb_old_content":"","_et_gb_content_width":"","_jetpack_memberships_contains_paid_content":false,"footnotes":""},"categories":[90],"tags":[],"class_list":["post-2944","post","type-post","status-publish","format-standard","has-post-thumbnail","hentry","category-noticias","et-has-post-format-content","et_post_format-et-post-format-standard"],"yoast_head":"<!-- This site is optimized with the Yoast SEO plugin v27.2 - https:\/\/yoast.com\/product\/yoast-seo-wordpress\/ -->\n<title>Na Noruega, o \u00f4nibus el\u00e9trico ganha espa\u00e7o - Revista AutoBus<\/title>\n<meta name=\"robots\" content=\"index, follow, max-snippet:-1, max-image-preview:large, max-video-preview:-1\" \/>\n<link rel=\"canonical\" href=\"https:\/\/revistaautobus.com.br\/?p=2944\" \/>\n<meta property=\"og:locale\" content=\"pt_BR\" \/>\n<meta property=\"og:type\" content=\"article\" \/>\n<meta property=\"og:title\" content=\"Na Noruega, o \u00f4nibus el\u00e9trico ganha espa\u00e7o - Revista AutoBus\" \/>\n<meta property=\"og:description\" content=\"A Volvo Buses ir\u00e1 fornecer 31 novos \u00f4nibus el\u00e9tricos, sendo 17 unidades do modelo 7900 com 12 metros de comprimento e 14 da vers\u00e3o articulada, com 18 metros\" \/>\n<meta property=\"og:url\" content=\"https:\/\/revistaautobus.com.br\/?p=2944\" \/>\n<meta property=\"og:site_name\" content=\"Revista AutoBus\" \/>\n<meta property=\"article:publisher\" content=\"https:\/\/www.facebook.com\/antonio.ferro.3150\" \/>\n<meta property=\"article:published_time\" content=\"2020-09-14T10:23:00+00:00\" \/>\n<meta property=\"article:modified_time\" content=\"2021-06-26T13:21:33+00:00\" \/>\n<meta property=\"og:image\" content=\"https:\/\/revistaautobus.com.br\/wp-content\/uploads\/2021\/06\/na-noruega-o-onibus-eletrico-ganha-espaco-1600079082.jpg\" \/>\n\t<meta property=\"og:image:width\" content=\"1200\" \/>\n\t<meta property=\"og:image:height\" content=\"1916\" \/>\n\t<meta property=\"og:image:type\" content=\"image\/jpeg\" \/>\n<meta name=\"author\" content=\"vila8\" \/>\n<meta name=\"twitter:card\" content=\"summary_large_image\" \/>\n<meta name=\"twitter:label1\" content=\"Escrito por\" \/>\n\t<meta name=\"twitter:data1\" content=\"vila8\" \/>\n\t<meta name=\"twitter:label2\" content=\"Est. tempo de leitura\" \/>\n\t<meta name=\"twitter:data2\" content=\"1 minuto\" \/>\n<script type=\"application\/ld+json\" class=\"yoast-schema-graph\">{\"@context\":\"https:\/\/schema.org\",\"@graph\":[{\"@type\":\"Article\",\"@id\":\"https:\/\/revistaautobus.com.br\/?p=2944#article\",\"isPartOf\":{\"@id\":\"https:\/\/revistaautobus.com.br\/?p=2944\"},\"author\":{\"name\":\"vila8\",\"@id\":\"https:\/\/revistaautobus.com.br\/#\/schema\/person\/5de0d0d623e36dbc3bfa6f4559deb07e\"},\"headline\":\"Na Noruega, o \u00f4nibus el\u00e9trico ganha espa\u00e7o\",\"datePublished\":\"2020-09-14T10:23:00+00:00\",\"dateModified\":\"2021-06-26T13:21:33+00:00\",\"mainEntityOfPage\":{\"@id\":\"https:\/\/revistaautobus.com.br\/?p=2944\"},\"wordCount\":301,\"commentCount\":0,\"publisher\":{\"@id\":\"https:\/\/revistaautobus.com.br\/#organization\"},\"image\":{\"@id\":\"https:\/\/revistaautobus.com.br\/?p=2944#primaryimage\"},\"thumbnailUrl\":\"https:\/\/revistaautobus.com.br\/wp-content\/uploads\/2021\/06\/na-noruega-o-onibus-eletrico-ganha-espaco-1600079082.jpg\",\"articleSection\":[\"Not\u00edcias\"],\"inLanguage\":\"pt-BR\",\"potentialAction\":[{\"@type\":\"CommentAction\",\"name\":\"Comment\",\"target\":[\"https:\/\/revistaautobus.com.br\/?p=2944#respond\"]}]},{\"@type\":\"WebPage\",\"@id\":\"https:\/\/revistaautobus.com.br\/?p=2944\",\"url\":\"https:\/\/revistaautobus.com.br\/?p=2944\",\"name\":\"Na Noruega, o \u00f4nibus el\u00e9trico ganha espa\u00e7o - Revista AutoBus\",\"isPartOf\":{\"@id\":\"https:\/\/revistaautobus.com.br\/#website\"},\"primaryImageOfPage\":{\"@id\":\"https:\/\/revistaautobus.com.br\/?p=2944#primaryimage\"},\"image\":{\"@id\":\"https:\/\/revistaautobus.com.br\/?p=2944#primaryimage\"},\"thumbnailUrl\":\"https:\/\/revistaautobus.com.br\/wp-content\/uploads\/2021\/06\/na-noruega-o-onibus-eletrico-ganha-espaco-1600079082.jpg\",\"datePublished\":\"2020-09-14T10:23:00+00:00\",\"dateModified\":\"2021-06-26T13:21:33+00:00\",\"breadcrumb\":{\"@id\":\"https:\/\/revistaautobus.com.br\/?p=2944#breadcrumb\"},\"inLanguage\":\"pt-BR\",\"potentialAction\":[{\"@type\":\"ReadAction\",\"target\":[\"https:\/\/revistaautobus.com.br\/?p=2944\"]}]},{\"@type\":\"ImageObject\",\"inLanguage\":\"pt-BR\",\"@id\":\"https:\/\/revistaautobus.com.br\/?p=2944#primaryimage\",\"url\":\"https:\/\/revistaautobus.com.br\/wp-content\/uploads\/2021\/06\/na-noruega-o-onibus-eletrico-ganha-espaco-1600079082.jpg\",\"contentUrl\":\"https:\/\/revistaautobus.com.br\/wp-content\/uploads\/2021\/06\/na-noruega-o-onibus-eletrico-ganha-espaco-1600079082.jpg\",\"width\":1200,\"height\":1916},{\"@type\":\"BreadcrumbList\",\"@id\":\"https:\/\/revistaautobus.com.br\/?p=2944#breadcrumb\",\"itemListElement\":[{\"@type\":\"ListItem\",\"position\":1,\"name\":\"In\u00edcio\",\"item\":\"https:\/\/revistaautobus.com.br\/\"},{\"@type\":\"ListItem\",\"position\":2,\"name\":\"Na Noruega, o \u00f4nibus el\u00e9trico ganha espa\u00e7o\"}]},{\"@type\":\"WebSite\",\"@id\":\"https:\/\/revistaautobus.com.br\/#website\",\"url\":\"https:\/\/revistaautobus.com.br\/\",\"name\":\"Revista AutoBus\",\"description\":\"\",\"publisher\":{\"@id\":\"https:\/\/revistaautobus.com.br\/#organization\"},\"potentialAction\":[{\"@type\":\"SearchAction\",\"target\":{\"@type\":\"EntryPoint\",\"urlTemplate\":\"https:\/\/revistaautobus.com.br\/?s={search_term_string}\"},\"query-input\":{\"@type\":\"PropertyValueSpecification\",\"valueRequired\":true,\"valueName\":\"search_term_string\"}}],\"inLanguage\":\"pt-BR\"},{\"@type\":\"Organization\",\"@id\":\"https:\/\/revistaautobus.com.br\/#organization\",\"name\":\"Revista AutoBus\",\"url\":\"https:\/\/revistaautobus.com.br\/\",\"logo\":{\"@type\":\"ImageObject\",\"inLanguage\":\"pt-BR\",\"@id\":\"https:\/\/revistaautobus.com.br\/#\/schema\/logo\/image\/\",\"url\":\"https:\/\/revistaautobus.com.br\/wp-content\/uploads\/2024\/11\/logo_revista_autobus_fb.png\",\"contentUrl\":\"https:\/\/revistaautobus.com.br\/wp-content\/uploads\/2024\/11\/logo_revista_autobus_fb.png\",\"width\":836,\"height\":227,\"caption\":\"Revista AutoBus\"},\"image\":{\"@id\":\"https:\/\/revistaautobus.com.br\/#\/schema\/logo\/image\/\"},\"sameAs\":[\"https:\/\/www.facebook.com\/antonio.ferro.3150\",\"https:\/\/www.instagram.com\/revistaautobus\/\"]},{\"@type\":\"Person\",\"@id\":\"https:\/\/revistaautobus.com.br\/#\/schema\/person\/5de0d0d623e36dbc3bfa6f4559deb07e\",\"name\":\"vila8\",\"image\":{\"@type\":\"ImageObject\",\"inLanguage\":\"pt-BR\",\"@id\":\"https:\/\/secure.gravatar.com\/avatar\/dafc4c617e7acdc010f9d6f4f8a0712ac362ca4ff8bc3063cc9c7422b6e70fde?s=96&d=mm&r=g\",\"url\":\"https:\/\/secure.gravatar.com\/avatar\/dafc4c617e7acdc010f9d6f4f8a0712ac362ca4ff8bc3063cc9c7422b6e70fde?s=96&d=mm&r=g\",\"contentUrl\":\"https:\/\/secure.gravatar.com\/avatar\/dafc4c617e7acdc010f9d6f4f8a0712ac362ca4ff8bc3063cc9c7422b6e70fde?s=96&d=mm&r=g\",\"caption\":\"vila8\"},\"sameAs\":[\"http:\/\/wp-json\/wp\/v2\/users\/me\"],\"url\":\"https:\/\/revistaautobus.com.br\/?author=1\"}]}<\/script>\n<!-- \/ Yoast SEO plugin. -->","yoast_head_json":{"title":"Na Noruega, o \u00f4nibus el\u00e9trico ganha espa\u00e7o - Revista AutoBus","robots":{"index":"index","follow":"follow","max-snippet":"max-snippet:-1","max-image-preview":"max-image-preview:large","max-video-preview":"max-video-preview:-1"},"canonical":"https:\/\/revistaautobus.com.br\/?p=2944","og_locale":"pt_BR","og_type":"article","og_title":"Na Noruega, o \u00f4nibus el\u00e9trico ganha espa\u00e7o - Revista AutoBus","og_description":"A Volvo Buses ir\u00e1 fornecer 31 novos \u00f4nibus el\u00e9tricos, sendo 17 unidades do modelo 7900 com 12 metros de comprimento e 14 da vers\u00e3o articulada, com 18 metros","og_url":"https:\/\/revistaautobus.com.br\/?p=2944","og_site_name":"Revista AutoBus","article_publisher":"https:\/\/www.facebook.com\/antonio.ferro.3150","article_published_time":"2020-09-14T10:23:00+00:00","article_modified_time":"2021-06-26T13:21:33+00:00","og_image":[{"width":1200,"height":1916,"url":"https:\/\/revistaautobus.com.br\/wp-content\/uploads\/2021\/06\/na-noruega-o-onibus-eletrico-ganha-espaco-1600079082.jpg","type":"image\/jpeg"}],"author":"vila8","twitter_card":"summary_large_image","twitter_misc":{"Escrito por":"vila8","Est. tempo de leitura":"1 minuto"},"schema":{"@context":"https:\/\/schema.org","@graph":[{"@type":"Article","@id":"https:\/\/revistaautobus.com.br\/?p=2944#article","isPartOf":{"@id":"https:\/\/revistaautobus.com.br\/?p=2944"},"author":{"name":"vila8","@id":"https:\/\/revistaautobus.com.br\/#\/schema\/person\/5de0d0d623e36dbc3bfa6f4559deb07e"},"headline":"Na Noruega, o \u00f4nibus el\u00e9trico ganha espa\u00e7o","datePublished":"2020-09-14T10:23:00+00:00","dateModified":"2021-06-26T13:21:33+00:00","mainEntityOfPage":{"@id":"https:\/\/revistaautobus.com.br\/?p=2944"},"wordCount":301,"commentCount":0,"publisher":{"@id":"https:\/\/revistaautobus.com.br\/#organization"},"image":{"@id":"https:\/\/revistaautobus.com.br\/?p=2944#primaryimage"},"thumbnailUrl":"https:\/\/revistaautobus.com.br\/wp-content\/uploads\/2021\/06\/na-noruega-o-onibus-eletrico-ganha-espaco-1600079082.jpg","articleSection":["Not\u00edcias"],"inLanguage":"pt-BR","potentialAction":[{"@type":"CommentAction","name":"Comment","target":["https:\/\/revistaautobus.com.br\/?p=2944#respond"]}]},{"@type":"WebPage","@id":"https:\/\/revistaautobus.com.br\/?p=2944","url":"https:\/\/revistaautobus.com.br\/?p=2944","name":"Na Noruega, o \u00f4nibus el\u00e9trico ganha espa\u00e7o - Revista AutoBus","isPartOf":{"@id":"https:\/\/revistaautobus.com.br\/#website"},"primaryImageOfPage":{"@id":"https:\/\/revistaautobus.com.br\/?p=2944#primaryimage"},"image":{"@id":"https:\/\/revistaautobus.com.br\/?p=2944#primaryimage"},"thumbnailUrl":"https:\/\/revistaautobus.com.br\/wp-content\/uploads\/2021\/06\/na-noruega-o-onibus-eletrico-ganha-espaco-1600079082.jpg","datePublished":"2020-09-14T10:23:00+00:00","dateModified":"2021-06-26T13:21:33+00:00","breadcrumb":{"@id":"https:\/\/revistaautobus.com.br\/?p=2944#breadcrumb"},"inLanguage":"pt-BR","potentialAction":[{"@type":"ReadAction","target":["https:\/\/revistaautobus.com.br\/?p=2944"]}]},{"@type":"ImageObject","inLanguage":"pt-BR","@id":"https:\/\/revistaautobus.com.br\/?p=2944#primaryimage","url":"https:\/\/revistaautobus.com.br\/wp-content\/uploads\/2021\/06\/na-noruega-o-onibus-eletrico-ganha-espaco-1600079082.jpg","contentUrl":"https:\/\/revistaautobus.com.br\/wp-content\/uploads\/2021\/06\/na-noruega-o-onibus-eletrico-ganha-espaco-1600079082.jpg","width":1200,"height":1916},{"@type":"BreadcrumbList","@id":"https:\/\/revistaautobus.com.br\/?p=2944#breadcrumb","itemListElement":[{"@type":"ListItem","position":1,"name":"In\u00edcio","item":"https:\/\/revistaautobus.com.br\/"},{"@type":"ListItem","position":2,"name":"Na Noruega, o \u00f4nibus el\u00e9trico ganha espa\u00e7o"}]},{"@type":"WebSite","@id":"https:\/\/revistaautobus.com.br\/#website","url":"https:\/\/revistaautobus.com.br\/","name":"Revista AutoBus","description":"","publisher":{"@id":"https:\/\/revistaautobus.com.br\/#organization"},"potentialAction":[{"@type":"SearchAction","target":{"@type":"EntryPoint","urlTemplate":"https:\/\/revistaautobus.com.br\/?s={search_term_string}"},"query-input":{"@type":"PropertyValueSpecification","valueRequired":true,"valueName":"search_term_string"}}],"inLanguage":"pt-BR"},{"@type":"Organization","@id":"https:\/\/revistaautobus.com.br\/#organization","name":"Revista AutoBus","url":"https:\/\/revistaautobus.com.br\/","logo":{"@type":"ImageObject","inLanguage":"pt-BR","@id":"https:\/\/revistaautobus.com.br\/#\/schema\/logo\/image\/","url":"https:\/\/revistaautobus.com.br\/wp-content\/uploads\/2024\/11\/logo_revista_autobus_fb.png","contentUrl":"https:\/\/revistaautobus.com.br\/wp-content\/uploads\/2024\/11\/logo_revista_autobus_fb.png","width":836,"height":227,"caption":"Revista AutoBus"},"image":{"@id":"https:\/\/revistaautobus.com.br\/#\/schema\/logo\/image\/"},"sameAs":["https:\/\/www.facebook.com\/antonio.ferro.3150","https:\/\/www.instagram.com\/revistaautobus\/"]},{"@type":"Person","@id":"https:\/\/revistaautobus.com.br\/#\/schema\/person\/5de0d0d623e36dbc3bfa6f4559deb07e","name":"vila8","image":{"@type":"ImageObject","inLanguage":"pt-BR","@id":"https:\/\/secure.gravatar.com\/avatar\/dafc4c617e7acdc010f9d6f4f8a0712ac362ca4ff8bc3063cc9c7422b6e70fde?s=96&d=mm&r=g","url":"https:\/\/secure.gravatar.com\/avatar\/dafc4c617e7acdc010f9d6f4f8a0712ac362ca4ff8bc3063cc9c7422b6e70fde?s=96&d=mm&r=g","contentUrl":"https:\/\/secure.gravatar.com\/avatar\/dafc4c617e7acdc010f9d6f4f8a0712ac362ca4ff8bc3063cc9c7422b6e70fde?s=96&d=mm&r=g","caption":"vila8"},"sameAs":["http:\/\/wp-json\/wp\/v2\/users\/me"],"url":"https:\/\/revistaautobus.com.br\/?author=1"}]}},"jetpack_featured_media_url":"https:\/\/revistaautobus.com.br\/wp-content\/uploads\/2021\/06\/na-noruega-o-onibus-eletrico-ganha-espaco-1600079082.jpg","jetpack_sharing_enabled":true,"_links":{"self":[{"href":"https:\/\/revistaautobus.com.br\/index.php?rest_route=\/wp\/v2\/posts\/2944","targetHints":{"allow":["GET"]}}],"collection":[{"href":"https:\/\/revistaautobus.com.br\/index.php?rest_route=\/wp\/v2\/posts"}],"about":[{"href":"https:\/\/revistaautobus.com.br\/index.php?rest_route=\/wp\/v2\/types\/post"}],"author":[{"embeddable":true,"href":"https:\/\/revistaautobus.com.br\/index.php?rest_route=\/wp\/v2\/users\/1"}],"replies":[{"embeddable":true,"href":"https:\/\/revistaautobus.com.br\/index.php?rest_route=%2Fwp%2Fv2%2Fcomments&post=2944"}],"version-history":[{"count":1,"href":"https:\/\/revistaautobus.com.br\/index.php?rest_route=\/wp\/v2\/posts\/2944\/revisions"}],"predecessor-version":[{"id":2946,"href":"https:\/\/revistaautobus.com.br\/index.php?rest_route=\/wp\/v2\/posts\/2944\/revisions\/2946"}],"wp:featuredmedia":[{"embeddable":true,"href":"https:\/\/revistaautobus.com.br\/index.php?rest_route=\/wp\/v2\/media\/2945"}],"wp:attachment":[{"href":"https:\/\/revistaautobus.com.br\/index.php?rest_route=%2Fwp%2Fv2%2Fmedia&parent=2944"}],"wp:term":[{"taxonomy":"category","embeddable":true,"href":"https:\/\/revistaautobus.com.br\/index.php?rest_route=%2Fwp%2Fv2%2Fcategories&post=2944"},{"taxonomy":"post_tag","embeddable":true,"href":"https:\/\/revistaautobus.com.br\/index.php?rest_route=%2Fwp%2Fv2%2Ftags&post=2944"}],"curies":[{"name":"wp","href":"https:\/\/api.w.org\/{rel}","templated":true}]}}