{"id":2947,"date":"2020-09-14T07:25:00","date_gmt":"2020-09-14T10:25:00","guid":{"rendered":"https:\/\/vila8.com.br\/clientes\/autobus\/?p=2947"},"modified":"2021-06-26T10:22:49","modified_gmt":"2021-06-26T13:22:49","slug":"allison-atualiza-seu-sistema-de-tracao-hibrida","status":"publish","type":"post","link":"https:\/\/revistaautobus.com.br\/?p=2947","title":{"rendered":"Allison atualiza seu sistema de tra\u00e7\u00e3o h\u00edbrida"},"content":{"rendered":"\n<p>A Allison Transmission lan\u00e7ou recentemente de seu novo sistema h\u00edbrido el\u00e9trico para ve\u00edculos com emiss\u00e3o zero (ZEV), o eGen Flex, primeiro produto da nova marca Allison eGen. A tecnologia fornecer\u00e1 \u00e0s frotas de \u00f4nibus propuls\u00e3o 100% el\u00e9trica, com capacidade de opera\u00e7\u00e3o somente com a energia suplementar \u2013 ideal para zonas de emiss\u00e3o zero e opera\u00e7\u00f5es em locais fechados, al\u00e9m de tornar a \u00e1rea de embarque e desembarque de passageiros em um ambiente mais silencioso e saud\u00e1vel.<\/p>\n\n\n\n<p>Em linhas gerais, seu sistema h\u00edbrido el\u00e9trico eGen Flex incorpora uma inovadora unidade de acionamento, inversor e sistema de armazenamento de energia recarreg\u00e1vel. A unidade de tra\u00e7\u00e3o inclui uma embreagem de desconex\u00e3o que permite o desligamento do motor e o inversor tem um pacote aperfei\u00e7oado que inclui melhorias que reduzem suas dimens\u00f5es e peso. O inversor agora \u00e9 arrefecido por \u00e1gua com etilenoglicol, o que elimina as linhas de \u00f3leo, diminuindo a complexidade da instala\u00e7\u00e3o, reduzindo despesas com manuten\u00e7\u00e3o e aumentando o tempo de opera\u00e7\u00e3o. J\u00e1 o sistema de armazenamento de energia incorpora a mais recente tecnologia de titanato de l\u00edtio (LTO), que aumenta significativamente a densidade de energia, permite um carregamento mais r\u00e1pido e autonomia estendida no modo puramente el\u00e9trico (motor desligado).<\/p>\n\n\n\n<figure class=\"wp-block-image\"><img decoding=\"async\" src=\"https:\/\/revistaautobus.com.br\/uploads\/images\/2020\/09\/794-1600079202.jpg\" alt=\"Allison atualiza seu sistema de tra\u00e7\u00e3o h\u00edbrida\" title=\"Allison atualiza seu sistema de tra\u00e7\u00e3o h\u00edbrida\"\/><\/figure>\n\n\n\n<p>A fam\u00edlia eGen integrar\u00e1 o portf\u00f3lio de h\u00edbridos e produtos totalmente el\u00e9tricos da Allison, incluindo os eixos el\u00e9tricos da empresa. Com a sua apresenta\u00e7\u00e3o, a Allison oferecer\u00e1 dois modelos distintos: eGen Flex e eGen Flex Max. O eGen Flex ser\u00e1 semelhante em recursos e capacidade ao sistema de propuls\u00e3o h\u00edbrido el\u00e9trico Allison H 40\/50 EP, mas com os aprimoramentos citados acima. E o eGen Flex Max oferecer\u00e1 propuls\u00e3o totalmente el\u00e9trica por at\u00e9 16 quil\u00f4metros, dependendo do ciclo de trabalho e das exig\u00eancias de carga dos acess\u00f3rios. Outro detalhe \u00e9 a tecnologia \u2018Increased Accessory Power 2\u2019, que estar\u00e1 dispon\u00edvel para o eGen Flex e ser\u00e1 obrigat\u00f3rio para o eGen Flex Max. O recurso eletrifica os sistemas de acess\u00f3rios do ve\u00edculo, como ar-condicionado e aquecimento, permitindo que esses equipamentos operem com o m\u00e1ximo de efici\u00eancia com energia limpa e silenciosa, reduzindo as emiss\u00f5es, o desgaste do motor e protegendo o meio ambiente. &#8220;Allison entende que existe um interesse significativo na eletrifica\u00e7\u00e3o. Tamb\u00e9m entendemos que as frotas est\u00e3o relutantes em apostar totalmente nessa forma de mobilidade neste est\u00e1gio inicial. Os coment\u00e1rios dos clientes nos inspiraram a oferecer essas inova\u00e7\u00f5es para os \u00f4nibus e \u00f4nibus urbanos, alternativas que far\u00e3o uma ponte entre o combust\u00edvel convencional e as solu\u00e7\u00f5es totalmente el\u00e9tricas. O eGen Flex permitir\u00e1 que as frotas urbanas avaliem as possibilidades da eletrifica\u00e7\u00e3o e suas necessidades de autonomia, enquanto contam a tranquilidade da amplia\u00e7\u00e3o do alcance a diesel, ainda necess\u00e1rio para percursos mais longos, flexibilidade de rota, congestionamentos n\u00e3o planejados ou incapacidade de recarregar baterias&#8221;, observou Branden Harbin, diretor-gerente de Marketing Global da Allison Transmission.<\/p>\n\n\n\n<p>A IndyGo, a Indianapolis Transportation Corporation, adquiriu 27 novos \u00f4nibus, sendo que tr\u00eas deles j\u00e1 ter\u00e3o a tecnologia eGen Flex Max. Outras 24 unidades ser\u00e3o equipadas com o sistema Allison H 40 EP\u2122, acoplado ao propulsor Cummins B6.7. A fabricante informou que, desde 2003, j\u00e1 forneceu mais de 9.000 sistemas de propuls\u00e3o h\u00edbridos el\u00e9tricos em todo o mundo, acumulando quase 4,2 bilh\u00f5es de quil\u00f4metros, economizando mais de 1,15 bilh\u00e3o de litros de combust\u00edvel e evitando que tr\u00eas milh\u00f5es de toneladas m\u00e9tricas de di\u00f3xido de carbono entrem na atmosfera.<\/p>\n\n\n\n<p>Imagens &#8211; Divulga\u00e7\u00e3o<\/p>\n","protected":false},"excerpt":{"rendered":"<p>A fam\u00edlia eGen integrar\u00e1 o portf\u00f3lio de h\u00edbridos e produtos totalmente el\u00e9tricos da Allison, incluindo os eixos el\u00e9tricos da empresa. Com a sua apresenta\u00e7\u00e3o, a Allison oferecer\u00e1 dois modelos distintos: eGen Flex e eGen Flex Max<\/p>\n","protected":false},"author":2,"featured_media":2948,"comment_status":"open","ping_status":"open","sticky":false,"template":"","format":"standard","meta":{"_et_pb_use_builder":"off","_et_pb_old_content":"","_et_gb_content_width":"","_jetpack_memberships_contains_paid_content":false,"footnotes":""},"categories":[90],"tags":[],"class_list":["post-2947","post","type-post","status-publish","format-standard","has-post-thumbnail","hentry","category-noticias","et-has-post-format-content","et_post_format-et-post-format-standard"],"yoast_head":"<!-- This site is optimized with the Yoast SEO plugin v27.2 - https:\/\/yoast.com\/product\/yoast-seo-wordpress\/ -->\n<title>Allison atualiza seu sistema de tra\u00e7\u00e3o h\u00edbrida - Revista AutoBus<\/title>\n<meta name=\"robots\" content=\"index, follow, max-snippet:-1, max-image-preview:large, max-video-preview:-1\" \/>\n<link rel=\"canonical\" href=\"https:\/\/revistaautobus.com.br\/?p=2947\" \/>\n<meta property=\"og:locale\" content=\"pt_BR\" \/>\n<meta property=\"og:type\" content=\"article\" \/>\n<meta property=\"og:title\" content=\"Allison atualiza seu sistema de tra\u00e7\u00e3o h\u00edbrida - Revista AutoBus\" \/>\n<meta property=\"og:description\" content=\"A fam\u00edlia eGen integrar\u00e1 o portf\u00f3lio de h\u00edbridos e produtos totalmente el\u00e9tricos da Allison, incluindo os eixos el\u00e9tricos da empresa. Com a sua apresenta\u00e7\u00e3o, a Allison oferecer\u00e1 dois modelos distintos: eGen Flex e eGen Flex Max\" \/>\n<meta property=\"og:url\" content=\"https:\/\/revistaautobus.com.br\/?p=2947\" \/>\n<meta property=\"og:site_name\" content=\"Revista AutoBus\" \/>\n<meta property=\"article:publisher\" content=\"https:\/\/www.facebook.com\/antonio.ferro.3150\" \/>\n<meta property=\"article:published_time\" content=\"2020-09-14T10:25:00+00:00\" \/>\n<meta property=\"article:modified_time\" content=\"2021-06-26T13:22:49+00:00\" \/>\n<meta property=\"og:image\" content=\"https:\/\/revistaautobus.com.br\/wp-content\/uploads\/2021\/06\/allison-atualiza-seu-sistema-de-tracao-hibrida-1600079181.jpg\" \/>\n\t<meta property=\"og:image:width\" content=\"1200\" \/>\n\t<meta property=\"og:image:height\" content=\"828\" \/>\n\t<meta property=\"og:image:type\" content=\"image\/jpeg\" \/>\n<meta name=\"author\" content=\"Antonio Ferro\" \/>\n<meta name=\"twitter:card\" content=\"summary_large_image\" \/>\n<meta name=\"twitter:label1\" content=\"Escrito por\" \/>\n\t<meta name=\"twitter:data1\" content=\"Antonio Ferro\" \/>\n\t<meta name=\"twitter:label2\" content=\"Est. tempo de leitura\" \/>\n\t<meta name=\"twitter:data2\" content=\"3 minutos\" \/>\n<script type=\"application\/ld+json\" class=\"yoast-schema-graph\">{\"@context\":\"https:\/\/schema.org\",\"@graph\":[{\"@type\":\"Article\",\"@id\":\"https:\/\/revistaautobus.com.br\/?p=2947#article\",\"isPartOf\":{\"@id\":\"https:\/\/revistaautobus.com.br\/?p=2947\"},\"author\":{\"name\":\"Antonio Ferro\",\"@id\":\"https:\/\/revistaautobus.com.br\/#\/schema\/person\/54af7c3eb83a310e42ef686ef6d16f50\"},\"headline\":\"Allison atualiza seu sistema de tra\u00e7\u00e3o h\u00edbrida\",\"datePublished\":\"2020-09-14T10:25:00+00:00\",\"dateModified\":\"2021-06-26T13:22:49+00:00\",\"mainEntityOfPage\":{\"@id\":\"https:\/\/revistaautobus.com.br\/?p=2947\"},\"wordCount\":621,\"commentCount\":0,\"publisher\":{\"@id\":\"https:\/\/revistaautobus.com.br\/#organization\"},\"image\":{\"@id\":\"https:\/\/revistaautobus.com.br\/?p=2947#primaryimage\"},\"thumbnailUrl\":\"https:\/\/revistaautobus.com.br\/wp-content\/uploads\/2021\/06\/allison-atualiza-seu-sistema-de-tracao-hibrida-1600079181.jpg\",\"articleSection\":[\"Not\u00edcias\"],\"inLanguage\":\"pt-BR\",\"potentialAction\":[{\"@type\":\"CommentAction\",\"name\":\"Comment\",\"target\":[\"https:\/\/revistaautobus.com.br\/?p=2947#respond\"]}]},{\"@type\":\"WebPage\",\"@id\":\"https:\/\/revistaautobus.com.br\/?p=2947\",\"url\":\"https:\/\/revistaautobus.com.br\/?p=2947\",\"name\":\"Allison atualiza seu sistema de tra\u00e7\u00e3o h\u00edbrida - Revista AutoBus\",\"isPartOf\":{\"@id\":\"https:\/\/revistaautobus.com.br\/#website\"},\"primaryImageOfPage\":{\"@id\":\"https:\/\/revistaautobus.com.br\/?p=2947#primaryimage\"},\"image\":{\"@id\":\"https:\/\/revistaautobus.com.br\/?p=2947#primaryimage\"},\"thumbnailUrl\":\"https:\/\/revistaautobus.com.br\/wp-content\/uploads\/2021\/06\/allison-atualiza-seu-sistema-de-tracao-hibrida-1600079181.jpg\",\"datePublished\":\"2020-09-14T10:25:00+00:00\",\"dateModified\":\"2021-06-26T13:22:49+00:00\",\"breadcrumb\":{\"@id\":\"https:\/\/revistaautobus.com.br\/?p=2947#breadcrumb\"},\"inLanguage\":\"pt-BR\",\"potentialAction\":[{\"@type\":\"ReadAction\",\"target\":[\"https:\/\/revistaautobus.com.br\/?p=2947\"]}]},{\"@type\":\"ImageObject\",\"inLanguage\":\"pt-BR\",\"@id\":\"https:\/\/revistaautobus.com.br\/?p=2947#primaryimage\",\"url\":\"https:\/\/revistaautobus.com.br\/wp-content\/uploads\/2021\/06\/allison-atualiza-seu-sistema-de-tracao-hibrida-1600079181.jpg\",\"contentUrl\":\"https:\/\/revistaautobus.com.br\/wp-content\/uploads\/2021\/06\/allison-atualiza-seu-sistema-de-tracao-hibrida-1600079181.jpg\",\"width\":1200,\"height\":828},{\"@type\":\"BreadcrumbList\",\"@id\":\"https:\/\/revistaautobus.com.br\/?p=2947#breadcrumb\",\"itemListElement\":[{\"@type\":\"ListItem\",\"position\":1,\"name\":\"In\u00edcio\",\"item\":\"https:\/\/revistaautobus.com.br\/\"},{\"@type\":\"ListItem\",\"position\":2,\"name\":\"Allison atualiza seu sistema de tra\u00e7\u00e3o h\u00edbrida\"}]},{\"@type\":\"WebSite\",\"@id\":\"https:\/\/revistaautobus.com.br\/#website\",\"url\":\"https:\/\/revistaautobus.com.br\/\",\"name\":\"Revista AutoBus\",\"description\":\"\",\"publisher\":{\"@id\":\"https:\/\/revistaautobus.com.br\/#organization\"},\"potentialAction\":[{\"@type\":\"SearchAction\",\"target\":{\"@type\":\"EntryPoint\",\"urlTemplate\":\"https:\/\/revistaautobus.com.br\/?s={search_term_string}\"},\"query-input\":{\"@type\":\"PropertyValueSpecification\",\"valueRequired\":true,\"valueName\":\"search_term_string\"}}],\"inLanguage\":\"pt-BR\"},{\"@type\":\"Organization\",\"@id\":\"https:\/\/revistaautobus.com.br\/#organization\",\"name\":\"Revista AutoBus\",\"url\":\"https:\/\/revistaautobus.com.br\/\",\"logo\":{\"@type\":\"ImageObject\",\"inLanguage\":\"pt-BR\",\"@id\":\"https:\/\/revistaautobus.com.br\/#\/schema\/logo\/image\/\",\"url\":\"https:\/\/revistaautobus.com.br\/wp-content\/uploads\/2024\/11\/logo_revista_autobus_fb.png\",\"contentUrl\":\"https:\/\/revistaautobus.com.br\/wp-content\/uploads\/2024\/11\/logo_revista_autobus_fb.png\",\"width\":836,\"height\":227,\"caption\":\"Revista AutoBus\"},\"image\":{\"@id\":\"https:\/\/revistaautobus.com.br\/#\/schema\/logo\/image\/\"},\"sameAs\":[\"https:\/\/www.facebook.com\/antonio.ferro.3150\",\"https:\/\/www.instagram.com\/revistaautobus\/\"]},{\"@type\":\"Person\",\"@id\":\"https:\/\/revistaautobus.com.br\/#\/schema\/person\/54af7c3eb83a310e42ef686ef6d16f50\",\"name\":\"Antonio Ferro\",\"image\":{\"@type\":\"ImageObject\",\"inLanguage\":\"pt-BR\",\"@id\":\"https:\/\/revistaautobus.com.br\/wp-content\/uploads\/2025\/12\/editor_antonio_ferro-150x150.jpg\",\"url\":\"https:\/\/revistaautobus.com.br\/wp-content\/uploads\/2025\/12\/editor_antonio_ferro-150x150.jpg\",\"contentUrl\":\"https:\/\/revistaautobus.com.br\/wp-content\/uploads\/2025\/12\/editor_antonio_ferro-150x150.jpg\",\"caption\":\"Antonio Ferro\"},\"description\":\"infobus@uol.com.br\",\"url\":\"https:\/\/revistaautobus.com.br\/?author=2\"}]}<\/script>\n<!-- \/ Yoast SEO plugin. -->","yoast_head_json":{"title":"Allison atualiza seu sistema de tra\u00e7\u00e3o h\u00edbrida - Revista AutoBus","robots":{"index":"index","follow":"follow","max-snippet":"max-snippet:-1","max-image-preview":"max-image-preview:large","max-video-preview":"max-video-preview:-1"},"canonical":"https:\/\/revistaautobus.com.br\/?p=2947","og_locale":"pt_BR","og_type":"article","og_title":"Allison atualiza seu sistema de tra\u00e7\u00e3o h\u00edbrida - Revista AutoBus","og_description":"A fam\u00edlia eGen integrar\u00e1 o portf\u00f3lio de h\u00edbridos e produtos totalmente el\u00e9tricos da Allison, incluindo os eixos el\u00e9tricos da empresa. Com a sua apresenta\u00e7\u00e3o, a Allison oferecer\u00e1 dois modelos distintos: eGen Flex e eGen Flex Max","og_url":"https:\/\/revistaautobus.com.br\/?p=2947","og_site_name":"Revista AutoBus","article_publisher":"https:\/\/www.facebook.com\/antonio.ferro.3150","article_published_time":"2020-09-14T10:25:00+00:00","article_modified_time":"2021-06-26T13:22:49+00:00","og_image":[{"width":1200,"height":828,"url":"https:\/\/revistaautobus.com.br\/wp-content\/uploads\/2021\/06\/allison-atualiza-seu-sistema-de-tracao-hibrida-1600079181.jpg","type":"image\/jpeg"}],"author":"Antonio Ferro","twitter_card":"summary_large_image","twitter_misc":{"Escrito por":"Antonio Ferro","Est. tempo de leitura":"3 minutos"},"schema":{"@context":"https:\/\/schema.org","@graph":[{"@type":"Article","@id":"https:\/\/revistaautobus.com.br\/?p=2947#article","isPartOf":{"@id":"https:\/\/revistaautobus.com.br\/?p=2947"},"author":{"name":"Antonio Ferro","@id":"https:\/\/revistaautobus.com.br\/#\/schema\/person\/54af7c3eb83a310e42ef686ef6d16f50"},"headline":"Allison atualiza seu sistema de tra\u00e7\u00e3o h\u00edbrida","datePublished":"2020-09-14T10:25:00+00:00","dateModified":"2021-06-26T13:22:49+00:00","mainEntityOfPage":{"@id":"https:\/\/revistaautobus.com.br\/?p=2947"},"wordCount":621,"commentCount":0,"publisher":{"@id":"https:\/\/revistaautobus.com.br\/#organization"},"image":{"@id":"https:\/\/revistaautobus.com.br\/?p=2947#primaryimage"},"thumbnailUrl":"https:\/\/revistaautobus.com.br\/wp-content\/uploads\/2021\/06\/allison-atualiza-seu-sistema-de-tracao-hibrida-1600079181.jpg","articleSection":["Not\u00edcias"],"inLanguage":"pt-BR","potentialAction":[{"@type":"CommentAction","name":"Comment","target":["https:\/\/revistaautobus.com.br\/?p=2947#respond"]}]},{"@type":"WebPage","@id":"https:\/\/revistaautobus.com.br\/?p=2947","url":"https:\/\/revistaautobus.com.br\/?p=2947","name":"Allison atualiza seu sistema de tra\u00e7\u00e3o h\u00edbrida - Revista AutoBus","isPartOf":{"@id":"https:\/\/revistaautobus.com.br\/#website"},"primaryImageOfPage":{"@id":"https:\/\/revistaautobus.com.br\/?p=2947#primaryimage"},"image":{"@id":"https:\/\/revistaautobus.com.br\/?p=2947#primaryimage"},"thumbnailUrl":"https:\/\/revistaautobus.com.br\/wp-content\/uploads\/2021\/06\/allison-atualiza-seu-sistema-de-tracao-hibrida-1600079181.jpg","datePublished":"2020-09-14T10:25:00+00:00","dateModified":"2021-06-26T13:22:49+00:00","breadcrumb":{"@id":"https:\/\/revistaautobus.com.br\/?p=2947#breadcrumb"},"inLanguage":"pt-BR","potentialAction":[{"@type":"ReadAction","target":["https:\/\/revistaautobus.com.br\/?p=2947"]}]},{"@type":"ImageObject","inLanguage":"pt-BR","@id":"https:\/\/revistaautobus.com.br\/?p=2947#primaryimage","url":"https:\/\/revistaautobus.com.br\/wp-content\/uploads\/2021\/06\/allison-atualiza-seu-sistema-de-tracao-hibrida-1600079181.jpg","contentUrl":"https:\/\/revistaautobus.com.br\/wp-content\/uploads\/2021\/06\/allison-atualiza-seu-sistema-de-tracao-hibrida-1600079181.jpg","width":1200,"height":828},{"@type":"BreadcrumbList","@id":"https:\/\/revistaautobus.com.br\/?p=2947#breadcrumb","itemListElement":[{"@type":"ListItem","position":1,"name":"In\u00edcio","item":"https:\/\/revistaautobus.com.br\/"},{"@type":"ListItem","position":2,"name":"Allison atualiza seu sistema de tra\u00e7\u00e3o h\u00edbrida"}]},{"@type":"WebSite","@id":"https:\/\/revistaautobus.com.br\/#website","url":"https:\/\/revistaautobus.com.br\/","name":"Revista AutoBus","description":"","publisher":{"@id":"https:\/\/revistaautobus.com.br\/#organization"},"potentialAction":[{"@type":"SearchAction","target":{"@type":"EntryPoint","urlTemplate":"https:\/\/revistaautobus.com.br\/?s={search_term_string}"},"query-input":{"@type":"PropertyValueSpecification","valueRequired":true,"valueName":"search_term_string"}}],"inLanguage":"pt-BR"},{"@type":"Organization","@id":"https:\/\/revistaautobus.com.br\/#organization","name":"Revista AutoBus","url":"https:\/\/revistaautobus.com.br\/","logo":{"@type":"ImageObject","inLanguage":"pt-BR","@id":"https:\/\/revistaautobus.com.br\/#\/schema\/logo\/image\/","url":"https:\/\/revistaautobus.com.br\/wp-content\/uploads\/2024\/11\/logo_revista_autobus_fb.png","contentUrl":"https:\/\/revistaautobus.com.br\/wp-content\/uploads\/2024\/11\/logo_revista_autobus_fb.png","width":836,"height":227,"caption":"Revista AutoBus"},"image":{"@id":"https:\/\/revistaautobus.com.br\/#\/schema\/logo\/image\/"},"sameAs":["https:\/\/www.facebook.com\/antonio.ferro.3150","https:\/\/www.instagram.com\/revistaautobus\/"]},{"@type":"Person","@id":"https:\/\/revistaautobus.com.br\/#\/schema\/person\/54af7c3eb83a310e42ef686ef6d16f50","name":"Antonio Ferro","image":{"@type":"ImageObject","inLanguage":"pt-BR","@id":"https:\/\/revistaautobus.com.br\/wp-content\/uploads\/2025\/12\/editor_antonio_ferro-150x150.jpg","url":"https:\/\/revistaautobus.com.br\/wp-content\/uploads\/2025\/12\/editor_antonio_ferro-150x150.jpg","contentUrl":"https:\/\/revistaautobus.com.br\/wp-content\/uploads\/2025\/12\/editor_antonio_ferro-150x150.jpg","caption":"Antonio Ferro"},"description":"infobus@uol.com.br","url":"https:\/\/revistaautobus.com.br\/?author=2"}]}},"jetpack_featured_media_url":"https:\/\/revistaautobus.com.br\/wp-content\/uploads\/2021\/06\/allison-atualiza-seu-sistema-de-tracao-hibrida-1600079181.jpg","jetpack_sharing_enabled":true,"_links":{"self":[{"href":"https:\/\/revistaautobus.com.br\/index.php?rest_route=\/wp\/v2\/posts\/2947","targetHints":{"allow":["GET"]}}],"collection":[{"href":"https:\/\/revistaautobus.com.br\/index.php?rest_route=\/wp\/v2\/posts"}],"about":[{"href":"https:\/\/revistaautobus.com.br\/index.php?rest_route=\/wp\/v2\/types\/post"}],"author":[{"embeddable":true,"href":"https:\/\/revistaautobus.com.br\/index.php?rest_route=\/wp\/v2\/users\/2"}],"replies":[{"embeddable":true,"href":"https:\/\/revistaautobus.com.br\/index.php?rest_route=%2Fwp%2Fv2%2Fcomments&post=2947"}],"version-history":[{"count":1,"href":"https:\/\/revistaautobus.com.br\/index.php?rest_route=\/wp\/v2\/posts\/2947\/revisions"}],"predecessor-version":[{"id":2949,"href":"https:\/\/revistaautobus.com.br\/index.php?rest_route=\/wp\/v2\/posts\/2947\/revisions\/2949"}],"wp:featuredmedia":[{"embeddable":true,"href":"https:\/\/revistaautobus.com.br\/index.php?rest_route=\/wp\/v2\/media\/2948"}],"wp:attachment":[{"href":"https:\/\/revistaautobus.com.br\/index.php?rest_route=%2Fwp%2Fv2%2Fmedia&parent=2947"}],"wp:term":[{"taxonomy":"category","embeddable":true,"href":"https:\/\/revistaautobus.com.br\/index.php?rest_route=%2Fwp%2Fv2%2Fcategories&post=2947"},{"taxonomy":"post_tag","embeddable":true,"href":"https:\/\/revistaautobus.com.br\/index.php?rest_route=%2Fwp%2Fv2%2Ftags&post=2947"}],"curies":[{"name":"wp","href":"https:\/\/api.w.org\/{rel}","templated":true}]}}