{"id":2965,"date":"2020-09-21T08:55:00","date_gmt":"2020-09-21T11:55:00","guid":{"rendered":"https:\/\/vila8.com.br\/clientes\/autobus\/?p=2965"},"modified":"2021-06-26T10:27:25","modified_gmt":"2021-06-26T13:27:25","slug":"para-ntu-o-transporte-nao-dissemina-o-covid-19","status":"publish","type":"post","link":"https:\/\/revistaautobus.com.br\/?p=2965","title":{"rendered":"Para NTU, o transporte n\u00e3o dissemina o Covid-19"},"content":{"rendered":"\n<p>Em recente evento virtual, onde reuniu a imprensa e formadores de opini\u00e3o, a Associa\u00e7\u00e3o Nacional das Empresas de Transportes Urbanos (NTU) divulgou o seu estudo t\u00e9cnico &#8220;An\u00e1lise da Evolu\u00e7\u00e3o das Viagens de Passageiros por \u00d4nibus e dos Casos Confirmados da Covid-19&#8221;, trabalho que avaliou os dados coletados do n\u00famero de passageiros transportados em 15 sistemas de transportes p\u00fablicos urbanos por \u00f4nibus no Brasil e a incid\u00eancia de casos confirmados de Covid-19 nas mesmas cidades pesquisadas. De acordo com a entidade, o estudo concluiu que n\u00e3o h\u00e1 evid\u00eancias de que o aumento do n\u00famero de passageiros transportados levou a um aumento do n\u00famero de casos.<\/p>\n\n\n\n<p>O levantamento avaliou 15 sistemas de transportes: Bel\u00e9m-PA; Belo Horizonte-MG (municipal); Belo Horizonte-MG (intermunicipal metropolitano); Curitiba-PR; Curitiba (intermunicipal metropolitano); Fortaleza-CE; Goi\u00e2nia-GO; Macap\u00e1-AP; Natal-RN; Porto Alegre-RS; Recife-PE; Rio de Janeiro-RJ (municipal); Rio de Janeiro (intermunicipal metropolitano); Vit\u00f3ria-ES e Teresina-PI. Juntos, esses sistemas possuem alta representatividade no cen\u00e1rio nacional, pois s\u00e3o respons\u00e1veis pela realiza\u00e7\u00e3o de mais de 325 milh\u00f5es de viagens de passageiros por m\u00eas, ou 13 milh\u00f5es de deslocamentos di\u00e1rios de pessoas. Isso corresponde a 32,5% do total de viagens de passageiros realizadas em todos os 2.901 munic\u00edpios brasileiros atendidos por sistemas organizados de transporte p\u00fablico por \u00f4nibus (IBGE, 2017).<\/p>\n\n\n\n<p>Para o presidente-executivo da NTU, Ot\u00e1vio Cunha o transporte coletivo \u00e9 condenado por alguns formadores de opini\u00e3o como foco de dissemina\u00e7\u00e3o do coronav\u00edrus. &#8220;Criou-se um senso comum de que o uso do transporte coletivo exp\u00f5e ao maior risco de cont\u00e1gio e isso tem assustado as pessoas, influ\u00eddo no funcionamento do sistema de mobilidade urbana das cidades e prejudicado a realiza\u00e7\u00e3o de atividades essenciais. Hoje, conhecemos melhor os fatores relacionados \u00e0 dissemina\u00e7\u00e3o e as medidas que devem ser tomadas para a minimiza\u00e7\u00e3o destes riscos \u00e0 popula\u00e7\u00e3o. Queremos preservar a sa\u00fade de passageiros e colaboradores, al\u00e9m de garantir o acesso ao transporte p\u00fablico, atividade essencial \u00e0 economia e \u00e0 vida de milhares de brasileiros que dependem desse servi\u00e7o para sua locomo\u00e7\u00e3o&#8221;, observou.<\/p>\n\n\n\n<p>Para se chegar a constata\u00e7\u00e3o do estudo, o levantamento realizado pela NTU teve como base a varia\u00e7\u00e3o da demanda por transporte, calculada por ela, e os dados do SUS (Sistema \u00danico de Sa\u00fade) durante 17 semanas, entre as semanas epidemiol\u00f3gicas 14 e 30, de 29 de mar\u00e7o a 25 de julho de 2020. Os dados do SUS foram agregados em semanas epidemiol\u00f3gicas para que fossem estabelecidos os mesmos referenciais \u00e0s demandas de viagens realizadas por passageiros no transporte p\u00fablico por \u00f4nibus. Tal an\u00e1lise foi realizada comparando-se os casos confirmados de Covid-19 observados sete dias ap\u00f3s a demanda transportada, considerando que, em caso de contamina\u00e7\u00e3o do passageiro durante a viagem, este seria o prazo m\u00e9dio entre a eventual infec\u00e7\u00e3o e a detec\u00e7\u00e3o da contamina\u00e7\u00e3o por testes. N\u00e3o foi observada associa\u00e7\u00e3o entre o n\u00famero de passageiros transportados por \u00f4nibus e o aumento do n\u00famero de casos.<\/p>\n\n\n\n<p>Imagem &#8211; Reprodu\u00e7\u00e3o<\/p>\n","protected":false},"excerpt":{"rendered":"<p>Para se chegar a constata\u00e7\u00e3o do estudo, o levantamento realizado pela NTU teve como base a varia\u00e7\u00e3o da demanda por transporte, calculada por ela, e os dados do SUS (Sistema \u00danico de Sa\u00fade) durante 17 semanas, entre as semanas epidemiol\u00f3gicas 14 e 30, de 29 de mar\u00e7o a 25 de julho de 2020<\/p>\n","protected":false},"author":2,"featured_media":2966,"comment_status":"open","ping_status":"open","sticky":false,"template":"","format":"standard","meta":{"_et_pb_use_builder":"off","_et_pb_old_content":"","_et_gb_content_width":"","_jetpack_memberships_contains_paid_content":false,"footnotes":""},"categories":[90],"tags":[],"class_list":["post-2965","post","type-post","status-publish","format-standard","has-post-thumbnail","hentry","category-noticias","et-has-post-format-content","et_post_format-et-post-format-standard"],"yoast_head":"<!-- This site is optimized with the Yoast SEO plugin v27.2 - https:\/\/yoast.com\/product\/yoast-seo-wordpress\/ -->\n<title>Para NTU, o transporte n\u00e3o dissemina o Covid-19 - Revista AutoBus<\/title>\n<meta name=\"robots\" content=\"index, follow, max-snippet:-1, max-image-preview:large, max-video-preview:-1\" \/>\n<link rel=\"canonical\" href=\"https:\/\/revistaautobus.com.br\/?p=2965\" \/>\n<meta property=\"og:locale\" content=\"pt_BR\" \/>\n<meta property=\"og:type\" content=\"article\" \/>\n<meta property=\"og:title\" content=\"Para NTU, o transporte n\u00e3o dissemina o Covid-19 - Revista AutoBus\" \/>\n<meta property=\"og:description\" content=\"Para se chegar a constata\u00e7\u00e3o do estudo, o levantamento realizado pela NTU teve como base a varia\u00e7\u00e3o da demanda por transporte, calculada por ela, e os dados do SUS (Sistema \u00danico de Sa\u00fade) durante 17 semanas, entre as semanas epidemiol\u00f3gicas 14 e 30, de 29 de mar\u00e7o a 25 de julho de 2020\" \/>\n<meta property=\"og:url\" content=\"https:\/\/revistaautobus.com.br\/?p=2965\" \/>\n<meta property=\"og:site_name\" content=\"Revista AutoBus\" \/>\n<meta property=\"article:publisher\" content=\"https:\/\/www.facebook.com\/antonio.ferro.3150\" \/>\n<meta property=\"article:published_time\" content=\"2020-09-21T11:55:00+00:00\" \/>\n<meta property=\"article:modified_time\" content=\"2021-06-26T13:27:25+00:00\" \/>\n<meta property=\"og:image\" content=\"https:\/\/revistaautobus.com.br\/wp-content\/uploads\/2021\/06\/para-ntu-o-transporte-nao-dissemina-o-covid-19-1600689433.jpg\" \/>\n\t<meta property=\"og:image:width\" content=\"1200\" \/>\n\t<meta property=\"og:image:height\" content=\"800\" \/>\n\t<meta property=\"og:image:type\" content=\"image\/jpeg\" \/>\n<meta name=\"author\" content=\"Antonio Ferro\" \/>\n<meta name=\"twitter:card\" content=\"summary_large_image\" \/>\n<meta name=\"twitter:label1\" content=\"Escrito por\" \/>\n\t<meta name=\"twitter:data1\" content=\"Antonio Ferro\" \/>\n\t<meta name=\"twitter:label2\" content=\"Est. tempo de leitura\" \/>\n\t<meta name=\"twitter:data2\" content=\"3 minutos\" \/>\n<script type=\"application\/ld+json\" class=\"yoast-schema-graph\">{\"@context\":\"https:\/\/schema.org\",\"@graph\":[{\"@type\":\"Article\",\"@id\":\"https:\/\/revistaautobus.com.br\/?p=2965#article\",\"isPartOf\":{\"@id\":\"https:\/\/revistaautobus.com.br\/?p=2965\"},\"author\":{\"name\":\"Antonio Ferro\",\"@id\":\"https:\/\/revistaautobus.com.br\/#\/schema\/person\/54af7c3eb83a310e42ef686ef6d16f50\"},\"headline\":\"Para NTU, o transporte n\u00e3o dissemina o Covid-19\",\"datePublished\":\"2020-09-21T11:55:00+00:00\",\"dateModified\":\"2021-06-26T13:27:25+00:00\",\"mainEntityOfPage\":{\"@id\":\"https:\/\/revistaautobus.com.br\/?p=2965\"},\"wordCount\":522,\"commentCount\":0,\"publisher\":{\"@id\":\"https:\/\/revistaautobus.com.br\/#organization\"},\"image\":{\"@id\":\"https:\/\/revistaautobus.com.br\/?p=2965#primaryimage\"},\"thumbnailUrl\":\"https:\/\/revistaautobus.com.br\/wp-content\/uploads\/2021\/06\/para-ntu-o-transporte-nao-dissemina-o-covid-19-1600689433.jpg\",\"articleSection\":[\"Not\u00edcias\"],\"inLanguage\":\"pt-BR\",\"potentialAction\":[{\"@type\":\"CommentAction\",\"name\":\"Comment\",\"target\":[\"https:\/\/revistaautobus.com.br\/?p=2965#respond\"]}]},{\"@type\":\"WebPage\",\"@id\":\"https:\/\/revistaautobus.com.br\/?p=2965\",\"url\":\"https:\/\/revistaautobus.com.br\/?p=2965\",\"name\":\"Para NTU, o transporte n\u00e3o dissemina o Covid-19 - Revista AutoBus\",\"isPartOf\":{\"@id\":\"https:\/\/revistaautobus.com.br\/#website\"},\"primaryImageOfPage\":{\"@id\":\"https:\/\/revistaautobus.com.br\/?p=2965#primaryimage\"},\"image\":{\"@id\":\"https:\/\/revistaautobus.com.br\/?p=2965#primaryimage\"},\"thumbnailUrl\":\"https:\/\/revistaautobus.com.br\/wp-content\/uploads\/2021\/06\/para-ntu-o-transporte-nao-dissemina-o-covid-19-1600689433.jpg\",\"datePublished\":\"2020-09-21T11:55:00+00:00\",\"dateModified\":\"2021-06-26T13:27:25+00:00\",\"breadcrumb\":{\"@id\":\"https:\/\/revistaautobus.com.br\/?p=2965#breadcrumb\"},\"inLanguage\":\"pt-BR\",\"potentialAction\":[{\"@type\":\"ReadAction\",\"target\":[\"https:\/\/revistaautobus.com.br\/?p=2965\"]}]},{\"@type\":\"ImageObject\",\"inLanguage\":\"pt-BR\",\"@id\":\"https:\/\/revistaautobus.com.br\/?p=2965#primaryimage\",\"url\":\"https:\/\/revistaautobus.com.br\/wp-content\/uploads\/2021\/06\/para-ntu-o-transporte-nao-dissemina-o-covid-19-1600689433.jpg\",\"contentUrl\":\"https:\/\/revistaautobus.com.br\/wp-content\/uploads\/2021\/06\/para-ntu-o-transporte-nao-dissemina-o-covid-19-1600689433.jpg\",\"width\":1200,\"height\":800},{\"@type\":\"BreadcrumbList\",\"@id\":\"https:\/\/revistaautobus.com.br\/?p=2965#breadcrumb\",\"itemListElement\":[{\"@type\":\"ListItem\",\"position\":1,\"name\":\"In\u00edcio\",\"item\":\"https:\/\/revistaautobus.com.br\/\"},{\"@type\":\"ListItem\",\"position\":2,\"name\":\"Para NTU, o transporte n\u00e3o dissemina o Covid-19\"}]},{\"@type\":\"WebSite\",\"@id\":\"https:\/\/revistaautobus.com.br\/#website\",\"url\":\"https:\/\/revistaautobus.com.br\/\",\"name\":\"Revista AutoBus\",\"description\":\"\",\"publisher\":{\"@id\":\"https:\/\/revistaautobus.com.br\/#organization\"},\"potentialAction\":[{\"@type\":\"SearchAction\",\"target\":{\"@type\":\"EntryPoint\",\"urlTemplate\":\"https:\/\/revistaautobus.com.br\/?s={search_term_string}\"},\"query-input\":{\"@type\":\"PropertyValueSpecification\",\"valueRequired\":true,\"valueName\":\"search_term_string\"}}],\"inLanguage\":\"pt-BR\"},{\"@type\":\"Organization\",\"@id\":\"https:\/\/revistaautobus.com.br\/#organization\",\"name\":\"Revista AutoBus\",\"url\":\"https:\/\/revistaautobus.com.br\/\",\"logo\":{\"@type\":\"ImageObject\",\"inLanguage\":\"pt-BR\",\"@id\":\"https:\/\/revistaautobus.com.br\/#\/schema\/logo\/image\/\",\"url\":\"https:\/\/revistaautobus.com.br\/wp-content\/uploads\/2024\/11\/logo_revista_autobus_fb.png\",\"contentUrl\":\"https:\/\/revistaautobus.com.br\/wp-content\/uploads\/2024\/11\/logo_revista_autobus_fb.png\",\"width\":836,\"height\":227,\"caption\":\"Revista AutoBus\"},\"image\":{\"@id\":\"https:\/\/revistaautobus.com.br\/#\/schema\/logo\/image\/\"},\"sameAs\":[\"https:\/\/www.facebook.com\/antonio.ferro.3150\",\"https:\/\/www.instagram.com\/revistaautobus\/\"]},{\"@type\":\"Person\",\"@id\":\"https:\/\/revistaautobus.com.br\/#\/schema\/person\/54af7c3eb83a310e42ef686ef6d16f50\",\"name\":\"Antonio Ferro\",\"image\":{\"@type\":\"ImageObject\",\"inLanguage\":\"pt-BR\",\"@id\":\"https:\/\/revistaautobus.com.br\/wp-content\/uploads\/2025\/12\/editor_antonio_ferro-150x150.jpg\",\"url\":\"https:\/\/revistaautobus.com.br\/wp-content\/uploads\/2025\/12\/editor_antonio_ferro-150x150.jpg\",\"contentUrl\":\"https:\/\/revistaautobus.com.br\/wp-content\/uploads\/2025\/12\/editor_antonio_ferro-150x150.jpg\",\"caption\":\"Antonio Ferro\"},\"description\":\"infobus@uol.com.br\",\"url\":\"https:\/\/revistaautobus.com.br\/?author=2\"}]}<\/script>\n<!-- \/ Yoast SEO plugin. -->","yoast_head_json":{"title":"Para NTU, o transporte n\u00e3o dissemina o Covid-19 - Revista AutoBus","robots":{"index":"index","follow":"follow","max-snippet":"max-snippet:-1","max-image-preview":"max-image-preview:large","max-video-preview":"max-video-preview:-1"},"canonical":"https:\/\/revistaautobus.com.br\/?p=2965","og_locale":"pt_BR","og_type":"article","og_title":"Para NTU, o transporte n\u00e3o dissemina o Covid-19 - Revista AutoBus","og_description":"Para se chegar a constata\u00e7\u00e3o do estudo, o levantamento realizado pela NTU teve como base a varia\u00e7\u00e3o da demanda por transporte, calculada por ela, e os dados do SUS (Sistema \u00danico de Sa\u00fade) durante 17 semanas, entre as semanas epidemiol\u00f3gicas 14 e 30, de 29 de mar\u00e7o a 25 de julho de 2020","og_url":"https:\/\/revistaautobus.com.br\/?p=2965","og_site_name":"Revista AutoBus","article_publisher":"https:\/\/www.facebook.com\/antonio.ferro.3150","article_published_time":"2020-09-21T11:55:00+00:00","article_modified_time":"2021-06-26T13:27:25+00:00","og_image":[{"width":1200,"height":800,"url":"https:\/\/revistaautobus.com.br\/wp-content\/uploads\/2021\/06\/para-ntu-o-transporte-nao-dissemina-o-covid-19-1600689433.jpg","type":"image\/jpeg"}],"author":"Antonio Ferro","twitter_card":"summary_large_image","twitter_misc":{"Escrito por":"Antonio Ferro","Est. tempo de leitura":"3 minutos"},"schema":{"@context":"https:\/\/schema.org","@graph":[{"@type":"Article","@id":"https:\/\/revistaautobus.com.br\/?p=2965#article","isPartOf":{"@id":"https:\/\/revistaautobus.com.br\/?p=2965"},"author":{"name":"Antonio Ferro","@id":"https:\/\/revistaautobus.com.br\/#\/schema\/person\/54af7c3eb83a310e42ef686ef6d16f50"},"headline":"Para NTU, o transporte n\u00e3o dissemina o Covid-19","datePublished":"2020-09-21T11:55:00+00:00","dateModified":"2021-06-26T13:27:25+00:00","mainEntityOfPage":{"@id":"https:\/\/revistaautobus.com.br\/?p=2965"},"wordCount":522,"commentCount":0,"publisher":{"@id":"https:\/\/revistaautobus.com.br\/#organization"},"image":{"@id":"https:\/\/revistaautobus.com.br\/?p=2965#primaryimage"},"thumbnailUrl":"https:\/\/revistaautobus.com.br\/wp-content\/uploads\/2021\/06\/para-ntu-o-transporte-nao-dissemina-o-covid-19-1600689433.jpg","articleSection":["Not\u00edcias"],"inLanguage":"pt-BR","potentialAction":[{"@type":"CommentAction","name":"Comment","target":["https:\/\/revistaautobus.com.br\/?p=2965#respond"]}]},{"@type":"WebPage","@id":"https:\/\/revistaautobus.com.br\/?p=2965","url":"https:\/\/revistaautobus.com.br\/?p=2965","name":"Para NTU, o transporte n\u00e3o dissemina o Covid-19 - Revista AutoBus","isPartOf":{"@id":"https:\/\/revistaautobus.com.br\/#website"},"primaryImageOfPage":{"@id":"https:\/\/revistaautobus.com.br\/?p=2965#primaryimage"},"image":{"@id":"https:\/\/revistaautobus.com.br\/?p=2965#primaryimage"},"thumbnailUrl":"https:\/\/revistaautobus.com.br\/wp-content\/uploads\/2021\/06\/para-ntu-o-transporte-nao-dissemina-o-covid-19-1600689433.jpg","datePublished":"2020-09-21T11:55:00+00:00","dateModified":"2021-06-26T13:27:25+00:00","breadcrumb":{"@id":"https:\/\/revistaautobus.com.br\/?p=2965#breadcrumb"},"inLanguage":"pt-BR","potentialAction":[{"@type":"ReadAction","target":["https:\/\/revistaautobus.com.br\/?p=2965"]}]},{"@type":"ImageObject","inLanguage":"pt-BR","@id":"https:\/\/revistaautobus.com.br\/?p=2965#primaryimage","url":"https:\/\/revistaautobus.com.br\/wp-content\/uploads\/2021\/06\/para-ntu-o-transporte-nao-dissemina-o-covid-19-1600689433.jpg","contentUrl":"https:\/\/revistaautobus.com.br\/wp-content\/uploads\/2021\/06\/para-ntu-o-transporte-nao-dissemina-o-covid-19-1600689433.jpg","width":1200,"height":800},{"@type":"BreadcrumbList","@id":"https:\/\/revistaautobus.com.br\/?p=2965#breadcrumb","itemListElement":[{"@type":"ListItem","position":1,"name":"In\u00edcio","item":"https:\/\/revistaautobus.com.br\/"},{"@type":"ListItem","position":2,"name":"Para NTU, o transporte n\u00e3o dissemina o Covid-19"}]},{"@type":"WebSite","@id":"https:\/\/revistaautobus.com.br\/#website","url":"https:\/\/revistaautobus.com.br\/","name":"Revista AutoBus","description":"","publisher":{"@id":"https:\/\/revistaautobus.com.br\/#organization"},"potentialAction":[{"@type":"SearchAction","target":{"@type":"EntryPoint","urlTemplate":"https:\/\/revistaautobus.com.br\/?s={search_term_string}"},"query-input":{"@type":"PropertyValueSpecification","valueRequired":true,"valueName":"search_term_string"}}],"inLanguage":"pt-BR"},{"@type":"Organization","@id":"https:\/\/revistaautobus.com.br\/#organization","name":"Revista AutoBus","url":"https:\/\/revistaautobus.com.br\/","logo":{"@type":"ImageObject","inLanguage":"pt-BR","@id":"https:\/\/revistaautobus.com.br\/#\/schema\/logo\/image\/","url":"https:\/\/revistaautobus.com.br\/wp-content\/uploads\/2024\/11\/logo_revista_autobus_fb.png","contentUrl":"https:\/\/revistaautobus.com.br\/wp-content\/uploads\/2024\/11\/logo_revista_autobus_fb.png","width":836,"height":227,"caption":"Revista AutoBus"},"image":{"@id":"https:\/\/revistaautobus.com.br\/#\/schema\/logo\/image\/"},"sameAs":["https:\/\/www.facebook.com\/antonio.ferro.3150","https:\/\/www.instagram.com\/revistaautobus\/"]},{"@type":"Person","@id":"https:\/\/revistaautobus.com.br\/#\/schema\/person\/54af7c3eb83a310e42ef686ef6d16f50","name":"Antonio Ferro","image":{"@type":"ImageObject","inLanguage":"pt-BR","@id":"https:\/\/revistaautobus.com.br\/wp-content\/uploads\/2025\/12\/editor_antonio_ferro-150x150.jpg","url":"https:\/\/revistaautobus.com.br\/wp-content\/uploads\/2025\/12\/editor_antonio_ferro-150x150.jpg","contentUrl":"https:\/\/revistaautobus.com.br\/wp-content\/uploads\/2025\/12\/editor_antonio_ferro-150x150.jpg","caption":"Antonio Ferro"},"description":"infobus@uol.com.br","url":"https:\/\/revistaautobus.com.br\/?author=2"}]}},"jetpack_featured_media_url":"https:\/\/revistaautobus.com.br\/wp-content\/uploads\/2021\/06\/para-ntu-o-transporte-nao-dissemina-o-covid-19-1600689433.jpg","jetpack_sharing_enabled":true,"_links":{"self":[{"href":"https:\/\/revistaautobus.com.br\/index.php?rest_route=\/wp\/v2\/posts\/2965","targetHints":{"allow":["GET"]}}],"collection":[{"href":"https:\/\/revistaautobus.com.br\/index.php?rest_route=\/wp\/v2\/posts"}],"about":[{"href":"https:\/\/revistaautobus.com.br\/index.php?rest_route=\/wp\/v2\/types\/post"}],"author":[{"embeddable":true,"href":"https:\/\/revistaautobus.com.br\/index.php?rest_route=\/wp\/v2\/users\/2"}],"replies":[{"embeddable":true,"href":"https:\/\/revistaautobus.com.br\/index.php?rest_route=%2Fwp%2Fv2%2Fcomments&post=2965"}],"version-history":[{"count":1,"href":"https:\/\/revistaautobus.com.br\/index.php?rest_route=\/wp\/v2\/posts\/2965\/revisions"}],"predecessor-version":[{"id":2967,"href":"https:\/\/revistaautobus.com.br\/index.php?rest_route=\/wp\/v2\/posts\/2965\/revisions\/2967"}],"wp:featuredmedia":[{"embeddable":true,"href":"https:\/\/revistaautobus.com.br\/index.php?rest_route=\/wp\/v2\/media\/2966"}],"wp:attachment":[{"href":"https:\/\/revistaautobus.com.br\/index.php?rest_route=%2Fwp%2Fv2%2Fmedia&parent=2965"}],"wp:term":[{"taxonomy":"category","embeddable":true,"href":"https:\/\/revistaautobus.com.br\/index.php?rest_route=%2Fwp%2Fv2%2Fcategories&post=2965"},{"taxonomy":"post_tag","embeddable":true,"href":"https:\/\/revistaautobus.com.br\/index.php?rest_route=%2Fwp%2Fv2%2Ftags&post=2965"}],"curies":[{"name":"wp","href":"https:\/\/api.w.org\/{rel}","templated":true}]}}