{"id":3335,"date":"2021-02-08T11:24:00","date_gmt":"2021-02-08T14:24:00","guid":{"rendered":"https:\/\/vila8.com.br\/clientes\/autobus\/?p=3335"},"modified":"2021-06-26T12:37:31","modified_gmt":"2021-06-26T15:37:31","slug":"otimismo-com-2021","status":"publish","type":"post","link":"https:\/\/revistaautobus.com.br\/?p=3335","title":{"rendered":"Otimismo com 2021"},"content":{"rendered":"\n<p>Manter a confian\u00e7a para um desempenho melhor em 2021. Essa \u00e9 a estrat\u00e9gia da Scania quanto aos seus neg\u00f3cios neste ano, visando a recupera\u00e7\u00e3o em rela\u00e7\u00e3o a 2020, que foi um dos anos mais duros para o mercado de \u00f4nibus, tanto em vendas quanto para as empresas e clientes. O otimismo n\u00e3o chega ser expressivo, em fun\u00e7\u00e3o de uma vis\u00e3o ainda prejudicada pela falta de clareza do plano nacional de vacina\u00e7\u00e3o do Covid-19. Por\u00e9m, a esperan\u00e7a se mant\u00e9m de p\u00e9.<\/p>\n\n\n\n<p>Para F\u00e1bio D\u00b4Angelo, gerente de Vendas de Solu\u00e7\u00f5es para Mobilidade da Scania no Brasil, 2020 n\u00e3o ser\u00e1 esquecido, infelizmente, pelo forte impacto negativo que a pandemia do Covid-19 causou no mercado de \u00f4nibus. \u201cAs restri\u00e7\u00f5es de circula\u00e7\u00e3o e viagens, a pr\u00f3pria crise econ\u00f4mica trazida e a diminui\u00e7\u00e3o dos passageiros, principalmente, nas linhas rodovi\u00e1rias levaram a um cen\u00e1rio de demiss\u00f5es e fechamento de empresas. Mas, em nenhum momento deixamos de estar ao lado dos clientes com nossa rede e apoio das Solu\u00e7\u00f5es Financeiras Scania, do Banco e do Cons\u00f3rcio\u201d, disse. A montadora ressaltou que reviu muitos contratos de financiamentos com os seus clientes afim de proporcionar f\u00f4lego ao caixa dos mesmos, extendendo os pagamentos.<\/p>\n\n\n\n<p>De um total geral de 11.173 unidades de novos \u00f4nibus emplacados no ano passado, contra as 17.517 de 2019, a marca Scania participou com 394 chassis (foram 901 no ano anterior). \u201cAl\u00e9m do grande impacto negativo da pandemia, houve um movimento de compras nos rodovi\u00e1rios de motor dianteiro, categoria que n\u00e3o temos produtos. O que \u00e9 um sinal de busca por alternativas menos atrativas e de menor custo de aquisi\u00e7\u00e3o\u201d, explicou o gerente. A participa\u00e7\u00e3o de mercado foi de 3,5%.<\/p>\n\n\n\n<p>D\u00b4Angelo ressaltou que h\u00e1 um potencial maior de retomada do mercado, entretanto, muitos segmentos s\u00f3 ir\u00e3o andar depois da imuniza\u00e7\u00e3o mais ampla, como por exemplo, o setor de turismo. \u201cA popula\u00e7\u00e3o vai esperar mais para viajar sem preocupa\u00e7\u00e3o. As empresas est\u00e3o investindo em medidas seguras de higieniza\u00e7\u00e3o e distanciamento de poltronas, est\u00e3o fazendo sua parte. Por outro lado, o fretamento j\u00e1 voltou a demandar. Nos urbanos, a expectativa \u00e9 de alta de vendas e maior busca pelas op\u00e7\u00f5es sustent\u00e1veis. Vamos continuar ao lado do cliente com o suporte do Banco e Cons\u00f3rio Scania.\u201d&nbsp;<\/p>\n\n\n\n<figure class=\"wp-block-image\"><img decoding=\"async\" src=\"https:\/\/revistaautobus.com.br\/uploads\/images\/2021\/02\/923-1612794431.jpg\" alt=\"Otimismo com 2021\" title=\"Otimismo com 2021\"\/><\/figure>\n\n\n\n<h5 class=\"wp-block-heading\"><em><strong>\u00d4nibus a g\u00e1s para o segmento rodovi\u00e1rio. A nova aposta da Scania para alcan\u00e7ar a sustentabilidade ambiental<\/strong><\/em><\/h5>\n\n\n\n<p>A fabricante possui um portf\u00f3lio de chassis pesados, incorporados de muita tecnologia embarcada, que disponibiliza para aqueles operadores que observam a maior efici\u00eanca e a melhor rentabilidade. Dos 394 chassis emplacados em 2020, 383 foram de modelos rodovi\u00e1rios, grande destaque em sua atua\u00e7\u00e3o no mercado. A participa\u00e7\u00e3o foi de 12,1%. No geral, foram 3.162 unidades licenciadas. O chassi K 400 6&#215;2 foi o campe\u00e3o de vendas, com 30% do volume. Um dos clientes que mais adquiriram produtos foi a Real Maia, 19 unidades dessa vers\u00e3o de chassi, al\u00e9m de outras 12 do K 360 6&#215;2.<\/p>\n\n\n\n<p>J\u00e1 o chassi K 440 8&#215;2, teve 25% de participa\u00e7\u00e3o e continua em evid\u00eancia na categoria de ve\u00edculos com 15 metros e dois pisos (Double Decker) e suas vers\u00f5es especiais para opera\u00e7\u00f5es em longas dist\u00e2ncias e tamb\u00e9m em servi\u00e7os tur\u00edsticos. Ali\u00e1s, a transportadora mineira Gontijo, um dos mais importantes clientes da marca, adquiriu cinco unidades desse chassi (quatro para seu uso e uma para a Via\u00e7\u00e3o S\u00e3o Cristov\u00e3o, pertencente ao grupo). No total, a operadora comprou 22 chassis no ano passado (outros 17 K 400 6&#215;2). \u201cVejo a Gontijo se posicionando de igual para igual com rela\u00e7\u00e3o aos tradicionais concorrentes porque grandes empresas de longa dist\u00e2ncia j\u00e1 operam com ve\u00edculos desse porte. \u00c9 um passo muito importante que a empresa est\u00e1 dando. Para a Scania, essa conquista s\u00f3 consolida o que temos feito nos \u00faltimos anos para assumirmos nossa posi\u00e7\u00e3o de lideran\u00e7a na comercializa\u00e7\u00e3o de ve\u00edculos 8&#215;2. A entrega desses \u00f4nibus \u00e9 mais um feito para a marca e o reconhecimento de todos os valores que o produto agrega para a Gontijo e seus clientes, como inova\u00e7\u00e3o, conforto e seguran\u00e7a\u201d, afirmou D\u00b4Angelo.<\/p>\n\n\n\n<p>Al\u00e9m do chassi Scania, os novos \u00f4nibus da Gontijo contam com carro\u00e7aria Invictus DD, da encarro\u00e7adora ga\u00facha Comil; conforto na linha de poltronas (Leito Premium no piso inferior e Executiva no piso superior), sendo que os dois modelos de poltronas possuem apoio de cabe\u00e7a em travesseiro visco-el\u00e1stico revestido de neoprene, descansa pernas e p\u00e9s, al\u00e9m de um amplo espa\u00e7o a cada fileira, conector USB e porta copo integrados; e&nbsp;<em>design<\/em>&nbsp;alinhado \u00e0 seguran\u00e7a, conforto e praticidade, ao passageiro e tamb\u00e9m ao motorista. (fonte Scania)<\/p>\n\n\n\n<p>Novidade. Tendo uma posi\u00e7\u00e3o \u00edmpar na transi\u00e7\u00e3o energ\u00e9tica, visando a defesa e a iniciativa para um setor de transporte mais sustent\u00e1vel, a montadora apresentou seu primeiro \u00f4nibus rodovi\u00e1rio equipado com motoriza\u00e7\u00e3o a g\u00e1s natural veicular (GNV) e\/ou biometano da hist\u00f3ria do Brasil. O modelo K 320 4&#215;2 foi adquirido pela operadora ga\u00facha Turis Silva para ser utilizado em servi\u00e7os de fretamento cont\u00ednuo. Todos os detalhes desse novo ve\u00edculo poder\u00e3o ser conferidos na pr\u00f3xima edi\u00e7\u00e3o da revista AutoBus, online em mar\u00e7o.<\/p>\n\n\n\n<p>Imagens &#8211; Divulga\u00e7\u00e3o<\/p>\n","protected":false},"excerpt":{"rendered":"<p>A montadora Scania apresentou seu desempenho comercial em 2020, enfrentando grandes desafios em meio \u00e0 um momento complicado causado pela pandemia<\/p>\n","protected":false},"author":2,"featured_media":3336,"comment_status":"open","ping_status":"open","sticky":false,"template":"","format":"standard","meta":{"_et_pb_use_builder":"off","_et_pb_old_content":"","_et_gb_content_width":"","_jetpack_memberships_contains_paid_content":false,"footnotes":""},"categories":[90],"tags":[],"class_list":["post-3335","post","type-post","status-publish","format-standard","has-post-thumbnail","hentry","category-noticias","et-has-post-format-content","et_post_format-et-post-format-standard"],"yoast_head":"<!-- This site is optimized with the Yoast SEO plugin v27.2 - https:\/\/yoast.com\/product\/yoast-seo-wordpress\/ -->\n<title>Otimismo com 2021 - Revista AutoBus<\/title>\n<meta name=\"robots\" content=\"index, follow, max-snippet:-1, max-image-preview:large, max-video-preview:-1\" \/>\n<link rel=\"canonical\" href=\"https:\/\/revistaautobus.com.br\/?p=3335\" \/>\n<meta property=\"og:locale\" content=\"pt_BR\" \/>\n<meta property=\"og:type\" content=\"article\" \/>\n<meta property=\"og:title\" content=\"Otimismo com 2021 - Revista AutoBus\" \/>\n<meta property=\"og:description\" content=\"A montadora Scania apresentou seu desempenho comercial em 2020, enfrentando grandes desafios em meio \u00e0 um momento complicado causado pela pandemia\" \/>\n<meta property=\"og:url\" content=\"https:\/\/revistaautobus.com.br\/?p=3335\" \/>\n<meta property=\"og:site_name\" content=\"Revista AutoBus\" \/>\n<meta property=\"article:publisher\" content=\"https:\/\/www.facebook.com\/antonio.ferro.3150\" \/>\n<meta property=\"article:published_time\" content=\"2021-02-08T14:24:00+00:00\" \/>\n<meta property=\"article:modified_time\" content=\"2021-06-26T15:37:31+00:00\" \/>\n<meta property=\"og:image\" content=\"https:\/\/revistaautobus.com.br\/wp-content\/uploads\/2021\/06\/otimismo-com-2021-1612794377.jpg\" \/>\n\t<meta property=\"og:image:width\" content=\"1200\" \/>\n\t<meta property=\"og:image:height\" content=\"900\" \/>\n\t<meta property=\"og:image:type\" content=\"image\/jpeg\" \/>\n<meta name=\"author\" content=\"Antonio Ferro\" \/>\n<meta name=\"twitter:card\" content=\"summary_large_image\" \/>\n<meta name=\"twitter:label1\" content=\"Escrito por\" \/>\n\t<meta name=\"twitter:data1\" content=\"Antonio Ferro\" \/>\n\t<meta name=\"twitter:label2\" content=\"Est. tempo de leitura\" \/>\n\t<meta name=\"twitter:data2\" content=\"5 minutos\" \/>\n<script type=\"application\/ld+json\" class=\"yoast-schema-graph\">{\"@context\":\"https:\/\/schema.org\",\"@graph\":[{\"@type\":\"Article\",\"@id\":\"https:\/\/revistaautobus.com.br\/?p=3335#article\",\"isPartOf\":{\"@id\":\"https:\/\/revistaautobus.com.br\/?p=3335\"},\"author\":{\"name\":\"Antonio Ferro\",\"@id\":\"https:\/\/revistaautobus.com.br\/#\/schema\/person\/54af7c3eb83a310e42ef686ef6d16f50\"},\"headline\":\"Otimismo com 2021\",\"datePublished\":\"2021-02-08T14:24:00+00:00\",\"dateModified\":\"2021-06-26T15:37:31+00:00\",\"mainEntityOfPage\":{\"@id\":\"https:\/\/revistaautobus.com.br\/?p=3335\"},\"wordCount\":906,\"commentCount\":0,\"publisher\":{\"@id\":\"https:\/\/revistaautobus.com.br\/#organization\"},\"image\":{\"@id\":\"https:\/\/revistaautobus.com.br\/?p=3335#primaryimage\"},\"thumbnailUrl\":\"https:\/\/revistaautobus.com.br\/wp-content\/uploads\/2021\/06\/otimismo-com-2021-1612794377.jpg\",\"articleSection\":[\"Not\u00edcias\"],\"inLanguage\":\"pt-BR\",\"potentialAction\":[{\"@type\":\"CommentAction\",\"name\":\"Comment\",\"target\":[\"https:\/\/revistaautobus.com.br\/?p=3335#respond\"]}]},{\"@type\":\"WebPage\",\"@id\":\"https:\/\/revistaautobus.com.br\/?p=3335\",\"url\":\"https:\/\/revistaautobus.com.br\/?p=3335\",\"name\":\"Otimismo com 2021 - Revista AutoBus\",\"isPartOf\":{\"@id\":\"https:\/\/revistaautobus.com.br\/#website\"},\"primaryImageOfPage\":{\"@id\":\"https:\/\/revistaautobus.com.br\/?p=3335#primaryimage\"},\"image\":{\"@id\":\"https:\/\/revistaautobus.com.br\/?p=3335#primaryimage\"},\"thumbnailUrl\":\"https:\/\/revistaautobus.com.br\/wp-content\/uploads\/2021\/06\/otimismo-com-2021-1612794377.jpg\",\"datePublished\":\"2021-02-08T14:24:00+00:00\",\"dateModified\":\"2021-06-26T15:37:31+00:00\",\"breadcrumb\":{\"@id\":\"https:\/\/revistaautobus.com.br\/?p=3335#breadcrumb\"},\"inLanguage\":\"pt-BR\",\"potentialAction\":[{\"@type\":\"ReadAction\",\"target\":[\"https:\/\/revistaautobus.com.br\/?p=3335\"]}]},{\"@type\":\"ImageObject\",\"inLanguage\":\"pt-BR\",\"@id\":\"https:\/\/revistaautobus.com.br\/?p=3335#primaryimage\",\"url\":\"https:\/\/revistaautobus.com.br\/wp-content\/uploads\/2021\/06\/otimismo-com-2021-1612794377.jpg\",\"contentUrl\":\"https:\/\/revistaautobus.com.br\/wp-content\/uploads\/2021\/06\/otimismo-com-2021-1612794377.jpg\",\"width\":1200,\"height\":900},{\"@type\":\"BreadcrumbList\",\"@id\":\"https:\/\/revistaautobus.com.br\/?p=3335#breadcrumb\",\"itemListElement\":[{\"@type\":\"ListItem\",\"position\":1,\"name\":\"In\u00edcio\",\"item\":\"https:\/\/revistaautobus.com.br\/\"},{\"@type\":\"ListItem\",\"position\":2,\"name\":\"Otimismo com 2021\"}]},{\"@type\":\"WebSite\",\"@id\":\"https:\/\/revistaautobus.com.br\/#website\",\"url\":\"https:\/\/revistaautobus.com.br\/\",\"name\":\"Revista AutoBus\",\"description\":\"\",\"publisher\":{\"@id\":\"https:\/\/revistaautobus.com.br\/#organization\"},\"potentialAction\":[{\"@type\":\"SearchAction\",\"target\":{\"@type\":\"EntryPoint\",\"urlTemplate\":\"https:\/\/revistaautobus.com.br\/?s={search_term_string}\"},\"query-input\":{\"@type\":\"PropertyValueSpecification\",\"valueRequired\":true,\"valueName\":\"search_term_string\"}}],\"inLanguage\":\"pt-BR\"},{\"@type\":\"Organization\",\"@id\":\"https:\/\/revistaautobus.com.br\/#organization\",\"name\":\"Revista AutoBus\",\"url\":\"https:\/\/revistaautobus.com.br\/\",\"logo\":{\"@type\":\"ImageObject\",\"inLanguage\":\"pt-BR\",\"@id\":\"https:\/\/revistaautobus.com.br\/#\/schema\/logo\/image\/\",\"url\":\"https:\/\/revistaautobus.com.br\/wp-content\/uploads\/2024\/11\/logo_revista_autobus_fb.png\",\"contentUrl\":\"https:\/\/revistaautobus.com.br\/wp-content\/uploads\/2024\/11\/logo_revista_autobus_fb.png\",\"width\":836,\"height\":227,\"caption\":\"Revista AutoBus\"},\"image\":{\"@id\":\"https:\/\/revistaautobus.com.br\/#\/schema\/logo\/image\/\"},\"sameAs\":[\"https:\/\/www.facebook.com\/antonio.ferro.3150\",\"https:\/\/www.instagram.com\/revistaautobus\/\"]},{\"@type\":\"Person\",\"@id\":\"https:\/\/revistaautobus.com.br\/#\/schema\/person\/54af7c3eb83a310e42ef686ef6d16f50\",\"name\":\"Antonio Ferro\",\"image\":{\"@type\":\"ImageObject\",\"inLanguage\":\"pt-BR\",\"@id\":\"https:\/\/revistaautobus.com.br\/wp-content\/uploads\/2025\/12\/editor_antonio_ferro-150x150.jpg\",\"url\":\"https:\/\/revistaautobus.com.br\/wp-content\/uploads\/2025\/12\/editor_antonio_ferro-150x150.jpg\",\"contentUrl\":\"https:\/\/revistaautobus.com.br\/wp-content\/uploads\/2025\/12\/editor_antonio_ferro-150x150.jpg\",\"caption\":\"Antonio Ferro\"},\"description\":\"infobus@uol.com.br\",\"url\":\"https:\/\/revistaautobus.com.br\/?author=2\"}]}<\/script>\n<!-- \/ Yoast SEO plugin. -->","yoast_head_json":{"title":"Otimismo com 2021 - Revista AutoBus","robots":{"index":"index","follow":"follow","max-snippet":"max-snippet:-1","max-image-preview":"max-image-preview:large","max-video-preview":"max-video-preview:-1"},"canonical":"https:\/\/revistaautobus.com.br\/?p=3335","og_locale":"pt_BR","og_type":"article","og_title":"Otimismo com 2021 - Revista AutoBus","og_description":"A montadora Scania apresentou seu desempenho comercial em 2020, enfrentando grandes desafios em meio \u00e0 um momento complicado causado pela pandemia","og_url":"https:\/\/revistaautobus.com.br\/?p=3335","og_site_name":"Revista AutoBus","article_publisher":"https:\/\/www.facebook.com\/antonio.ferro.3150","article_published_time":"2021-02-08T14:24:00+00:00","article_modified_time":"2021-06-26T15:37:31+00:00","og_image":[{"width":1200,"height":900,"url":"https:\/\/revistaautobus.com.br\/wp-content\/uploads\/2021\/06\/otimismo-com-2021-1612794377.jpg","type":"image\/jpeg"}],"author":"Antonio Ferro","twitter_card":"summary_large_image","twitter_misc":{"Escrito por":"Antonio Ferro","Est. tempo de leitura":"5 minutos"},"schema":{"@context":"https:\/\/schema.org","@graph":[{"@type":"Article","@id":"https:\/\/revistaautobus.com.br\/?p=3335#article","isPartOf":{"@id":"https:\/\/revistaautobus.com.br\/?p=3335"},"author":{"name":"Antonio Ferro","@id":"https:\/\/revistaautobus.com.br\/#\/schema\/person\/54af7c3eb83a310e42ef686ef6d16f50"},"headline":"Otimismo com 2021","datePublished":"2021-02-08T14:24:00+00:00","dateModified":"2021-06-26T15:37:31+00:00","mainEntityOfPage":{"@id":"https:\/\/revistaautobus.com.br\/?p=3335"},"wordCount":906,"commentCount":0,"publisher":{"@id":"https:\/\/revistaautobus.com.br\/#organization"},"image":{"@id":"https:\/\/revistaautobus.com.br\/?p=3335#primaryimage"},"thumbnailUrl":"https:\/\/revistaautobus.com.br\/wp-content\/uploads\/2021\/06\/otimismo-com-2021-1612794377.jpg","articleSection":["Not\u00edcias"],"inLanguage":"pt-BR","potentialAction":[{"@type":"CommentAction","name":"Comment","target":["https:\/\/revistaautobus.com.br\/?p=3335#respond"]}]},{"@type":"WebPage","@id":"https:\/\/revistaautobus.com.br\/?p=3335","url":"https:\/\/revistaautobus.com.br\/?p=3335","name":"Otimismo com 2021 - Revista AutoBus","isPartOf":{"@id":"https:\/\/revistaautobus.com.br\/#website"},"primaryImageOfPage":{"@id":"https:\/\/revistaautobus.com.br\/?p=3335#primaryimage"},"image":{"@id":"https:\/\/revistaautobus.com.br\/?p=3335#primaryimage"},"thumbnailUrl":"https:\/\/revistaautobus.com.br\/wp-content\/uploads\/2021\/06\/otimismo-com-2021-1612794377.jpg","datePublished":"2021-02-08T14:24:00+00:00","dateModified":"2021-06-26T15:37:31+00:00","breadcrumb":{"@id":"https:\/\/revistaautobus.com.br\/?p=3335#breadcrumb"},"inLanguage":"pt-BR","potentialAction":[{"@type":"ReadAction","target":["https:\/\/revistaautobus.com.br\/?p=3335"]}]},{"@type":"ImageObject","inLanguage":"pt-BR","@id":"https:\/\/revistaautobus.com.br\/?p=3335#primaryimage","url":"https:\/\/revistaautobus.com.br\/wp-content\/uploads\/2021\/06\/otimismo-com-2021-1612794377.jpg","contentUrl":"https:\/\/revistaautobus.com.br\/wp-content\/uploads\/2021\/06\/otimismo-com-2021-1612794377.jpg","width":1200,"height":900},{"@type":"BreadcrumbList","@id":"https:\/\/revistaautobus.com.br\/?p=3335#breadcrumb","itemListElement":[{"@type":"ListItem","position":1,"name":"In\u00edcio","item":"https:\/\/revistaautobus.com.br\/"},{"@type":"ListItem","position":2,"name":"Otimismo com 2021"}]},{"@type":"WebSite","@id":"https:\/\/revistaautobus.com.br\/#website","url":"https:\/\/revistaautobus.com.br\/","name":"Revista AutoBus","description":"","publisher":{"@id":"https:\/\/revistaautobus.com.br\/#organization"},"potentialAction":[{"@type":"SearchAction","target":{"@type":"EntryPoint","urlTemplate":"https:\/\/revistaautobus.com.br\/?s={search_term_string}"},"query-input":{"@type":"PropertyValueSpecification","valueRequired":true,"valueName":"search_term_string"}}],"inLanguage":"pt-BR"},{"@type":"Organization","@id":"https:\/\/revistaautobus.com.br\/#organization","name":"Revista AutoBus","url":"https:\/\/revistaautobus.com.br\/","logo":{"@type":"ImageObject","inLanguage":"pt-BR","@id":"https:\/\/revistaautobus.com.br\/#\/schema\/logo\/image\/","url":"https:\/\/revistaautobus.com.br\/wp-content\/uploads\/2024\/11\/logo_revista_autobus_fb.png","contentUrl":"https:\/\/revistaautobus.com.br\/wp-content\/uploads\/2024\/11\/logo_revista_autobus_fb.png","width":836,"height":227,"caption":"Revista AutoBus"},"image":{"@id":"https:\/\/revistaautobus.com.br\/#\/schema\/logo\/image\/"},"sameAs":["https:\/\/www.facebook.com\/antonio.ferro.3150","https:\/\/www.instagram.com\/revistaautobus\/"]},{"@type":"Person","@id":"https:\/\/revistaautobus.com.br\/#\/schema\/person\/54af7c3eb83a310e42ef686ef6d16f50","name":"Antonio Ferro","image":{"@type":"ImageObject","inLanguage":"pt-BR","@id":"https:\/\/revistaautobus.com.br\/wp-content\/uploads\/2025\/12\/editor_antonio_ferro-150x150.jpg","url":"https:\/\/revistaautobus.com.br\/wp-content\/uploads\/2025\/12\/editor_antonio_ferro-150x150.jpg","contentUrl":"https:\/\/revistaautobus.com.br\/wp-content\/uploads\/2025\/12\/editor_antonio_ferro-150x150.jpg","caption":"Antonio Ferro"},"description":"infobus@uol.com.br","url":"https:\/\/revistaautobus.com.br\/?author=2"}]}},"jetpack_featured_media_url":"https:\/\/revistaautobus.com.br\/wp-content\/uploads\/2021\/06\/otimismo-com-2021-1612794377.jpg","jetpack_sharing_enabled":true,"_links":{"self":[{"href":"https:\/\/revistaautobus.com.br\/index.php?rest_route=\/wp\/v2\/posts\/3335","targetHints":{"allow":["GET"]}}],"collection":[{"href":"https:\/\/revistaautobus.com.br\/index.php?rest_route=\/wp\/v2\/posts"}],"about":[{"href":"https:\/\/revistaautobus.com.br\/index.php?rest_route=\/wp\/v2\/types\/post"}],"author":[{"embeddable":true,"href":"https:\/\/revistaautobus.com.br\/index.php?rest_route=\/wp\/v2\/users\/2"}],"replies":[{"embeddable":true,"href":"https:\/\/revistaautobus.com.br\/index.php?rest_route=%2Fwp%2Fv2%2Fcomments&post=3335"}],"version-history":[{"count":1,"href":"https:\/\/revistaautobus.com.br\/index.php?rest_route=\/wp\/v2\/posts\/3335\/revisions"}],"predecessor-version":[{"id":3337,"href":"https:\/\/revistaautobus.com.br\/index.php?rest_route=\/wp\/v2\/posts\/3335\/revisions\/3337"}],"wp:featuredmedia":[{"embeddable":true,"href":"https:\/\/revistaautobus.com.br\/index.php?rest_route=\/wp\/v2\/media\/3336"}],"wp:attachment":[{"href":"https:\/\/revistaautobus.com.br\/index.php?rest_route=%2Fwp%2Fv2%2Fmedia&parent=3335"}],"wp:term":[{"taxonomy":"category","embeddable":true,"href":"https:\/\/revistaautobus.com.br\/index.php?rest_route=%2Fwp%2Fv2%2Fcategories&post=3335"},{"taxonomy":"post_tag","embeddable":true,"href":"https:\/\/revistaautobus.com.br\/index.php?rest_route=%2Fwp%2Fv2%2Ftags&post=3335"}],"curies":[{"name":"wp","href":"https:\/\/api.w.org\/{rel}","templated":true}]}}