{"id":3341,"date":"2021-02-17T03:14:00","date_gmt":"2021-02-17T06:14:00","guid":{"rendered":"https:\/\/vila8.com.br\/clientes\/autobus\/?p=3341"},"modified":"2021-06-26T12:38:47","modified_gmt":"2021-06-26T15:38:47","slug":"sem-paradas","status":"publish","type":"post","link":"https:\/\/revistaautobus.com.br\/?p=3341","title":{"rendered":"Sem paradas"},"content":{"rendered":"\n<p>As opera\u00e7\u00f5es no transporte rodovi\u00e1rio de passageiros entre as cidades de S\u00e3o Paulo e Rio de Janeiro, al\u00e9m de Curitiba e Florian\u00f3polis, realizadas pelos \u00f4nibus do Grupo JCA, por meio da Auto Via\u00e7\u00e3o 1001 e Auto Via\u00e7\u00e3o Catarinense, j\u00e1 contam com hor\u00e1rios espec\u00edficos diretos, sem paradas durante o trajeto. O servi\u00e7o denominado Vai Direto, no trecho S\u00e3o Paulo-Rio de Janeiro, foi lan\u00e7ado em 17 de dezembro do ano passado e tem uma redu\u00e7\u00e3o de tempo de cerca de 1h, fazendo com que o percurso total seja inferior a 6h.<\/p>\n\n\n\n<p>J\u00e1 na liga\u00e7\u00e3o entre as capitais paranaense e catarinense, a novidade, rec\u00e9m lan\u00e7ada, busca otimizar a liga\u00e7\u00e3o entre as cidades com viagens de \u00f4nibus sem paradas, tendo uma redu\u00e7\u00e3o de at\u00e9 1h30 no percurso, e um total de 4h. Em ambos os trajetos, o conforto \u00e9 garantido pela opera\u00e7\u00e3o com \u00f4nibus modernos, de dois andares (Double Decker) com alto padr\u00e3o de qualidade, que possuem assentos da categoria semi-leito ou cama, com poltronas extralargas que inclinam at\u00e9 180\u00b0 e possuem apoio para pernas e p\u00e9s. Os motoristas s\u00e3o experientes e preparados para o atendimento espec\u00edfico desta nova rota, seguindo altos padr\u00f5es de dirigibilidade na estrada. Com estas op\u00e7\u00f5es, o cliente pode seguir tranquilo at\u00e9 o seu destino, sem interrup\u00e7\u00f5es, al\u00e9m de poder se conectar ao WI-FI gratuito a bordo, carregar seus dispositivos m\u00f3veis nas entradas USB dispon\u00edveis nas cadeiras e ajustar de forma personalizada o ar-condicionado, que possui controle de intensidade individual. &#8220;Esta \u00e9 mais uma op\u00e7\u00e3o que disponibilizamos aos nossos clientes para que possam escolher a melhor forma de realizar a sua viagem. A categoria Vai Direto \u00e9 uma alternativa muito vantajosa, confort\u00e1vel e segura. Com o Grupo JCA, lan\u00e7amos essa opera\u00e7\u00e3o de forma in\u00e9dita no segmento no trecho S\u00e3o Paulo-Rio no final do final do ano passado. A resposta dos clientes tem sido positiva, por isso, chegamos ao Sul e j\u00e1 estudamos lan\u00e7ar novas rotas muito em breve&#8221;, ressaltou Leandro Zuli\u00e3o, diretor comercial do Grupo JCA.<\/p>\n\n\n\n<p>Nas viagens entre S\u00e3o Paulo e Rio de Janeiro, h\u00e1 a necessidade de troca dos motoristas, sendo o revezamento realizado no posto da Pol\u00edcia Rodovi\u00e1ria Federal, localizado na cidade de Lavrinhas (ida e volta). J\u00e1 no trecho entre Curitiba e Florian\u00f3polis, n\u00e3o h\u00e1 a necessidade de dois condutores. O mesmo motorista conduz do in\u00edcio ao fim.<\/p>\n\n\n\n<p>N\u00e3o se esquecendo dos protocolos de higieniza\u00e7\u00e3o necess\u00e1rios neste momento, as respectivas operadoras adotam uma s\u00e9rie de medidas de preven\u00e7\u00e3o em seu dia a dia, dentre elas, a desinfec\u00e7\u00e3o total dos ve\u00edculos antes de cada viagem, com vaporiza\u00e7\u00e3o interna usando produtos altamente eficazes contra v\u00edrus e bact\u00e9rias, a implementa\u00e7\u00e3o de dispositivos de \u00e1lcool gel para uso dos clientes antes de embarcar, al\u00e9m da obrigatoriedade do uso de m\u00e1scaras de prote\u00e7\u00e3o durante todo o percurso. Tamb\u00e9m \u00e9 recomendada a utiliza\u00e7\u00e3o do BPE (bilhete de passagem eletr\u00f4nico) onde houver esta disponibilidade, para facilitar o embarque sem a necessidade da impress\u00e3o da passagem, e o uso dos canais digitais para obter informa\u00e7\u00f5es e\/ou comprar passagens \u2013 que, inclusive, oferecem pre\u00e7os mais acess\u00edveis comparado aos pontos f\u00edsicos.<\/p>\n\n\n\n<p>De acordo com o Grupo JCA, as suas opera\u00e7\u00f5es rodovi\u00e1rias tiveram elevado impacto por conta da pandemia. Mas, mesmo com a alta redu\u00e7\u00e3o na demanda, houve a manuten\u00e7\u00e3o de parte de suas opera\u00e7\u00f5es, alinhadas com as determina\u00e7\u00f5es p\u00fablicas e seguindo todos os protocolos de seguran\u00e7a, para atender as necessidades daqueles que n\u00e3o podiam parar. A expectativa \u00e9 que as movimenta\u00e7\u00f5es cres\u00e7am com a chegada da vacina e com a retomada gradual da economia.<\/p>\n\n\n\n<p>Imagens &#8211; Divulga\u00e7\u00e3o<\/p>\n","protected":false},"excerpt":{"rendered":"<p>De acordo com o Grupo JCA, as suas opera\u00e7\u00f5es rodovi\u00e1rias tiveram elevado impacto por conta da pandemia. Mas, mesmo com a alta redu\u00e7\u00e3o na demanda, houve a manuten\u00e7\u00e3o de parte de suas opera\u00e7\u00f5es<\/p>\n","protected":false},"author":2,"featured_media":3342,"comment_status":"open","ping_status":"open","sticky":false,"template":"","format":"standard","meta":{"_et_pb_use_builder":"off","_et_pb_old_content":"","_et_gb_content_width":"","_jetpack_memberships_contains_paid_content":false,"footnotes":""},"categories":[90],"tags":[],"class_list":["post-3341","post","type-post","status-publish","format-standard","has-post-thumbnail","hentry","category-noticias","et-has-post-format-content","et_post_format-et-post-format-standard"],"yoast_head":"<!-- This site is optimized with the Yoast SEO plugin v27.2 - https:\/\/yoast.com\/product\/yoast-seo-wordpress\/ -->\n<title>Sem paradas - Revista AutoBus<\/title>\n<meta name=\"robots\" content=\"index, follow, max-snippet:-1, max-image-preview:large, max-video-preview:-1\" \/>\n<link rel=\"canonical\" href=\"https:\/\/revistaautobus.com.br\/?p=3341\" \/>\n<meta property=\"og:locale\" content=\"pt_BR\" \/>\n<meta property=\"og:type\" content=\"article\" \/>\n<meta property=\"og:title\" content=\"Sem paradas - Revista AutoBus\" \/>\n<meta property=\"og:description\" content=\"De acordo com o Grupo JCA, as suas opera\u00e7\u00f5es rodovi\u00e1rias tiveram elevado impacto por conta da pandemia. Mas, mesmo com a alta redu\u00e7\u00e3o na demanda, houve a manuten\u00e7\u00e3o de parte de suas opera\u00e7\u00f5es\" \/>\n<meta property=\"og:url\" content=\"https:\/\/revistaautobus.com.br\/?p=3341\" \/>\n<meta property=\"og:site_name\" content=\"Revista AutoBus\" \/>\n<meta property=\"article:publisher\" content=\"https:\/\/www.facebook.com\/antonio.ferro.3150\" \/>\n<meta property=\"article:published_time\" content=\"2021-02-17T06:14:00+00:00\" \/>\n<meta property=\"article:modified_time\" content=\"2021-06-26T15:38:47+00:00\" \/>\n<meta property=\"og:image\" content=\"https:\/\/revistaautobus.com.br\/wp-content\/uploads\/2021\/06\/sem-paradas-1613564187.jpg\" \/>\n\t<meta property=\"og:image:width\" content=\"1200\" \/>\n\t<meta property=\"og:image:height\" content=\"800\" \/>\n\t<meta property=\"og:image:type\" content=\"image\/jpeg\" \/>\n<meta name=\"author\" content=\"Antonio Ferro\" \/>\n<meta name=\"twitter:card\" content=\"summary_large_image\" \/>\n<meta name=\"twitter:label1\" content=\"Escrito por\" \/>\n\t<meta name=\"twitter:data1\" content=\"Antonio Ferro\" \/>\n\t<meta name=\"twitter:label2\" content=\"Est. tempo de leitura\" \/>\n\t<meta name=\"twitter:data2\" content=\"3 minutos\" \/>\n<script type=\"application\/ld+json\" class=\"yoast-schema-graph\">{\"@context\":\"https:\/\/schema.org\",\"@graph\":[{\"@type\":\"Article\",\"@id\":\"https:\/\/revistaautobus.com.br\/?p=3341#article\",\"isPartOf\":{\"@id\":\"https:\/\/revistaautobus.com.br\/?p=3341\"},\"author\":{\"name\":\"Antonio Ferro\",\"@id\":\"https:\/\/revistaautobus.com.br\/#\/schema\/person\/54af7c3eb83a310e42ef686ef6d16f50\"},\"headline\":\"Sem paradas\",\"datePublished\":\"2021-02-17T06:14:00+00:00\",\"dateModified\":\"2021-06-26T15:38:47+00:00\",\"mainEntityOfPage\":{\"@id\":\"https:\/\/revistaautobus.com.br\/?p=3341\"},\"wordCount\":652,\"commentCount\":0,\"publisher\":{\"@id\":\"https:\/\/revistaautobus.com.br\/#organization\"},\"image\":{\"@id\":\"https:\/\/revistaautobus.com.br\/?p=3341#primaryimage\"},\"thumbnailUrl\":\"https:\/\/revistaautobus.com.br\/wp-content\/uploads\/2021\/06\/sem-paradas-1613564187.jpg\",\"articleSection\":[\"Not\u00edcias\"],\"inLanguage\":\"pt-BR\",\"potentialAction\":[{\"@type\":\"CommentAction\",\"name\":\"Comment\",\"target\":[\"https:\/\/revistaautobus.com.br\/?p=3341#respond\"]}]},{\"@type\":\"WebPage\",\"@id\":\"https:\/\/revistaautobus.com.br\/?p=3341\",\"url\":\"https:\/\/revistaautobus.com.br\/?p=3341\",\"name\":\"Sem paradas - Revista AutoBus\",\"isPartOf\":{\"@id\":\"https:\/\/revistaautobus.com.br\/#website\"},\"primaryImageOfPage\":{\"@id\":\"https:\/\/revistaautobus.com.br\/?p=3341#primaryimage\"},\"image\":{\"@id\":\"https:\/\/revistaautobus.com.br\/?p=3341#primaryimage\"},\"thumbnailUrl\":\"https:\/\/revistaautobus.com.br\/wp-content\/uploads\/2021\/06\/sem-paradas-1613564187.jpg\",\"datePublished\":\"2021-02-17T06:14:00+00:00\",\"dateModified\":\"2021-06-26T15:38:47+00:00\",\"breadcrumb\":{\"@id\":\"https:\/\/revistaautobus.com.br\/?p=3341#breadcrumb\"},\"inLanguage\":\"pt-BR\",\"potentialAction\":[{\"@type\":\"ReadAction\",\"target\":[\"https:\/\/revistaautobus.com.br\/?p=3341\"]}]},{\"@type\":\"ImageObject\",\"inLanguage\":\"pt-BR\",\"@id\":\"https:\/\/revistaautobus.com.br\/?p=3341#primaryimage\",\"url\":\"https:\/\/revistaautobus.com.br\/wp-content\/uploads\/2021\/06\/sem-paradas-1613564187.jpg\",\"contentUrl\":\"https:\/\/revistaautobus.com.br\/wp-content\/uploads\/2021\/06\/sem-paradas-1613564187.jpg\",\"width\":1200,\"height\":800},{\"@type\":\"BreadcrumbList\",\"@id\":\"https:\/\/revistaautobus.com.br\/?p=3341#breadcrumb\",\"itemListElement\":[{\"@type\":\"ListItem\",\"position\":1,\"name\":\"In\u00edcio\",\"item\":\"https:\/\/revistaautobus.com.br\/\"},{\"@type\":\"ListItem\",\"position\":2,\"name\":\"Sem paradas\"}]},{\"@type\":\"WebSite\",\"@id\":\"https:\/\/revistaautobus.com.br\/#website\",\"url\":\"https:\/\/revistaautobus.com.br\/\",\"name\":\"Revista AutoBus\",\"description\":\"\",\"publisher\":{\"@id\":\"https:\/\/revistaautobus.com.br\/#organization\"},\"potentialAction\":[{\"@type\":\"SearchAction\",\"target\":{\"@type\":\"EntryPoint\",\"urlTemplate\":\"https:\/\/revistaautobus.com.br\/?s={search_term_string}\"},\"query-input\":{\"@type\":\"PropertyValueSpecification\",\"valueRequired\":true,\"valueName\":\"search_term_string\"}}],\"inLanguage\":\"pt-BR\"},{\"@type\":\"Organization\",\"@id\":\"https:\/\/revistaautobus.com.br\/#organization\",\"name\":\"Revista AutoBus\",\"url\":\"https:\/\/revistaautobus.com.br\/\",\"logo\":{\"@type\":\"ImageObject\",\"inLanguage\":\"pt-BR\",\"@id\":\"https:\/\/revistaautobus.com.br\/#\/schema\/logo\/image\/\",\"url\":\"https:\/\/revistaautobus.com.br\/wp-content\/uploads\/2024\/11\/logo_revista_autobus_fb.png\",\"contentUrl\":\"https:\/\/revistaautobus.com.br\/wp-content\/uploads\/2024\/11\/logo_revista_autobus_fb.png\",\"width\":836,\"height\":227,\"caption\":\"Revista AutoBus\"},\"image\":{\"@id\":\"https:\/\/revistaautobus.com.br\/#\/schema\/logo\/image\/\"},\"sameAs\":[\"https:\/\/www.facebook.com\/antonio.ferro.3150\",\"https:\/\/www.instagram.com\/revistaautobus\/\"]},{\"@type\":\"Person\",\"@id\":\"https:\/\/revistaautobus.com.br\/#\/schema\/person\/54af7c3eb83a310e42ef686ef6d16f50\",\"name\":\"Antonio Ferro\",\"image\":{\"@type\":\"ImageObject\",\"inLanguage\":\"pt-BR\",\"@id\":\"https:\/\/revistaautobus.com.br\/wp-content\/uploads\/2025\/12\/editor_antonio_ferro-150x150.jpg\",\"url\":\"https:\/\/revistaautobus.com.br\/wp-content\/uploads\/2025\/12\/editor_antonio_ferro-150x150.jpg\",\"contentUrl\":\"https:\/\/revistaautobus.com.br\/wp-content\/uploads\/2025\/12\/editor_antonio_ferro-150x150.jpg\",\"caption\":\"Antonio Ferro\"},\"description\":\"infobus@uol.com.br\",\"url\":\"https:\/\/revistaautobus.com.br\/?author=2\"}]}<\/script>\n<!-- \/ Yoast SEO plugin. -->","yoast_head_json":{"title":"Sem paradas - Revista AutoBus","robots":{"index":"index","follow":"follow","max-snippet":"max-snippet:-1","max-image-preview":"max-image-preview:large","max-video-preview":"max-video-preview:-1"},"canonical":"https:\/\/revistaautobus.com.br\/?p=3341","og_locale":"pt_BR","og_type":"article","og_title":"Sem paradas - Revista AutoBus","og_description":"De acordo com o Grupo JCA, as suas opera\u00e7\u00f5es rodovi\u00e1rias tiveram elevado impacto por conta da pandemia. Mas, mesmo com a alta redu\u00e7\u00e3o na demanda, houve a manuten\u00e7\u00e3o de parte de suas opera\u00e7\u00f5es","og_url":"https:\/\/revistaautobus.com.br\/?p=3341","og_site_name":"Revista AutoBus","article_publisher":"https:\/\/www.facebook.com\/antonio.ferro.3150","article_published_time":"2021-02-17T06:14:00+00:00","article_modified_time":"2021-06-26T15:38:47+00:00","og_image":[{"width":1200,"height":800,"url":"https:\/\/revistaautobus.com.br\/wp-content\/uploads\/2021\/06\/sem-paradas-1613564187.jpg","type":"image\/jpeg"}],"author":"Antonio Ferro","twitter_card":"summary_large_image","twitter_misc":{"Escrito por":"Antonio Ferro","Est. tempo de leitura":"3 minutos"},"schema":{"@context":"https:\/\/schema.org","@graph":[{"@type":"Article","@id":"https:\/\/revistaautobus.com.br\/?p=3341#article","isPartOf":{"@id":"https:\/\/revistaautobus.com.br\/?p=3341"},"author":{"name":"Antonio Ferro","@id":"https:\/\/revistaautobus.com.br\/#\/schema\/person\/54af7c3eb83a310e42ef686ef6d16f50"},"headline":"Sem paradas","datePublished":"2021-02-17T06:14:00+00:00","dateModified":"2021-06-26T15:38:47+00:00","mainEntityOfPage":{"@id":"https:\/\/revistaautobus.com.br\/?p=3341"},"wordCount":652,"commentCount":0,"publisher":{"@id":"https:\/\/revistaautobus.com.br\/#organization"},"image":{"@id":"https:\/\/revistaautobus.com.br\/?p=3341#primaryimage"},"thumbnailUrl":"https:\/\/revistaautobus.com.br\/wp-content\/uploads\/2021\/06\/sem-paradas-1613564187.jpg","articleSection":["Not\u00edcias"],"inLanguage":"pt-BR","potentialAction":[{"@type":"CommentAction","name":"Comment","target":["https:\/\/revistaautobus.com.br\/?p=3341#respond"]}]},{"@type":"WebPage","@id":"https:\/\/revistaautobus.com.br\/?p=3341","url":"https:\/\/revistaautobus.com.br\/?p=3341","name":"Sem paradas - Revista AutoBus","isPartOf":{"@id":"https:\/\/revistaautobus.com.br\/#website"},"primaryImageOfPage":{"@id":"https:\/\/revistaautobus.com.br\/?p=3341#primaryimage"},"image":{"@id":"https:\/\/revistaautobus.com.br\/?p=3341#primaryimage"},"thumbnailUrl":"https:\/\/revistaautobus.com.br\/wp-content\/uploads\/2021\/06\/sem-paradas-1613564187.jpg","datePublished":"2021-02-17T06:14:00+00:00","dateModified":"2021-06-26T15:38:47+00:00","breadcrumb":{"@id":"https:\/\/revistaautobus.com.br\/?p=3341#breadcrumb"},"inLanguage":"pt-BR","potentialAction":[{"@type":"ReadAction","target":["https:\/\/revistaautobus.com.br\/?p=3341"]}]},{"@type":"ImageObject","inLanguage":"pt-BR","@id":"https:\/\/revistaautobus.com.br\/?p=3341#primaryimage","url":"https:\/\/revistaautobus.com.br\/wp-content\/uploads\/2021\/06\/sem-paradas-1613564187.jpg","contentUrl":"https:\/\/revistaautobus.com.br\/wp-content\/uploads\/2021\/06\/sem-paradas-1613564187.jpg","width":1200,"height":800},{"@type":"BreadcrumbList","@id":"https:\/\/revistaautobus.com.br\/?p=3341#breadcrumb","itemListElement":[{"@type":"ListItem","position":1,"name":"In\u00edcio","item":"https:\/\/revistaautobus.com.br\/"},{"@type":"ListItem","position":2,"name":"Sem paradas"}]},{"@type":"WebSite","@id":"https:\/\/revistaautobus.com.br\/#website","url":"https:\/\/revistaautobus.com.br\/","name":"Revista AutoBus","description":"","publisher":{"@id":"https:\/\/revistaautobus.com.br\/#organization"},"potentialAction":[{"@type":"SearchAction","target":{"@type":"EntryPoint","urlTemplate":"https:\/\/revistaautobus.com.br\/?s={search_term_string}"},"query-input":{"@type":"PropertyValueSpecification","valueRequired":true,"valueName":"search_term_string"}}],"inLanguage":"pt-BR"},{"@type":"Organization","@id":"https:\/\/revistaautobus.com.br\/#organization","name":"Revista AutoBus","url":"https:\/\/revistaautobus.com.br\/","logo":{"@type":"ImageObject","inLanguage":"pt-BR","@id":"https:\/\/revistaautobus.com.br\/#\/schema\/logo\/image\/","url":"https:\/\/revistaautobus.com.br\/wp-content\/uploads\/2024\/11\/logo_revista_autobus_fb.png","contentUrl":"https:\/\/revistaautobus.com.br\/wp-content\/uploads\/2024\/11\/logo_revista_autobus_fb.png","width":836,"height":227,"caption":"Revista AutoBus"},"image":{"@id":"https:\/\/revistaautobus.com.br\/#\/schema\/logo\/image\/"},"sameAs":["https:\/\/www.facebook.com\/antonio.ferro.3150","https:\/\/www.instagram.com\/revistaautobus\/"]},{"@type":"Person","@id":"https:\/\/revistaautobus.com.br\/#\/schema\/person\/54af7c3eb83a310e42ef686ef6d16f50","name":"Antonio Ferro","image":{"@type":"ImageObject","inLanguage":"pt-BR","@id":"https:\/\/revistaautobus.com.br\/wp-content\/uploads\/2025\/12\/editor_antonio_ferro-150x150.jpg","url":"https:\/\/revistaautobus.com.br\/wp-content\/uploads\/2025\/12\/editor_antonio_ferro-150x150.jpg","contentUrl":"https:\/\/revistaautobus.com.br\/wp-content\/uploads\/2025\/12\/editor_antonio_ferro-150x150.jpg","caption":"Antonio Ferro"},"description":"infobus@uol.com.br","url":"https:\/\/revistaautobus.com.br\/?author=2"}]}},"jetpack_featured_media_url":"https:\/\/revistaautobus.com.br\/wp-content\/uploads\/2021\/06\/sem-paradas-1613564187.jpg","jetpack_sharing_enabled":true,"_links":{"self":[{"href":"https:\/\/revistaautobus.com.br\/index.php?rest_route=\/wp\/v2\/posts\/3341","targetHints":{"allow":["GET"]}}],"collection":[{"href":"https:\/\/revistaautobus.com.br\/index.php?rest_route=\/wp\/v2\/posts"}],"about":[{"href":"https:\/\/revistaautobus.com.br\/index.php?rest_route=\/wp\/v2\/types\/post"}],"author":[{"embeddable":true,"href":"https:\/\/revistaautobus.com.br\/index.php?rest_route=\/wp\/v2\/users\/2"}],"replies":[{"embeddable":true,"href":"https:\/\/revistaautobus.com.br\/index.php?rest_route=%2Fwp%2Fv2%2Fcomments&post=3341"}],"version-history":[{"count":1,"href":"https:\/\/revistaautobus.com.br\/index.php?rest_route=\/wp\/v2\/posts\/3341\/revisions"}],"predecessor-version":[{"id":3343,"href":"https:\/\/revistaautobus.com.br\/index.php?rest_route=\/wp\/v2\/posts\/3341\/revisions\/3343"}],"wp:featuredmedia":[{"embeddable":true,"href":"https:\/\/revistaautobus.com.br\/index.php?rest_route=\/wp\/v2\/media\/3342"}],"wp:attachment":[{"href":"https:\/\/revistaautobus.com.br\/index.php?rest_route=%2Fwp%2Fv2%2Fmedia&parent=3341"}],"wp:term":[{"taxonomy":"category","embeddable":true,"href":"https:\/\/revistaautobus.com.br\/index.php?rest_route=%2Fwp%2Fv2%2Fcategories&post=3341"},{"taxonomy":"post_tag","embeddable":true,"href":"https:\/\/revistaautobus.com.br\/index.php?rest_route=%2Fwp%2Fv2%2Ftags&post=3341"}],"curies":[{"name":"wp","href":"https:\/\/api.w.org\/{rel}","templated":true}]}}