{"id":3344,"date":"2021-02-17T09:16:00","date_gmt":"2021-02-17T12:16:00","guid":{"rendered":"https:\/\/vila8.com.br\/clientes\/autobus\/?p=3344"},"modified":"2021-06-26T12:39:26","modified_gmt":"2021-06-26T15:39:26","slug":"corredores-de-onibus","status":"publish","type":"post","link":"https:\/\/revistaautobus.com.br\/?p=3344","title":{"rendered":"Corredores de \u00f4nibus"},"content":{"rendered":"\n<p>H\u00e1 pouco tempo, um levantamento da Scipopulis, empresa da green4T \u2013 companhia 100% brasileira de tecnologia para cidades inteligentes, divulgou uma simula\u00e7\u00e3o a respeito da import\u00e2ncia da implanta\u00e7\u00e3o de corredores exclusivos para \u00f4nibus em \u00e1reas urbanas, visando a redu\u00e7\u00e3o do tempo das viagens. O referido estudo levou em considera\u00e7\u00e3o algumas vias com grande circula\u00e7\u00e3o de \u00f4nibus na cidade de S\u00e3o Paulo, como a Av. Celso Garcia, na Zona Leste, e a Av. Faria Lima, na regi\u00e3o oeste. Caso houvesse a implanta\u00e7\u00e3o de corredores para o transporte coletivo, haveria uma redu\u00e7\u00e3o de tempo de deslocamento entre 8 minutos e 13 minutos, respectivamente. Hoje, o paulistano leva cerca de 26 minutos para percorrer toda a extens\u00e3o da Faria Lima e 45 minutos para percorrer a Celso Garcia.<\/p>\n\n\n\n<p>De acordo com o Scipopulis, as referidas vias de rolamento apresentam \u00edndices relevantes de lentid\u00e3o, com m\u00e9dias de 12,4 km\/h na Faria Lima e 12 km\/h na Celso Garcia registradas no pico da manh\u00e3. Pela Faria Lima circulam 28 linhas de \u00f4nibus todos os dias, transportando 324.000 pessoas. A Celso Garcia \u00e9 rota para 35 linhas, com 363.000 passageiros di\u00e1rios.<\/p>\n\n\n\n<p>A introdu\u00e7\u00e3o desses corredores exclusivos (geralmente no lado esquerdo das vias), se difere da simples coloca\u00e7\u00e3o das faixas exclusivas (implantadas no lado direito das ruas), que, por motivos estruturais, n\u00e3o apresentam velocidade adequada aos ve\u00edculos do transporte coletivo. Corredores segregados proporcionam maior velocidade ao \u00f4nibus, al\u00e9m de poder reduzir as emiss\u00f5es poluentes, pois n\u00e3o h\u00e1 o para e anda dos ve\u00edculos e suas constantes acelera\u00e7\u00f5es. Al\u00e9m do que, ao utilizar-se das tecnologias limpas em tra\u00e7\u00e3o, as vantagens ser\u00e3o ainda maiores.<\/p>\n\n\n\n<p>A responsabilidade pela constru\u00e7\u00e3o desses corredores recai sobre a decis\u00e3o dos prefeitos e seus ditos programas governamentais. Poucos s\u00e3o os que se interessam pelo tema, pois a aplica\u00e7\u00e3o do maior privil\u00e9gio ao modal \u00f4nibus pode n\u00e3o ser bem recebida pela sociedade altamente motorizada. Muitos reclamam da atual situa\u00e7\u00e3o da mobilidade urbana, por\u00e9m, raros s\u00e3o os gestores p\u00fablicos que enfrentam esse problema, se comprometendo com a causa ao inserir no contexto das cidades a valoriza\u00e7\u00e3o ao transporte coletivo.<\/p>\n\n\n\n<p>Imagem &#8211; Arquivo SPUrbanuss<\/p>\n","protected":false},"excerpt":{"rendered":"<p>A introdu\u00e7\u00e3o desses corredores exclusivos (geralmente no lado esquerdo das vias), se difere da simples coloca\u00e7\u00e3o das faixas exclusivas (implantadas no lado direito das ruas), que, por motivos estruturais, n\u00e3o apresentam velocidade adequada aos ve\u00edculos do transporte coletivo<\/p>\n","protected":false},"author":1,"featured_media":3345,"comment_status":"open","ping_status":"open","sticky":false,"template":"","format":"standard","meta":{"_et_pb_use_builder":"off","_et_pb_old_content":"","_et_gb_content_width":"","_jetpack_memberships_contains_paid_content":false,"footnotes":""},"categories":[90],"tags":[],"class_list":["post-3344","post","type-post","status-publish","format-standard","has-post-thumbnail","hentry","category-noticias","et-has-post-format-content","et_post_format-et-post-format-standard"],"yoast_head":"<!-- This site is optimized with the Yoast SEO plugin v27.2 - https:\/\/yoast.com\/product\/yoast-seo-wordpress\/ -->\n<title>Corredores de \u00f4nibus - Revista AutoBus<\/title>\n<meta name=\"robots\" content=\"index, follow, max-snippet:-1, max-image-preview:large, max-video-preview:-1\" \/>\n<link rel=\"canonical\" href=\"https:\/\/revistaautobus.com.br\/?p=3344\" \/>\n<meta property=\"og:locale\" content=\"pt_BR\" \/>\n<meta property=\"og:type\" content=\"article\" \/>\n<meta property=\"og:title\" content=\"Corredores de \u00f4nibus - Revista AutoBus\" \/>\n<meta property=\"og:description\" content=\"A introdu\u00e7\u00e3o desses corredores exclusivos (geralmente no lado esquerdo das vias), se difere da simples coloca\u00e7\u00e3o das faixas exclusivas (implantadas no lado direito das ruas), que, por motivos estruturais, n\u00e3o apresentam velocidade adequada aos ve\u00edculos do transporte coletivo\" \/>\n<meta property=\"og:url\" content=\"https:\/\/revistaautobus.com.br\/?p=3344\" \/>\n<meta property=\"og:site_name\" content=\"Revista AutoBus\" \/>\n<meta property=\"article:publisher\" content=\"https:\/\/www.facebook.com\/antonio.ferro.3150\" \/>\n<meta property=\"article:published_time\" content=\"2021-02-17T12:16:00+00:00\" \/>\n<meta property=\"article:modified_time\" content=\"2021-06-26T15:39:26+00:00\" \/>\n<meta property=\"og:image\" content=\"https:\/\/revistaautobus.com.br\/wp-content\/uploads\/2021\/06\/corredores-de-onibus-1613564262.jpg\" \/>\n\t<meta property=\"og:image:width\" content=\"1200\" \/>\n\t<meta property=\"og:image:height\" content=\"628\" \/>\n\t<meta property=\"og:image:type\" content=\"image\/jpeg\" \/>\n<meta name=\"author\" content=\"vila8\" \/>\n<meta name=\"twitter:card\" content=\"summary_large_image\" \/>\n<meta name=\"twitter:label1\" content=\"Escrito por\" \/>\n\t<meta name=\"twitter:data1\" content=\"vila8\" \/>\n\t<meta name=\"twitter:label2\" content=\"Est. tempo de leitura\" \/>\n\t<meta name=\"twitter:data2\" content=\"2 minutos\" \/>\n<script type=\"application\/ld+json\" class=\"yoast-schema-graph\">{\"@context\":\"https:\/\/schema.org\",\"@graph\":[{\"@type\":\"Article\",\"@id\":\"https:\/\/revistaautobus.com.br\/?p=3344#article\",\"isPartOf\":{\"@id\":\"https:\/\/revistaautobus.com.br\/?p=3344\"},\"author\":{\"name\":\"vila8\",\"@id\":\"https:\/\/revistaautobus.com.br\/#\/schema\/person\/5de0d0d623e36dbc3bfa6f4559deb07e\"},\"headline\":\"Corredores de \u00f4nibus\",\"datePublished\":\"2021-02-17T12:16:00+00:00\",\"dateModified\":\"2021-06-26T15:39:26+00:00\",\"mainEntityOfPage\":{\"@id\":\"https:\/\/revistaautobus.com.br\/?p=3344\"},\"wordCount\":376,\"commentCount\":0,\"publisher\":{\"@id\":\"https:\/\/revistaautobus.com.br\/#organization\"},\"image\":{\"@id\":\"https:\/\/revistaautobus.com.br\/?p=3344#primaryimage\"},\"thumbnailUrl\":\"https:\/\/revistaautobus.com.br\/wp-content\/uploads\/2021\/06\/corredores-de-onibus-1613564262.jpg\",\"articleSection\":[\"Not\u00edcias\"],\"inLanguage\":\"pt-BR\",\"potentialAction\":[{\"@type\":\"CommentAction\",\"name\":\"Comment\",\"target\":[\"https:\/\/revistaautobus.com.br\/?p=3344#respond\"]}]},{\"@type\":\"WebPage\",\"@id\":\"https:\/\/revistaautobus.com.br\/?p=3344\",\"url\":\"https:\/\/revistaautobus.com.br\/?p=3344\",\"name\":\"Corredores de \u00f4nibus - Revista AutoBus\",\"isPartOf\":{\"@id\":\"https:\/\/revistaautobus.com.br\/#website\"},\"primaryImageOfPage\":{\"@id\":\"https:\/\/revistaautobus.com.br\/?p=3344#primaryimage\"},\"image\":{\"@id\":\"https:\/\/revistaautobus.com.br\/?p=3344#primaryimage\"},\"thumbnailUrl\":\"https:\/\/revistaautobus.com.br\/wp-content\/uploads\/2021\/06\/corredores-de-onibus-1613564262.jpg\",\"datePublished\":\"2021-02-17T12:16:00+00:00\",\"dateModified\":\"2021-06-26T15:39:26+00:00\",\"breadcrumb\":{\"@id\":\"https:\/\/revistaautobus.com.br\/?p=3344#breadcrumb\"},\"inLanguage\":\"pt-BR\",\"potentialAction\":[{\"@type\":\"ReadAction\",\"target\":[\"https:\/\/revistaautobus.com.br\/?p=3344\"]}]},{\"@type\":\"ImageObject\",\"inLanguage\":\"pt-BR\",\"@id\":\"https:\/\/revistaautobus.com.br\/?p=3344#primaryimage\",\"url\":\"https:\/\/revistaautobus.com.br\/wp-content\/uploads\/2021\/06\/corredores-de-onibus-1613564262.jpg\",\"contentUrl\":\"https:\/\/revistaautobus.com.br\/wp-content\/uploads\/2021\/06\/corredores-de-onibus-1613564262.jpg\",\"width\":1200,\"height\":628},{\"@type\":\"BreadcrumbList\",\"@id\":\"https:\/\/revistaautobus.com.br\/?p=3344#breadcrumb\",\"itemListElement\":[{\"@type\":\"ListItem\",\"position\":1,\"name\":\"In\u00edcio\",\"item\":\"https:\/\/revistaautobus.com.br\/\"},{\"@type\":\"ListItem\",\"position\":2,\"name\":\"Corredores de \u00f4nibus\"}]},{\"@type\":\"WebSite\",\"@id\":\"https:\/\/revistaautobus.com.br\/#website\",\"url\":\"https:\/\/revistaautobus.com.br\/\",\"name\":\"Revista AutoBus\",\"description\":\"\",\"publisher\":{\"@id\":\"https:\/\/revistaautobus.com.br\/#organization\"},\"potentialAction\":[{\"@type\":\"SearchAction\",\"target\":{\"@type\":\"EntryPoint\",\"urlTemplate\":\"https:\/\/revistaautobus.com.br\/?s={search_term_string}\"},\"query-input\":{\"@type\":\"PropertyValueSpecification\",\"valueRequired\":true,\"valueName\":\"search_term_string\"}}],\"inLanguage\":\"pt-BR\"},{\"@type\":\"Organization\",\"@id\":\"https:\/\/revistaautobus.com.br\/#organization\",\"name\":\"Revista AutoBus\",\"url\":\"https:\/\/revistaautobus.com.br\/\",\"logo\":{\"@type\":\"ImageObject\",\"inLanguage\":\"pt-BR\",\"@id\":\"https:\/\/revistaautobus.com.br\/#\/schema\/logo\/image\/\",\"url\":\"https:\/\/revistaautobus.com.br\/wp-content\/uploads\/2024\/11\/logo_revista_autobus_fb.png\",\"contentUrl\":\"https:\/\/revistaautobus.com.br\/wp-content\/uploads\/2024\/11\/logo_revista_autobus_fb.png\",\"width\":836,\"height\":227,\"caption\":\"Revista AutoBus\"},\"image\":{\"@id\":\"https:\/\/revistaautobus.com.br\/#\/schema\/logo\/image\/\"},\"sameAs\":[\"https:\/\/www.facebook.com\/antonio.ferro.3150\",\"https:\/\/www.instagram.com\/revistaautobus\/\"]},{\"@type\":\"Person\",\"@id\":\"https:\/\/revistaautobus.com.br\/#\/schema\/person\/5de0d0d623e36dbc3bfa6f4559deb07e\",\"name\":\"vila8\",\"image\":{\"@type\":\"ImageObject\",\"inLanguage\":\"pt-BR\",\"@id\":\"https:\/\/secure.gravatar.com\/avatar\/dafc4c617e7acdc010f9d6f4f8a0712ac362ca4ff8bc3063cc9c7422b6e70fde?s=96&d=mm&r=g\",\"url\":\"https:\/\/secure.gravatar.com\/avatar\/dafc4c617e7acdc010f9d6f4f8a0712ac362ca4ff8bc3063cc9c7422b6e70fde?s=96&d=mm&r=g\",\"contentUrl\":\"https:\/\/secure.gravatar.com\/avatar\/dafc4c617e7acdc010f9d6f4f8a0712ac362ca4ff8bc3063cc9c7422b6e70fde?s=96&d=mm&r=g\",\"caption\":\"vila8\"},\"sameAs\":[\"http:\/\/wp-json\/wp\/v2\/users\/me\"],\"url\":\"https:\/\/revistaautobus.com.br\/?author=1\"}]}<\/script>\n<!-- \/ Yoast SEO plugin. -->","yoast_head_json":{"title":"Corredores de \u00f4nibus - Revista AutoBus","robots":{"index":"index","follow":"follow","max-snippet":"max-snippet:-1","max-image-preview":"max-image-preview:large","max-video-preview":"max-video-preview:-1"},"canonical":"https:\/\/revistaautobus.com.br\/?p=3344","og_locale":"pt_BR","og_type":"article","og_title":"Corredores de \u00f4nibus - Revista AutoBus","og_description":"A introdu\u00e7\u00e3o desses corredores exclusivos (geralmente no lado esquerdo das vias), se difere da simples coloca\u00e7\u00e3o das faixas exclusivas (implantadas no lado direito das ruas), que, por motivos estruturais, n\u00e3o apresentam velocidade adequada aos ve\u00edculos do transporte coletivo","og_url":"https:\/\/revistaautobus.com.br\/?p=3344","og_site_name":"Revista AutoBus","article_publisher":"https:\/\/www.facebook.com\/antonio.ferro.3150","article_published_time":"2021-02-17T12:16:00+00:00","article_modified_time":"2021-06-26T15:39:26+00:00","og_image":[{"width":1200,"height":628,"url":"https:\/\/revistaautobus.com.br\/wp-content\/uploads\/2021\/06\/corredores-de-onibus-1613564262.jpg","type":"image\/jpeg"}],"author":"vila8","twitter_card":"summary_large_image","twitter_misc":{"Escrito por":"vila8","Est. tempo de leitura":"2 minutos"},"schema":{"@context":"https:\/\/schema.org","@graph":[{"@type":"Article","@id":"https:\/\/revistaautobus.com.br\/?p=3344#article","isPartOf":{"@id":"https:\/\/revistaautobus.com.br\/?p=3344"},"author":{"name":"vila8","@id":"https:\/\/revistaautobus.com.br\/#\/schema\/person\/5de0d0d623e36dbc3bfa6f4559deb07e"},"headline":"Corredores de \u00f4nibus","datePublished":"2021-02-17T12:16:00+00:00","dateModified":"2021-06-26T15:39:26+00:00","mainEntityOfPage":{"@id":"https:\/\/revistaautobus.com.br\/?p=3344"},"wordCount":376,"commentCount":0,"publisher":{"@id":"https:\/\/revistaautobus.com.br\/#organization"},"image":{"@id":"https:\/\/revistaautobus.com.br\/?p=3344#primaryimage"},"thumbnailUrl":"https:\/\/revistaautobus.com.br\/wp-content\/uploads\/2021\/06\/corredores-de-onibus-1613564262.jpg","articleSection":["Not\u00edcias"],"inLanguage":"pt-BR","potentialAction":[{"@type":"CommentAction","name":"Comment","target":["https:\/\/revistaautobus.com.br\/?p=3344#respond"]}]},{"@type":"WebPage","@id":"https:\/\/revistaautobus.com.br\/?p=3344","url":"https:\/\/revistaautobus.com.br\/?p=3344","name":"Corredores de \u00f4nibus - Revista AutoBus","isPartOf":{"@id":"https:\/\/revistaautobus.com.br\/#website"},"primaryImageOfPage":{"@id":"https:\/\/revistaautobus.com.br\/?p=3344#primaryimage"},"image":{"@id":"https:\/\/revistaautobus.com.br\/?p=3344#primaryimage"},"thumbnailUrl":"https:\/\/revistaautobus.com.br\/wp-content\/uploads\/2021\/06\/corredores-de-onibus-1613564262.jpg","datePublished":"2021-02-17T12:16:00+00:00","dateModified":"2021-06-26T15:39:26+00:00","breadcrumb":{"@id":"https:\/\/revistaautobus.com.br\/?p=3344#breadcrumb"},"inLanguage":"pt-BR","potentialAction":[{"@type":"ReadAction","target":["https:\/\/revistaautobus.com.br\/?p=3344"]}]},{"@type":"ImageObject","inLanguage":"pt-BR","@id":"https:\/\/revistaautobus.com.br\/?p=3344#primaryimage","url":"https:\/\/revistaautobus.com.br\/wp-content\/uploads\/2021\/06\/corredores-de-onibus-1613564262.jpg","contentUrl":"https:\/\/revistaautobus.com.br\/wp-content\/uploads\/2021\/06\/corredores-de-onibus-1613564262.jpg","width":1200,"height":628},{"@type":"BreadcrumbList","@id":"https:\/\/revistaautobus.com.br\/?p=3344#breadcrumb","itemListElement":[{"@type":"ListItem","position":1,"name":"In\u00edcio","item":"https:\/\/revistaautobus.com.br\/"},{"@type":"ListItem","position":2,"name":"Corredores de \u00f4nibus"}]},{"@type":"WebSite","@id":"https:\/\/revistaautobus.com.br\/#website","url":"https:\/\/revistaautobus.com.br\/","name":"Revista AutoBus","description":"","publisher":{"@id":"https:\/\/revistaautobus.com.br\/#organization"},"potentialAction":[{"@type":"SearchAction","target":{"@type":"EntryPoint","urlTemplate":"https:\/\/revistaautobus.com.br\/?s={search_term_string}"},"query-input":{"@type":"PropertyValueSpecification","valueRequired":true,"valueName":"search_term_string"}}],"inLanguage":"pt-BR"},{"@type":"Organization","@id":"https:\/\/revistaautobus.com.br\/#organization","name":"Revista AutoBus","url":"https:\/\/revistaautobus.com.br\/","logo":{"@type":"ImageObject","inLanguage":"pt-BR","@id":"https:\/\/revistaautobus.com.br\/#\/schema\/logo\/image\/","url":"https:\/\/revistaautobus.com.br\/wp-content\/uploads\/2024\/11\/logo_revista_autobus_fb.png","contentUrl":"https:\/\/revistaautobus.com.br\/wp-content\/uploads\/2024\/11\/logo_revista_autobus_fb.png","width":836,"height":227,"caption":"Revista AutoBus"},"image":{"@id":"https:\/\/revistaautobus.com.br\/#\/schema\/logo\/image\/"},"sameAs":["https:\/\/www.facebook.com\/antonio.ferro.3150","https:\/\/www.instagram.com\/revistaautobus\/"]},{"@type":"Person","@id":"https:\/\/revistaautobus.com.br\/#\/schema\/person\/5de0d0d623e36dbc3bfa6f4559deb07e","name":"vila8","image":{"@type":"ImageObject","inLanguage":"pt-BR","@id":"https:\/\/secure.gravatar.com\/avatar\/dafc4c617e7acdc010f9d6f4f8a0712ac362ca4ff8bc3063cc9c7422b6e70fde?s=96&d=mm&r=g","url":"https:\/\/secure.gravatar.com\/avatar\/dafc4c617e7acdc010f9d6f4f8a0712ac362ca4ff8bc3063cc9c7422b6e70fde?s=96&d=mm&r=g","contentUrl":"https:\/\/secure.gravatar.com\/avatar\/dafc4c617e7acdc010f9d6f4f8a0712ac362ca4ff8bc3063cc9c7422b6e70fde?s=96&d=mm&r=g","caption":"vila8"},"sameAs":["http:\/\/wp-json\/wp\/v2\/users\/me"],"url":"https:\/\/revistaautobus.com.br\/?author=1"}]}},"jetpack_featured_media_url":"https:\/\/revistaautobus.com.br\/wp-content\/uploads\/2021\/06\/corredores-de-onibus-1613564262.jpg","jetpack_sharing_enabled":true,"_links":{"self":[{"href":"https:\/\/revistaautobus.com.br\/index.php?rest_route=\/wp\/v2\/posts\/3344","targetHints":{"allow":["GET"]}}],"collection":[{"href":"https:\/\/revistaautobus.com.br\/index.php?rest_route=\/wp\/v2\/posts"}],"about":[{"href":"https:\/\/revistaautobus.com.br\/index.php?rest_route=\/wp\/v2\/types\/post"}],"author":[{"embeddable":true,"href":"https:\/\/revistaautobus.com.br\/index.php?rest_route=\/wp\/v2\/users\/1"}],"replies":[{"embeddable":true,"href":"https:\/\/revistaautobus.com.br\/index.php?rest_route=%2Fwp%2Fv2%2Fcomments&post=3344"}],"version-history":[{"count":1,"href":"https:\/\/revistaautobus.com.br\/index.php?rest_route=\/wp\/v2\/posts\/3344\/revisions"}],"predecessor-version":[{"id":3346,"href":"https:\/\/revistaautobus.com.br\/index.php?rest_route=\/wp\/v2\/posts\/3344\/revisions\/3346"}],"wp:featuredmedia":[{"embeddable":true,"href":"https:\/\/revistaautobus.com.br\/index.php?rest_route=\/wp\/v2\/media\/3345"}],"wp:attachment":[{"href":"https:\/\/revistaautobus.com.br\/index.php?rest_route=%2Fwp%2Fv2%2Fmedia&parent=3344"}],"wp:term":[{"taxonomy":"category","embeddable":true,"href":"https:\/\/revistaautobus.com.br\/index.php?rest_route=%2Fwp%2Fv2%2Fcategories&post=3344"},{"taxonomy":"post_tag","embeddable":true,"href":"https:\/\/revistaautobus.com.br\/index.php?rest_route=%2Fwp%2Fv2%2Ftags&post=3344"}],"curies":[{"name":"wp","href":"https:\/\/api.w.org\/{rel}","templated":true}]}}