{"id":3350,"date":"2021-02-17T09:19:00","date_gmt":"2021-02-17T12:19:00","guid":{"rendered":"https:\/\/vila8.com.br\/clientes\/autobus\/?p=3350"},"modified":"2021-06-26T12:40:55","modified_gmt":"2021-06-26T15:40:55","slug":"expectativas-sobre-2021","status":"publish","type":"post","link":"https:\/\/revistaautobus.com.br\/?p=3350","title":{"rendered":"Expectativas sobre 2021"},"content":{"rendered":"\n<p>A fabricantes ga\u00fachas de \u00f4nibus Neobus e Volare, ambas pertencentes \u00e0 Marcopolo S.A., revelaram o que esperam deste novo ano a respeito de seus neg\u00f3cios. Segundo as empresas, haver\u00e1 uma retomada gradual da produ\u00e7\u00e3o brasileira de \u00f4nibus, sendo que neste in\u00edcio de 2021, o volume di\u00e1rio de fabrica\u00e7\u00e3o est\u00e1 no mesmo ritmo do final de 2020, com atendimento aos segmentos de fretamento, especialmente agroneg\u00f3cio e minera\u00e7\u00e3o, e escolar (Neobus).<\/p>\n\n\n\n<p>Apesar da pandemia, os n\u00fameros do ano passado foram positivos para as respectivas marcas, sendo que a Volare manteve sua lideran\u00e7a de mercado e se fortaleceu no segmento de fretamento, principalmente no agroneg\u00f3cio e minera\u00e7\u00e3o, com eleva\u00e7\u00e3o dos volumes. J\u00e1 a Neobus, tamb\u00e9m manteve seu desempenho e se fortaleceu no segmento escolar. Sua produ\u00e7\u00e3o apresentou queda de 9,4% (1.596 unidades em 2020 contra 1.761 em 2019, segundo a Fabus). Entretanto, foi bem inferior \u00e0 queda geral da produ\u00e7\u00e3o brasileira de 26,7%.<\/p>\n\n\n\n<figure class=\"wp-block-image\"><img decoding=\"async\" src=\"https:\/\/revistaautobus.com.br\/uploads\/images\/2021\/02\/928-1613564437.jpg\" alt=\"Expectativas sobre 2021\" title=\"Expectativas sobre 2021\"\/><\/figure>\n\n\n\n<p>Em 2020, a Volare produziu 2.410 unidades de seus pequenos \u00f4nibus, sendo que o mercado brasileiro ficou com 2.251 ve\u00edculos e outros 159 foram exportados. No ano anterior, esses volumes foram de 2.648 unidades, 2.305 e 343, respectivamente.<\/p>\n\n\n\n<p>Isto faz com que a perspectiva seja de manuten\u00e7\u00e3o dos volumes e, dependendo da rea\u00e7\u00e3o do mercado brasileiro, at\u00e9 de ligeiro crescimento. A Volare teve eleva\u00e7\u00e3o da demanda no segundo semestre do ano passado, sobretudo pela procura de ve\u00edculos para fretamento para atendimento das novas normas de distanciamento social e seguran\u00e7a, enquanto que a Neobus conquistou diferentes fornecimentos de escolares em diferentes estados, como Paran\u00e1, por exemplo, o que puxou da produ\u00e7\u00e3o.<\/p>\n\n\n\n<p>Imagens &#8211; Divulga\u00e7\u00e3o<\/p>\n","protected":false},"excerpt":{"rendered":"<p>Apesar da pandemia, os n\u00fameros do ano passado foram positivos para as marcas Neobus e Volare<\/p>\n","protected":false},"author":2,"featured_media":3351,"comment_status":"open","ping_status":"open","sticky":false,"template":"","format":"standard","meta":{"_et_pb_use_builder":"off","_et_pb_old_content":"","_et_gb_content_width":"","_jetpack_memberships_contains_paid_content":false,"footnotes":""},"categories":[90],"tags":[],"class_list":["post-3350","post","type-post","status-publish","format-standard","has-post-thumbnail","hentry","category-noticias","et-has-post-format-content","et_post_format-et-post-format-standard"],"yoast_head":"<!-- This site is optimized with the Yoast SEO plugin v27.2 - https:\/\/yoast.com\/product\/yoast-seo-wordpress\/ -->\n<title>Expectativas sobre 2021 - Revista AutoBus<\/title>\n<meta name=\"robots\" content=\"index, follow, max-snippet:-1, max-image-preview:large, max-video-preview:-1\" \/>\n<link rel=\"canonical\" href=\"https:\/\/revistaautobus.com.br\/?p=3350\" \/>\n<meta property=\"og:locale\" content=\"pt_BR\" \/>\n<meta property=\"og:type\" content=\"article\" \/>\n<meta property=\"og:title\" content=\"Expectativas sobre 2021 - Revista AutoBus\" \/>\n<meta property=\"og:description\" content=\"Apesar da pandemia, os n\u00fameros do ano passado foram positivos para as marcas Neobus e Volare\" \/>\n<meta property=\"og:url\" content=\"https:\/\/revistaautobus.com.br\/?p=3350\" \/>\n<meta property=\"og:site_name\" content=\"Revista AutoBus\" \/>\n<meta property=\"article:publisher\" content=\"https:\/\/www.facebook.com\/antonio.ferro.3150\" \/>\n<meta property=\"article:published_time\" content=\"2021-02-17T12:19:00+00:00\" \/>\n<meta property=\"article:modified_time\" content=\"2021-06-26T15:40:55+00:00\" \/>\n<meta property=\"og:image\" content=\"https:\/\/revistaautobus.com.br\/wp-content\/uploads\/2021\/06\/expectativas-sobre-2021-1613564421.jpg\" \/>\n\t<meta property=\"og:image:width\" content=\"1200\" \/>\n\t<meta property=\"og:image:height\" content=\"628\" \/>\n\t<meta property=\"og:image:type\" content=\"image\/jpeg\" \/>\n<meta name=\"author\" content=\"Antonio Ferro\" \/>\n<meta name=\"twitter:card\" content=\"summary_large_image\" \/>\n<meta name=\"twitter:label1\" content=\"Escrito por\" \/>\n\t<meta name=\"twitter:data1\" content=\"Antonio Ferro\" \/>\n\t<meta name=\"twitter:label2\" content=\"Est. tempo de leitura\" \/>\n\t<meta name=\"twitter:data2\" content=\"1 minuto\" \/>\n<script type=\"application\/ld+json\" class=\"yoast-schema-graph\">{\"@context\":\"https:\/\/schema.org\",\"@graph\":[{\"@type\":\"Article\",\"@id\":\"https:\/\/revistaautobus.com.br\/?p=3350#article\",\"isPartOf\":{\"@id\":\"https:\/\/revistaautobus.com.br\/?p=3350\"},\"author\":{\"name\":\"Antonio Ferro\",\"@id\":\"https:\/\/revistaautobus.com.br\/#\/schema\/person\/54af7c3eb83a310e42ef686ef6d16f50\"},\"headline\":\"Expectativas sobre 2021\",\"datePublished\":\"2021-02-17T12:19:00+00:00\",\"dateModified\":\"2021-06-26T15:40:55+00:00\",\"mainEntityOfPage\":{\"@id\":\"https:\/\/revistaautobus.com.br\/?p=3350\"},\"wordCount\":273,\"commentCount\":0,\"publisher\":{\"@id\":\"https:\/\/revistaautobus.com.br\/#organization\"},\"image\":{\"@id\":\"https:\/\/revistaautobus.com.br\/?p=3350#primaryimage\"},\"thumbnailUrl\":\"https:\/\/revistaautobus.com.br\/wp-content\/uploads\/2021\/06\/expectativas-sobre-2021-1613564421.jpg\",\"articleSection\":[\"Not\u00edcias\"],\"inLanguage\":\"pt-BR\",\"potentialAction\":[{\"@type\":\"CommentAction\",\"name\":\"Comment\",\"target\":[\"https:\/\/revistaautobus.com.br\/?p=3350#respond\"]}]},{\"@type\":\"WebPage\",\"@id\":\"https:\/\/revistaautobus.com.br\/?p=3350\",\"url\":\"https:\/\/revistaautobus.com.br\/?p=3350\",\"name\":\"Expectativas sobre 2021 - Revista AutoBus\",\"isPartOf\":{\"@id\":\"https:\/\/revistaautobus.com.br\/#website\"},\"primaryImageOfPage\":{\"@id\":\"https:\/\/revistaautobus.com.br\/?p=3350#primaryimage\"},\"image\":{\"@id\":\"https:\/\/revistaautobus.com.br\/?p=3350#primaryimage\"},\"thumbnailUrl\":\"https:\/\/revistaautobus.com.br\/wp-content\/uploads\/2021\/06\/expectativas-sobre-2021-1613564421.jpg\",\"datePublished\":\"2021-02-17T12:19:00+00:00\",\"dateModified\":\"2021-06-26T15:40:55+00:00\",\"breadcrumb\":{\"@id\":\"https:\/\/revistaautobus.com.br\/?p=3350#breadcrumb\"},\"inLanguage\":\"pt-BR\",\"potentialAction\":[{\"@type\":\"ReadAction\",\"target\":[\"https:\/\/revistaautobus.com.br\/?p=3350\"]}]},{\"@type\":\"ImageObject\",\"inLanguage\":\"pt-BR\",\"@id\":\"https:\/\/revistaautobus.com.br\/?p=3350#primaryimage\",\"url\":\"https:\/\/revistaautobus.com.br\/wp-content\/uploads\/2021\/06\/expectativas-sobre-2021-1613564421.jpg\",\"contentUrl\":\"https:\/\/revistaautobus.com.br\/wp-content\/uploads\/2021\/06\/expectativas-sobre-2021-1613564421.jpg\",\"width\":1200,\"height\":628},{\"@type\":\"BreadcrumbList\",\"@id\":\"https:\/\/revistaautobus.com.br\/?p=3350#breadcrumb\",\"itemListElement\":[{\"@type\":\"ListItem\",\"position\":1,\"name\":\"In\u00edcio\",\"item\":\"https:\/\/revistaautobus.com.br\/\"},{\"@type\":\"ListItem\",\"position\":2,\"name\":\"Expectativas sobre 2021\"}]},{\"@type\":\"WebSite\",\"@id\":\"https:\/\/revistaautobus.com.br\/#website\",\"url\":\"https:\/\/revistaautobus.com.br\/\",\"name\":\"Revista AutoBus\",\"description\":\"\",\"publisher\":{\"@id\":\"https:\/\/revistaautobus.com.br\/#organization\"},\"potentialAction\":[{\"@type\":\"SearchAction\",\"target\":{\"@type\":\"EntryPoint\",\"urlTemplate\":\"https:\/\/revistaautobus.com.br\/?s={search_term_string}\"},\"query-input\":{\"@type\":\"PropertyValueSpecification\",\"valueRequired\":true,\"valueName\":\"search_term_string\"}}],\"inLanguage\":\"pt-BR\"},{\"@type\":\"Organization\",\"@id\":\"https:\/\/revistaautobus.com.br\/#organization\",\"name\":\"Revista AutoBus\",\"url\":\"https:\/\/revistaautobus.com.br\/\",\"logo\":{\"@type\":\"ImageObject\",\"inLanguage\":\"pt-BR\",\"@id\":\"https:\/\/revistaautobus.com.br\/#\/schema\/logo\/image\/\",\"url\":\"https:\/\/revistaautobus.com.br\/wp-content\/uploads\/2024\/11\/logo_revista_autobus_fb.png\",\"contentUrl\":\"https:\/\/revistaautobus.com.br\/wp-content\/uploads\/2024\/11\/logo_revista_autobus_fb.png\",\"width\":836,\"height\":227,\"caption\":\"Revista AutoBus\"},\"image\":{\"@id\":\"https:\/\/revistaautobus.com.br\/#\/schema\/logo\/image\/\"},\"sameAs\":[\"https:\/\/www.facebook.com\/antonio.ferro.3150\",\"https:\/\/www.instagram.com\/revistaautobus\/\"]},{\"@type\":\"Person\",\"@id\":\"https:\/\/revistaautobus.com.br\/#\/schema\/person\/54af7c3eb83a310e42ef686ef6d16f50\",\"name\":\"Antonio Ferro\",\"image\":{\"@type\":\"ImageObject\",\"inLanguage\":\"pt-BR\",\"@id\":\"https:\/\/revistaautobus.com.br\/wp-content\/uploads\/2025\/12\/editor_antonio_ferro-150x150.jpg\",\"url\":\"https:\/\/revistaautobus.com.br\/wp-content\/uploads\/2025\/12\/editor_antonio_ferro-150x150.jpg\",\"contentUrl\":\"https:\/\/revistaautobus.com.br\/wp-content\/uploads\/2025\/12\/editor_antonio_ferro-150x150.jpg\",\"caption\":\"Antonio Ferro\"},\"description\":\"infobus@uol.com.br\",\"url\":\"https:\/\/revistaautobus.com.br\/?author=2\"}]}<\/script>\n<!-- \/ Yoast SEO plugin. -->","yoast_head_json":{"title":"Expectativas sobre 2021 - Revista AutoBus","robots":{"index":"index","follow":"follow","max-snippet":"max-snippet:-1","max-image-preview":"max-image-preview:large","max-video-preview":"max-video-preview:-1"},"canonical":"https:\/\/revistaautobus.com.br\/?p=3350","og_locale":"pt_BR","og_type":"article","og_title":"Expectativas sobre 2021 - Revista AutoBus","og_description":"Apesar da pandemia, os n\u00fameros do ano passado foram positivos para as marcas Neobus e Volare","og_url":"https:\/\/revistaautobus.com.br\/?p=3350","og_site_name":"Revista AutoBus","article_publisher":"https:\/\/www.facebook.com\/antonio.ferro.3150","article_published_time":"2021-02-17T12:19:00+00:00","article_modified_time":"2021-06-26T15:40:55+00:00","og_image":[{"width":1200,"height":628,"url":"https:\/\/revistaautobus.com.br\/wp-content\/uploads\/2021\/06\/expectativas-sobre-2021-1613564421.jpg","type":"image\/jpeg"}],"author":"Antonio Ferro","twitter_card":"summary_large_image","twitter_misc":{"Escrito por":"Antonio Ferro","Est. tempo de leitura":"1 minuto"},"schema":{"@context":"https:\/\/schema.org","@graph":[{"@type":"Article","@id":"https:\/\/revistaautobus.com.br\/?p=3350#article","isPartOf":{"@id":"https:\/\/revistaautobus.com.br\/?p=3350"},"author":{"name":"Antonio Ferro","@id":"https:\/\/revistaautobus.com.br\/#\/schema\/person\/54af7c3eb83a310e42ef686ef6d16f50"},"headline":"Expectativas sobre 2021","datePublished":"2021-02-17T12:19:00+00:00","dateModified":"2021-06-26T15:40:55+00:00","mainEntityOfPage":{"@id":"https:\/\/revistaautobus.com.br\/?p=3350"},"wordCount":273,"commentCount":0,"publisher":{"@id":"https:\/\/revistaautobus.com.br\/#organization"},"image":{"@id":"https:\/\/revistaautobus.com.br\/?p=3350#primaryimage"},"thumbnailUrl":"https:\/\/revistaautobus.com.br\/wp-content\/uploads\/2021\/06\/expectativas-sobre-2021-1613564421.jpg","articleSection":["Not\u00edcias"],"inLanguage":"pt-BR","potentialAction":[{"@type":"CommentAction","name":"Comment","target":["https:\/\/revistaautobus.com.br\/?p=3350#respond"]}]},{"@type":"WebPage","@id":"https:\/\/revistaautobus.com.br\/?p=3350","url":"https:\/\/revistaautobus.com.br\/?p=3350","name":"Expectativas sobre 2021 - Revista AutoBus","isPartOf":{"@id":"https:\/\/revistaautobus.com.br\/#website"},"primaryImageOfPage":{"@id":"https:\/\/revistaautobus.com.br\/?p=3350#primaryimage"},"image":{"@id":"https:\/\/revistaautobus.com.br\/?p=3350#primaryimage"},"thumbnailUrl":"https:\/\/revistaautobus.com.br\/wp-content\/uploads\/2021\/06\/expectativas-sobre-2021-1613564421.jpg","datePublished":"2021-02-17T12:19:00+00:00","dateModified":"2021-06-26T15:40:55+00:00","breadcrumb":{"@id":"https:\/\/revistaautobus.com.br\/?p=3350#breadcrumb"},"inLanguage":"pt-BR","potentialAction":[{"@type":"ReadAction","target":["https:\/\/revistaautobus.com.br\/?p=3350"]}]},{"@type":"ImageObject","inLanguage":"pt-BR","@id":"https:\/\/revistaautobus.com.br\/?p=3350#primaryimage","url":"https:\/\/revistaautobus.com.br\/wp-content\/uploads\/2021\/06\/expectativas-sobre-2021-1613564421.jpg","contentUrl":"https:\/\/revistaautobus.com.br\/wp-content\/uploads\/2021\/06\/expectativas-sobre-2021-1613564421.jpg","width":1200,"height":628},{"@type":"BreadcrumbList","@id":"https:\/\/revistaautobus.com.br\/?p=3350#breadcrumb","itemListElement":[{"@type":"ListItem","position":1,"name":"In\u00edcio","item":"https:\/\/revistaautobus.com.br\/"},{"@type":"ListItem","position":2,"name":"Expectativas sobre 2021"}]},{"@type":"WebSite","@id":"https:\/\/revistaautobus.com.br\/#website","url":"https:\/\/revistaautobus.com.br\/","name":"Revista AutoBus","description":"","publisher":{"@id":"https:\/\/revistaautobus.com.br\/#organization"},"potentialAction":[{"@type":"SearchAction","target":{"@type":"EntryPoint","urlTemplate":"https:\/\/revistaautobus.com.br\/?s={search_term_string}"},"query-input":{"@type":"PropertyValueSpecification","valueRequired":true,"valueName":"search_term_string"}}],"inLanguage":"pt-BR"},{"@type":"Organization","@id":"https:\/\/revistaautobus.com.br\/#organization","name":"Revista AutoBus","url":"https:\/\/revistaautobus.com.br\/","logo":{"@type":"ImageObject","inLanguage":"pt-BR","@id":"https:\/\/revistaautobus.com.br\/#\/schema\/logo\/image\/","url":"https:\/\/revistaautobus.com.br\/wp-content\/uploads\/2024\/11\/logo_revista_autobus_fb.png","contentUrl":"https:\/\/revistaautobus.com.br\/wp-content\/uploads\/2024\/11\/logo_revista_autobus_fb.png","width":836,"height":227,"caption":"Revista AutoBus"},"image":{"@id":"https:\/\/revistaautobus.com.br\/#\/schema\/logo\/image\/"},"sameAs":["https:\/\/www.facebook.com\/antonio.ferro.3150","https:\/\/www.instagram.com\/revistaautobus\/"]},{"@type":"Person","@id":"https:\/\/revistaautobus.com.br\/#\/schema\/person\/54af7c3eb83a310e42ef686ef6d16f50","name":"Antonio Ferro","image":{"@type":"ImageObject","inLanguage":"pt-BR","@id":"https:\/\/revistaautobus.com.br\/wp-content\/uploads\/2025\/12\/editor_antonio_ferro-150x150.jpg","url":"https:\/\/revistaautobus.com.br\/wp-content\/uploads\/2025\/12\/editor_antonio_ferro-150x150.jpg","contentUrl":"https:\/\/revistaautobus.com.br\/wp-content\/uploads\/2025\/12\/editor_antonio_ferro-150x150.jpg","caption":"Antonio Ferro"},"description":"infobus@uol.com.br","url":"https:\/\/revistaautobus.com.br\/?author=2"}]}},"jetpack_featured_media_url":"https:\/\/revistaautobus.com.br\/wp-content\/uploads\/2021\/06\/expectativas-sobre-2021-1613564421.jpg","jetpack_sharing_enabled":true,"_links":{"self":[{"href":"https:\/\/revistaautobus.com.br\/index.php?rest_route=\/wp\/v2\/posts\/3350","targetHints":{"allow":["GET"]}}],"collection":[{"href":"https:\/\/revistaautobus.com.br\/index.php?rest_route=\/wp\/v2\/posts"}],"about":[{"href":"https:\/\/revistaautobus.com.br\/index.php?rest_route=\/wp\/v2\/types\/post"}],"author":[{"embeddable":true,"href":"https:\/\/revistaautobus.com.br\/index.php?rest_route=\/wp\/v2\/users\/2"}],"replies":[{"embeddable":true,"href":"https:\/\/revistaautobus.com.br\/index.php?rest_route=%2Fwp%2Fv2%2Fcomments&post=3350"}],"version-history":[{"count":1,"href":"https:\/\/revistaautobus.com.br\/index.php?rest_route=\/wp\/v2\/posts\/3350\/revisions"}],"predecessor-version":[{"id":3352,"href":"https:\/\/revistaautobus.com.br\/index.php?rest_route=\/wp\/v2\/posts\/3350\/revisions\/3352"}],"wp:featuredmedia":[{"embeddable":true,"href":"https:\/\/revistaautobus.com.br\/index.php?rest_route=\/wp\/v2\/media\/3351"}],"wp:attachment":[{"href":"https:\/\/revistaautobus.com.br\/index.php?rest_route=%2Fwp%2Fv2%2Fmedia&parent=3350"}],"wp:term":[{"taxonomy":"category","embeddable":true,"href":"https:\/\/revistaautobus.com.br\/index.php?rest_route=%2Fwp%2Fv2%2Fcategories&post=3350"},{"taxonomy":"post_tag","embeddable":true,"href":"https:\/\/revistaautobus.com.br\/index.php?rest_route=%2Fwp%2Fv2%2Ftags&post=3350"}],"curies":[{"name":"wp","href":"https:\/\/api.w.org\/{rel}","templated":true}]}}