{"id":3353,"date":"2021-02-19T16:10:00","date_gmt":"2021-02-19T19:10:00","guid":{"rendered":"https:\/\/vila8.com.br\/clientes\/autobus\/?p=3353"},"modified":"2021-06-26T12:41:35","modified_gmt":"2021-06-26T15:41:35","slug":"reajuste-do-diesel-agrava-crise-no-transporte-publico","status":"publish","type":"post","link":"https:\/\/revistaautobus.com.br\/?p=3353","title":{"rendered":"Reajuste do diesel agrava crise no transporte p\u00fablico"},"content":{"rendered":"\n<h5 class=\"wp-block-heading\"><em><strong>Por NTU<\/strong><\/em><\/h5>\n\n\n\n<p>Fortemente impactado pelos efeitos da pandemia, que somam quase R$ 10 bilh\u00f5es em preju\u00edzos ao transporte coletivo urbano no Brasil, o setor sofre novo golpe com o an\u00fancio do reajuste do \u00f3leo diesel, de 15,2%, anunciado nesta sexta-feira, pela Petrobr\u00e1s. De acordo com a Associa\u00e7\u00e3o Nacional das Empresas de Transportes P\u00fablicos (NTU), o aumento desse combust\u00edvel inviabiliza qualquer chance de recupera\u00e7\u00e3o do quadro cr\u00edtico das empresas de \u00f4nibus urbano em todo o pa\u00eds.<\/p>\n\n\n\n<p>O alerta foi refor\u00e7ado hoje (19\/2), em nova correspond\u00eancia ao presidente da Rep\u00fablica, Jair Bolsonaro, na qual a NTU ressalta a gravidade da situa\u00e7\u00e3o econ\u00f4mico-financeira do setor e informa que o novo aumento, somado aos reajustes acumulados do diesel desde o ano passado, geram um impacto de 5,8% na planilha de custos das operadoras, tendo em vista que o combust\u00edvel representa em m\u00e9dia, 23% dos custos operacionais das empresas de \u00f4nibus.&nbsp; &#8220;N\u00e3o conseguimos entender a insensibilidade do Governo Federal com um servi\u00e7o essencial que garante o direito de ir e vir de 43 milh\u00f5es de passageiros transportados por dia&#8221;, destaca Ot\u00e1vio Cunha, presidente-executivo da NTU.<\/p>\n\n\n\n<p>Segundo Ot\u00e1vio Cunha, o setor reconhece o esfor\u00e7o do Presidente da Rep\u00fablica, que j\u00e1 anunciou medida emergencial que zera tributos federais sobre o \u00f3leo diesel por 60 dias, mas clama por solu\u00e7\u00f5es definitivas que&nbsp; passam pela reformula\u00e7\u00e3o da estrutura tribut\u00e1ria incidente sobre o produto e pela ado\u00e7\u00e3o de pol\u00edticas de&nbsp; pre\u00e7os especiais para setores essenciais como o de transporte p\u00fablico.<\/p>\n\n\n\n<p>Na correspond\u00eancia, a Associa\u00e7\u00e3o destaca tamb\u00e9m que o an\u00fancio da Petrobr\u00e1s sobre o reajuste desse combust\u00edvel em 15,2%, &nbsp;a partir desta sexta-feira, foi recebido com grande preocupa\u00e7\u00e3o pelas empresas de \u00f4nibus. &#8220;Com esse novo reajuste,&nbsp; o aumento acumulado no pre\u00e7o do combust\u00edvel somar\u00e1 27,5% somente este ano, ou 25,4% na compara\u00e7\u00e3o&nbsp; com os pre\u00e7os praticados em janeiro de 2020&#8221;, explica o presidente da NTU.<\/p>\n\n\n\n<p>Ainda no of\u00edcio endere\u00e7ado a Bolsonaro, a NTU, que agrega cerca de 500 empresas&nbsp; associadas e mais de 70 entidades patronais filiadas de todas as regi\u00f5es do pa\u00eds, respondendo por 405 mil&nbsp; empregos diretos, ressalta a import\u00e2ncia do transporte p\u00fabico coletivo urbano. A Associa\u00e7\u00e3o enfatiza que a situa\u00e7\u00e3o das empresas chegou a um limite cr\u00edtico no Brasil, com preju\u00edzos n\u00e3o s\u00f3 \u00e0s operadoras do servi\u00e7o, mas tamb\u00e9m aos trabalhadores. &#8220;Foram mais de 70 mil postos de trabalho perdidos&#8221;, destaca Cunha.<\/p>\n\n\n\n<p>O setor defende ainda, junto ao poder p\u00fablico, a ado\u00e7\u00e3o de um novo marco legal para o transporte&nbsp; p\u00fablico urbano e de car\u00e1ter urbano, que inclua a seguran\u00e7a jur\u00eddica e a transpar\u00eancia nas rela\u00e7\u00f5es&nbsp; contratuais, em resposta \u00e0 crise setorial. Tal proposta j\u00e1 vem sendo discutida com representantes dos minist\u00e9rios da Economia e do&nbsp; Desenvolvimento Regional.<\/p>\n","protected":false},"excerpt":{"rendered":"<p>Em correspond\u00eancia ao presidente Bolsonaro, NTU alerta para impacto de 5,8% nos custos do servi\u00e7o, ap\u00f3s a alta do combust\u00edvel, e prop\u00f5e ado\u00e7\u00e3o de pol\u00edticas de pre\u00e7os especiais para setores essenciais<\/p>\n","protected":false},"author":2,"featured_media":3354,"comment_status":"open","ping_status":"open","sticky":false,"template":"","format":"standard","meta":{"_et_pb_use_builder":"off","_et_pb_old_content":"","_et_gb_content_width":"","_jetpack_memberships_contains_paid_content":false,"footnotes":""},"categories":[5],"tags":[],"class_list":["post-3353","post","type-post","status-publish","format-standard","has-post-thumbnail","hentry","category-conexao-mobilidade","et-has-post-format-content","et_post_format-et-post-format-standard"],"yoast_head":"<!-- This site is optimized with the Yoast SEO plugin v27.2 - https:\/\/yoast.com\/product\/yoast-seo-wordpress\/ -->\n<title>Reajuste do diesel agrava crise no transporte p\u00fablico - Revista AutoBus<\/title>\n<meta name=\"robots\" content=\"index, follow, max-snippet:-1, max-image-preview:large, max-video-preview:-1\" \/>\n<link rel=\"canonical\" href=\"https:\/\/revistaautobus.com.br\/?p=3353\" \/>\n<meta property=\"og:locale\" content=\"pt_BR\" \/>\n<meta property=\"og:type\" content=\"article\" \/>\n<meta property=\"og:title\" content=\"Reajuste do diesel agrava crise no transporte p\u00fablico - Revista AutoBus\" \/>\n<meta property=\"og:description\" content=\"Em correspond\u00eancia ao presidente Bolsonaro, NTU alerta para impacto de 5,8% nos custos do servi\u00e7o, ap\u00f3s a alta do combust\u00edvel, e prop\u00f5e ado\u00e7\u00e3o de pol\u00edticas de pre\u00e7os especiais para setores essenciais\" \/>\n<meta property=\"og:url\" content=\"https:\/\/revistaautobus.com.br\/?p=3353\" \/>\n<meta property=\"og:site_name\" content=\"Revista AutoBus\" \/>\n<meta property=\"article:publisher\" content=\"https:\/\/www.facebook.com\/antonio.ferro.3150\" \/>\n<meta property=\"article:published_time\" content=\"2021-02-19T19:10:00+00:00\" \/>\n<meta property=\"article:modified_time\" content=\"2021-06-26T15:41:35+00:00\" \/>\n<meta property=\"og:image\" content=\"https:\/\/revistaautobus.com.br\/wp-content\/uploads\/2021\/06\/reajuste-do-diesel-agrava-crise-no-transporte-publico-1613761944.jpg\" \/>\n\t<meta property=\"og:image:width\" content=\"1200\" \/>\n\t<meta property=\"og:image:height\" content=\"1690\" \/>\n\t<meta property=\"og:image:type\" content=\"image\/jpeg\" \/>\n<meta name=\"author\" content=\"Antonio Ferro\" \/>\n<meta name=\"twitter:card\" content=\"summary_large_image\" \/>\n<meta name=\"twitter:label1\" content=\"Escrito por\" \/>\n\t<meta name=\"twitter:data1\" content=\"Antonio Ferro\" \/>\n\t<meta name=\"twitter:label2\" content=\"Est. tempo de leitura\" \/>\n\t<meta name=\"twitter:data2\" content=\"2 minutos\" \/>\n<script type=\"application\/ld+json\" class=\"yoast-schema-graph\">{\"@context\":\"https:\/\/schema.org\",\"@graph\":[{\"@type\":\"Article\",\"@id\":\"https:\/\/revistaautobus.com.br\/?p=3353#article\",\"isPartOf\":{\"@id\":\"https:\/\/revistaautobus.com.br\/?p=3353\"},\"author\":{\"name\":\"Antonio Ferro\",\"@id\":\"https:\/\/revistaautobus.com.br\/#\/schema\/person\/54af7c3eb83a310e42ef686ef6d16f50\"},\"headline\":\"Reajuste do diesel agrava crise no transporte p\u00fablico\",\"datePublished\":\"2021-02-19T19:10:00+00:00\",\"dateModified\":\"2021-06-26T15:41:35+00:00\",\"mainEntityOfPage\":{\"@id\":\"https:\/\/revistaautobus.com.br\/?p=3353\"},\"wordCount\":508,\"commentCount\":0,\"publisher\":{\"@id\":\"https:\/\/revistaautobus.com.br\/#organization\"},\"image\":{\"@id\":\"https:\/\/revistaautobus.com.br\/?p=3353#primaryimage\"},\"thumbnailUrl\":\"https:\/\/revistaautobus.com.br\/wp-content\/uploads\/2021\/06\/reajuste-do-diesel-agrava-crise-no-transporte-publico-1613761944.jpg\",\"articleSection\":[\"Conex\u00e3o Mobilidade\"],\"inLanguage\":\"pt-BR\",\"potentialAction\":[{\"@type\":\"CommentAction\",\"name\":\"Comment\",\"target\":[\"https:\/\/revistaautobus.com.br\/?p=3353#respond\"]}]},{\"@type\":\"WebPage\",\"@id\":\"https:\/\/revistaautobus.com.br\/?p=3353\",\"url\":\"https:\/\/revistaautobus.com.br\/?p=3353\",\"name\":\"Reajuste do diesel agrava crise no transporte p\u00fablico - Revista AutoBus\",\"isPartOf\":{\"@id\":\"https:\/\/revistaautobus.com.br\/#website\"},\"primaryImageOfPage\":{\"@id\":\"https:\/\/revistaautobus.com.br\/?p=3353#primaryimage\"},\"image\":{\"@id\":\"https:\/\/revistaautobus.com.br\/?p=3353#primaryimage\"},\"thumbnailUrl\":\"https:\/\/revistaautobus.com.br\/wp-content\/uploads\/2021\/06\/reajuste-do-diesel-agrava-crise-no-transporte-publico-1613761944.jpg\",\"datePublished\":\"2021-02-19T19:10:00+00:00\",\"dateModified\":\"2021-06-26T15:41:35+00:00\",\"breadcrumb\":{\"@id\":\"https:\/\/revistaautobus.com.br\/?p=3353#breadcrumb\"},\"inLanguage\":\"pt-BR\",\"potentialAction\":[{\"@type\":\"ReadAction\",\"target\":[\"https:\/\/revistaautobus.com.br\/?p=3353\"]}]},{\"@type\":\"ImageObject\",\"inLanguage\":\"pt-BR\",\"@id\":\"https:\/\/revistaautobus.com.br\/?p=3353#primaryimage\",\"url\":\"https:\/\/revistaautobus.com.br\/wp-content\/uploads\/2021\/06\/reajuste-do-diesel-agrava-crise-no-transporte-publico-1613761944.jpg\",\"contentUrl\":\"https:\/\/revistaautobus.com.br\/wp-content\/uploads\/2021\/06\/reajuste-do-diesel-agrava-crise-no-transporte-publico-1613761944.jpg\",\"width\":1200,\"height\":1690},{\"@type\":\"BreadcrumbList\",\"@id\":\"https:\/\/revistaautobus.com.br\/?p=3353#breadcrumb\",\"itemListElement\":[{\"@type\":\"ListItem\",\"position\":1,\"name\":\"In\u00edcio\",\"item\":\"https:\/\/revistaautobus.com.br\/\"},{\"@type\":\"ListItem\",\"position\":2,\"name\":\"Reajuste do diesel agrava crise no transporte p\u00fablico\"}]},{\"@type\":\"WebSite\",\"@id\":\"https:\/\/revistaautobus.com.br\/#website\",\"url\":\"https:\/\/revistaautobus.com.br\/\",\"name\":\"Revista AutoBus\",\"description\":\"\",\"publisher\":{\"@id\":\"https:\/\/revistaautobus.com.br\/#organization\"},\"potentialAction\":[{\"@type\":\"SearchAction\",\"target\":{\"@type\":\"EntryPoint\",\"urlTemplate\":\"https:\/\/revistaautobus.com.br\/?s={search_term_string}\"},\"query-input\":{\"@type\":\"PropertyValueSpecification\",\"valueRequired\":true,\"valueName\":\"search_term_string\"}}],\"inLanguage\":\"pt-BR\"},{\"@type\":\"Organization\",\"@id\":\"https:\/\/revistaautobus.com.br\/#organization\",\"name\":\"Revista AutoBus\",\"url\":\"https:\/\/revistaautobus.com.br\/\",\"logo\":{\"@type\":\"ImageObject\",\"inLanguage\":\"pt-BR\",\"@id\":\"https:\/\/revistaautobus.com.br\/#\/schema\/logo\/image\/\",\"url\":\"https:\/\/revistaautobus.com.br\/wp-content\/uploads\/2024\/11\/logo_revista_autobus_fb.png\",\"contentUrl\":\"https:\/\/revistaautobus.com.br\/wp-content\/uploads\/2024\/11\/logo_revista_autobus_fb.png\",\"width\":836,\"height\":227,\"caption\":\"Revista AutoBus\"},\"image\":{\"@id\":\"https:\/\/revistaautobus.com.br\/#\/schema\/logo\/image\/\"},\"sameAs\":[\"https:\/\/www.facebook.com\/antonio.ferro.3150\",\"https:\/\/www.instagram.com\/revistaautobus\/\"]},{\"@type\":\"Person\",\"@id\":\"https:\/\/revistaautobus.com.br\/#\/schema\/person\/54af7c3eb83a310e42ef686ef6d16f50\",\"name\":\"Antonio Ferro\",\"image\":{\"@type\":\"ImageObject\",\"inLanguage\":\"pt-BR\",\"@id\":\"https:\/\/revistaautobus.com.br\/wp-content\/uploads\/2025\/12\/editor_antonio_ferro-150x150.jpg\",\"url\":\"https:\/\/revistaautobus.com.br\/wp-content\/uploads\/2025\/12\/editor_antonio_ferro-150x150.jpg\",\"contentUrl\":\"https:\/\/revistaautobus.com.br\/wp-content\/uploads\/2025\/12\/editor_antonio_ferro-150x150.jpg\",\"caption\":\"Antonio Ferro\"},\"description\":\"infobus@uol.com.br\",\"url\":\"https:\/\/revistaautobus.com.br\/?author=2\"}]}<\/script>\n<!-- \/ Yoast SEO plugin. -->","yoast_head_json":{"title":"Reajuste do diesel agrava crise no transporte p\u00fablico - Revista AutoBus","robots":{"index":"index","follow":"follow","max-snippet":"max-snippet:-1","max-image-preview":"max-image-preview:large","max-video-preview":"max-video-preview:-1"},"canonical":"https:\/\/revistaautobus.com.br\/?p=3353","og_locale":"pt_BR","og_type":"article","og_title":"Reajuste do diesel agrava crise no transporte p\u00fablico - Revista AutoBus","og_description":"Em correspond\u00eancia ao presidente Bolsonaro, NTU alerta para impacto de 5,8% nos custos do servi\u00e7o, ap\u00f3s a alta do combust\u00edvel, e prop\u00f5e ado\u00e7\u00e3o de pol\u00edticas de pre\u00e7os especiais para setores essenciais","og_url":"https:\/\/revistaautobus.com.br\/?p=3353","og_site_name":"Revista AutoBus","article_publisher":"https:\/\/www.facebook.com\/antonio.ferro.3150","article_published_time":"2021-02-19T19:10:00+00:00","article_modified_time":"2021-06-26T15:41:35+00:00","og_image":[{"width":1200,"height":1690,"url":"https:\/\/revistaautobus.com.br\/wp-content\/uploads\/2021\/06\/reajuste-do-diesel-agrava-crise-no-transporte-publico-1613761944.jpg","type":"image\/jpeg"}],"author":"Antonio Ferro","twitter_card":"summary_large_image","twitter_misc":{"Escrito por":"Antonio Ferro","Est. tempo de leitura":"2 minutos"},"schema":{"@context":"https:\/\/schema.org","@graph":[{"@type":"Article","@id":"https:\/\/revistaautobus.com.br\/?p=3353#article","isPartOf":{"@id":"https:\/\/revistaautobus.com.br\/?p=3353"},"author":{"name":"Antonio Ferro","@id":"https:\/\/revistaautobus.com.br\/#\/schema\/person\/54af7c3eb83a310e42ef686ef6d16f50"},"headline":"Reajuste do diesel agrava crise no transporte p\u00fablico","datePublished":"2021-02-19T19:10:00+00:00","dateModified":"2021-06-26T15:41:35+00:00","mainEntityOfPage":{"@id":"https:\/\/revistaautobus.com.br\/?p=3353"},"wordCount":508,"commentCount":0,"publisher":{"@id":"https:\/\/revistaautobus.com.br\/#organization"},"image":{"@id":"https:\/\/revistaautobus.com.br\/?p=3353#primaryimage"},"thumbnailUrl":"https:\/\/revistaautobus.com.br\/wp-content\/uploads\/2021\/06\/reajuste-do-diesel-agrava-crise-no-transporte-publico-1613761944.jpg","articleSection":["Conex\u00e3o Mobilidade"],"inLanguage":"pt-BR","potentialAction":[{"@type":"CommentAction","name":"Comment","target":["https:\/\/revistaautobus.com.br\/?p=3353#respond"]}]},{"@type":"WebPage","@id":"https:\/\/revistaautobus.com.br\/?p=3353","url":"https:\/\/revistaautobus.com.br\/?p=3353","name":"Reajuste do diesel agrava crise no transporte p\u00fablico - Revista AutoBus","isPartOf":{"@id":"https:\/\/revistaautobus.com.br\/#website"},"primaryImageOfPage":{"@id":"https:\/\/revistaautobus.com.br\/?p=3353#primaryimage"},"image":{"@id":"https:\/\/revistaautobus.com.br\/?p=3353#primaryimage"},"thumbnailUrl":"https:\/\/revistaautobus.com.br\/wp-content\/uploads\/2021\/06\/reajuste-do-diesel-agrava-crise-no-transporte-publico-1613761944.jpg","datePublished":"2021-02-19T19:10:00+00:00","dateModified":"2021-06-26T15:41:35+00:00","breadcrumb":{"@id":"https:\/\/revistaautobus.com.br\/?p=3353#breadcrumb"},"inLanguage":"pt-BR","potentialAction":[{"@type":"ReadAction","target":["https:\/\/revistaautobus.com.br\/?p=3353"]}]},{"@type":"ImageObject","inLanguage":"pt-BR","@id":"https:\/\/revistaautobus.com.br\/?p=3353#primaryimage","url":"https:\/\/revistaautobus.com.br\/wp-content\/uploads\/2021\/06\/reajuste-do-diesel-agrava-crise-no-transporte-publico-1613761944.jpg","contentUrl":"https:\/\/revistaautobus.com.br\/wp-content\/uploads\/2021\/06\/reajuste-do-diesel-agrava-crise-no-transporte-publico-1613761944.jpg","width":1200,"height":1690},{"@type":"BreadcrumbList","@id":"https:\/\/revistaautobus.com.br\/?p=3353#breadcrumb","itemListElement":[{"@type":"ListItem","position":1,"name":"In\u00edcio","item":"https:\/\/revistaautobus.com.br\/"},{"@type":"ListItem","position":2,"name":"Reajuste do diesel agrava crise no transporte p\u00fablico"}]},{"@type":"WebSite","@id":"https:\/\/revistaautobus.com.br\/#website","url":"https:\/\/revistaautobus.com.br\/","name":"Revista AutoBus","description":"","publisher":{"@id":"https:\/\/revistaautobus.com.br\/#organization"},"potentialAction":[{"@type":"SearchAction","target":{"@type":"EntryPoint","urlTemplate":"https:\/\/revistaautobus.com.br\/?s={search_term_string}"},"query-input":{"@type":"PropertyValueSpecification","valueRequired":true,"valueName":"search_term_string"}}],"inLanguage":"pt-BR"},{"@type":"Organization","@id":"https:\/\/revistaautobus.com.br\/#organization","name":"Revista AutoBus","url":"https:\/\/revistaautobus.com.br\/","logo":{"@type":"ImageObject","inLanguage":"pt-BR","@id":"https:\/\/revistaautobus.com.br\/#\/schema\/logo\/image\/","url":"https:\/\/revistaautobus.com.br\/wp-content\/uploads\/2024\/11\/logo_revista_autobus_fb.png","contentUrl":"https:\/\/revistaautobus.com.br\/wp-content\/uploads\/2024\/11\/logo_revista_autobus_fb.png","width":836,"height":227,"caption":"Revista AutoBus"},"image":{"@id":"https:\/\/revistaautobus.com.br\/#\/schema\/logo\/image\/"},"sameAs":["https:\/\/www.facebook.com\/antonio.ferro.3150","https:\/\/www.instagram.com\/revistaautobus\/"]},{"@type":"Person","@id":"https:\/\/revistaautobus.com.br\/#\/schema\/person\/54af7c3eb83a310e42ef686ef6d16f50","name":"Antonio Ferro","image":{"@type":"ImageObject","inLanguage":"pt-BR","@id":"https:\/\/revistaautobus.com.br\/wp-content\/uploads\/2025\/12\/editor_antonio_ferro-150x150.jpg","url":"https:\/\/revistaautobus.com.br\/wp-content\/uploads\/2025\/12\/editor_antonio_ferro-150x150.jpg","contentUrl":"https:\/\/revistaautobus.com.br\/wp-content\/uploads\/2025\/12\/editor_antonio_ferro-150x150.jpg","caption":"Antonio Ferro"},"description":"infobus@uol.com.br","url":"https:\/\/revistaautobus.com.br\/?author=2"}]}},"jetpack_featured_media_url":"https:\/\/revistaautobus.com.br\/wp-content\/uploads\/2021\/06\/reajuste-do-diesel-agrava-crise-no-transporte-publico-1613761944.jpg","jetpack_sharing_enabled":true,"_links":{"self":[{"href":"https:\/\/revistaautobus.com.br\/index.php?rest_route=\/wp\/v2\/posts\/3353","targetHints":{"allow":["GET"]}}],"collection":[{"href":"https:\/\/revistaautobus.com.br\/index.php?rest_route=\/wp\/v2\/posts"}],"about":[{"href":"https:\/\/revistaautobus.com.br\/index.php?rest_route=\/wp\/v2\/types\/post"}],"author":[{"embeddable":true,"href":"https:\/\/revistaautobus.com.br\/index.php?rest_route=\/wp\/v2\/users\/2"}],"replies":[{"embeddable":true,"href":"https:\/\/revistaautobus.com.br\/index.php?rest_route=%2Fwp%2Fv2%2Fcomments&post=3353"}],"version-history":[{"count":1,"href":"https:\/\/revistaautobus.com.br\/index.php?rest_route=\/wp\/v2\/posts\/3353\/revisions"}],"predecessor-version":[{"id":3355,"href":"https:\/\/revistaautobus.com.br\/index.php?rest_route=\/wp\/v2\/posts\/3353\/revisions\/3355"}],"wp:featuredmedia":[{"embeddable":true,"href":"https:\/\/revistaautobus.com.br\/index.php?rest_route=\/wp\/v2\/media\/3354"}],"wp:attachment":[{"href":"https:\/\/revistaautobus.com.br\/index.php?rest_route=%2Fwp%2Fv2%2Fmedia&parent=3353"}],"wp:term":[{"taxonomy":"category","embeddable":true,"href":"https:\/\/revistaautobus.com.br\/index.php?rest_route=%2Fwp%2Fv2%2Fcategories&post=3353"},{"taxonomy":"post_tag","embeddable":true,"href":"https:\/\/revistaautobus.com.br\/index.php?rest_route=%2Fwp%2Fv2%2Ftags&post=3353"}],"curies":[{"name":"wp","href":"https:\/\/api.w.org\/{rel}","templated":true}]}}