{"id":3362,"date":"2021-02-23T09:48:00","date_gmt":"2021-02-23T12:48:00","guid":{"rendered":"https:\/\/vila8.com.br\/clientes\/autobus\/?p=3362"},"modified":"2021-06-26T12:43:55","modified_gmt":"2021-06-26T15:43:55","slug":"eberspaecher-lanca-tecnologia-que-restringe-a-contaminacao-do-covid-19","status":"publish","type":"post","link":"https:\/\/revistaautobus.com.br\/?p=3362","title":{"rendered":"Eberspaecher lan\u00e7a tecnologia que restringe a contamina\u00e7\u00e3o do Covid-19"},"content":{"rendered":"\n<p>Ao todo s\u00e3o tr\u00eas desenvolvidas pela empresa Eberspaecher, que visam as viagens de \u00f4nibus mais seguras &#8211; os filtros de part\u00edculas, o filtro de ar eletr\u00f4nico de m\u00eddia polarizada no sistema AC, que capturam got\u00edculas de \u00e1gua contaminadas e os m\u00f3dulos de LED UV-C. As tecnologias s\u00e3o consideradas uma solu\u00e7\u00e3o ideal para inativar os v\u00edrus, proporcionando a purifica\u00e7\u00e3o completa do ar e um ambiente mais seguro, n\u00e3o apenas para os passageiros, mas tamb\u00e9m para os operadores de ve\u00edculos e equipes de manuten\u00e7\u00e3o.<\/p>\n\n\n\n<p>De acordo com a fabricante, o filtro de part\u00edculas possui pregas que se encaixam ao lado da bobina do evaporador, substituindo o filtro de espuma de poliuretano existente, para um n\u00edvel de filtragem de baixo a m\u00e9dio. Al\u00e9m de poeira, p\u00f3len, mofo e fuligem, esses filtros tamb\u00e9m coletam as got\u00edculas de \u00e1gua que cont\u00eam v\u00edrus que s\u00e3o distribu\u00eddos por transmiss\u00e3o de aerossol. Eles podem reter at\u00e9 74% das part\u00edculas de tamanho 0,5\u03bcm e at\u00e9 90% das part\u00edculas de tamanho 10\u03bcm.<\/p>\n\n\n\n<p>J\u00e1 o filtro eletr\u00f4nico de m\u00eddia polarizada (&#8220;Polarised Media Electronic Air Cleaner, EAC&#8221;) oferece um n\u00edvel de filtragem de m\u00e9dio a alto, sendo que, em compara\u00e7\u00e3o com os filtros de part\u00edculas, ele \u00e9 mais eficaz na remo\u00e7\u00e3o de part\u00edculas e pode reter at\u00e9 97% das part\u00edculas de tamanho 0,3\u03bcm e at\u00e9 99% das part\u00edculas de tamanho 10\u03bcm.<\/p>\n\n\n\n<p>E, o M\u00f3dulo LED UV-C, \u00e9 considerado o mais eficiente da Eberspaecher, pois trata 100% do ar dentro do \u00f4nibus, em movimento atrav\u00e9s da unidade de ar- condicionado, al\u00e9m de at\u00e9 99,9% desse ar ser esterilizado pelos m\u00f3dulos UV-C LED. Consiste em 4 a 6 m\u00f3dulos com at\u00e9 198 LEDs UV-C para inativa\u00e7\u00e3o dos v\u00edrus dentro do fluxo de ar. Testes independentes confirmaram a qualifica\u00e7\u00e3o para desinfec\u00e7\u00e3o dos v\u00edrus influenza (cepas H1N1 e H3N2).<\/p>\n\n\n\n<p>Imagem &#8211; Divulga\u00e7\u00e3o<\/p>\n","protected":false},"excerpt":{"rendered":"<p>As tecnologias s\u00e3o consideradas uma solu\u00e7\u00e3o ideal para inativar os v\u00edrus, proporcionando a purifica\u00e7\u00e3o completa do ar e um ambiente mais seguro, n\u00e3o apenas para os passageiros, mais para outros envolvidos com a opera\u00e7\u00e3o<\/p>\n","protected":false},"author":2,"featured_media":3363,"comment_status":"open","ping_status":"open","sticky":false,"template":"","format":"standard","meta":{"_et_pb_use_builder":"off","_et_pb_old_content":"","_et_gb_content_width":"","_jetpack_memberships_contains_paid_content":false,"footnotes":""},"categories":[90],"tags":[],"class_list":["post-3362","post","type-post","status-publish","format-standard","has-post-thumbnail","hentry","category-noticias","et-has-post-format-content","et_post_format-et-post-format-standard"],"yoast_head":"<!-- This site is optimized with the Yoast SEO plugin v27.2 - https:\/\/yoast.com\/product\/yoast-seo-wordpress\/ -->\n<title>Eberspaecher lan\u00e7a tecnologia que restringe a contamina\u00e7\u00e3o do Covid-19 - Revista AutoBus<\/title>\n<meta name=\"robots\" content=\"index, follow, max-snippet:-1, max-image-preview:large, max-video-preview:-1\" \/>\n<link rel=\"canonical\" href=\"https:\/\/revistaautobus.com.br\/?p=3362\" \/>\n<meta property=\"og:locale\" content=\"pt_BR\" \/>\n<meta property=\"og:type\" content=\"article\" \/>\n<meta property=\"og:title\" content=\"Eberspaecher lan\u00e7a tecnologia que restringe a contamina\u00e7\u00e3o do Covid-19 - Revista AutoBus\" \/>\n<meta property=\"og:description\" content=\"As tecnologias s\u00e3o consideradas uma solu\u00e7\u00e3o ideal para inativar os v\u00edrus, proporcionando a purifica\u00e7\u00e3o completa do ar e um ambiente mais seguro, n\u00e3o apenas para os passageiros, mais para outros envolvidos com a opera\u00e7\u00e3o\" \/>\n<meta property=\"og:url\" content=\"https:\/\/revistaautobus.com.br\/?p=3362\" \/>\n<meta property=\"og:site_name\" content=\"Revista AutoBus\" \/>\n<meta property=\"article:publisher\" content=\"https:\/\/www.facebook.com\/antonio.ferro.3150\" \/>\n<meta property=\"article:published_time\" content=\"2021-02-23T12:48:00+00:00\" \/>\n<meta property=\"article:modified_time\" content=\"2021-06-26T15:43:55+00:00\" \/>\n<meta property=\"og:image\" content=\"https:\/\/revistaautobus.com.br\/wp-content\/uploads\/2021\/06\/eberspaecher-lanca-tecnologia-que-restringe-a-contaminacao-do-covid-19-1614084616.jpg\" \/>\n\t<meta property=\"og:image:width\" content=\"1200\" \/>\n\t<meta property=\"og:image:height\" content=\"628\" \/>\n\t<meta property=\"og:image:type\" content=\"image\/jpeg\" \/>\n<meta name=\"author\" content=\"Antonio Ferro\" \/>\n<meta name=\"twitter:card\" content=\"summary_large_image\" \/>\n<meta name=\"twitter:label1\" content=\"Escrito por\" \/>\n\t<meta name=\"twitter:data1\" content=\"Antonio Ferro\" \/>\n\t<meta name=\"twitter:label2\" content=\"Est. tempo de leitura\" \/>\n\t<meta name=\"twitter:data2\" content=\"2 minutos\" \/>\n<script type=\"application\/ld+json\" class=\"yoast-schema-graph\">{\"@context\":\"https:\/\/schema.org\",\"@graph\":[{\"@type\":\"Article\",\"@id\":\"https:\/\/revistaautobus.com.br\/?p=3362#article\",\"isPartOf\":{\"@id\":\"https:\/\/revistaautobus.com.br\/?p=3362\"},\"author\":{\"name\":\"Antonio Ferro\",\"@id\":\"https:\/\/revistaautobus.com.br\/#\/schema\/person\/54af7c3eb83a310e42ef686ef6d16f50\"},\"headline\":\"Eberspaecher lan\u00e7a tecnologia que restringe a contamina\u00e7\u00e3o do Covid-19\",\"datePublished\":\"2021-02-23T12:48:00+00:00\",\"dateModified\":\"2021-06-26T15:43:55+00:00\",\"mainEntityOfPage\":{\"@id\":\"https:\/\/revistaautobus.com.br\/?p=3362\"},\"wordCount\":348,\"commentCount\":0,\"publisher\":{\"@id\":\"https:\/\/revistaautobus.com.br\/#organization\"},\"image\":{\"@id\":\"https:\/\/revistaautobus.com.br\/?p=3362#primaryimage\"},\"thumbnailUrl\":\"https:\/\/revistaautobus.com.br\/wp-content\/uploads\/2021\/06\/eberspaecher-lanca-tecnologia-que-restringe-a-contaminacao-do-covid-19-1614084616.jpg\",\"articleSection\":[\"Not\u00edcias\"],\"inLanguage\":\"pt-BR\",\"potentialAction\":[{\"@type\":\"CommentAction\",\"name\":\"Comment\",\"target\":[\"https:\/\/revistaautobus.com.br\/?p=3362#respond\"]}]},{\"@type\":\"WebPage\",\"@id\":\"https:\/\/revistaautobus.com.br\/?p=3362\",\"url\":\"https:\/\/revistaautobus.com.br\/?p=3362\",\"name\":\"Eberspaecher lan\u00e7a tecnologia que restringe a contamina\u00e7\u00e3o do Covid-19 - Revista AutoBus\",\"isPartOf\":{\"@id\":\"https:\/\/revistaautobus.com.br\/#website\"},\"primaryImageOfPage\":{\"@id\":\"https:\/\/revistaautobus.com.br\/?p=3362#primaryimage\"},\"image\":{\"@id\":\"https:\/\/revistaautobus.com.br\/?p=3362#primaryimage\"},\"thumbnailUrl\":\"https:\/\/revistaautobus.com.br\/wp-content\/uploads\/2021\/06\/eberspaecher-lanca-tecnologia-que-restringe-a-contaminacao-do-covid-19-1614084616.jpg\",\"datePublished\":\"2021-02-23T12:48:00+00:00\",\"dateModified\":\"2021-06-26T15:43:55+00:00\",\"breadcrumb\":{\"@id\":\"https:\/\/revistaautobus.com.br\/?p=3362#breadcrumb\"},\"inLanguage\":\"pt-BR\",\"potentialAction\":[{\"@type\":\"ReadAction\",\"target\":[\"https:\/\/revistaautobus.com.br\/?p=3362\"]}]},{\"@type\":\"ImageObject\",\"inLanguage\":\"pt-BR\",\"@id\":\"https:\/\/revistaautobus.com.br\/?p=3362#primaryimage\",\"url\":\"https:\/\/revistaautobus.com.br\/wp-content\/uploads\/2021\/06\/eberspaecher-lanca-tecnologia-que-restringe-a-contaminacao-do-covid-19-1614084616.jpg\",\"contentUrl\":\"https:\/\/revistaautobus.com.br\/wp-content\/uploads\/2021\/06\/eberspaecher-lanca-tecnologia-que-restringe-a-contaminacao-do-covid-19-1614084616.jpg\",\"width\":1200,\"height\":628},{\"@type\":\"BreadcrumbList\",\"@id\":\"https:\/\/revistaautobus.com.br\/?p=3362#breadcrumb\",\"itemListElement\":[{\"@type\":\"ListItem\",\"position\":1,\"name\":\"In\u00edcio\",\"item\":\"https:\/\/revistaautobus.com.br\/\"},{\"@type\":\"ListItem\",\"position\":2,\"name\":\"Eberspaecher lan\u00e7a tecnologia que restringe a contamina\u00e7\u00e3o do Covid-19\"}]},{\"@type\":\"WebSite\",\"@id\":\"https:\/\/revistaautobus.com.br\/#website\",\"url\":\"https:\/\/revistaautobus.com.br\/\",\"name\":\"Revista AutoBus\",\"description\":\"\",\"publisher\":{\"@id\":\"https:\/\/revistaautobus.com.br\/#organization\"},\"potentialAction\":[{\"@type\":\"SearchAction\",\"target\":{\"@type\":\"EntryPoint\",\"urlTemplate\":\"https:\/\/revistaautobus.com.br\/?s={search_term_string}\"},\"query-input\":{\"@type\":\"PropertyValueSpecification\",\"valueRequired\":true,\"valueName\":\"search_term_string\"}}],\"inLanguage\":\"pt-BR\"},{\"@type\":\"Organization\",\"@id\":\"https:\/\/revistaautobus.com.br\/#organization\",\"name\":\"Revista AutoBus\",\"url\":\"https:\/\/revistaautobus.com.br\/\",\"logo\":{\"@type\":\"ImageObject\",\"inLanguage\":\"pt-BR\",\"@id\":\"https:\/\/revistaautobus.com.br\/#\/schema\/logo\/image\/\",\"url\":\"https:\/\/revistaautobus.com.br\/wp-content\/uploads\/2024\/11\/logo_revista_autobus_fb.png\",\"contentUrl\":\"https:\/\/revistaautobus.com.br\/wp-content\/uploads\/2024\/11\/logo_revista_autobus_fb.png\",\"width\":836,\"height\":227,\"caption\":\"Revista AutoBus\"},\"image\":{\"@id\":\"https:\/\/revistaautobus.com.br\/#\/schema\/logo\/image\/\"},\"sameAs\":[\"https:\/\/www.facebook.com\/antonio.ferro.3150\",\"https:\/\/www.instagram.com\/revistaautobus\/\"]},{\"@type\":\"Person\",\"@id\":\"https:\/\/revistaautobus.com.br\/#\/schema\/person\/54af7c3eb83a310e42ef686ef6d16f50\",\"name\":\"Antonio Ferro\",\"image\":{\"@type\":\"ImageObject\",\"inLanguage\":\"pt-BR\",\"@id\":\"https:\/\/revistaautobus.com.br\/wp-content\/uploads\/2025\/12\/editor_antonio_ferro-150x150.jpg\",\"url\":\"https:\/\/revistaautobus.com.br\/wp-content\/uploads\/2025\/12\/editor_antonio_ferro-150x150.jpg\",\"contentUrl\":\"https:\/\/revistaautobus.com.br\/wp-content\/uploads\/2025\/12\/editor_antonio_ferro-150x150.jpg\",\"caption\":\"Antonio Ferro\"},\"description\":\"infobus@uol.com.br\",\"url\":\"https:\/\/revistaautobus.com.br\/?author=2\"}]}<\/script>\n<!-- \/ Yoast SEO plugin. -->","yoast_head_json":{"title":"Eberspaecher lan\u00e7a tecnologia que restringe a contamina\u00e7\u00e3o do Covid-19 - Revista AutoBus","robots":{"index":"index","follow":"follow","max-snippet":"max-snippet:-1","max-image-preview":"max-image-preview:large","max-video-preview":"max-video-preview:-1"},"canonical":"https:\/\/revistaautobus.com.br\/?p=3362","og_locale":"pt_BR","og_type":"article","og_title":"Eberspaecher lan\u00e7a tecnologia que restringe a contamina\u00e7\u00e3o do Covid-19 - Revista AutoBus","og_description":"As tecnologias s\u00e3o consideradas uma solu\u00e7\u00e3o ideal para inativar os v\u00edrus, proporcionando a purifica\u00e7\u00e3o completa do ar e um ambiente mais seguro, n\u00e3o apenas para os passageiros, mais para outros envolvidos com a opera\u00e7\u00e3o","og_url":"https:\/\/revistaautobus.com.br\/?p=3362","og_site_name":"Revista AutoBus","article_publisher":"https:\/\/www.facebook.com\/antonio.ferro.3150","article_published_time":"2021-02-23T12:48:00+00:00","article_modified_time":"2021-06-26T15:43:55+00:00","og_image":[{"width":1200,"height":628,"url":"https:\/\/revistaautobus.com.br\/wp-content\/uploads\/2021\/06\/eberspaecher-lanca-tecnologia-que-restringe-a-contaminacao-do-covid-19-1614084616.jpg","type":"image\/jpeg"}],"author":"Antonio Ferro","twitter_card":"summary_large_image","twitter_misc":{"Escrito por":"Antonio Ferro","Est. tempo de leitura":"2 minutos"},"schema":{"@context":"https:\/\/schema.org","@graph":[{"@type":"Article","@id":"https:\/\/revistaautobus.com.br\/?p=3362#article","isPartOf":{"@id":"https:\/\/revistaautobus.com.br\/?p=3362"},"author":{"name":"Antonio Ferro","@id":"https:\/\/revistaautobus.com.br\/#\/schema\/person\/54af7c3eb83a310e42ef686ef6d16f50"},"headline":"Eberspaecher lan\u00e7a tecnologia que restringe a contamina\u00e7\u00e3o do Covid-19","datePublished":"2021-02-23T12:48:00+00:00","dateModified":"2021-06-26T15:43:55+00:00","mainEntityOfPage":{"@id":"https:\/\/revistaautobus.com.br\/?p=3362"},"wordCount":348,"commentCount":0,"publisher":{"@id":"https:\/\/revistaautobus.com.br\/#organization"},"image":{"@id":"https:\/\/revistaautobus.com.br\/?p=3362#primaryimage"},"thumbnailUrl":"https:\/\/revistaautobus.com.br\/wp-content\/uploads\/2021\/06\/eberspaecher-lanca-tecnologia-que-restringe-a-contaminacao-do-covid-19-1614084616.jpg","articleSection":["Not\u00edcias"],"inLanguage":"pt-BR","potentialAction":[{"@type":"CommentAction","name":"Comment","target":["https:\/\/revistaautobus.com.br\/?p=3362#respond"]}]},{"@type":"WebPage","@id":"https:\/\/revistaautobus.com.br\/?p=3362","url":"https:\/\/revistaautobus.com.br\/?p=3362","name":"Eberspaecher lan\u00e7a tecnologia que restringe a contamina\u00e7\u00e3o do Covid-19 - Revista AutoBus","isPartOf":{"@id":"https:\/\/revistaautobus.com.br\/#website"},"primaryImageOfPage":{"@id":"https:\/\/revistaautobus.com.br\/?p=3362#primaryimage"},"image":{"@id":"https:\/\/revistaautobus.com.br\/?p=3362#primaryimage"},"thumbnailUrl":"https:\/\/revistaautobus.com.br\/wp-content\/uploads\/2021\/06\/eberspaecher-lanca-tecnologia-que-restringe-a-contaminacao-do-covid-19-1614084616.jpg","datePublished":"2021-02-23T12:48:00+00:00","dateModified":"2021-06-26T15:43:55+00:00","breadcrumb":{"@id":"https:\/\/revistaautobus.com.br\/?p=3362#breadcrumb"},"inLanguage":"pt-BR","potentialAction":[{"@type":"ReadAction","target":["https:\/\/revistaautobus.com.br\/?p=3362"]}]},{"@type":"ImageObject","inLanguage":"pt-BR","@id":"https:\/\/revistaautobus.com.br\/?p=3362#primaryimage","url":"https:\/\/revistaautobus.com.br\/wp-content\/uploads\/2021\/06\/eberspaecher-lanca-tecnologia-que-restringe-a-contaminacao-do-covid-19-1614084616.jpg","contentUrl":"https:\/\/revistaautobus.com.br\/wp-content\/uploads\/2021\/06\/eberspaecher-lanca-tecnologia-que-restringe-a-contaminacao-do-covid-19-1614084616.jpg","width":1200,"height":628},{"@type":"BreadcrumbList","@id":"https:\/\/revistaautobus.com.br\/?p=3362#breadcrumb","itemListElement":[{"@type":"ListItem","position":1,"name":"In\u00edcio","item":"https:\/\/revistaautobus.com.br\/"},{"@type":"ListItem","position":2,"name":"Eberspaecher lan\u00e7a tecnologia que restringe a contamina\u00e7\u00e3o do Covid-19"}]},{"@type":"WebSite","@id":"https:\/\/revistaautobus.com.br\/#website","url":"https:\/\/revistaautobus.com.br\/","name":"Revista AutoBus","description":"","publisher":{"@id":"https:\/\/revistaautobus.com.br\/#organization"},"potentialAction":[{"@type":"SearchAction","target":{"@type":"EntryPoint","urlTemplate":"https:\/\/revistaautobus.com.br\/?s={search_term_string}"},"query-input":{"@type":"PropertyValueSpecification","valueRequired":true,"valueName":"search_term_string"}}],"inLanguage":"pt-BR"},{"@type":"Organization","@id":"https:\/\/revistaautobus.com.br\/#organization","name":"Revista AutoBus","url":"https:\/\/revistaautobus.com.br\/","logo":{"@type":"ImageObject","inLanguage":"pt-BR","@id":"https:\/\/revistaautobus.com.br\/#\/schema\/logo\/image\/","url":"https:\/\/revistaautobus.com.br\/wp-content\/uploads\/2024\/11\/logo_revista_autobus_fb.png","contentUrl":"https:\/\/revistaautobus.com.br\/wp-content\/uploads\/2024\/11\/logo_revista_autobus_fb.png","width":836,"height":227,"caption":"Revista AutoBus"},"image":{"@id":"https:\/\/revistaautobus.com.br\/#\/schema\/logo\/image\/"},"sameAs":["https:\/\/www.facebook.com\/antonio.ferro.3150","https:\/\/www.instagram.com\/revistaautobus\/"]},{"@type":"Person","@id":"https:\/\/revistaautobus.com.br\/#\/schema\/person\/54af7c3eb83a310e42ef686ef6d16f50","name":"Antonio Ferro","image":{"@type":"ImageObject","inLanguage":"pt-BR","@id":"https:\/\/revistaautobus.com.br\/wp-content\/uploads\/2025\/12\/editor_antonio_ferro-150x150.jpg","url":"https:\/\/revistaautobus.com.br\/wp-content\/uploads\/2025\/12\/editor_antonio_ferro-150x150.jpg","contentUrl":"https:\/\/revistaautobus.com.br\/wp-content\/uploads\/2025\/12\/editor_antonio_ferro-150x150.jpg","caption":"Antonio Ferro"},"description":"infobus@uol.com.br","url":"https:\/\/revistaautobus.com.br\/?author=2"}]}},"jetpack_featured_media_url":"https:\/\/revistaautobus.com.br\/wp-content\/uploads\/2021\/06\/eberspaecher-lanca-tecnologia-que-restringe-a-contaminacao-do-covid-19-1614084616.jpg","jetpack_sharing_enabled":true,"_links":{"self":[{"href":"https:\/\/revistaautobus.com.br\/index.php?rest_route=\/wp\/v2\/posts\/3362","targetHints":{"allow":["GET"]}}],"collection":[{"href":"https:\/\/revistaautobus.com.br\/index.php?rest_route=\/wp\/v2\/posts"}],"about":[{"href":"https:\/\/revistaautobus.com.br\/index.php?rest_route=\/wp\/v2\/types\/post"}],"author":[{"embeddable":true,"href":"https:\/\/revistaautobus.com.br\/index.php?rest_route=\/wp\/v2\/users\/2"}],"replies":[{"embeddable":true,"href":"https:\/\/revistaautobus.com.br\/index.php?rest_route=%2Fwp%2Fv2%2Fcomments&post=3362"}],"version-history":[{"count":1,"href":"https:\/\/revistaautobus.com.br\/index.php?rest_route=\/wp\/v2\/posts\/3362\/revisions"}],"predecessor-version":[{"id":3364,"href":"https:\/\/revistaautobus.com.br\/index.php?rest_route=\/wp\/v2\/posts\/3362\/revisions\/3364"}],"wp:featuredmedia":[{"embeddable":true,"href":"https:\/\/revistaautobus.com.br\/index.php?rest_route=\/wp\/v2\/media\/3363"}],"wp:attachment":[{"href":"https:\/\/revistaautobus.com.br\/index.php?rest_route=%2Fwp%2Fv2%2Fmedia&parent=3362"}],"wp:term":[{"taxonomy":"category","embeddable":true,"href":"https:\/\/revistaautobus.com.br\/index.php?rest_route=%2Fwp%2Fv2%2Fcategories&post=3362"},{"taxonomy":"post_tag","embeddable":true,"href":"https:\/\/revistaautobus.com.br\/index.php?rest_route=%2Fwp%2Fv2%2Ftags&post=3362"}],"curies":[{"name":"wp","href":"https:\/\/api.w.org\/{rel}","templated":true}]}}