{"id":3365,"date":"2021-02-23T09:51:00","date_gmt":"2021-02-23T12:51:00","guid":{"rendered":"https:\/\/vila8.com.br\/clientes\/autobus\/?p=3365"},"modified":"2021-06-26T12:44:36","modified_gmt":"2021-06-26T15:44:36","slug":"na-australia-um-onibus-com-jeito-de-metro","status":"publish","type":"post","link":"https:\/\/revistaautobus.com.br\/?p=3365","title":{"rendered":"Na Austr\u00e1lia, um \u00f4nibus com jeito de metr\u00f4"},"content":{"rendered":"\n<p>Metronizar as opera\u00e7\u00f5es dos \u00f4nibus urbanos \u00e9 uma solu\u00e7\u00e3o defendida h\u00e1 muitos anos pelo criador do sistema de BRT (Tr\u00e2nsito R\u00e1pido de \u00d4nibus), o paranaense Jayme Lerner. Esse termo nada mais \u00e9 que proporcionar ao modal sobre pneus as mesmas condi\u00e7\u00f5es encontradas na opera\u00e7\u00e3o sobre trilhos ou seja, prioridade e tratamento diferenciado nos servi\u00e7os. E a cidade australiana de Brisbane apostou nesse conceito ao apresentar seus planos para a implanta\u00e7\u00e3o de um sistema com total exclusividade ao \u00f4nibus.<\/p>\n\n\n\n<p>Com mais de um milh\u00e3o de habitantes, a capital do estado de Queensland anunciou seu projeto de modelagem urbana, sendo financiado em parceria com o governo australiano e que transformar\u00e1 a rede de transporte p\u00fablico local. A primeira etapa do Metr\u00f4 de Brisbane, como ser\u00e1 conhecido esse novo sistema, est\u00e1 em andamento e ter\u00e1 21 quil\u00f4metros de extens\u00e3o, conectando 18 esta\u00e7\u00f5es entre Eight Mile Plains e Roma Street, e Royal Brisbane e Women&#8217;s Hospital e University of Queensland. Toda Brisbane se beneficiar\u00e1 de uma maior rede de transporte, com liga\u00e7\u00f5es f\u00e1ceis entre os servi\u00e7os de metr\u00f4, \u00f4nibus e trem. Al\u00e9m disso, a qualidade do ar e de vida dos habitantes locais ser\u00e3o ressaltados.<\/p>\n\n\n\n<p>Para isso, ser\u00e3o utilizados ve\u00edculos totalmente el\u00e9tricos e de alta capacidade, que permitir\u00e3o mais op\u00e7\u00f5es de viagem integradas com os servi\u00e7os de \u00f4nibus e trens, construindo uma infraestrutura nova e melhorada e usando a melhor tecnologia. A nova frota utilizar\u00e1 60 \u00f4nibus biarticulados 100% el\u00e9tricos a baterias, que ser\u00e3o desenvolvidos pela fabricante su\u00ed\u00e7a Hess. Com capacidade para 170 passageiros, esses ve\u00edculos deixar\u00e3o de emitir, segundo a administra\u00e7\u00e3o p\u00fablica de Brisbane, 50.000 toneladas de gases de efeito estufa ao longo de 20 anos. As baterias ser\u00e3o recarregadas durante a opera\u00e7\u00e3o, em modo r\u00e1pido (menos de seis minutos) por sistemas localizados nas extremidades dessa primeira rota.<\/p>\n\n\n\n<p>Os novos \u00f4nibus ter\u00e3o um design externo atraente e moderno. Tamb\u00e9m possuir\u00e3o tr\u00eas grandes portas duplas ao longo do comprimento do ve\u00edculo para embarque mais r\u00e1pido, portas USB, conex\u00e3o de internet via Wi-Fi e sistema de informa\u00e7\u00f5es aos passageiros sobre paradas e rotas.<\/p>\n\n\n\n<p>Imagem &#8211; Brisbane Council<\/p>\n","protected":false},"excerpt":{"rendered":"<p>Com mais de um milh\u00e3o de habitantes, a capital do estado de Queensland anunciou seu projeto de modelagem urbana, sendo financiado em parceria com o governo australiano e que transformar\u00e1 a rede de transporte p\u00fablico local<\/p>\n","protected":false},"author":2,"featured_media":3366,"comment_status":"open","ping_status":"open","sticky":false,"template":"","format":"standard","meta":{"_et_pb_use_builder":"off","_et_pb_old_content":"","_et_gb_content_width":"","_jetpack_memberships_contains_paid_content":false,"footnotes":""},"categories":[90],"tags":[],"class_list":["post-3365","post","type-post","status-publish","format-standard","has-post-thumbnail","hentry","category-noticias","et-has-post-format-content","et_post_format-et-post-format-standard"],"yoast_head":"<!-- This site is optimized with the Yoast SEO plugin v27.2 - https:\/\/yoast.com\/product\/yoast-seo-wordpress\/ -->\n<title>Na Austr\u00e1lia, um \u00f4nibus com jeito de metr\u00f4 - Revista AutoBus<\/title>\n<meta name=\"robots\" content=\"index, follow, max-snippet:-1, max-image-preview:large, max-video-preview:-1\" \/>\n<link rel=\"canonical\" href=\"https:\/\/revistaautobus.com.br\/?p=3365\" \/>\n<meta property=\"og:locale\" content=\"pt_BR\" \/>\n<meta property=\"og:type\" content=\"article\" \/>\n<meta property=\"og:title\" content=\"Na Austr\u00e1lia, um \u00f4nibus com jeito de metr\u00f4 - Revista AutoBus\" \/>\n<meta property=\"og:description\" content=\"Com mais de um milh\u00e3o de habitantes, a capital do estado de Queensland anunciou seu projeto de modelagem urbana, sendo financiado em parceria com o governo australiano e que transformar\u00e1 a rede de transporte p\u00fablico local\" \/>\n<meta property=\"og:url\" content=\"https:\/\/revistaautobus.com.br\/?p=3365\" \/>\n<meta property=\"og:site_name\" content=\"Revista AutoBus\" \/>\n<meta property=\"article:publisher\" content=\"https:\/\/www.facebook.com\/antonio.ferro.3150\" \/>\n<meta property=\"article:published_time\" content=\"2021-02-23T12:51:00+00:00\" \/>\n<meta property=\"article:modified_time\" content=\"2021-06-26T15:44:36+00:00\" \/>\n<meta property=\"og:image\" content=\"https:\/\/revistaautobus.com.br\/wp-content\/uploads\/2021\/06\/na-australia-um-onibus-com-jeito-de-metro-1614084955.jpg\" \/>\n\t<meta property=\"og:image:width\" content=\"1200\" \/>\n\t<meta property=\"og:image:height\" content=\"628\" \/>\n\t<meta property=\"og:image:type\" content=\"image\/jpeg\" \/>\n<meta name=\"author\" content=\"Antonio Ferro\" \/>\n<meta name=\"twitter:card\" content=\"summary_large_image\" \/>\n<meta name=\"twitter:label1\" content=\"Escrito por\" \/>\n\t<meta name=\"twitter:data1\" content=\"Antonio Ferro\" \/>\n\t<meta name=\"twitter:label2\" content=\"Est. tempo de leitura\" \/>\n\t<meta name=\"twitter:data2\" content=\"2 minutos\" \/>\n<script type=\"application\/ld+json\" class=\"yoast-schema-graph\">{\"@context\":\"https:\/\/schema.org\",\"@graph\":[{\"@type\":\"Article\",\"@id\":\"https:\/\/revistaautobus.com.br\/?p=3365#article\",\"isPartOf\":{\"@id\":\"https:\/\/revistaautobus.com.br\/?p=3365\"},\"author\":{\"name\":\"Antonio Ferro\",\"@id\":\"https:\/\/revistaautobus.com.br\/#\/schema\/person\/54af7c3eb83a310e42ef686ef6d16f50\"},\"headline\":\"Na Austr\u00e1lia, um \u00f4nibus com jeito de metr\u00f4\",\"datePublished\":\"2021-02-23T12:51:00+00:00\",\"dateModified\":\"2021-06-26T15:44:36+00:00\",\"mainEntityOfPage\":{\"@id\":\"https:\/\/revistaautobus.com.br\/?p=3365\"},\"wordCount\":385,\"commentCount\":0,\"publisher\":{\"@id\":\"https:\/\/revistaautobus.com.br\/#organization\"},\"image\":{\"@id\":\"https:\/\/revistaautobus.com.br\/?p=3365#primaryimage\"},\"thumbnailUrl\":\"https:\/\/revistaautobus.com.br\/wp-content\/uploads\/2021\/06\/na-australia-um-onibus-com-jeito-de-metro-1614084955.jpg\",\"articleSection\":[\"Not\u00edcias\"],\"inLanguage\":\"pt-BR\",\"potentialAction\":[{\"@type\":\"CommentAction\",\"name\":\"Comment\",\"target\":[\"https:\/\/revistaautobus.com.br\/?p=3365#respond\"]}]},{\"@type\":\"WebPage\",\"@id\":\"https:\/\/revistaautobus.com.br\/?p=3365\",\"url\":\"https:\/\/revistaautobus.com.br\/?p=3365\",\"name\":\"Na Austr\u00e1lia, um \u00f4nibus com jeito de metr\u00f4 - Revista AutoBus\",\"isPartOf\":{\"@id\":\"https:\/\/revistaautobus.com.br\/#website\"},\"primaryImageOfPage\":{\"@id\":\"https:\/\/revistaautobus.com.br\/?p=3365#primaryimage\"},\"image\":{\"@id\":\"https:\/\/revistaautobus.com.br\/?p=3365#primaryimage\"},\"thumbnailUrl\":\"https:\/\/revistaautobus.com.br\/wp-content\/uploads\/2021\/06\/na-australia-um-onibus-com-jeito-de-metro-1614084955.jpg\",\"datePublished\":\"2021-02-23T12:51:00+00:00\",\"dateModified\":\"2021-06-26T15:44:36+00:00\",\"breadcrumb\":{\"@id\":\"https:\/\/revistaautobus.com.br\/?p=3365#breadcrumb\"},\"inLanguage\":\"pt-BR\",\"potentialAction\":[{\"@type\":\"ReadAction\",\"target\":[\"https:\/\/revistaautobus.com.br\/?p=3365\"]}]},{\"@type\":\"ImageObject\",\"inLanguage\":\"pt-BR\",\"@id\":\"https:\/\/revistaautobus.com.br\/?p=3365#primaryimage\",\"url\":\"https:\/\/revistaautobus.com.br\/wp-content\/uploads\/2021\/06\/na-australia-um-onibus-com-jeito-de-metro-1614084955.jpg\",\"contentUrl\":\"https:\/\/revistaautobus.com.br\/wp-content\/uploads\/2021\/06\/na-australia-um-onibus-com-jeito-de-metro-1614084955.jpg\",\"width\":1200,\"height\":628},{\"@type\":\"BreadcrumbList\",\"@id\":\"https:\/\/revistaautobus.com.br\/?p=3365#breadcrumb\",\"itemListElement\":[{\"@type\":\"ListItem\",\"position\":1,\"name\":\"In\u00edcio\",\"item\":\"https:\/\/revistaautobus.com.br\/\"},{\"@type\":\"ListItem\",\"position\":2,\"name\":\"Na Austr\u00e1lia, um \u00f4nibus com jeito de metr\u00f4\"}]},{\"@type\":\"WebSite\",\"@id\":\"https:\/\/revistaautobus.com.br\/#website\",\"url\":\"https:\/\/revistaautobus.com.br\/\",\"name\":\"Revista AutoBus\",\"description\":\"\",\"publisher\":{\"@id\":\"https:\/\/revistaautobus.com.br\/#organization\"},\"potentialAction\":[{\"@type\":\"SearchAction\",\"target\":{\"@type\":\"EntryPoint\",\"urlTemplate\":\"https:\/\/revistaautobus.com.br\/?s={search_term_string}\"},\"query-input\":{\"@type\":\"PropertyValueSpecification\",\"valueRequired\":true,\"valueName\":\"search_term_string\"}}],\"inLanguage\":\"pt-BR\"},{\"@type\":\"Organization\",\"@id\":\"https:\/\/revistaautobus.com.br\/#organization\",\"name\":\"Revista AutoBus\",\"url\":\"https:\/\/revistaautobus.com.br\/\",\"logo\":{\"@type\":\"ImageObject\",\"inLanguage\":\"pt-BR\",\"@id\":\"https:\/\/revistaautobus.com.br\/#\/schema\/logo\/image\/\",\"url\":\"https:\/\/revistaautobus.com.br\/wp-content\/uploads\/2024\/11\/logo_revista_autobus_fb.png\",\"contentUrl\":\"https:\/\/revistaautobus.com.br\/wp-content\/uploads\/2024\/11\/logo_revista_autobus_fb.png\",\"width\":836,\"height\":227,\"caption\":\"Revista AutoBus\"},\"image\":{\"@id\":\"https:\/\/revistaautobus.com.br\/#\/schema\/logo\/image\/\"},\"sameAs\":[\"https:\/\/www.facebook.com\/antonio.ferro.3150\",\"https:\/\/www.instagram.com\/revistaautobus\/\"]},{\"@type\":\"Person\",\"@id\":\"https:\/\/revistaautobus.com.br\/#\/schema\/person\/54af7c3eb83a310e42ef686ef6d16f50\",\"name\":\"Antonio Ferro\",\"image\":{\"@type\":\"ImageObject\",\"inLanguage\":\"pt-BR\",\"@id\":\"https:\/\/revistaautobus.com.br\/wp-content\/uploads\/2025\/12\/editor_antonio_ferro-150x150.jpg\",\"url\":\"https:\/\/revistaautobus.com.br\/wp-content\/uploads\/2025\/12\/editor_antonio_ferro-150x150.jpg\",\"contentUrl\":\"https:\/\/revistaautobus.com.br\/wp-content\/uploads\/2025\/12\/editor_antonio_ferro-150x150.jpg\",\"caption\":\"Antonio Ferro\"},\"description\":\"infobus@uol.com.br\",\"url\":\"https:\/\/revistaautobus.com.br\/?author=2\"}]}<\/script>\n<!-- \/ Yoast SEO plugin. -->","yoast_head_json":{"title":"Na Austr\u00e1lia, um \u00f4nibus com jeito de metr\u00f4 - Revista AutoBus","robots":{"index":"index","follow":"follow","max-snippet":"max-snippet:-1","max-image-preview":"max-image-preview:large","max-video-preview":"max-video-preview:-1"},"canonical":"https:\/\/revistaautobus.com.br\/?p=3365","og_locale":"pt_BR","og_type":"article","og_title":"Na Austr\u00e1lia, um \u00f4nibus com jeito de metr\u00f4 - Revista AutoBus","og_description":"Com mais de um milh\u00e3o de habitantes, a capital do estado de Queensland anunciou seu projeto de modelagem urbana, sendo financiado em parceria com o governo australiano e que transformar\u00e1 a rede de transporte p\u00fablico local","og_url":"https:\/\/revistaautobus.com.br\/?p=3365","og_site_name":"Revista AutoBus","article_publisher":"https:\/\/www.facebook.com\/antonio.ferro.3150","article_published_time":"2021-02-23T12:51:00+00:00","article_modified_time":"2021-06-26T15:44:36+00:00","og_image":[{"width":1200,"height":628,"url":"https:\/\/revistaautobus.com.br\/wp-content\/uploads\/2021\/06\/na-australia-um-onibus-com-jeito-de-metro-1614084955.jpg","type":"image\/jpeg"}],"author":"Antonio Ferro","twitter_card":"summary_large_image","twitter_misc":{"Escrito por":"Antonio Ferro","Est. tempo de leitura":"2 minutos"},"schema":{"@context":"https:\/\/schema.org","@graph":[{"@type":"Article","@id":"https:\/\/revistaautobus.com.br\/?p=3365#article","isPartOf":{"@id":"https:\/\/revistaautobus.com.br\/?p=3365"},"author":{"name":"Antonio Ferro","@id":"https:\/\/revistaautobus.com.br\/#\/schema\/person\/54af7c3eb83a310e42ef686ef6d16f50"},"headline":"Na Austr\u00e1lia, um \u00f4nibus com jeito de metr\u00f4","datePublished":"2021-02-23T12:51:00+00:00","dateModified":"2021-06-26T15:44:36+00:00","mainEntityOfPage":{"@id":"https:\/\/revistaautobus.com.br\/?p=3365"},"wordCount":385,"commentCount":0,"publisher":{"@id":"https:\/\/revistaautobus.com.br\/#organization"},"image":{"@id":"https:\/\/revistaautobus.com.br\/?p=3365#primaryimage"},"thumbnailUrl":"https:\/\/revistaautobus.com.br\/wp-content\/uploads\/2021\/06\/na-australia-um-onibus-com-jeito-de-metro-1614084955.jpg","articleSection":["Not\u00edcias"],"inLanguage":"pt-BR","potentialAction":[{"@type":"CommentAction","name":"Comment","target":["https:\/\/revistaautobus.com.br\/?p=3365#respond"]}]},{"@type":"WebPage","@id":"https:\/\/revistaautobus.com.br\/?p=3365","url":"https:\/\/revistaautobus.com.br\/?p=3365","name":"Na Austr\u00e1lia, um \u00f4nibus com jeito de metr\u00f4 - Revista AutoBus","isPartOf":{"@id":"https:\/\/revistaautobus.com.br\/#website"},"primaryImageOfPage":{"@id":"https:\/\/revistaautobus.com.br\/?p=3365#primaryimage"},"image":{"@id":"https:\/\/revistaautobus.com.br\/?p=3365#primaryimage"},"thumbnailUrl":"https:\/\/revistaautobus.com.br\/wp-content\/uploads\/2021\/06\/na-australia-um-onibus-com-jeito-de-metro-1614084955.jpg","datePublished":"2021-02-23T12:51:00+00:00","dateModified":"2021-06-26T15:44:36+00:00","breadcrumb":{"@id":"https:\/\/revistaautobus.com.br\/?p=3365#breadcrumb"},"inLanguage":"pt-BR","potentialAction":[{"@type":"ReadAction","target":["https:\/\/revistaautobus.com.br\/?p=3365"]}]},{"@type":"ImageObject","inLanguage":"pt-BR","@id":"https:\/\/revistaautobus.com.br\/?p=3365#primaryimage","url":"https:\/\/revistaautobus.com.br\/wp-content\/uploads\/2021\/06\/na-australia-um-onibus-com-jeito-de-metro-1614084955.jpg","contentUrl":"https:\/\/revistaautobus.com.br\/wp-content\/uploads\/2021\/06\/na-australia-um-onibus-com-jeito-de-metro-1614084955.jpg","width":1200,"height":628},{"@type":"BreadcrumbList","@id":"https:\/\/revistaautobus.com.br\/?p=3365#breadcrumb","itemListElement":[{"@type":"ListItem","position":1,"name":"In\u00edcio","item":"https:\/\/revistaautobus.com.br\/"},{"@type":"ListItem","position":2,"name":"Na Austr\u00e1lia, um \u00f4nibus com jeito de metr\u00f4"}]},{"@type":"WebSite","@id":"https:\/\/revistaautobus.com.br\/#website","url":"https:\/\/revistaautobus.com.br\/","name":"Revista AutoBus","description":"","publisher":{"@id":"https:\/\/revistaautobus.com.br\/#organization"},"potentialAction":[{"@type":"SearchAction","target":{"@type":"EntryPoint","urlTemplate":"https:\/\/revistaautobus.com.br\/?s={search_term_string}"},"query-input":{"@type":"PropertyValueSpecification","valueRequired":true,"valueName":"search_term_string"}}],"inLanguage":"pt-BR"},{"@type":"Organization","@id":"https:\/\/revistaautobus.com.br\/#organization","name":"Revista AutoBus","url":"https:\/\/revistaautobus.com.br\/","logo":{"@type":"ImageObject","inLanguage":"pt-BR","@id":"https:\/\/revistaautobus.com.br\/#\/schema\/logo\/image\/","url":"https:\/\/revistaautobus.com.br\/wp-content\/uploads\/2024\/11\/logo_revista_autobus_fb.png","contentUrl":"https:\/\/revistaautobus.com.br\/wp-content\/uploads\/2024\/11\/logo_revista_autobus_fb.png","width":836,"height":227,"caption":"Revista AutoBus"},"image":{"@id":"https:\/\/revistaautobus.com.br\/#\/schema\/logo\/image\/"},"sameAs":["https:\/\/www.facebook.com\/antonio.ferro.3150","https:\/\/www.instagram.com\/revistaautobus\/"]},{"@type":"Person","@id":"https:\/\/revistaautobus.com.br\/#\/schema\/person\/54af7c3eb83a310e42ef686ef6d16f50","name":"Antonio Ferro","image":{"@type":"ImageObject","inLanguage":"pt-BR","@id":"https:\/\/revistaautobus.com.br\/wp-content\/uploads\/2025\/12\/editor_antonio_ferro-150x150.jpg","url":"https:\/\/revistaautobus.com.br\/wp-content\/uploads\/2025\/12\/editor_antonio_ferro-150x150.jpg","contentUrl":"https:\/\/revistaautobus.com.br\/wp-content\/uploads\/2025\/12\/editor_antonio_ferro-150x150.jpg","caption":"Antonio Ferro"},"description":"infobus@uol.com.br","url":"https:\/\/revistaautobus.com.br\/?author=2"}]}},"jetpack_featured_media_url":"https:\/\/revistaautobus.com.br\/wp-content\/uploads\/2021\/06\/na-australia-um-onibus-com-jeito-de-metro-1614084955.jpg","jetpack_sharing_enabled":true,"_links":{"self":[{"href":"https:\/\/revistaautobus.com.br\/index.php?rest_route=\/wp\/v2\/posts\/3365","targetHints":{"allow":["GET"]}}],"collection":[{"href":"https:\/\/revistaautobus.com.br\/index.php?rest_route=\/wp\/v2\/posts"}],"about":[{"href":"https:\/\/revistaautobus.com.br\/index.php?rest_route=\/wp\/v2\/types\/post"}],"author":[{"embeddable":true,"href":"https:\/\/revistaautobus.com.br\/index.php?rest_route=\/wp\/v2\/users\/2"}],"replies":[{"embeddable":true,"href":"https:\/\/revistaautobus.com.br\/index.php?rest_route=%2Fwp%2Fv2%2Fcomments&post=3365"}],"version-history":[{"count":1,"href":"https:\/\/revistaautobus.com.br\/index.php?rest_route=\/wp\/v2\/posts\/3365\/revisions"}],"predecessor-version":[{"id":3367,"href":"https:\/\/revistaautobus.com.br\/index.php?rest_route=\/wp\/v2\/posts\/3365\/revisions\/3367"}],"wp:featuredmedia":[{"embeddable":true,"href":"https:\/\/revistaautobus.com.br\/index.php?rest_route=\/wp\/v2\/media\/3366"}],"wp:attachment":[{"href":"https:\/\/revistaautobus.com.br\/index.php?rest_route=%2Fwp%2Fv2%2Fmedia&parent=3365"}],"wp:term":[{"taxonomy":"category","embeddable":true,"href":"https:\/\/revistaautobus.com.br\/index.php?rest_route=%2Fwp%2Fv2%2Fcategories&post=3365"},{"taxonomy":"post_tag","embeddable":true,"href":"https:\/\/revistaautobus.com.br\/index.php?rest_route=%2Fwp%2Fv2%2Ftags&post=3365"}],"curies":[{"name":"wp","href":"https:\/\/api.w.org\/{rel}","templated":true}]}}