{"id":3371,"date":"2021-03-01T08:12:00","date_gmt":"2021-03-01T11:12:00","guid":{"rendered":"https:\/\/vila8.com.br\/clientes\/autobus\/?p=3371"},"modified":"2021-06-26T12:46:25","modified_gmt":"2021-06-26T15:46:25","slug":"fabricantes-apostam-no-hidrogenio","status":"publish","type":"post","link":"https:\/\/revistaautobus.com.br\/?p=3371","title":{"rendered":"Fabricantes apostam no hidrog\u00eanio"},"content":{"rendered":"\n<p>A produtora brit\u00e2nica Alexander Dennis (ADL) revelou h\u00e1 poucos dias que a sua futura gera\u00e7\u00e3o de \u00f4nibus urbanos com dois pavimentos ter\u00e1 a tra\u00e7\u00e3o el\u00e9trica vinda das c\u00e9lulas a combust\u00edvel, com uma autonomia de 480 quil\u00f4metros, \u00edndice expressivo e adequado \u00e0s opera\u00e7\u00f5es em cidades. Projetado na Gr\u00e3-Bretanha, o Double Decker a hidrog\u00eanio receber\u00e1 o nome de projeto H2.0 e deve estar em opera\u00e7\u00e3o antes do final deste ano. A fabricante apoia o desenvolvimento de novas tecnologias para ve\u00edculos limpos e impulsiona a economia de hidrog\u00eanio do Reino Unido, ao mesmo tempo em que atende as metas governamentais para a redu\u00e7\u00e3o das emiss\u00f5es poluentes, por meio da eletrifica\u00e7\u00e3o.<\/p>\n\n\n\n<p>O conceito H2.0 \u00e9 a plataforma de hidrog\u00eanio de segunda gera\u00e7\u00e3o da ADL, que incorpora os conhecimentos alcan\u00e7ados por testes nacionais para estabelecer novos padr\u00f5es de alcance e efici\u00eancia operacional. A tecnologia baseia-se em mais de 25 anos de experi\u00eancia em hidrog\u00eanio da New Flyer, outra subsidi\u00e1ria do NFI Group e uma das pioneiras globais em \u00f4nibus com esse tipo de tra\u00e7\u00e3o.<\/p>\n\n\n\n<p>O futuro ve\u00edculo ter\u00e1 um design integral que equilibra perfeitamente o peso e maximiza o espa\u00e7o. Ele ser\u00e1 alimentado por um m\u00f3dulo de energia de c\u00e9lula a combust\u00edvel da marca Ballard, l\u00edder mundial, que minimiza o consumo de combust\u00edvel e maximizam o desempenho para o menor custo total de propriedade. O sistema de tra\u00e7\u00e3o utilizar\u00e1 a mais recente tecnologia da Voith com o Sistema de Acionamento El\u00e9trico (VEDS). O conceito produzir\u00e1 eletricidade extra por meio do sistema de frenagem regenerativa, al\u00e9m de ter o gerenciamento t\u00e9rmico avan\u00e7ado, que usa o excesso de calor das c\u00e9lulas de combust\u00edvel e linha de acionamento para aquecer o ve\u00edculo, minimizando a necessidade adicional de energia. &#8220;O H2.0 ser\u00e1 um marco para a tecnologia de emiss\u00e3o zero, com efici\u00eancia inigual\u00e1vel que d\u00e1 um perfeito alcance para as rotas de alta quilometragem que a tecnologia da bateria n\u00e3o oferece. Projetado e constru\u00eddo na Gr\u00e3-Bretanha, nosso \u00f4nibus de hidrog\u00eanio de pr\u00f3xima gera\u00e7\u00e3o reter\u00e1 o investimento em nossa economia e aumentar\u00e1 as habilidades em tecnologia de ve\u00edculos limpos, um setor crucial para o desenvolvimento futuro, j\u00e1 que o Reino Unido visa zerar suas emiss\u00f5es at\u00e9 2050&#8221;, ressaltou o presidente e diretor-geral da ADL, Paul Davies.<\/p>\n\n\n\n<p>Imagem &#8211; Divulga\u00e7\u00e3o<\/p>\n","protected":false},"excerpt":{"rendered":"<p>O futuro ve\u00edculo ter\u00e1 um design integral que equilibra perfeitamente o peso e maximiza o espa\u00e7o. Ele ser\u00e1 alimentado por um m\u00f3dulo de energia de c\u00e9lula a combust\u00edvel da marca Ballard<\/p>\n","protected":false},"author":2,"featured_media":3372,"comment_status":"open","ping_status":"open","sticky":false,"template":"","format":"standard","meta":{"_et_pb_use_builder":"off","_et_pb_old_content":"","_et_gb_content_width":"","_jetpack_memberships_contains_paid_content":false,"footnotes":""},"categories":[90],"tags":[],"class_list":["post-3371","post","type-post","status-publish","format-standard","has-post-thumbnail","hentry","category-noticias","et-has-post-format-content","et_post_format-et-post-format-standard"],"yoast_head":"<!-- This site is optimized with the Yoast SEO plugin v27.2 - https:\/\/yoast.com\/product\/yoast-seo-wordpress\/ -->\n<title>Fabricantes apostam no hidrog\u00eanio - Revista AutoBus<\/title>\n<meta name=\"robots\" content=\"index, follow, max-snippet:-1, max-image-preview:large, max-video-preview:-1\" \/>\n<link rel=\"canonical\" href=\"https:\/\/revistaautobus.com.br\/?p=3371\" \/>\n<meta property=\"og:locale\" content=\"pt_BR\" \/>\n<meta property=\"og:type\" content=\"article\" \/>\n<meta property=\"og:title\" content=\"Fabricantes apostam no hidrog\u00eanio - Revista AutoBus\" \/>\n<meta property=\"og:description\" content=\"O futuro ve\u00edculo ter\u00e1 um design integral que equilibra perfeitamente o peso e maximiza o espa\u00e7o. Ele ser\u00e1 alimentado por um m\u00f3dulo de energia de c\u00e9lula a combust\u00edvel da marca Ballard\" \/>\n<meta property=\"og:url\" content=\"https:\/\/revistaautobus.com.br\/?p=3371\" \/>\n<meta property=\"og:site_name\" content=\"Revista AutoBus\" \/>\n<meta property=\"article:publisher\" content=\"https:\/\/www.facebook.com\/antonio.ferro.3150\" \/>\n<meta property=\"article:published_time\" content=\"2021-03-01T11:12:00+00:00\" \/>\n<meta property=\"article:modified_time\" content=\"2021-06-26T15:46:25+00:00\" \/>\n<meta property=\"og:image\" content=\"https:\/\/revistaautobus.com.br\/wp-content\/uploads\/2021\/06\/fabricantes-apostam-no-hidrogenio-1614597187.jpg\" \/>\n\t<meta property=\"og:image:width\" content=\"1200\" \/>\n\t<meta property=\"og:image:height\" content=\"628\" \/>\n\t<meta property=\"og:image:type\" content=\"image\/jpeg\" \/>\n<meta name=\"author\" content=\"Antonio Ferro\" \/>\n<meta name=\"twitter:card\" content=\"summary_large_image\" \/>\n<meta name=\"twitter:label1\" content=\"Escrito por\" \/>\n\t<meta name=\"twitter:data1\" content=\"Antonio Ferro\" \/>\n\t<meta name=\"twitter:label2\" content=\"Est. tempo de leitura\" \/>\n\t<meta name=\"twitter:data2\" content=\"2 minutos\" \/>\n<script type=\"application\/ld+json\" class=\"yoast-schema-graph\">{\"@context\":\"https:\/\/schema.org\",\"@graph\":[{\"@type\":\"Article\",\"@id\":\"https:\/\/revistaautobus.com.br\/?p=3371#article\",\"isPartOf\":{\"@id\":\"https:\/\/revistaautobus.com.br\/?p=3371\"},\"author\":{\"name\":\"Antonio Ferro\",\"@id\":\"https:\/\/revistaautobus.com.br\/#\/schema\/person\/54af7c3eb83a310e42ef686ef6d16f50\"},\"headline\":\"Fabricantes apostam no hidrog\u00eanio\",\"datePublished\":\"2021-03-01T11:12:00+00:00\",\"dateModified\":\"2021-06-26T15:46:25+00:00\",\"mainEntityOfPage\":{\"@id\":\"https:\/\/revistaautobus.com.br\/?p=3371\"},\"wordCount\":422,\"commentCount\":0,\"publisher\":{\"@id\":\"https:\/\/revistaautobus.com.br\/#organization\"},\"image\":{\"@id\":\"https:\/\/revistaautobus.com.br\/?p=3371#primaryimage\"},\"thumbnailUrl\":\"https:\/\/revistaautobus.com.br\/wp-content\/uploads\/2021\/06\/fabricantes-apostam-no-hidrogenio-1614597187.jpg\",\"articleSection\":[\"Not\u00edcias\"],\"inLanguage\":\"pt-BR\",\"potentialAction\":[{\"@type\":\"CommentAction\",\"name\":\"Comment\",\"target\":[\"https:\/\/revistaautobus.com.br\/?p=3371#respond\"]}]},{\"@type\":\"WebPage\",\"@id\":\"https:\/\/revistaautobus.com.br\/?p=3371\",\"url\":\"https:\/\/revistaautobus.com.br\/?p=3371\",\"name\":\"Fabricantes apostam no hidrog\u00eanio - Revista AutoBus\",\"isPartOf\":{\"@id\":\"https:\/\/revistaautobus.com.br\/#website\"},\"primaryImageOfPage\":{\"@id\":\"https:\/\/revistaautobus.com.br\/?p=3371#primaryimage\"},\"image\":{\"@id\":\"https:\/\/revistaautobus.com.br\/?p=3371#primaryimage\"},\"thumbnailUrl\":\"https:\/\/revistaautobus.com.br\/wp-content\/uploads\/2021\/06\/fabricantes-apostam-no-hidrogenio-1614597187.jpg\",\"datePublished\":\"2021-03-01T11:12:00+00:00\",\"dateModified\":\"2021-06-26T15:46:25+00:00\",\"breadcrumb\":{\"@id\":\"https:\/\/revistaautobus.com.br\/?p=3371#breadcrumb\"},\"inLanguage\":\"pt-BR\",\"potentialAction\":[{\"@type\":\"ReadAction\",\"target\":[\"https:\/\/revistaautobus.com.br\/?p=3371\"]}]},{\"@type\":\"ImageObject\",\"inLanguage\":\"pt-BR\",\"@id\":\"https:\/\/revistaautobus.com.br\/?p=3371#primaryimage\",\"url\":\"https:\/\/revistaautobus.com.br\/wp-content\/uploads\/2021\/06\/fabricantes-apostam-no-hidrogenio-1614597187.jpg\",\"contentUrl\":\"https:\/\/revistaautobus.com.br\/wp-content\/uploads\/2021\/06\/fabricantes-apostam-no-hidrogenio-1614597187.jpg\",\"width\":1200,\"height\":628},{\"@type\":\"BreadcrumbList\",\"@id\":\"https:\/\/revistaautobus.com.br\/?p=3371#breadcrumb\",\"itemListElement\":[{\"@type\":\"ListItem\",\"position\":1,\"name\":\"In\u00edcio\",\"item\":\"https:\/\/revistaautobus.com.br\/\"},{\"@type\":\"ListItem\",\"position\":2,\"name\":\"Fabricantes apostam no hidrog\u00eanio\"}]},{\"@type\":\"WebSite\",\"@id\":\"https:\/\/revistaautobus.com.br\/#website\",\"url\":\"https:\/\/revistaautobus.com.br\/\",\"name\":\"Revista AutoBus\",\"description\":\"\",\"publisher\":{\"@id\":\"https:\/\/revistaautobus.com.br\/#organization\"},\"potentialAction\":[{\"@type\":\"SearchAction\",\"target\":{\"@type\":\"EntryPoint\",\"urlTemplate\":\"https:\/\/revistaautobus.com.br\/?s={search_term_string}\"},\"query-input\":{\"@type\":\"PropertyValueSpecification\",\"valueRequired\":true,\"valueName\":\"search_term_string\"}}],\"inLanguage\":\"pt-BR\"},{\"@type\":\"Organization\",\"@id\":\"https:\/\/revistaautobus.com.br\/#organization\",\"name\":\"Revista AutoBus\",\"url\":\"https:\/\/revistaautobus.com.br\/\",\"logo\":{\"@type\":\"ImageObject\",\"inLanguage\":\"pt-BR\",\"@id\":\"https:\/\/revistaautobus.com.br\/#\/schema\/logo\/image\/\",\"url\":\"https:\/\/revistaautobus.com.br\/wp-content\/uploads\/2024\/11\/logo_revista_autobus_fb.png\",\"contentUrl\":\"https:\/\/revistaautobus.com.br\/wp-content\/uploads\/2024\/11\/logo_revista_autobus_fb.png\",\"width\":836,\"height\":227,\"caption\":\"Revista AutoBus\"},\"image\":{\"@id\":\"https:\/\/revistaautobus.com.br\/#\/schema\/logo\/image\/\"},\"sameAs\":[\"https:\/\/www.facebook.com\/antonio.ferro.3150\",\"https:\/\/www.instagram.com\/revistaautobus\/\"]},{\"@type\":\"Person\",\"@id\":\"https:\/\/revistaautobus.com.br\/#\/schema\/person\/54af7c3eb83a310e42ef686ef6d16f50\",\"name\":\"Antonio Ferro\",\"image\":{\"@type\":\"ImageObject\",\"inLanguage\":\"pt-BR\",\"@id\":\"https:\/\/revistaautobus.com.br\/wp-content\/uploads\/2025\/12\/editor_antonio_ferro-150x150.jpg\",\"url\":\"https:\/\/revistaautobus.com.br\/wp-content\/uploads\/2025\/12\/editor_antonio_ferro-150x150.jpg\",\"contentUrl\":\"https:\/\/revistaautobus.com.br\/wp-content\/uploads\/2025\/12\/editor_antonio_ferro-150x150.jpg\",\"caption\":\"Antonio Ferro\"},\"description\":\"infobus@uol.com.br\",\"url\":\"https:\/\/revistaautobus.com.br\/?author=2\"}]}<\/script>\n<!-- \/ Yoast SEO plugin. -->","yoast_head_json":{"title":"Fabricantes apostam no hidrog\u00eanio - Revista AutoBus","robots":{"index":"index","follow":"follow","max-snippet":"max-snippet:-1","max-image-preview":"max-image-preview:large","max-video-preview":"max-video-preview:-1"},"canonical":"https:\/\/revistaautobus.com.br\/?p=3371","og_locale":"pt_BR","og_type":"article","og_title":"Fabricantes apostam no hidrog\u00eanio - Revista AutoBus","og_description":"O futuro ve\u00edculo ter\u00e1 um design integral que equilibra perfeitamente o peso e maximiza o espa\u00e7o. Ele ser\u00e1 alimentado por um m\u00f3dulo de energia de c\u00e9lula a combust\u00edvel da marca Ballard","og_url":"https:\/\/revistaautobus.com.br\/?p=3371","og_site_name":"Revista AutoBus","article_publisher":"https:\/\/www.facebook.com\/antonio.ferro.3150","article_published_time":"2021-03-01T11:12:00+00:00","article_modified_time":"2021-06-26T15:46:25+00:00","og_image":[{"width":1200,"height":628,"url":"https:\/\/revistaautobus.com.br\/wp-content\/uploads\/2021\/06\/fabricantes-apostam-no-hidrogenio-1614597187.jpg","type":"image\/jpeg"}],"author":"Antonio Ferro","twitter_card":"summary_large_image","twitter_misc":{"Escrito por":"Antonio Ferro","Est. tempo de leitura":"2 minutos"},"schema":{"@context":"https:\/\/schema.org","@graph":[{"@type":"Article","@id":"https:\/\/revistaautobus.com.br\/?p=3371#article","isPartOf":{"@id":"https:\/\/revistaautobus.com.br\/?p=3371"},"author":{"name":"Antonio Ferro","@id":"https:\/\/revistaautobus.com.br\/#\/schema\/person\/54af7c3eb83a310e42ef686ef6d16f50"},"headline":"Fabricantes apostam no hidrog\u00eanio","datePublished":"2021-03-01T11:12:00+00:00","dateModified":"2021-06-26T15:46:25+00:00","mainEntityOfPage":{"@id":"https:\/\/revistaautobus.com.br\/?p=3371"},"wordCount":422,"commentCount":0,"publisher":{"@id":"https:\/\/revistaautobus.com.br\/#organization"},"image":{"@id":"https:\/\/revistaautobus.com.br\/?p=3371#primaryimage"},"thumbnailUrl":"https:\/\/revistaautobus.com.br\/wp-content\/uploads\/2021\/06\/fabricantes-apostam-no-hidrogenio-1614597187.jpg","articleSection":["Not\u00edcias"],"inLanguage":"pt-BR","potentialAction":[{"@type":"CommentAction","name":"Comment","target":["https:\/\/revistaautobus.com.br\/?p=3371#respond"]}]},{"@type":"WebPage","@id":"https:\/\/revistaautobus.com.br\/?p=3371","url":"https:\/\/revistaautobus.com.br\/?p=3371","name":"Fabricantes apostam no hidrog\u00eanio - Revista AutoBus","isPartOf":{"@id":"https:\/\/revistaautobus.com.br\/#website"},"primaryImageOfPage":{"@id":"https:\/\/revistaautobus.com.br\/?p=3371#primaryimage"},"image":{"@id":"https:\/\/revistaautobus.com.br\/?p=3371#primaryimage"},"thumbnailUrl":"https:\/\/revistaautobus.com.br\/wp-content\/uploads\/2021\/06\/fabricantes-apostam-no-hidrogenio-1614597187.jpg","datePublished":"2021-03-01T11:12:00+00:00","dateModified":"2021-06-26T15:46:25+00:00","breadcrumb":{"@id":"https:\/\/revistaautobus.com.br\/?p=3371#breadcrumb"},"inLanguage":"pt-BR","potentialAction":[{"@type":"ReadAction","target":["https:\/\/revistaautobus.com.br\/?p=3371"]}]},{"@type":"ImageObject","inLanguage":"pt-BR","@id":"https:\/\/revistaautobus.com.br\/?p=3371#primaryimage","url":"https:\/\/revistaautobus.com.br\/wp-content\/uploads\/2021\/06\/fabricantes-apostam-no-hidrogenio-1614597187.jpg","contentUrl":"https:\/\/revistaautobus.com.br\/wp-content\/uploads\/2021\/06\/fabricantes-apostam-no-hidrogenio-1614597187.jpg","width":1200,"height":628},{"@type":"BreadcrumbList","@id":"https:\/\/revistaautobus.com.br\/?p=3371#breadcrumb","itemListElement":[{"@type":"ListItem","position":1,"name":"In\u00edcio","item":"https:\/\/revistaautobus.com.br\/"},{"@type":"ListItem","position":2,"name":"Fabricantes apostam no hidrog\u00eanio"}]},{"@type":"WebSite","@id":"https:\/\/revistaautobus.com.br\/#website","url":"https:\/\/revistaautobus.com.br\/","name":"Revista AutoBus","description":"","publisher":{"@id":"https:\/\/revistaautobus.com.br\/#organization"},"potentialAction":[{"@type":"SearchAction","target":{"@type":"EntryPoint","urlTemplate":"https:\/\/revistaautobus.com.br\/?s={search_term_string}"},"query-input":{"@type":"PropertyValueSpecification","valueRequired":true,"valueName":"search_term_string"}}],"inLanguage":"pt-BR"},{"@type":"Organization","@id":"https:\/\/revistaautobus.com.br\/#organization","name":"Revista AutoBus","url":"https:\/\/revistaautobus.com.br\/","logo":{"@type":"ImageObject","inLanguage":"pt-BR","@id":"https:\/\/revistaautobus.com.br\/#\/schema\/logo\/image\/","url":"https:\/\/revistaautobus.com.br\/wp-content\/uploads\/2024\/11\/logo_revista_autobus_fb.png","contentUrl":"https:\/\/revistaautobus.com.br\/wp-content\/uploads\/2024\/11\/logo_revista_autobus_fb.png","width":836,"height":227,"caption":"Revista AutoBus"},"image":{"@id":"https:\/\/revistaautobus.com.br\/#\/schema\/logo\/image\/"},"sameAs":["https:\/\/www.facebook.com\/antonio.ferro.3150","https:\/\/www.instagram.com\/revistaautobus\/"]},{"@type":"Person","@id":"https:\/\/revistaautobus.com.br\/#\/schema\/person\/54af7c3eb83a310e42ef686ef6d16f50","name":"Antonio Ferro","image":{"@type":"ImageObject","inLanguage":"pt-BR","@id":"https:\/\/revistaautobus.com.br\/wp-content\/uploads\/2025\/12\/editor_antonio_ferro-150x150.jpg","url":"https:\/\/revistaautobus.com.br\/wp-content\/uploads\/2025\/12\/editor_antonio_ferro-150x150.jpg","contentUrl":"https:\/\/revistaautobus.com.br\/wp-content\/uploads\/2025\/12\/editor_antonio_ferro-150x150.jpg","caption":"Antonio Ferro"},"description":"infobus@uol.com.br","url":"https:\/\/revistaautobus.com.br\/?author=2"}]}},"jetpack_featured_media_url":"https:\/\/revistaautobus.com.br\/wp-content\/uploads\/2021\/06\/fabricantes-apostam-no-hidrogenio-1614597187.jpg","jetpack_sharing_enabled":true,"_links":{"self":[{"href":"https:\/\/revistaautobus.com.br\/index.php?rest_route=\/wp\/v2\/posts\/3371","targetHints":{"allow":["GET"]}}],"collection":[{"href":"https:\/\/revistaautobus.com.br\/index.php?rest_route=\/wp\/v2\/posts"}],"about":[{"href":"https:\/\/revistaautobus.com.br\/index.php?rest_route=\/wp\/v2\/types\/post"}],"author":[{"embeddable":true,"href":"https:\/\/revistaautobus.com.br\/index.php?rest_route=\/wp\/v2\/users\/2"}],"replies":[{"embeddable":true,"href":"https:\/\/revistaautobus.com.br\/index.php?rest_route=%2Fwp%2Fv2%2Fcomments&post=3371"}],"version-history":[{"count":1,"href":"https:\/\/revistaautobus.com.br\/index.php?rest_route=\/wp\/v2\/posts\/3371\/revisions"}],"predecessor-version":[{"id":3373,"href":"https:\/\/revistaautobus.com.br\/index.php?rest_route=\/wp\/v2\/posts\/3371\/revisions\/3373"}],"wp:featuredmedia":[{"embeddable":true,"href":"https:\/\/revistaautobus.com.br\/index.php?rest_route=\/wp\/v2\/media\/3372"}],"wp:attachment":[{"href":"https:\/\/revistaautobus.com.br\/index.php?rest_route=%2Fwp%2Fv2%2Fmedia&parent=3371"}],"wp:term":[{"taxonomy":"category","embeddable":true,"href":"https:\/\/revistaautobus.com.br\/index.php?rest_route=%2Fwp%2Fv2%2Fcategories&post=3371"},{"taxonomy":"post_tag","embeddable":true,"href":"https:\/\/revistaautobus.com.br\/index.php?rest_route=%2Fwp%2Fv2%2Ftags&post=3371"}],"curies":[{"name":"wp","href":"https:\/\/api.w.org\/{rel}","templated":true}]}}