{"id":3452,"date":"2021-03-19T09:54:00","date_gmt":"2021-03-19T12:54:00","guid":{"rendered":"https:\/\/vila8.com.br\/clientes\/autobus\/?p=3452"},"modified":"2021-06-26T13:05:44","modified_gmt":"2021-06-26T16:05:44","slug":"cinco-decadas-da-linha-of","status":"publish","type":"post","link":"https:\/\/revistaautobus.com.br\/?p=3452","title":{"rendered":"Cinco d\u00e9cadas da linha OF"},"content":{"rendered":"\n<p>A Mercedes-Benz, desde o in\u00edcio de sua opera\u00e7\u00e3o em solo brasileiro (em 1956), tem a expertise em desenvolver chassis para \u00f4nibus com motoriza\u00e7\u00e3o dianteira. Do modelo L312, passando pelas vers\u00f5es LP e LPO, a fabricante tem o dom\u00ednio desse mercado no transporte urbano. A partir de 1971, uma nova nomenclatura passou a ser utilizada pela marca, identificando os chassis com configura\u00e7\u00e3o mais simples. Assim, o termo OF acompanha, at\u00e9 hoje, a designa\u00e7\u00e3o dos tipos mais comercializados no Brasil.<\/p>\n\n\n\n<p>O primeiro modelo foi o OF 1313, dando in\u00edcio a uma trajet\u00f3ria de sucesso de uma linha consagrada no Pa\u00eds no transporte coletivo urbano, bem como no rodovi\u00e1rio, fretamento e escolar. Para se ter uma ideia da import\u00e2ncia mercadol\u00f3gica dessa vers\u00e3o, j\u00e1 foram emplacadas por aqui cerca de 256.000 unidades nestes 50 anos, o que significa mais de 5.000 unidades por ano. Com um volume superior a 99.000 unidades emplacadas, o chassi OF 1721 \u00e9 o campe\u00e3o de vendas do segmento no Pa\u00eds. Walter Barbosa, diretor de Vendas e Marketing de \u00d4nibus da Mercedes-Benz do Brasil, observou que, gra\u00e7as ao seu sucesso junto aos clientes, a linha OF sempre deu grande contribui\u00e7\u00e3o para a nossa tradicional e hist\u00f3rica lideran\u00e7a de mercado no segmento de \u00f4nibus, que se repete h\u00e1 64 anos no Pa\u00eds. &#8220;Nesses 50 anos, muitas empresas nasceram, cresceram e se consolidaram no transporte urbano e rodovi\u00e1rio utilizando esta fam\u00edlia de ve\u00edculos da nossa marca em suas frotas&#8221;, comentou.<\/p>\n\n\n\n<figure class=\"wp-block-image\"><img decoding=\"async\" src=\"https:\/\/revistaautobus.com.br\/uploads\/images\/2021\/03\/962-1616158567.jpg\" alt=\"Cinco d\u00e9cadas da linha OF\" title=\"Cinco d\u00e9cadas da linha OF\"\/><\/figure>\n\n\n\n<p>Para a Mercedes-Benz, a cada nova gera\u00e7\u00e3o do OF houve uma maior valoriza\u00e7\u00e3o do produto em termos de qualidade, efici\u00eancia e rentabilidade os seus clientes, al\u00e9m de mais seguran\u00e7a para os passageiros e os motoristas. &#8220;Nesse per\u00edodo, os chassis da marca evolu\u00edram em Peso Bruto Total e pot\u00eancia do motor, al\u00e9m de receber inova\u00e7\u00f5es como a motoriza\u00e7\u00e3o eletr\u00f4nica com menor consumo e \u00edndices mais baixos de emiss\u00f5es, freio ABS, retarder e a exclusiva suspens\u00e3o pneum\u00e1tica dianteira e traseira para os modelos 1721 e 1724&#8221;, disse Walter.<\/p>\n\n\n\n<p>O portf\u00f3lio da linha OF de chassis da montadora inclui os modelos 1519 (urbano), 1519 R (escolar), 1621 (fretamento), 1721 e 1724 (urbano, rodovi\u00e1rio e fretamento, ambos com vers\u00f5es de suspens\u00e3o met\u00e1lica ou pneum\u00e1tica).<\/p>\n\n\n\n<p>Imagens &#8211; Divulga\u00e7\u00e3o<\/p>\n","protected":false},"excerpt":{"rendered":"<p>Para a Mercedes-Benz, a cada nova gera\u00e7\u00e3o do OF houve uma maior valoriza\u00e7\u00e3o do produto em termos de qualidade, efici\u00eancia e rentabilidade os seus clientes, al\u00e9m de mais seguran\u00e7a para os passageiros e os motoristas<\/p>\n","protected":false},"author":2,"featured_media":3453,"comment_status":"open","ping_status":"open","sticky":false,"template":"","format":"standard","meta":{"_et_pb_use_builder":"off","_et_pb_old_content":"","_et_gb_content_width":"","_jetpack_memberships_contains_paid_content":false,"footnotes":""},"categories":[90],"tags":[],"class_list":["post-3452","post","type-post","status-publish","format-standard","has-post-thumbnail","hentry","category-noticias","et-has-post-format-content","et_post_format-et-post-format-standard"],"yoast_head":"<!-- This site is optimized with the Yoast SEO plugin v27.2 - https:\/\/yoast.com\/product\/yoast-seo-wordpress\/ -->\n<title>Cinco d\u00e9cadas da linha OF - Revista AutoBus<\/title>\n<meta name=\"robots\" content=\"index, follow, max-snippet:-1, max-image-preview:large, max-video-preview:-1\" \/>\n<link rel=\"canonical\" href=\"https:\/\/revistaautobus.com.br\/?p=3452\" \/>\n<meta property=\"og:locale\" content=\"pt_BR\" \/>\n<meta property=\"og:type\" content=\"article\" \/>\n<meta property=\"og:title\" content=\"Cinco d\u00e9cadas da linha OF - Revista AutoBus\" \/>\n<meta property=\"og:description\" content=\"Para a Mercedes-Benz, a cada nova gera\u00e7\u00e3o do OF houve uma maior valoriza\u00e7\u00e3o do produto em termos de qualidade, efici\u00eancia e rentabilidade os seus clientes, al\u00e9m de mais seguran\u00e7a para os passageiros e os motoristas\" \/>\n<meta property=\"og:url\" content=\"https:\/\/revistaautobus.com.br\/?p=3452\" \/>\n<meta property=\"og:site_name\" content=\"Revista AutoBus\" \/>\n<meta property=\"article:publisher\" content=\"https:\/\/www.facebook.com\/antonio.ferro.3150\" \/>\n<meta property=\"article:published_time\" content=\"2021-03-19T12:54:00+00:00\" \/>\n<meta property=\"article:modified_time\" content=\"2021-06-26T16:05:44+00:00\" \/>\n<meta property=\"og:image\" content=\"https:\/\/revistaautobus.com.br\/wp-content\/uploads\/2021\/06\/cinco-decadas-da-linha-of-1616158541.jpg\" \/>\n\t<meta property=\"og:image:width\" content=\"1200\" \/>\n\t<meta property=\"og:image:height\" content=\"1300\" \/>\n\t<meta property=\"og:image:type\" content=\"image\/jpeg\" \/>\n<meta name=\"author\" content=\"Antonio Ferro\" \/>\n<meta name=\"twitter:card\" content=\"summary_large_image\" \/>\n<meta name=\"twitter:label1\" content=\"Escrito por\" \/>\n\t<meta name=\"twitter:data1\" content=\"Antonio Ferro\" \/>\n\t<meta name=\"twitter:label2\" content=\"Est. tempo de leitura\" \/>\n\t<meta name=\"twitter:data2\" content=\"2 minutos\" \/>\n<script type=\"application\/ld+json\" class=\"yoast-schema-graph\">{\"@context\":\"https:\/\/schema.org\",\"@graph\":[{\"@type\":\"Article\",\"@id\":\"https:\/\/revistaautobus.com.br\/?p=3452#article\",\"isPartOf\":{\"@id\":\"https:\/\/revistaautobus.com.br\/?p=3452\"},\"author\":{\"name\":\"Antonio Ferro\",\"@id\":\"https:\/\/revistaautobus.com.br\/#\/schema\/person\/54af7c3eb83a310e42ef686ef6d16f50\"},\"headline\":\"Cinco d\u00e9cadas da linha OF\",\"datePublished\":\"2021-03-19T12:54:00+00:00\",\"dateModified\":\"2021-06-26T16:05:44+00:00\",\"mainEntityOfPage\":{\"@id\":\"https:\/\/revistaautobus.com.br\/?p=3452\"},\"wordCount\":395,\"commentCount\":0,\"publisher\":{\"@id\":\"https:\/\/revistaautobus.com.br\/#organization\"},\"image\":{\"@id\":\"https:\/\/revistaautobus.com.br\/?p=3452#primaryimage\"},\"thumbnailUrl\":\"https:\/\/revistaautobus.com.br\/wp-content\/uploads\/2021\/06\/cinco-decadas-da-linha-of-1616158541.jpg\",\"articleSection\":[\"Not\u00edcias\"],\"inLanguage\":\"pt-BR\",\"potentialAction\":[{\"@type\":\"CommentAction\",\"name\":\"Comment\",\"target\":[\"https:\/\/revistaautobus.com.br\/?p=3452#respond\"]}]},{\"@type\":\"WebPage\",\"@id\":\"https:\/\/revistaautobus.com.br\/?p=3452\",\"url\":\"https:\/\/revistaautobus.com.br\/?p=3452\",\"name\":\"Cinco d\u00e9cadas da linha OF - Revista AutoBus\",\"isPartOf\":{\"@id\":\"https:\/\/revistaautobus.com.br\/#website\"},\"primaryImageOfPage\":{\"@id\":\"https:\/\/revistaautobus.com.br\/?p=3452#primaryimage\"},\"image\":{\"@id\":\"https:\/\/revistaautobus.com.br\/?p=3452#primaryimage\"},\"thumbnailUrl\":\"https:\/\/revistaautobus.com.br\/wp-content\/uploads\/2021\/06\/cinco-decadas-da-linha-of-1616158541.jpg\",\"datePublished\":\"2021-03-19T12:54:00+00:00\",\"dateModified\":\"2021-06-26T16:05:44+00:00\",\"breadcrumb\":{\"@id\":\"https:\/\/revistaautobus.com.br\/?p=3452#breadcrumb\"},\"inLanguage\":\"pt-BR\",\"potentialAction\":[{\"@type\":\"ReadAction\",\"target\":[\"https:\/\/revistaautobus.com.br\/?p=3452\"]}]},{\"@type\":\"ImageObject\",\"inLanguage\":\"pt-BR\",\"@id\":\"https:\/\/revistaautobus.com.br\/?p=3452#primaryimage\",\"url\":\"https:\/\/revistaautobus.com.br\/wp-content\/uploads\/2021\/06\/cinco-decadas-da-linha-of-1616158541.jpg\",\"contentUrl\":\"https:\/\/revistaautobus.com.br\/wp-content\/uploads\/2021\/06\/cinco-decadas-da-linha-of-1616158541.jpg\",\"width\":1200,\"height\":1300},{\"@type\":\"BreadcrumbList\",\"@id\":\"https:\/\/revistaautobus.com.br\/?p=3452#breadcrumb\",\"itemListElement\":[{\"@type\":\"ListItem\",\"position\":1,\"name\":\"In\u00edcio\",\"item\":\"https:\/\/revistaautobus.com.br\/\"},{\"@type\":\"ListItem\",\"position\":2,\"name\":\"Cinco d\u00e9cadas da linha OF\"}]},{\"@type\":\"WebSite\",\"@id\":\"https:\/\/revistaautobus.com.br\/#website\",\"url\":\"https:\/\/revistaautobus.com.br\/\",\"name\":\"Revista AutoBus\",\"description\":\"\",\"publisher\":{\"@id\":\"https:\/\/revistaautobus.com.br\/#organization\"},\"potentialAction\":[{\"@type\":\"SearchAction\",\"target\":{\"@type\":\"EntryPoint\",\"urlTemplate\":\"https:\/\/revistaautobus.com.br\/?s={search_term_string}\"},\"query-input\":{\"@type\":\"PropertyValueSpecification\",\"valueRequired\":true,\"valueName\":\"search_term_string\"}}],\"inLanguage\":\"pt-BR\"},{\"@type\":\"Organization\",\"@id\":\"https:\/\/revistaautobus.com.br\/#organization\",\"name\":\"Revista AutoBus\",\"url\":\"https:\/\/revistaautobus.com.br\/\",\"logo\":{\"@type\":\"ImageObject\",\"inLanguage\":\"pt-BR\",\"@id\":\"https:\/\/revistaautobus.com.br\/#\/schema\/logo\/image\/\",\"url\":\"https:\/\/revistaautobus.com.br\/wp-content\/uploads\/2024\/11\/logo_revista_autobus_fb.png\",\"contentUrl\":\"https:\/\/revistaautobus.com.br\/wp-content\/uploads\/2024\/11\/logo_revista_autobus_fb.png\",\"width\":836,\"height\":227,\"caption\":\"Revista AutoBus\"},\"image\":{\"@id\":\"https:\/\/revistaautobus.com.br\/#\/schema\/logo\/image\/\"},\"sameAs\":[\"https:\/\/www.facebook.com\/antonio.ferro.3150\",\"https:\/\/www.instagram.com\/revistaautobus\/\"]},{\"@type\":\"Person\",\"@id\":\"https:\/\/revistaautobus.com.br\/#\/schema\/person\/54af7c3eb83a310e42ef686ef6d16f50\",\"name\":\"Antonio Ferro\",\"image\":{\"@type\":\"ImageObject\",\"inLanguage\":\"pt-BR\",\"@id\":\"https:\/\/revistaautobus.com.br\/wp-content\/uploads\/2025\/12\/editor_antonio_ferro-150x150.jpg\",\"url\":\"https:\/\/revistaautobus.com.br\/wp-content\/uploads\/2025\/12\/editor_antonio_ferro-150x150.jpg\",\"contentUrl\":\"https:\/\/revistaautobus.com.br\/wp-content\/uploads\/2025\/12\/editor_antonio_ferro-150x150.jpg\",\"caption\":\"Antonio Ferro\"},\"description\":\"infobus@uol.com.br\",\"url\":\"https:\/\/revistaautobus.com.br\/?author=2\"}]}<\/script>\n<!-- \/ Yoast SEO plugin. -->","yoast_head_json":{"title":"Cinco d\u00e9cadas da linha OF - Revista AutoBus","robots":{"index":"index","follow":"follow","max-snippet":"max-snippet:-1","max-image-preview":"max-image-preview:large","max-video-preview":"max-video-preview:-1"},"canonical":"https:\/\/revistaautobus.com.br\/?p=3452","og_locale":"pt_BR","og_type":"article","og_title":"Cinco d\u00e9cadas da linha OF - Revista AutoBus","og_description":"Para a Mercedes-Benz, a cada nova gera\u00e7\u00e3o do OF houve uma maior valoriza\u00e7\u00e3o do produto em termos de qualidade, efici\u00eancia e rentabilidade os seus clientes, al\u00e9m de mais seguran\u00e7a para os passageiros e os motoristas","og_url":"https:\/\/revistaautobus.com.br\/?p=3452","og_site_name":"Revista AutoBus","article_publisher":"https:\/\/www.facebook.com\/antonio.ferro.3150","article_published_time":"2021-03-19T12:54:00+00:00","article_modified_time":"2021-06-26T16:05:44+00:00","og_image":[{"width":1200,"height":1300,"url":"https:\/\/revistaautobus.com.br\/wp-content\/uploads\/2021\/06\/cinco-decadas-da-linha-of-1616158541.jpg","type":"image\/jpeg"}],"author":"Antonio Ferro","twitter_card":"summary_large_image","twitter_misc":{"Escrito por":"Antonio Ferro","Est. tempo de leitura":"2 minutos"},"schema":{"@context":"https:\/\/schema.org","@graph":[{"@type":"Article","@id":"https:\/\/revistaautobus.com.br\/?p=3452#article","isPartOf":{"@id":"https:\/\/revistaautobus.com.br\/?p=3452"},"author":{"name":"Antonio Ferro","@id":"https:\/\/revistaautobus.com.br\/#\/schema\/person\/54af7c3eb83a310e42ef686ef6d16f50"},"headline":"Cinco d\u00e9cadas da linha OF","datePublished":"2021-03-19T12:54:00+00:00","dateModified":"2021-06-26T16:05:44+00:00","mainEntityOfPage":{"@id":"https:\/\/revistaautobus.com.br\/?p=3452"},"wordCount":395,"commentCount":0,"publisher":{"@id":"https:\/\/revistaautobus.com.br\/#organization"},"image":{"@id":"https:\/\/revistaautobus.com.br\/?p=3452#primaryimage"},"thumbnailUrl":"https:\/\/revistaautobus.com.br\/wp-content\/uploads\/2021\/06\/cinco-decadas-da-linha-of-1616158541.jpg","articleSection":["Not\u00edcias"],"inLanguage":"pt-BR","potentialAction":[{"@type":"CommentAction","name":"Comment","target":["https:\/\/revistaautobus.com.br\/?p=3452#respond"]}]},{"@type":"WebPage","@id":"https:\/\/revistaautobus.com.br\/?p=3452","url":"https:\/\/revistaautobus.com.br\/?p=3452","name":"Cinco d\u00e9cadas da linha OF - Revista AutoBus","isPartOf":{"@id":"https:\/\/revistaautobus.com.br\/#website"},"primaryImageOfPage":{"@id":"https:\/\/revistaautobus.com.br\/?p=3452#primaryimage"},"image":{"@id":"https:\/\/revistaautobus.com.br\/?p=3452#primaryimage"},"thumbnailUrl":"https:\/\/revistaautobus.com.br\/wp-content\/uploads\/2021\/06\/cinco-decadas-da-linha-of-1616158541.jpg","datePublished":"2021-03-19T12:54:00+00:00","dateModified":"2021-06-26T16:05:44+00:00","breadcrumb":{"@id":"https:\/\/revistaautobus.com.br\/?p=3452#breadcrumb"},"inLanguage":"pt-BR","potentialAction":[{"@type":"ReadAction","target":["https:\/\/revistaautobus.com.br\/?p=3452"]}]},{"@type":"ImageObject","inLanguage":"pt-BR","@id":"https:\/\/revistaautobus.com.br\/?p=3452#primaryimage","url":"https:\/\/revistaautobus.com.br\/wp-content\/uploads\/2021\/06\/cinco-decadas-da-linha-of-1616158541.jpg","contentUrl":"https:\/\/revistaautobus.com.br\/wp-content\/uploads\/2021\/06\/cinco-decadas-da-linha-of-1616158541.jpg","width":1200,"height":1300},{"@type":"BreadcrumbList","@id":"https:\/\/revistaautobus.com.br\/?p=3452#breadcrumb","itemListElement":[{"@type":"ListItem","position":1,"name":"In\u00edcio","item":"https:\/\/revistaautobus.com.br\/"},{"@type":"ListItem","position":2,"name":"Cinco d\u00e9cadas da linha OF"}]},{"@type":"WebSite","@id":"https:\/\/revistaautobus.com.br\/#website","url":"https:\/\/revistaautobus.com.br\/","name":"Revista AutoBus","description":"","publisher":{"@id":"https:\/\/revistaautobus.com.br\/#organization"},"potentialAction":[{"@type":"SearchAction","target":{"@type":"EntryPoint","urlTemplate":"https:\/\/revistaautobus.com.br\/?s={search_term_string}"},"query-input":{"@type":"PropertyValueSpecification","valueRequired":true,"valueName":"search_term_string"}}],"inLanguage":"pt-BR"},{"@type":"Organization","@id":"https:\/\/revistaautobus.com.br\/#organization","name":"Revista AutoBus","url":"https:\/\/revistaautobus.com.br\/","logo":{"@type":"ImageObject","inLanguage":"pt-BR","@id":"https:\/\/revistaautobus.com.br\/#\/schema\/logo\/image\/","url":"https:\/\/revistaautobus.com.br\/wp-content\/uploads\/2024\/11\/logo_revista_autobus_fb.png","contentUrl":"https:\/\/revistaautobus.com.br\/wp-content\/uploads\/2024\/11\/logo_revista_autobus_fb.png","width":836,"height":227,"caption":"Revista AutoBus"},"image":{"@id":"https:\/\/revistaautobus.com.br\/#\/schema\/logo\/image\/"},"sameAs":["https:\/\/www.facebook.com\/antonio.ferro.3150","https:\/\/www.instagram.com\/revistaautobus\/"]},{"@type":"Person","@id":"https:\/\/revistaautobus.com.br\/#\/schema\/person\/54af7c3eb83a310e42ef686ef6d16f50","name":"Antonio Ferro","image":{"@type":"ImageObject","inLanguage":"pt-BR","@id":"https:\/\/revistaautobus.com.br\/wp-content\/uploads\/2025\/12\/editor_antonio_ferro-150x150.jpg","url":"https:\/\/revistaautobus.com.br\/wp-content\/uploads\/2025\/12\/editor_antonio_ferro-150x150.jpg","contentUrl":"https:\/\/revistaautobus.com.br\/wp-content\/uploads\/2025\/12\/editor_antonio_ferro-150x150.jpg","caption":"Antonio Ferro"},"description":"infobus@uol.com.br","url":"https:\/\/revistaautobus.com.br\/?author=2"}]}},"jetpack_featured_media_url":"https:\/\/revistaautobus.com.br\/wp-content\/uploads\/2021\/06\/cinco-decadas-da-linha-of-1616158541.jpg","jetpack_sharing_enabled":true,"_links":{"self":[{"href":"https:\/\/revistaautobus.com.br\/index.php?rest_route=\/wp\/v2\/posts\/3452","targetHints":{"allow":["GET"]}}],"collection":[{"href":"https:\/\/revistaautobus.com.br\/index.php?rest_route=\/wp\/v2\/posts"}],"about":[{"href":"https:\/\/revistaautobus.com.br\/index.php?rest_route=\/wp\/v2\/types\/post"}],"author":[{"embeddable":true,"href":"https:\/\/revistaautobus.com.br\/index.php?rest_route=\/wp\/v2\/users\/2"}],"replies":[{"embeddable":true,"href":"https:\/\/revistaautobus.com.br\/index.php?rest_route=%2Fwp%2Fv2%2Fcomments&post=3452"}],"version-history":[{"count":1,"href":"https:\/\/revistaautobus.com.br\/index.php?rest_route=\/wp\/v2\/posts\/3452\/revisions"}],"predecessor-version":[{"id":3454,"href":"https:\/\/revistaautobus.com.br\/index.php?rest_route=\/wp\/v2\/posts\/3452\/revisions\/3454"}],"wp:featuredmedia":[{"embeddable":true,"href":"https:\/\/revistaautobus.com.br\/index.php?rest_route=\/wp\/v2\/media\/3453"}],"wp:attachment":[{"href":"https:\/\/revistaautobus.com.br\/index.php?rest_route=%2Fwp%2Fv2%2Fmedia&parent=3452"}],"wp:term":[{"taxonomy":"category","embeddable":true,"href":"https:\/\/revistaautobus.com.br\/index.php?rest_route=%2Fwp%2Fv2%2Fcategories&post=3452"},{"taxonomy":"post_tag","embeddable":true,"href":"https:\/\/revistaautobus.com.br\/index.php?rest_route=%2Fwp%2Fv2%2Ftags&post=3452"}],"curies":[{"name":"wp","href":"https:\/\/api.w.org\/{rel}","templated":true}]}}