{"id":3473,"date":"2021-03-26T08:33:00","date_gmt":"2021-03-26T11:33:00","guid":{"rendered":"https:\/\/vila8.com.br\/clientes\/autobus\/?p=3473"},"modified":"2021-06-26T13:10:54","modified_gmt":"2021-06-26T16:10:54","slug":"pela-sobrevivencia-do-transporte-de-passageiros","status":"publish","type":"post","link":"https:\/\/revistaautobus.com.br\/?p=3473","title":{"rendered":"Pela sobreviv\u00eancia do transporte de passageiros"},"content":{"rendered":"\n<h5 class=\"wp-block-heading\"><strong>Manifesto<\/strong><\/h5>\n\n\n\n<p>A FETPESP \u2013 Federa\u00e7\u00e3o das Empresas de Transportes de Passageiros do Estado de S\u00e3o Paulo &#8211; vem manifestar a sua preocupa\u00e7\u00e3o com o inevit\u00e1vel agravamento da situa\u00e7\u00e3o operacional e econ\u00f4mico-financeira das empresas que prestam servi\u00e7os de transportes urbanos e rodovi\u00e1rios, nessa segunda onda da pandemia da Covid-19.<\/p>\n\n\n\n<p>As operadoras amargaram, em 2020, uma brusca queda da demanda que atingiu em muitas localidades 80% do total de passageiros transportados em 2019, mantendo a quase totalidade de seus ve\u00edculos em circula\u00e7\u00e3o, o que resultou em grave desequil\u00edbrio financeiro, j\u00e1 que boa parte delas depende das tarifas para cobrir seus custos operacionais.<\/p>\n\n\n\n<p>Nesse momento, com o avan\u00e7o das medidas restritivas adotadas pelo Governo Estadual e pelos Munic\u00edpios, \u00e9 de se prever a exacerba\u00e7\u00e3o dos problemas, agravados, mais ainda, com as infundadas not\u00edcias de que os transportes coletivos apresentam altos riscos de transmiss\u00e3o do v\u00edrus, considerando que as empresas v\u00eam seguindo todos os protocolos sanit\u00e1rios e investindo em modernas tecnologias na desinfec\u00e7\u00e3o da parte interna dos ve\u00edculos.<\/p>\n\n\n\n<p>A FETPESP se solidariza com as empresas operadoras que est\u00e3o debilitadas, com dificuldades para cumprir seus compromissos contratuais e financeiros, sem perspectivas a curto e m\u00e9dio prazos.<\/p>\n\n\n\n<p>Al\u00e9m de defender uma melhor interlocu\u00e7\u00e3o com os poderes envolvidos na sens\u00edvel quest\u00e3o da mobilidade, na busca de solu\u00e7\u00f5es conjuntas, a FETPESP pleiteia que as autoridades sanit\u00e1rias revejam a lista dos grupos priorit\u00e1rios para a vacina\u00e7\u00e3o contra o coronav\u00edrus, dando efetiva preced\u00eancia aos profissionais do transporte de passageiros que prestam uma atividade essencial \u00e0 popula\u00e7\u00e3o, seja nas ruas das cidades, como nas estradas do Estado.<\/p>\n\n\n\n<p><strong>Mauro Artur Herszkowicz<\/strong>&nbsp;&#8211;&nbsp;<em>Presidente da Federa\u00e7\u00e3o das Empresas de Transportes de Passageiros do Estado de S\u00e3o Paulo<\/em><\/p>\n\n\n\n<p>Imagem &#8211; Arquivo FETPESP<\/p>\n","protected":false},"excerpt":{"rendered":"<p>A FETPESP se solidariza com as empresas operadoras que est\u00e3o debilitadas, com dificuldades para cumprir seus compromissos contratuais e financeiros<\/p>\n","protected":false},"author":2,"featured_media":3474,"comment_status":"open","ping_status":"open","sticky":false,"template":"","format":"standard","meta":{"_et_pb_use_builder":"off","_et_pb_old_content":"","_et_gb_content_width":"","_jetpack_memberships_contains_paid_content":false,"footnotes":""},"categories":[90],"tags":[],"class_list":["post-3473","post","type-post","status-publish","format-standard","has-post-thumbnail","hentry","category-noticias","et-has-post-format-content","et_post_format-et-post-format-standard"],"yoast_head":"<!-- This site is optimized with the Yoast SEO plugin v27.2 - https:\/\/yoast.com\/product\/yoast-seo-wordpress\/ -->\n<title>Pela sobreviv\u00eancia do transporte de passageiros - Revista AutoBus<\/title>\n<meta name=\"robots\" content=\"index, follow, max-snippet:-1, max-image-preview:large, max-video-preview:-1\" \/>\n<link rel=\"canonical\" href=\"https:\/\/revistaautobus.com.br\/?p=3473\" \/>\n<meta property=\"og:locale\" content=\"pt_BR\" \/>\n<meta property=\"og:type\" content=\"article\" \/>\n<meta property=\"og:title\" content=\"Pela sobreviv\u00eancia do transporte de passageiros - Revista AutoBus\" \/>\n<meta property=\"og:description\" content=\"A FETPESP se solidariza com as empresas operadoras que est\u00e3o debilitadas, com dificuldades para cumprir seus compromissos contratuais e financeiros\" \/>\n<meta property=\"og:url\" content=\"https:\/\/revistaautobus.com.br\/?p=3473\" \/>\n<meta property=\"og:site_name\" content=\"Revista AutoBus\" \/>\n<meta property=\"article:publisher\" content=\"https:\/\/www.facebook.com\/antonio.ferro.3150\" \/>\n<meta property=\"article:published_time\" content=\"2021-03-26T11:33:00+00:00\" \/>\n<meta property=\"article:modified_time\" content=\"2021-06-26T16:10:54+00:00\" \/>\n<meta property=\"og:image\" content=\"https:\/\/revistaautobus.com.br\/wp-content\/uploads\/2021\/06\/pela-sobrevivencia-do-transporte-de-passageiros-1616758507.jpg\" \/>\n\t<meta property=\"og:image:width\" content=\"1200\" \/>\n\t<meta property=\"og:image:height\" content=\"628\" \/>\n\t<meta property=\"og:image:type\" content=\"image\/jpeg\" \/>\n<meta name=\"author\" content=\"Antonio Ferro\" \/>\n<meta name=\"twitter:card\" content=\"summary_large_image\" \/>\n<meta name=\"twitter:label1\" content=\"Escrito por\" \/>\n\t<meta name=\"twitter:data1\" content=\"Antonio Ferro\" \/>\n\t<meta name=\"twitter:label2\" content=\"Est. tempo de leitura\" \/>\n\t<meta name=\"twitter:data2\" content=\"2 minutos\" \/>\n<script type=\"application\/ld+json\" class=\"yoast-schema-graph\">{\"@context\":\"https:\/\/schema.org\",\"@graph\":[{\"@type\":\"Article\",\"@id\":\"https:\/\/revistaautobus.com.br\/?p=3473#article\",\"isPartOf\":{\"@id\":\"https:\/\/revistaautobus.com.br\/?p=3473\"},\"author\":{\"name\":\"Antonio Ferro\",\"@id\":\"https:\/\/revistaautobus.com.br\/#\/schema\/person\/54af7c3eb83a310e42ef686ef6d16f50\"},\"headline\":\"Pela sobreviv\u00eancia do transporte de passageiros\",\"datePublished\":\"2021-03-26T11:33:00+00:00\",\"dateModified\":\"2021-06-26T16:10:54+00:00\",\"mainEntityOfPage\":{\"@id\":\"https:\/\/revistaautobus.com.br\/?p=3473\"},\"wordCount\":317,\"commentCount\":0,\"publisher\":{\"@id\":\"https:\/\/revistaautobus.com.br\/#organization\"},\"image\":{\"@id\":\"https:\/\/revistaautobus.com.br\/?p=3473#primaryimage\"},\"thumbnailUrl\":\"https:\/\/revistaautobus.com.br\/wp-content\/uploads\/2021\/06\/pela-sobrevivencia-do-transporte-de-passageiros-1616758507.jpg\",\"articleSection\":[\"Not\u00edcias\"],\"inLanguage\":\"pt-BR\",\"potentialAction\":[{\"@type\":\"CommentAction\",\"name\":\"Comment\",\"target\":[\"https:\/\/revistaautobus.com.br\/?p=3473#respond\"]}]},{\"@type\":\"WebPage\",\"@id\":\"https:\/\/revistaautobus.com.br\/?p=3473\",\"url\":\"https:\/\/revistaautobus.com.br\/?p=3473\",\"name\":\"Pela sobreviv\u00eancia do transporte de passageiros - Revista AutoBus\",\"isPartOf\":{\"@id\":\"https:\/\/revistaautobus.com.br\/#website\"},\"primaryImageOfPage\":{\"@id\":\"https:\/\/revistaautobus.com.br\/?p=3473#primaryimage\"},\"image\":{\"@id\":\"https:\/\/revistaautobus.com.br\/?p=3473#primaryimage\"},\"thumbnailUrl\":\"https:\/\/revistaautobus.com.br\/wp-content\/uploads\/2021\/06\/pela-sobrevivencia-do-transporte-de-passageiros-1616758507.jpg\",\"datePublished\":\"2021-03-26T11:33:00+00:00\",\"dateModified\":\"2021-06-26T16:10:54+00:00\",\"breadcrumb\":{\"@id\":\"https:\/\/revistaautobus.com.br\/?p=3473#breadcrumb\"},\"inLanguage\":\"pt-BR\",\"potentialAction\":[{\"@type\":\"ReadAction\",\"target\":[\"https:\/\/revistaautobus.com.br\/?p=3473\"]}]},{\"@type\":\"ImageObject\",\"inLanguage\":\"pt-BR\",\"@id\":\"https:\/\/revistaautobus.com.br\/?p=3473#primaryimage\",\"url\":\"https:\/\/revistaautobus.com.br\/wp-content\/uploads\/2021\/06\/pela-sobrevivencia-do-transporte-de-passageiros-1616758507.jpg\",\"contentUrl\":\"https:\/\/revistaautobus.com.br\/wp-content\/uploads\/2021\/06\/pela-sobrevivencia-do-transporte-de-passageiros-1616758507.jpg\",\"width\":1200,\"height\":628},{\"@type\":\"BreadcrumbList\",\"@id\":\"https:\/\/revistaautobus.com.br\/?p=3473#breadcrumb\",\"itemListElement\":[{\"@type\":\"ListItem\",\"position\":1,\"name\":\"In\u00edcio\",\"item\":\"https:\/\/revistaautobus.com.br\/\"},{\"@type\":\"ListItem\",\"position\":2,\"name\":\"Pela sobreviv\u00eancia do transporte de passageiros\"}]},{\"@type\":\"WebSite\",\"@id\":\"https:\/\/revistaautobus.com.br\/#website\",\"url\":\"https:\/\/revistaautobus.com.br\/\",\"name\":\"Revista AutoBus\",\"description\":\"\",\"publisher\":{\"@id\":\"https:\/\/revistaautobus.com.br\/#organization\"},\"potentialAction\":[{\"@type\":\"SearchAction\",\"target\":{\"@type\":\"EntryPoint\",\"urlTemplate\":\"https:\/\/revistaautobus.com.br\/?s={search_term_string}\"},\"query-input\":{\"@type\":\"PropertyValueSpecification\",\"valueRequired\":true,\"valueName\":\"search_term_string\"}}],\"inLanguage\":\"pt-BR\"},{\"@type\":\"Organization\",\"@id\":\"https:\/\/revistaautobus.com.br\/#organization\",\"name\":\"Revista AutoBus\",\"url\":\"https:\/\/revistaautobus.com.br\/\",\"logo\":{\"@type\":\"ImageObject\",\"inLanguage\":\"pt-BR\",\"@id\":\"https:\/\/revistaautobus.com.br\/#\/schema\/logo\/image\/\",\"url\":\"https:\/\/revistaautobus.com.br\/wp-content\/uploads\/2024\/11\/logo_revista_autobus_fb.png\",\"contentUrl\":\"https:\/\/revistaautobus.com.br\/wp-content\/uploads\/2024\/11\/logo_revista_autobus_fb.png\",\"width\":836,\"height\":227,\"caption\":\"Revista AutoBus\"},\"image\":{\"@id\":\"https:\/\/revistaautobus.com.br\/#\/schema\/logo\/image\/\"},\"sameAs\":[\"https:\/\/www.facebook.com\/antonio.ferro.3150\",\"https:\/\/www.instagram.com\/revistaautobus\/\"]},{\"@type\":\"Person\",\"@id\":\"https:\/\/revistaautobus.com.br\/#\/schema\/person\/54af7c3eb83a310e42ef686ef6d16f50\",\"name\":\"Antonio Ferro\",\"image\":{\"@type\":\"ImageObject\",\"inLanguage\":\"pt-BR\",\"@id\":\"https:\/\/revistaautobus.com.br\/wp-content\/uploads\/2025\/12\/editor_antonio_ferro-150x150.jpg\",\"url\":\"https:\/\/revistaautobus.com.br\/wp-content\/uploads\/2025\/12\/editor_antonio_ferro-150x150.jpg\",\"contentUrl\":\"https:\/\/revistaautobus.com.br\/wp-content\/uploads\/2025\/12\/editor_antonio_ferro-150x150.jpg\",\"caption\":\"Antonio Ferro\"},\"description\":\"infobus@uol.com.br\",\"url\":\"https:\/\/revistaautobus.com.br\/?author=2\"}]}<\/script>\n<!-- \/ Yoast SEO plugin. -->","yoast_head_json":{"title":"Pela sobreviv\u00eancia do transporte de passageiros - Revista AutoBus","robots":{"index":"index","follow":"follow","max-snippet":"max-snippet:-1","max-image-preview":"max-image-preview:large","max-video-preview":"max-video-preview:-1"},"canonical":"https:\/\/revistaautobus.com.br\/?p=3473","og_locale":"pt_BR","og_type":"article","og_title":"Pela sobreviv\u00eancia do transporte de passageiros - Revista AutoBus","og_description":"A FETPESP se solidariza com as empresas operadoras que est\u00e3o debilitadas, com dificuldades para cumprir seus compromissos contratuais e financeiros","og_url":"https:\/\/revistaautobus.com.br\/?p=3473","og_site_name":"Revista AutoBus","article_publisher":"https:\/\/www.facebook.com\/antonio.ferro.3150","article_published_time":"2021-03-26T11:33:00+00:00","article_modified_time":"2021-06-26T16:10:54+00:00","og_image":[{"width":1200,"height":628,"url":"https:\/\/revistaautobus.com.br\/wp-content\/uploads\/2021\/06\/pela-sobrevivencia-do-transporte-de-passageiros-1616758507.jpg","type":"image\/jpeg"}],"author":"Antonio Ferro","twitter_card":"summary_large_image","twitter_misc":{"Escrito por":"Antonio Ferro","Est. tempo de leitura":"2 minutos"},"schema":{"@context":"https:\/\/schema.org","@graph":[{"@type":"Article","@id":"https:\/\/revistaautobus.com.br\/?p=3473#article","isPartOf":{"@id":"https:\/\/revistaautobus.com.br\/?p=3473"},"author":{"name":"Antonio Ferro","@id":"https:\/\/revistaautobus.com.br\/#\/schema\/person\/54af7c3eb83a310e42ef686ef6d16f50"},"headline":"Pela sobreviv\u00eancia do transporte de passageiros","datePublished":"2021-03-26T11:33:00+00:00","dateModified":"2021-06-26T16:10:54+00:00","mainEntityOfPage":{"@id":"https:\/\/revistaautobus.com.br\/?p=3473"},"wordCount":317,"commentCount":0,"publisher":{"@id":"https:\/\/revistaautobus.com.br\/#organization"},"image":{"@id":"https:\/\/revistaautobus.com.br\/?p=3473#primaryimage"},"thumbnailUrl":"https:\/\/revistaautobus.com.br\/wp-content\/uploads\/2021\/06\/pela-sobrevivencia-do-transporte-de-passageiros-1616758507.jpg","articleSection":["Not\u00edcias"],"inLanguage":"pt-BR","potentialAction":[{"@type":"CommentAction","name":"Comment","target":["https:\/\/revistaautobus.com.br\/?p=3473#respond"]}]},{"@type":"WebPage","@id":"https:\/\/revistaautobus.com.br\/?p=3473","url":"https:\/\/revistaautobus.com.br\/?p=3473","name":"Pela sobreviv\u00eancia do transporte de passageiros - Revista AutoBus","isPartOf":{"@id":"https:\/\/revistaautobus.com.br\/#website"},"primaryImageOfPage":{"@id":"https:\/\/revistaautobus.com.br\/?p=3473#primaryimage"},"image":{"@id":"https:\/\/revistaautobus.com.br\/?p=3473#primaryimage"},"thumbnailUrl":"https:\/\/revistaautobus.com.br\/wp-content\/uploads\/2021\/06\/pela-sobrevivencia-do-transporte-de-passageiros-1616758507.jpg","datePublished":"2021-03-26T11:33:00+00:00","dateModified":"2021-06-26T16:10:54+00:00","breadcrumb":{"@id":"https:\/\/revistaautobus.com.br\/?p=3473#breadcrumb"},"inLanguage":"pt-BR","potentialAction":[{"@type":"ReadAction","target":["https:\/\/revistaautobus.com.br\/?p=3473"]}]},{"@type":"ImageObject","inLanguage":"pt-BR","@id":"https:\/\/revistaautobus.com.br\/?p=3473#primaryimage","url":"https:\/\/revistaautobus.com.br\/wp-content\/uploads\/2021\/06\/pela-sobrevivencia-do-transporte-de-passageiros-1616758507.jpg","contentUrl":"https:\/\/revistaautobus.com.br\/wp-content\/uploads\/2021\/06\/pela-sobrevivencia-do-transporte-de-passageiros-1616758507.jpg","width":1200,"height":628},{"@type":"BreadcrumbList","@id":"https:\/\/revistaautobus.com.br\/?p=3473#breadcrumb","itemListElement":[{"@type":"ListItem","position":1,"name":"In\u00edcio","item":"https:\/\/revistaautobus.com.br\/"},{"@type":"ListItem","position":2,"name":"Pela sobreviv\u00eancia do transporte de passageiros"}]},{"@type":"WebSite","@id":"https:\/\/revistaautobus.com.br\/#website","url":"https:\/\/revistaautobus.com.br\/","name":"Revista AutoBus","description":"","publisher":{"@id":"https:\/\/revistaautobus.com.br\/#organization"},"potentialAction":[{"@type":"SearchAction","target":{"@type":"EntryPoint","urlTemplate":"https:\/\/revistaautobus.com.br\/?s={search_term_string}"},"query-input":{"@type":"PropertyValueSpecification","valueRequired":true,"valueName":"search_term_string"}}],"inLanguage":"pt-BR"},{"@type":"Organization","@id":"https:\/\/revistaautobus.com.br\/#organization","name":"Revista AutoBus","url":"https:\/\/revistaautobus.com.br\/","logo":{"@type":"ImageObject","inLanguage":"pt-BR","@id":"https:\/\/revistaautobus.com.br\/#\/schema\/logo\/image\/","url":"https:\/\/revistaautobus.com.br\/wp-content\/uploads\/2024\/11\/logo_revista_autobus_fb.png","contentUrl":"https:\/\/revistaautobus.com.br\/wp-content\/uploads\/2024\/11\/logo_revista_autobus_fb.png","width":836,"height":227,"caption":"Revista AutoBus"},"image":{"@id":"https:\/\/revistaautobus.com.br\/#\/schema\/logo\/image\/"},"sameAs":["https:\/\/www.facebook.com\/antonio.ferro.3150","https:\/\/www.instagram.com\/revistaautobus\/"]},{"@type":"Person","@id":"https:\/\/revistaautobus.com.br\/#\/schema\/person\/54af7c3eb83a310e42ef686ef6d16f50","name":"Antonio Ferro","image":{"@type":"ImageObject","inLanguage":"pt-BR","@id":"https:\/\/revistaautobus.com.br\/wp-content\/uploads\/2025\/12\/editor_antonio_ferro-150x150.jpg","url":"https:\/\/revistaautobus.com.br\/wp-content\/uploads\/2025\/12\/editor_antonio_ferro-150x150.jpg","contentUrl":"https:\/\/revistaautobus.com.br\/wp-content\/uploads\/2025\/12\/editor_antonio_ferro-150x150.jpg","caption":"Antonio Ferro"},"description":"infobus@uol.com.br","url":"https:\/\/revistaautobus.com.br\/?author=2"}]}},"jetpack_featured_media_url":"https:\/\/revistaautobus.com.br\/wp-content\/uploads\/2021\/06\/pela-sobrevivencia-do-transporte-de-passageiros-1616758507.jpg","jetpack_sharing_enabled":true,"_links":{"self":[{"href":"https:\/\/revistaautobus.com.br\/index.php?rest_route=\/wp\/v2\/posts\/3473","targetHints":{"allow":["GET"]}}],"collection":[{"href":"https:\/\/revistaautobus.com.br\/index.php?rest_route=\/wp\/v2\/posts"}],"about":[{"href":"https:\/\/revistaautobus.com.br\/index.php?rest_route=\/wp\/v2\/types\/post"}],"author":[{"embeddable":true,"href":"https:\/\/revistaautobus.com.br\/index.php?rest_route=\/wp\/v2\/users\/2"}],"replies":[{"embeddable":true,"href":"https:\/\/revistaautobus.com.br\/index.php?rest_route=%2Fwp%2Fv2%2Fcomments&post=3473"}],"version-history":[{"count":1,"href":"https:\/\/revistaautobus.com.br\/index.php?rest_route=\/wp\/v2\/posts\/3473\/revisions"}],"predecessor-version":[{"id":3475,"href":"https:\/\/revistaautobus.com.br\/index.php?rest_route=\/wp\/v2\/posts\/3473\/revisions\/3475"}],"wp:featuredmedia":[{"embeddable":true,"href":"https:\/\/revistaautobus.com.br\/index.php?rest_route=\/wp\/v2\/media\/3474"}],"wp:attachment":[{"href":"https:\/\/revistaautobus.com.br\/index.php?rest_route=%2Fwp%2Fv2%2Fmedia&parent=3473"}],"wp:term":[{"taxonomy":"category","embeddable":true,"href":"https:\/\/revistaautobus.com.br\/index.php?rest_route=%2Fwp%2Fv2%2Fcategories&post=3473"},{"taxonomy":"post_tag","embeddable":true,"href":"https:\/\/revistaautobus.com.br\/index.php?rest_route=%2Fwp%2Fv2%2Ftags&post=3473"}],"curies":[{"name":"wp","href":"https:\/\/api.w.org\/{rel}","templated":true}]}}