{"id":3476,"date":"2021-03-26T08:35:00","date_gmt":"2021-03-26T11:35:00","guid":{"rendered":"https:\/\/vila8.com.br\/clientes\/autobus\/?p=3476"},"modified":"2021-06-26T13:11:48","modified_gmt":"2021-06-26T16:11:48","slug":"fretamento-expectativa-para-um-2021-melhor","status":"publish","type":"post","link":"https:\/\/revistaautobus.com.br\/?p=3476","title":{"rendered":"Fretamento, expectativa para um 2021 melhor"},"content":{"rendered":"\n<p>Para a encarro\u00e7adora ga\u00facha Marcopolo, o setor de fretamento \u00e9 estrat\u00e9gico neste momento. Se o segmento de rodovi\u00e1rios registra queda no volume de vendas por conta da pandemia do novo coronav\u00edrus, o setor de fretamento segue aquecido em 2021. At\u00e9 o final&nbsp;do m\u00eas de abril, mais de 200 unidades destinadas ao transporte de trabalhadores em \u00e1reas urbanas e nos setores de minera\u00e7\u00e3o e agroneg\u00f3cios, ser\u00e3o entregues para diversos clientes em v\u00e1rios estados.<\/p>\n\n\n\n<p>Ainda, pelo cr\u00edtico per\u00edodo de neg\u00f3cio, o distanciamento social tamb\u00e9m beneficiou as vendas da marca Volare. Sua produ\u00e7\u00e3o di\u00e1ria de micro-\u00f4nibus cresceu 66% entre o primeiro e o terceiro trimestre de 2020, passando de 12 para 20 carros. Em grande parte, o crescimento foi impulsionado pelo aquecimento do mercado agro nas Regi\u00f5es Sudeste, Centro-Oeste e Sul. Em 2021, a perspectiva \u00e9 de crescimento com a reabertura do turismo, al\u00e9m de escolas e universidades. Recentemente, 30 unidades foram fornecidos para uma ind\u00fastria de minera\u00e7\u00e3o no Amap\u00e1. &#8220;A necessidade das empresas se adequarem \u00e0s determina\u00e7\u00f5es de distanciamento impostas pela pandemia gerou a demanda por mais ve\u00edculos dispon\u00edveis. O que representou uma parte importante dos resultados da Marcopolo em 2020, sobretudo nos setores agro e minera\u00e7\u00e3o. As duas ind\u00fastrias seguiram aquecidas mesmo durante a pandemia e, com as exig\u00eancias de distanciamento social, as empresas aumentaram as suas frotas para transportar os funcion\u00e1rios para manter esse distanciamento dentro dos \u00f4nibus&#8221;, ressaltou Leandro Sodr\u00e9, gerente nacional de Vendas da Marcopolo.<\/p>\n\n\n\n<p>Para Jaime Silva, presidente da Associa\u00e7\u00e3o Nacional dos Transportadores de Turismo e Fretamento (ANTTUR), as opera\u00e7\u00f5es de fretamento eventual, aquelas de eventos ou atividades tur\u00edsticas, foram fortemente afetadas pela pandemia no ano passado. &#8220;Em contrapartida, o fretamento cont\u00ednuo, como os servi\u00e7os de transporte de funcion\u00e1rios, saiu fortalecido. Em 2021, j\u00e1 houve recupera\u00e7\u00e3o nesses primeiros dois meses e a expectativa para o ano \u00e9 de retomada&#8221;, afirmou.<\/p>\n\n\n\n<p>Imagem &#8211; Divulga\u00e7\u00e3o<\/p>\n","protected":false},"excerpt":{"rendered":"<p>At\u00e9 o final do m\u00eas de abril, mais de 200 unidades destinadas ao transporte de trabalhadores em \u00e1reas urbanas e nos setores de minera\u00e7\u00e3o e agroneg\u00f3cios, ser\u00e3o entregues para diversos clientes em v\u00e1rios estados<\/p>\n","protected":false},"author":1,"featured_media":3477,"comment_status":"open","ping_status":"open","sticky":false,"template":"","format":"standard","meta":{"_et_pb_use_builder":"off","_et_pb_old_content":"","_et_gb_content_width":"","_jetpack_memberships_contains_paid_content":false,"footnotes":""},"categories":[90],"tags":[],"class_list":["post-3476","post","type-post","status-publish","format-standard","has-post-thumbnail","hentry","category-noticias","et-has-post-format-content","et_post_format-et-post-format-standard"],"yoast_head":"<!-- This site is optimized with the Yoast SEO plugin v27.2 - https:\/\/yoast.com\/product\/yoast-seo-wordpress\/ -->\n<title>Fretamento, expectativa para um 2021 melhor - Revista AutoBus<\/title>\n<meta name=\"robots\" content=\"index, follow, max-snippet:-1, max-image-preview:large, max-video-preview:-1\" \/>\n<link rel=\"canonical\" href=\"https:\/\/revistaautobus.com.br\/?p=3476\" \/>\n<meta property=\"og:locale\" content=\"pt_BR\" \/>\n<meta property=\"og:type\" content=\"article\" \/>\n<meta property=\"og:title\" content=\"Fretamento, expectativa para um 2021 melhor - Revista AutoBus\" \/>\n<meta property=\"og:description\" content=\"At\u00e9 o final do m\u00eas de abril, mais de 200 unidades destinadas ao transporte de trabalhadores em \u00e1reas urbanas e nos setores de minera\u00e7\u00e3o e agroneg\u00f3cios, ser\u00e3o entregues para diversos clientes em v\u00e1rios estados\" \/>\n<meta property=\"og:url\" content=\"https:\/\/revistaautobus.com.br\/?p=3476\" \/>\n<meta property=\"og:site_name\" content=\"Revista AutoBus\" \/>\n<meta property=\"article:publisher\" content=\"https:\/\/www.facebook.com\/antonio.ferro.3150\" \/>\n<meta property=\"article:published_time\" content=\"2021-03-26T11:35:00+00:00\" \/>\n<meta property=\"article:modified_time\" content=\"2021-06-26T16:11:48+00:00\" \/>\n<meta property=\"og:image\" content=\"https:\/\/revistaautobus.com.br\/wp-content\/uploads\/2021\/06\/fretamento-expectativa-para-um-2021-melhor-1616758594.jpg\" \/>\n\t<meta property=\"og:image:width\" content=\"1200\" \/>\n\t<meta property=\"og:image:height\" content=\"628\" \/>\n\t<meta property=\"og:image:type\" content=\"image\/jpeg\" \/>\n<meta name=\"author\" content=\"vila8\" \/>\n<meta name=\"twitter:card\" content=\"summary_large_image\" \/>\n<meta name=\"twitter:label1\" content=\"Escrito por\" \/>\n\t<meta name=\"twitter:data1\" content=\"vila8\" \/>\n\t<meta name=\"twitter:label2\" content=\"Est. tempo de leitura\" \/>\n\t<meta name=\"twitter:data2\" content=\"2 minutos\" \/>\n<script type=\"application\/ld+json\" class=\"yoast-schema-graph\">{\"@context\":\"https:\/\/schema.org\",\"@graph\":[{\"@type\":\"Article\",\"@id\":\"https:\/\/revistaautobus.com.br\/?p=3476#article\",\"isPartOf\":{\"@id\":\"https:\/\/revistaautobus.com.br\/?p=3476\"},\"author\":{\"name\":\"vila8\",\"@id\":\"https:\/\/revistaautobus.com.br\/#\/schema\/person\/5de0d0d623e36dbc3bfa6f4559deb07e\"},\"headline\":\"Fretamento, expectativa para um 2021 melhor\",\"datePublished\":\"2021-03-26T11:35:00+00:00\",\"dateModified\":\"2021-06-26T16:11:48+00:00\",\"mainEntityOfPage\":{\"@id\":\"https:\/\/revistaautobus.com.br\/?p=3476\"},\"wordCount\":336,\"commentCount\":0,\"publisher\":{\"@id\":\"https:\/\/revistaautobus.com.br\/#organization\"},\"image\":{\"@id\":\"https:\/\/revistaautobus.com.br\/?p=3476#primaryimage\"},\"thumbnailUrl\":\"https:\/\/revistaautobus.com.br\/wp-content\/uploads\/2021\/06\/fretamento-expectativa-para-um-2021-melhor-1616758594.jpg\",\"articleSection\":[\"Not\u00edcias\"],\"inLanguage\":\"pt-BR\",\"potentialAction\":[{\"@type\":\"CommentAction\",\"name\":\"Comment\",\"target\":[\"https:\/\/revistaautobus.com.br\/?p=3476#respond\"]}]},{\"@type\":\"WebPage\",\"@id\":\"https:\/\/revistaautobus.com.br\/?p=3476\",\"url\":\"https:\/\/revistaautobus.com.br\/?p=3476\",\"name\":\"Fretamento, expectativa para um 2021 melhor - Revista AutoBus\",\"isPartOf\":{\"@id\":\"https:\/\/revistaautobus.com.br\/#website\"},\"primaryImageOfPage\":{\"@id\":\"https:\/\/revistaautobus.com.br\/?p=3476#primaryimage\"},\"image\":{\"@id\":\"https:\/\/revistaautobus.com.br\/?p=3476#primaryimage\"},\"thumbnailUrl\":\"https:\/\/revistaautobus.com.br\/wp-content\/uploads\/2021\/06\/fretamento-expectativa-para-um-2021-melhor-1616758594.jpg\",\"datePublished\":\"2021-03-26T11:35:00+00:00\",\"dateModified\":\"2021-06-26T16:11:48+00:00\",\"breadcrumb\":{\"@id\":\"https:\/\/revistaautobus.com.br\/?p=3476#breadcrumb\"},\"inLanguage\":\"pt-BR\",\"potentialAction\":[{\"@type\":\"ReadAction\",\"target\":[\"https:\/\/revistaautobus.com.br\/?p=3476\"]}]},{\"@type\":\"ImageObject\",\"inLanguage\":\"pt-BR\",\"@id\":\"https:\/\/revistaautobus.com.br\/?p=3476#primaryimage\",\"url\":\"https:\/\/revistaautobus.com.br\/wp-content\/uploads\/2021\/06\/fretamento-expectativa-para-um-2021-melhor-1616758594.jpg\",\"contentUrl\":\"https:\/\/revistaautobus.com.br\/wp-content\/uploads\/2021\/06\/fretamento-expectativa-para-um-2021-melhor-1616758594.jpg\",\"width\":1200,\"height\":628},{\"@type\":\"BreadcrumbList\",\"@id\":\"https:\/\/revistaautobus.com.br\/?p=3476#breadcrumb\",\"itemListElement\":[{\"@type\":\"ListItem\",\"position\":1,\"name\":\"In\u00edcio\",\"item\":\"https:\/\/revistaautobus.com.br\/\"},{\"@type\":\"ListItem\",\"position\":2,\"name\":\"Fretamento, expectativa para um 2021 melhor\"}]},{\"@type\":\"WebSite\",\"@id\":\"https:\/\/revistaautobus.com.br\/#website\",\"url\":\"https:\/\/revistaautobus.com.br\/\",\"name\":\"Revista AutoBus\",\"description\":\"\",\"publisher\":{\"@id\":\"https:\/\/revistaautobus.com.br\/#organization\"},\"potentialAction\":[{\"@type\":\"SearchAction\",\"target\":{\"@type\":\"EntryPoint\",\"urlTemplate\":\"https:\/\/revistaautobus.com.br\/?s={search_term_string}\"},\"query-input\":{\"@type\":\"PropertyValueSpecification\",\"valueRequired\":true,\"valueName\":\"search_term_string\"}}],\"inLanguage\":\"pt-BR\"},{\"@type\":\"Organization\",\"@id\":\"https:\/\/revistaautobus.com.br\/#organization\",\"name\":\"Revista AutoBus\",\"url\":\"https:\/\/revistaautobus.com.br\/\",\"logo\":{\"@type\":\"ImageObject\",\"inLanguage\":\"pt-BR\",\"@id\":\"https:\/\/revistaautobus.com.br\/#\/schema\/logo\/image\/\",\"url\":\"https:\/\/revistaautobus.com.br\/wp-content\/uploads\/2024\/11\/logo_revista_autobus_fb.png\",\"contentUrl\":\"https:\/\/revistaautobus.com.br\/wp-content\/uploads\/2024\/11\/logo_revista_autobus_fb.png\",\"width\":836,\"height\":227,\"caption\":\"Revista AutoBus\"},\"image\":{\"@id\":\"https:\/\/revistaautobus.com.br\/#\/schema\/logo\/image\/\"},\"sameAs\":[\"https:\/\/www.facebook.com\/antonio.ferro.3150\",\"https:\/\/www.instagram.com\/revistaautobus\/\"]},{\"@type\":\"Person\",\"@id\":\"https:\/\/revistaautobus.com.br\/#\/schema\/person\/5de0d0d623e36dbc3bfa6f4559deb07e\",\"name\":\"vila8\",\"image\":{\"@type\":\"ImageObject\",\"inLanguage\":\"pt-BR\",\"@id\":\"https:\/\/secure.gravatar.com\/avatar\/dafc4c617e7acdc010f9d6f4f8a0712ac362ca4ff8bc3063cc9c7422b6e70fde?s=96&d=mm&r=g\",\"url\":\"https:\/\/secure.gravatar.com\/avatar\/dafc4c617e7acdc010f9d6f4f8a0712ac362ca4ff8bc3063cc9c7422b6e70fde?s=96&d=mm&r=g\",\"contentUrl\":\"https:\/\/secure.gravatar.com\/avatar\/dafc4c617e7acdc010f9d6f4f8a0712ac362ca4ff8bc3063cc9c7422b6e70fde?s=96&d=mm&r=g\",\"caption\":\"vila8\"},\"sameAs\":[\"http:\/\/wp-json\/wp\/v2\/users\/me\"],\"url\":\"https:\/\/revistaautobus.com.br\/?author=1\"}]}<\/script>\n<!-- \/ Yoast SEO plugin. -->","yoast_head_json":{"title":"Fretamento, expectativa para um 2021 melhor - Revista AutoBus","robots":{"index":"index","follow":"follow","max-snippet":"max-snippet:-1","max-image-preview":"max-image-preview:large","max-video-preview":"max-video-preview:-1"},"canonical":"https:\/\/revistaautobus.com.br\/?p=3476","og_locale":"pt_BR","og_type":"article","og_title":"Fretamento, expectativa para um 2021 melhor - Revista AutoBus","og_description":"At\u00e9 o final do m\u00eas de abril, mais de 200 unidades destinadas ao transporte de trabalhadores em \u00e1reas urbanas e nos setores de minera\u00e7\u00e3o e agroneg\u00f3cios, ser\u00e3o entregues para diversos clientes em v\u00e1rios estados","og_url":"https:\/\/revistaautobus.com.br\/?p=3476","og_site_name":"Revista AutoBus","article_publisher":"https:\/\/www.facebook.com\/antonio.ferro.3150","article_published_time":"2021-03-26T11:35:00+00:00","article_modified_time":"2021-06-26T16:11:48+00:00","og_image":[{"width":1200,"height":628,"url":"https:\/\/revistaautobus.com.br\/wp-content\/uploads\/2021\/06\/fretamento-expectativa-para-um-2021-melhor-1616758594.jpg","type":"image\/jpeg"}],"author":"vila8","twitter_card":"summary_large_image","twitter_misc":{"Escrito por":"vila8","Est. tempo de leitura":"2 minutos"},"schema":{"@context":"https:\/\/schema.org","@graph":[{"@type":"Article","@id":"https:\/\/revistaautobus.com.br\/?p=3476#article","isPartOf":{"@id":"https:\/\/revistaautobus.com.br\/?p=3476"},"author":{"name":"vila8","@id":"https:\/\/revistaautobus.com.br\/#\/schema\/person\/5de0d0d623e36dbc3bfa6f4559deb07e"},"headline":"Fretamento, expectativa para um 2021 melhor","datePublished":"2021-03-26T11:35:00+00:00","dateModified":"2021-06-26T16:11:48+00:00","mainEntityOfPage":{"@id":"https:\/\/revistaautobus.com.br\/?p=3476"},"wordCount":336,"commentCount":0,"publisher":{"@id":"https:\/\/revistaautobus.com.br\/#organization"},"image":{"@id":"https:\/\/revistaautobus.com.br\/?p=3476#primaryimage"},"thumbnailUrl":"https:\/\/revistaautobus.com.br\/wp-content\/uploads\/2021\/06\/fretamento-expectativa-para-um-2021-melhor-1616758594.jpg","articleSection":["Not\u00edcias"],"inLanguage":"pt-BR","potentialAction":[{"@type":"CommentAction","name":"Comment","target":["https:\/\/revistaautobus.com.br\/?p=3476#respond"]}]},{"@type":"WebPage","@id":"https:\/\/revistaautobus.com.br\/?p=3476","url":"https:\/\/revistaautobus.com.br\/?p=3476","name":"Fretamento, expectativa para um 2021 melhor - Revista AutoBus","isPartOf":{"@id":"https:\/\/revistaautobus.com.br\/#website"},"primaryImageOfPage":{"@id":"https:\/\/revistaautobus.com.br\/?p=3476#primaryimage"},"image":{"@id":"https:\/\/revistaautobus.com.br\/?p=3476#primaryimage"},"thumbnailUrl":"https:\/\/revistaautobus.com.br\/wp-content\/uploads\/2021\/06\/fretamento-expectativa-para-um-2021-melhor-1616758594.jpg","datePublished":"2021-03-26T11:35:00+00:00","dateModified":"2021-06-26T16:11:48+00:00","breadcrumb":{"@id":"https:\/\/revistaautobus.com.br\/?p=3476#breadcrumb"},"inLanguage":"pt-BR","potentialAction":[{"@type":"ReadAction","target":["https:\/\/revistaautobus.com.br\/?p=3476"]}]},{"@type":"ImageObject","inLanguage":"pt-BR","@id":"https:\/\/revistaautobus.com.br\/?p=3476#primaryimage","url":"https:\/\/revistaautobus.com.br\/wp-content\/uploads\/2021\/06\/fretamento-expectativa-para-um-2021-melhor-1616758594.jpg","contentUrl":"https:\/\/revistaautobus.com.br\/wp-content\/uploads\/2021\/06\/fretamento-expectativa-para-um-2021-melhor-1616758594.jpg","width":1200,"height":628},{"@type":"BreadcrumbList","@id":"https:\/\/revistaautobus.com.br\/?p=3476#breadcrumb","itemListElement":[{"@type":"ListItem","position":1,"name":"In\u00edcio","item":"https:\/\/revistaautobus.com.br\/"},{"@type":"ListItem","position":2,"name":"Fretamento, expectativa para um 2021 melhor"}]},{"@type":"WebSite","@id":"https:\/\/revistaautobus.com.br\/#website","url":"https:\/\/revistaautobus.com.br\/","name":"Revista AutoBus","description":"","publisher":{"@id":"https:\/\/revistaautobus.com.br\/#organization"},"potentialAction":[{"@type":"SearchAction","target":{"@type":"EntryPoint","urlTemplate":"https:\/\/revistaautobus.com.br\/?s={search_term_string}"},"query-input":{"@type":"PropertyValueSpecification","valueRequired":true,"valueName":"search_term_string"}}],"inLanguage":"pt-BR"},{"@type":"Organization","@id":"https:\/\/revistaautobus.com.br\/#organization","name":"Revista AutoBus","url":"https:\/\/revistaautobus.com.br\/","logo":{"@type":"ImageObject","inLanguage":"pt-BR","@id":"https:\/\/revistaautobus.com.br\/#\/schema\/logo\/image\/","url":"https:\/\/revistaautobus.com.br\/wp-content\/uploads\/2024\/11\/logo_revista_autobus_fb.png","contentUrl":"https:\/\/revistaautobus.com.br\/wp-content\/uploads\/2024\/11\/logo_revista_autobus_fb.png","width":836,"height":227,"caption":"Revista AutoBus"},"image":{"@id":"https:\/\/revistaautobus.com.br\/#\/schema\/logo\/image\/"},"sameAs":["https:\/\/www.facebook.com\/antonio.ferro.3150","https:\/\/www.instagram.com\/revistaautobus\/"]},{"@type":"Person","@id":"https:\/\/revistaautobus.com.br\/#\/schema\/person\/5de0d0d623e36dbc3bfa6f4559deb07e","name":"vila8","image":{"@type":"ImageObject","inLanguage":"pt-BR","@id":"https:\/\/secure.gravatar.com\/avatar\/dafc4c617e7acdc010f9d6f4f8a0712ac362ca4ff8bc3063cc9c7422b6e70fde?s=96&d=mm&r=g","url":"https:\/\/secure.gravatar.com\/avatar\/dafc4c617e7acdc010f9d6f4f8a0712ac362ca4ff8bc3063cc9c7422b6e70fde?s=96&d=mm&r=g","contentUrl":"https:\/\/secure.gravatar.com\/avatar\/dafc4c617e7acdc010f9d6f4f8a0712ac362ca4ff8bc3063cc9c7422b6e70fde?s=96&d=mm&r=g","caption":"vila8"},"sameAs":["http:\/\/wp-json\/wp\/v2\/users\/me"],"url":"https:\/\/revistaautobus.com.br\/?author=1"}]}},"jetpack_featured_media_url":"https:\/\/revistaautobus.com.br\/wp-content\/uploads\/2021\/06\/fretamento-expectativa-para-um-2021-melhor-1616758594.jpg","jetpack_sharing_enabled":true,"_links":{"self":[{"href":"https:\/\/revistaautobus.com.br\/index.php?rest_route=\/wp\/v2\/posts\/3476","targetHints":{"allow":["GET"]}}],"collection":[{"href":"https:\/\/revistaautobus.com.br\/index.php?rest_route=\/wp\/v2\/posts"}],"about":[{"href":"https:\/\/revistaautobus.com.br\/index.php?rest_route=\/wp\/v2\/types\/post"}],"author":[{"embeddable":true,"href":"https:\/\/revistaautobus.com.br\/index.php?rest_route=\/wp\/v2\/users\/1"}],"replies":[{"embeddable":true,"href":"https:\/\/revistaautobus.com.br\/index.php?rest_route=%2Fwp%2Fv2%2Fcomments&post=3476"}],"version-history":[{"count":1,"href":"https:\/\/revistaautobus.com.br\/index.php?rest_route=\/wp\/v2\/posts\/3476\/revisions"}],"predecessor-version":[{"id":3478,"href":"https:\/\/revistaautobus.com.br\/index.php?rest_route=\/wp\/v2\/posts\/3476\/revisions\/3478"}],"wp:featuredmedia":[{"embeddable":true,"href":"https:\/\/revistaautobus.com.br\/index.php?rest_route=\/wp\/v2\/media\/3477"}],"wp:attachment":[{"href":"https:\/\/revistaautobus.com.br\/index.php?rest_route=%2Fwp%2Fv2%2Fmedia&parent=3476"}],"wp:term":[{"taxonomy":"category","embeddable":true,"href":"https:\/\/revistaautobus.com.br\/index.php?rest_route=%2Fwp%2Fv2%2Fcategories&post=3476"},{"taxonomy":"post_tag","embeddable":true,"href":"https:\/\/revistaautobus.com.br\/index.php?rest_route=%2Fwp%2Fv2%2Ftags&post=3476"}],"curies":[{"name":"wp","href":"https:\/\/api.w.org\/{rel}","templated":true}]}}