{"id":3853,"date":"2021-07-15T13:32:40","date_gmt":"2021-07-15T16:32:40","guid":{"rendered":"https:\/\/vila8.com.br\/clientes\/autobus\/?p=3853"},"modified":"2021-07-15T13:36:13","modified_gmt":"2021-07-15T16:36:13","slug":"50-anos-em-familia","status":"publish","type":"post","link":"https:\/\/revistaautobus.com.br\/?p=3853","title":{"rendered":"50 anos em fam\u00edlia"},"content":{"rendered":"\n<p class=\"has-drop-cap\">Jos\u00e9 Juan Ciccia, diretor comercial da Turismo CIVA, a mais importante operadora de \u00f4nibus rodovi\u00e1rio do Peru, herdou do seu pai, o fundador da empresa, Miguel Segundo Ciccia Vasquez, a determina\u00e7\u00e3o pelos neg\u00f3cios. No comando da transportadora, Jos\u00e9 Juan re\u00fane os atributos da administra\u00e7\u00e3o focada no bem-estar das pessoas e na inova\u00e7\u00e3o tecnol\u00f3gica para a otimizar as opera\u00e7\u00f5es. Corredor de montanha, de mountain bike e maratonista, ele sempre busca se superar, com toda a aten\u00e7\u00e3o e sem perder a resist\u00eancia frente aos obst\u00e1culos. \u201cAssim como no esporte, quando o cansa\u00e7o e os pensamentos negativos surgem durante as provas, n\u00e3o podemos desanimar quando as dificuldades aparecem em nossas vidas\u201d, observou o diretor.<\/p>\n\n\n\n<p>Se hoje a CIVA \u00e9 um exemplo no transporte rodovi\u00e1rio, \u00e9 preciso retornar ao come\u00e7o da d\u00e9cada de 1970, quando ent\u00e3o Miguel Segundo Ciccia inicia essa jornada. N\u00e3o foi nada f\u00e1cil, diga-se de passagem, sobre os aspectos operacionais que Ciccia Vasquez enfrentou no decorrer dos anos para ver sua empresa se expandir. Cada trajeto foi um desafio. Entre os anos de 1980 e 1990, o Peru contava com uma rede de estradas sem pavimentos, muitas em estado deplor\u00e1vel, e o terrorismo era um mal latente, fatores que n\u00e3o desanimaram o empreendedor em busca de sua gl\u00f3ria. \u201cMeu pai era cantor, artista pl\u00e1stico e ainda foi pol\u00edtico. Dele herdei sua humildade e paix\u00e3o por fazer as coisas que tinha em mente\u201d, disse Jos\u00e9 Juan.<\/p>\n\n\n\n<p>Uma das caracter\u00edsticas de Ciccia Vasquez era, desde o princ\u00edpio de sua empresa, de adquirir unidades modernas de \u00f4nibus que contribu\u00edram para o desenvolvimento das comunica\u00e7\u00f5es regionais peruanas. Nesse sentido, a CIVA (iniciais de <strong>Ci<\/strong>ccia <strong>Va<\/strong>squez) \u00e9 uma grande cliente das fabricantes brasileiras de \u00f4nibus, (carro\u00e7arias e chassis) sempre investindo em modelos de \u00faltima gera\u00e7\u00e3o, equipados com componentes que proporcionam um maior n\u00edvel de conforto e seguran\u00e7a durante as viagens. \u201cHoje, nossa estrutura \u00e9 composta por 320 \u00f4nibus e 1.200 trabalhadores, atuando em mais de 61 destinos em todo o Peru. Em termos de opera\u00e7\u00e3o, nossas rotas interprovinciais est\u00e3o operando 30% abaixo do que est\u00e1vamos antes da pandemia. Continuamos com os tr\u00eas servi\u00e7os EXCLUCIVA, SUPERCIVA e ECONOCIVA plus disponibilizados para nossos clientes\u201d, ressaltou Jos\u00e9 Juan. Tais servi\u00e7os disponibilizam total aten\u00e7\u00e3o para com os passageiros, sempre oferecendo uma s\u00e9rie de itens e comodidades durante as viagens.<\/p>\n\n\n\n<div class=\"wp-block-image\"><figure class=\"alignright size-large is-resized\"><img loading=\"lazy\" decoding=\"async\" src=\"https:\/\/vila8.com.br\/clientes\/autobus\/wp-content\/uploads\/2021\/07\/Inicio-1-1024x664.jpg\" alt=\"\" class=\"wp-image-3856\" width=\"457\" height=\"296\" srcset=\"https:\/\/revistaautobus.com.br\/wp-content\/uploads\/2021\/07\/Inicio-1-1024x664.jpg 1024w, https:\/\/revistaautobus.com.br\/wp-content\/uploads\/2021\/07\/Inicio-1-300x195.jpg 300w, https:\/\/revistaautobus.com.br\/wp-content\/uploads\/2021\/07\/Inicio-1-768x498.jpg 768w, https:\/\/revistaautobus.com.br\/wp-content\/uploads\/2021\/07\/Inicio-1-1080x700.jpg 1080w, https:\/\/revistaautobus.com.br\/wp-content\/uploads\/2021\/07\/Inicio-1.jpg 1141w\" sizes=\"(max-width: 457px) 100vw, 457px\" \/><\/figure><\/div>\n\n\n\n<p>E a respeito sobre os valores que imprime na \u00e1rea de recursos humanos, o diretor da transportadora ressalta que, h\u00e1 um trabalho em equipe e lealdade, com organiza\u00e7\u00e3o e uni\u00e3o. \u201cNo caso dos condutores, o seu descanso \u00e9 fundamental e implementamos nas localidades onde atuamos \u00e1reas reservadas que proporcionam um bom descanso. J\u00e1 em nossas bases, disponibilizamos academia e atividades f\u00edsicas para eles. Ainda, por sermos uma empresa familiar, temos uma rela\u00e7\u00e3o mais direta e pr\u00f3xima com os nossos colaboradores de qualquer n\u00edvel, quando ent\u00e3o podemos trocar experi\u00eancias e ouvir sugest\u00f5es sobre cada departamento que temos\u201d.<\/p>\n\n\n\n<p>Em termos de governan\u00e7a interna, com garantia para poder estar em conformidade com a seguran\u00e7a, a Turismo Civa, h\u00e1 alguns anos, vem padronizando os processos de gest\u00e3o e a melhoria cont\u00ednua em seus servi\u00e7os. \u201cIsso tem sido nosso melhor aliado para nos adaptarmos \u00e0s necessidades dos passageiros, mesmo agora em uma pandemia. A seguran\u00e7a sempre priorizada em tudo o que fazemos e agora ressaltamos a biosseguran\u00e7a para manter nossa frota e os terminais rodovi\u00e1rio limpos e esterilizados\u201d, comentou o diretor.<\/p>\n\n\n\n<div class=\"wp-block-image\"><figure class=\"alignleft size-large is-resized\"><img loading=\"lazy\" decoding=\"async\" src=\"https:\/\/vila8.com.br\/clientes\/autobus\/wp-content\/uploads\/2021\/07\/Inicio-2-1.jpg\" alt=\"\" class=\"wp-image-3859\" width=\"353\" height=\"339\" srcset=\"https:\/\/revistaautobus.com.br\/wp-content\/uploads\/2021\/07\/Inicio-2-1.jpg 918w, https:\/\/revistaautobus.com.br\/wp-content\/uploads\/2021\/07\/Inicio-2-1-300x289.jpg 300w, https:\/\/revistaautobus.com.br\/wp-content\/uploads\/2021\/07\/Inicio-2-1-768x739.jpg 768w\" sizes=\"(max-width: 353px) 100vw, 353px\" \/><\/figure><\/div>\n\n\n\n<p>Em 2006, Miguel Segundo falece. Para Jos\u00e9 Juan, a vida, a partir daquele momento, lhe provocara com a necessidade de assumir a responsabilidade sobre uma empresa de grande porte e que n\u00e3o poderia parar. \u201cH\u00e1 muitas coisas que a experi\u00eancia lhe ensina. Por\u00e9m, acredito que a import\u00e2ncia de ter a empresa em ordem e com responsabilidades e ter um conselho r\u00e1pido para tomar decis\u00f5es dif\u00edceis em pouco tempo, faz da boa comunica\u00e7\u00e3o uma das coisas mais importantes sobre o que ela deve ter. A morte do meu pai me pegou de surpresa, n\u00e3o imaginava que ele estivesse nos deixando e a verdade era que eu n\u00e3o estava preparado de forma alguma. Por\u00e9m, junto com meu tio e meus primos, que tomaram as r\u00e9deas, fomos aprendendo juntos. Entrar totalmente no neg\u00f3cio possibilitou que eu me adaptasse e entendesse mais sobre suas peculiaridades. Por\u00e9m, o fato de meu pai sempre me levar para trabalhar, desde pequeno, crescendo rodeado de passageiros, \u00f4nibus e mec\u00e2nicos, fez com que as rela\u00e7\u00f5es comerciais ficassem no meu DNA e me ajudou muito no crescimento\u201d, disse.<\/p>\n\n\n\n<p>E quanto a pol\u00edtica ambiental adotada na empresa, quais s\u00e3o as a\u00e7\u00f5es que mais se destacam? Jos\u00e9 Juan contou que, em rela\u00e7\u00e3o ao meio ambiente, as oficinas realizam a reciclagem e o bom gerenciamento dos \u00f3leos, bem como da sucata que \u00e9 gerada por pe\u00e7as de reposi\u00e7\u00e3o inoperantes. \u201cJunto com os encarro\u00e7adores, a CIVA foi a primeira empresa a conseguir usar a \u00e1gua gerada pela condensa\u00e7\u00e3o dos condicionadores de ar, para ser utilizada em limpadores de para-brisa e nos sanit\u00e1rios dos \u00f4nibus. Este ano, a CIVA, juntamente com a mineradora Miski Mayo, colocar\u00e1 em opera\u00e7\u00e3o os primeiros \u00f4nibus 100% el\u00e9tricos do Peru para o transporte de pessoas\u201d, revelou.<\/p>\n\n\n\n<div class=\"wp-block-image\"><figure class=\"alignright size-large is-resized\"><img loading=\"lazy\" decoding=\"async\" src=\"https:\/\/vila8.com.br\/clientes\/autobus\/wp-content\/uploads\/2021\/07\/Pai-e-filho-1024x374.jpg\" alt=\"\" class=\"wp-image-3860\" width=\"419\" height=\"152\" srcset=\"https:\/\/revistaautobus.com.br\/wp-content\/uploads\/2021\/07\/Pai-e-filho-1024x374.jpg 1024w, https:\/\/revistaautobus.com.br\/wp-content\/uploads\/2021\/07\/Pai-e-filho-300x109.jpg 300w, https:\/\/revistaautobus.com.br\/wp-content\/uploads\/2021\/07\/Pai-e-filho-768x280.jpg 768w, https:\/\/revistaautobus.com.br\/wp-content\/uploads\/2021\/07\/Pai-e-filho-1080x394.jpg 1080w, https:\/\/revistaautobus.com.br\/wp-content\/uploads\/2021\/07\/Pai-e-filho.jpg 1233w\" sizes=\"(max-width: 419px) 100vw, 419px\" \/><figcaption><strong><span style=\"color:#0700a3\" class=\"has-inline-color\">Miguel Ciccia Vasquez e Jos\u00e9 Juan Ciccia, pai e filho, duas gera\u00e7\u00f5es no comando da CIVA<\/span><\/strong><\/figcaption><\/figure><\/div>\n\n\n\n<p>Durante a pandemia, algumas iniciativas foram colocadas em pr\u00e1tica, como a adapta\u00e7\u00e3o \u00e0 novos neg\u00f3cios, com o desenvolvimento do pr\u00f3prio esterilizador UV para limpeza interna de nossos \u00f4nibus (www.civauv.com). \u201cN\u00e3o fomos apenas a primeira transportadora a implement\u00e1-lo, mas tamb\u00e9m o elaboramos em oficinas pr\u00f3prias e fomos a primeira empresa em todos os setores que apostou nisso. Outra oportunidade que estamos explorando \u00e9 o transporte de trabalhadores, j\u00e1 que nosso ramo de neg\u00f3cios sempre foi o das viagens de longa dist\u00e2ncia. No entanto, hoje temos uma carteira de clientes corporativos que alugam nossos \u00f4nibus para transportarem seus colaboradores\u201d, afirmou Jos\u00e9 Juan.<\/p>\n\n\n\n<p>Sobre a significativa data de celebra\u00e7\u00e3o dos 50 anos, o diretor enfatizou que \u00e9 extremamente importante festejar as cinco d\u00e9cadas quando o Peru completa seus 200 anos de independ\u00eancia. \u201cIsso expressa que o sonho do fundador de unir todo o Peru est\u00e1 se consolidando cada vez mais. \u00c9 algo que pode ser visto na empresa, no quadro de funcion\u00e1rios e no patrim\u00f4nio que conseguimos unir nestes 50 anos de hist\u00f3ria da CIVA\u201d, concluiu.<\/p>\n\n\n\n<p>Imagens &#8211; Marcopolo e Civa<\/p>\n","protected":false},"excerpt":{"rendered":"<p>A mais expressiva transportadora rodovi\u00e1ria de passageiros do Peru comemora suas cinco d\u00e9cadas de atividades, consolidando sua presen\u00e7a cada vez mais naquele mercado<\/p>\n","protected":false},"author":2,"featured_media":3854,"comment_status":"open","ping_status":"open","sticky":false,"template":"","format":"standard","meta":{"_et_pb_use_builder":"off","_et_pb_old_content":"","_et_gb_content_width":"","_jetpack_memberships_contains_paid_content":false,"footnotes":""},"categories":[53],"tags":[120,11,121],"class_list":["post-3853","post","type-post","status-publish","format-standard","has-post-thumbnail","hentry","category-internacional","tag-civa","tag-onibus","tag-peru","et-has-post-format-content","et_post_format-et-post-format-standard"],"yoast_head":"<!-- This site is optimized with the Yoast SEO plugin v27.2 - https:\/\/yoast.com\/product\/yoast-seo-wordpress\/ -->\n<title>50 anos em fam\u00edlia - Revista AutoBus<\/title>\n<meta name=\"robots\" content=\"index, follow, max-snippet:-1, max-image-preview:large, max-video-preview:-1\" \/>\n<link rel=\"canonical\" href=\"https:\/\/revistaautobus.com.br\/?p=3853\" \/>\n<meta property=\"og:locale\" content=\"pt_BR\" \/>\n<meta property=\"og:type\" content=\"article\" \/>\n<meta property=\"og:title\" content=\"50 anos em fam\u00edlia - Revista AutoBus\" \/>\n<meta property=\"og:description\" content=\"A mais expressiva transportadora rodovi\u00e1ria de passageiros do Peru comemora suas cinco d\u00e9cadas de atividades, consolidando sua presen\u00e7a cada vez mais naquele mercado\" \/>\n<meta property=\"og:url\" content=\"https:\/\/revistaautobus.com.br\/?p=3853\" \/>\n<meta property=\"og:site_name\" content=\"Revista AutoBus\" \/>\n<meta property=\"article:publisher\" content=\"https:\/\/www.facebook.com\/antonio.ferro.3150\" \/>\n<meta property=\"article:published_time\" content=\"2021-07-15T16:32:40+00:00\" \/>\n<meta property=\"article:modified_time\" content=\"2021-07-15T16:36:13+00:00\" \/>\n<meta property=\"og:image\" content=\"https:\/\/revistaautobus.com.br\/wp-content\/uploads\/2021\/07\/SUPER_CIVA-30.jpg\" \/>\n\t<meta property=\"og:image:width\" content=\"1200\" \/>\n\t<meta property=\"og:image:height\" content=\"798\" \/>\n\t<meta property=\"og:image:type\" content=\"image\/jpeg\" \/>\n<meta name=\"author\" content=\"Antonio Ferro\" \/>\n<meta name=\"twitter:card\" content=\"summary_large_image\" \/>\n<meta name=\"twitter:label1\" content=\"Escrito por\" \/>\n\t<meta name=\"twitter:data1\" content=\"Antonio Ferro\" \/>\n\t<meta name=\"twitter:label2\" content=\"Est. tempo de leitura\" \/>\n\t<meta name=\"twitter:data2\" content=\"6 minutos\" \/>\n<script type=\"application\/ld+json\" class=\"yoast-schema-graph\">{\"@context\":\"https:\/\/schema.org\",\"@graph\":[{\"@type\":\"Article\",\"@id\":\"https:\/\/revistaautobus.com.br\/?p=3853#article\",\"isPartOf\":{\"@id\":\"https:\/\/revistaautobus.com.br\/?p=3853\"},\"author\":{\"name\":\"Antonio Ferro\",\"@id\":\"https:\/\/revistaautobus.com.br\/#\/schema\/person\/54af7c3eb83a310e42ef686ef6d16f50\"},\"headline\":\"50 anos em fam\u00edlia\",\"datePublished\":\"2021-07-15T16:32:40+00:00\",\"dateModified\":\"2021-07-15T16:36:13+00:00\",\"mainEntityOfPage\":{\"@id\":\"https:\/\/revistaautobus.com.br\/?p=3853\"},\"wordCount\":1121,\"commentCount\":0,\"publisher\":{\"@id\":\"https:\/\/revistaautobus.com.br\/#organization\"},\"image\":{\"@id\":\"https:\/\/revistaautobus.com.br\/?p=3853#primaryimage\"},\"thumbnailUrl\":\"https:\/\/revistaautobus.com.br\/wp-content\/uploads\/2021\/07\/SUPER_CIVA-30.jpg\",\"keywords\":[\"CIVA\",\"\u00f4nibus\",\"Peru\"],\"articleSection\":[\"Internacional\"],\"inLanguage\":\"pt-BR\",\"potentialAction\":[{\"@type\":\"CommentAction\",\"name\":\"Comment\",\"target\":[\"https:\/\/revistaautobus.com.br\/?p=3853#respond\"]}]},{\"@type\":\"WebPage\",\"@id\":\"https:\/\/revistaautobus.com.br\/?p=3853\",\"url\":\"https:\/\/revistaautobus.com.br\/?p=3853\",\"name\":\"50 anos em fam\u00edlia - Revista AutoBus\",\"isPartOf\":{\"@id\":\"https:\/\/revistaautobus.com.br\/#website\"},\"primaryImageOfPage\":{\"@id\":\"https:\/\/revistaautobus.com.br\/?p=3853#primaryimage\"},\"image\":{\"@id\":\"https:\/\/revistaautobus.com.br\/?p=3853#primaryimage\"},\"thumbnailUrl\":\"https:\/\/revistaautobus.com.br\/wp-content\/uploads\/2021\/07\/SUPER_CIVA-30.jpg\",\"datePublished\":\"2021-07-15T16:32:40+00:00\",\"dateModified\":\"2021-07-15T16:36:13+00:00\",\"breadcrumb\":{\"@id\":\"https:\/\/revistaautobus.com.br\/?p=3853#breadcrumb\"},\"inLanguage\":\"pt-BR\",\"potentialAction\":[{\"@type\":\"ReadAction\",\"target\":[\"https:\/\/revistaautobus.com.br\/?p=3853\"]}]},{\"@type\":\"ImageObject\",\"inLanguage\":\"pt-BR\",\"@id\":\"https:\/\/revistaautobus.com.br\/?p=3853#primaryimage\",\"url\":\"https:\/\/revistaautobus.com.br\/wp-content\/uploads\/2021\/07\/SUPER_CIVA-30.jpg\",\"contentUrl\":\"https:\/\/revistaautobus.com.br\/wp-content\/uploads\/2021\/07\/SUPER_CIVA-30.jpg\",\"width\":1200,\"height\":798},{\"@type\":\"BreadcrumbList\",\"@id\":\"https:\/\/revistaautobus.com.br\/?p=3853#breadcrumb\",\"itemListElement\":[{\"@type\":\"ListItem\",\"position\":1,\"name\":\"In\u00edcio\",\"item\":\"https:\/\/revistaautobus.com.br\/\"},{\"@type\":\"ListItem\",\"position\":2,\"name\":\"50 anos em fam\u00edlia\"}]},{\"@type\":\"WebSite\",\"@id\":\"https:\/\/revistaautobus.com.br\/#website\",\"url\":\"https:\/\/revistaautobus.com.br\/\",\"name\":\"Revista AutoBus\",\"description\":\"\",\"publisher\":{\"@id\":\"https:\/\/revistaautobus.com.br\/#organization\"},\"potentialAction\":[{\"@type\":\"SearchAction\",\"target\":{\"@type\":\"EntryPoint\",\"urlTemplate\":\"https:\/\/revistaautobus.com.br\/?s={search_term_string}\"},\"query-input\":{\"@type\":\"PropertyValueSpecification\",\"valueRequired\":true,\"valueName\":\"search_term_string\"}}],\"inLanguage\":\"pt-BR\"},{\"@type\":\"Organization\",\"@id\":\"https:\/\/revistaautobus.com.br\/#organization\",\"name\":\"Revista AutoBus\",\"url\":\"https:\/\/revistaautobus.com.br\/\",\"logo\":{\"@type\":\"ImageObject\",\"inLanguage\":\"pt-BR\",\"@id\":\"https:\/\/revistaautobus.com.br\/#\/schema\/logo\/image\/\",\"url\":\"https:\/\/revistaautobus.com.br\/wp-content\/uploads\/2024\/11\/logo_revista_autobus_fb.png\",\"contentUrl\":\"https:\/\/revistaautobus.com.br\/wp-content\/uploads\/2024\/11\/logo_revista_autobus_fb.png\",\"width\":836,\"height\":227,\"caption\":\"Revista AutoBus\"},\"image\":{\"@id\":\"https:\/\/revistaautobus.com.br\/#\/schema\/logo\/image\/\"},\"sameAs\":[\"https:\/\/www.facebook.com\/antonio.ferro.3150\",\"https:\/\/www.instagram.com\/revistaautobus\/\"]},{\"@type\":\"Person\",\"@id\":\"https:\/\/revistaautobus.com.br\/#\/schema\/person\/54af7c3eb83a310e42ef686ef6d16f50\",\"name\":\"Antonio Ferro\",\"image\":{\"@type\":\"ImageObject\",\"inLanguage\":\"pt-BR\",\"@id\":\"https:\/\/revistaautobus.com.br\/wp-content\/uploads\/2025\/12\/editor_antonio_ferro-150x150.jpg\",\"url\":\"https:\/\/revistaautobus.com.br\/wp-content\/uploads\/2025\/12\/editor_antonio_ferro-150x150.jpg\",\"contentUrl\":\"https:\/\/revistaautobus.com.br\/wp-content\/uploads\/2025\/12\/editor_antonio_ferro-150x150.jpg\",\"caption\":\"Antonio Ferro\"},\"description\":\"infobus@uol.com.br\",\"url\":\"https:\/\/revistaautobus.com.br\/?author=2\"}]}<\/script>\n<!-- \/ Yoast SEO plugin. -->","yoast_head_json":{"title":"50 anos em fam\u00edlia - Revista AutoBus","robots":{"index":"index","follow":"follow","max-snippet":"max-snippet:-1","max-image-preview":"max-image-preview:large","max-video-preview":"max-video-preview:-1"},"canonical":"https:\/\/revistaautobus.com.br\/?p=3853","og_locale":"pt_BR","og_type":"article","og_title":"50 anos em fam\u00edlia - Revista AutoBus","og_description":"A mais expressiva transportadora rodovi\u00e1ria de passageiros do Peru comemora suas cinco d\u00e9cadas de atividades, consolidando sua presen\u00e7a cada vez mais naquele mercado","og_url":"https:\/\/revistaautobus.com.br\/?p=3853","og_site_name":"Revista AutoBus","article_publisher":"https:\/\/www.facebook.com\/antonio.ferro.3150","article_published_time":"2021-07-15T16:32:40+00:00","article_modified_time":"2021-07-15T16:36:13+00:00","og_image":[{"width":1200,"height":798,"url":"https:\/\/revistaautobus.com.br\/wp-content\/uploads\/2021\/07\/SUPER_CIVA-30.jpg","type":"image\/jpeg"}],"author":"Antonio Ferro","twitter_card":"summary_large_image","twitter_misc":{"Escrito por":"Antonio Ferro","Est. tempo de leitura":"6 minutos"},"schema":{"@context":"https:\/\/schema.org","@graph":[{"@type":"Article","@id":"https:\/\/revistaautobus.com.br\/?p=3853#article","isPartOf":{"@id":"https:\/\/revistaautobus.com.br\/?p=3853"},"author":{"name":"Antonio Ferro","@id":"https:\/\/revistaautobus.com.br\/#\/schema\/person\/54af7c3eb83a310e42ef686ef6d16f50"},"headline":"50 anos em fam\u00edlia","datePublished":"2021-07-15T16:32:40+00:00","dateModified":"2021-07-15T16:36:13+00:00","mainEntityOfPage":{"@id":"https:\/\/revistaautobus.com.br\/?p=3853"},"wordCount":1121,"commentCount":0,"publisher":{"@id":"https:\/\/revistaautobus.com.br\/#organization"},"image":{"@id":"https:\/\/revistaautobus.com.br\/?p=3853#primaryimage"},"thumbnailUrl":"https:\/\/revistaautobus.com.br\/wp-content\/uploads\/2021\/07\/SUPER_CIVA-30.jpg","keywords":["CIVA","\u00f4nibus","Peru"],"articleSection":["Internacional"],"inLanguage":"pt-BR","potentialAction":[{"@type":"CommentAction","name":"Comment","target":["https:\/\/revistaautobus.com.br\/?p=3853#respond"]}]},{"@type":"WebPage","@id":"https:\/\/revistaautobus.com.br\/?p=3853","url":"https:\/\/revistaautobus.com.br\/?p=3853","name":"50 anos em fam\u00edlia - Revista AutoBus","isPartOf":{"@id":"https:\/\/revistaautobus.com.br\/#website"},"primaryImageOfPage":{"@id":"https:\/\/revistaautobus.com.br\/?p=3853#primaryimage"},"image":{"@id":"https:\/\/revistaautobus.com.br\/?p=3853#primaryimage"},"thumbnailUrl":"https:\/\/revistaautobus.com.br\/wp-content\/uploads\/2021\/07\/SUPER_CIVA-30.jpg","datePublished":"2021-07-15T16:32:40+00:00","dateModified":"2021-07-15T16:36:13+00:00","breadcrumb":{"@id":"https:\/\/revistaautobus.com.br\/?p=3853#breadcrumb"},"inLanguage":"pt-BR","potentialAction":[{"@type":"ReadAction","target":["https:\/\/revistaautobus.com.br\/?p=3853"]}]},{"@type":"ImageObject","inLanguage":"pt-BR","@id":"https:\/\/revistaautobus.com.br\/?p=3853#primaryimage","url":"https:\/\/revistaautobus.com.br\/wp-content\/uploads\/2021\/07\/SUPER_CIVA-30.jpg","contentUrl":"https:\/\/revistaautobus.com.br\/wp-content\/uploads\/2021\/07\/SUPER_CIVA-30.jpg","width":1200,"height":798},{"@type":"BreadcrumbList","@id":"https:\/\/revistaautobus.com.br\/?p=3853#breadcrumb","itemListElement":[{"@type":"ListItem","position":1,"name":"In\u00edcio","item":"https:\/\/revistaautobus.com.br\/"},{"@type":"ListItem","position":2,"name":"50 anos em fam\u00edlia"}]},{"@type":"WebSite","@id":"https:\/\/revistaautobus.com.br\/#website","url":"https:\/\/revistaautobus.com.br\/","name":"Revista AutoBus","description":"","publisher":{"@id":"https:\/\/revistaautobus.com.br\/#organization"},"potentialAction":[{"@type":"SearchAction","target":{"@type":"EntryPoint","urlTemplate":"https:\/\/revistaautobus.com.br\/?s={search_term_string}"},"query-input":{"@type":"PropertyValueSpecification","valueRequired":true,"valueName":"search_term_string"}}],"inLanguage":"pt-BR"},{"@type":"Organization","@id":"https:\/\/revistaautobus.com.br\/#organization","name":"Revista AutoBus","url":"https:\/\/revistaautobus.com.br\/","logo":{"@type":"ImageObject","inLanguage":"pt-BR","@id":"https:\/\/revistaautobus.com.br\/#\/schema\/logo\/image\/","url":"https:\/\/revistaautobus.com.br\/wp-content\/uploads\/2024\/11\/logo_revista_autobus_fb.png","contentUrl":"https:\/\/revistaautobus.com.br\/wp-content\/uploads\/2024\/11\/logo_revista_autobus_fb.png","width":836,"height":227,"caption":"Revista AutoBus"},"image":{"@id":"https:\/\/revistaautobus.com.br\/#\/schema\/logo\/image\/"},"sameAs":["https:\/\/www.facebook.com\/antonio.ferro.3150","https:\/\/www.instagram.com\/revistaautobus\/"]},{"@type":"Person","@id":"https:\/\/revistaautobus.com.br\/#\/schema\/person\/54af7c3eb83a310e42ef686ef6d16f50","name":"Antonio Ferro","image":{"@type":"ImageObject","inLanguage":"pt-BR","@id":"https:\/\/revistaautobus.com.br\/wp-content\/uploads\/2025\/12\/editor_antonio_ferro-150x150.jpg","url":"https:\/\/revistaautobus.com.br\/wp-content\/uploads\/2025\/12\/editor_antonio_ferro-150x150.jpg","contentUrl":"https:\/\/revistaautobus.com.br\/wp-content\/uploads\/2025\/12\/editor_antonio_ferro-150x150.jpg","caption":"Antonio Ferro"},"description":"infobus@uol.com.br","url":"https:\/\/revistaautobus.com.br\/?author=2"}]}},"jetpack_featured_media_url":"https:\/\/revistaautobus.com.br\/wp-content\/uploads\/2021\/07\/SUPER_CIVA-30.jpg","jetpack_sharing_enabled":true,"_links":{"self":[{"href":"https:\/\/revistaautobus.com.br\/index.php?rest_route=\/wp\/v2\/posts\/3853","targetHints":{"allow":["GET"]}}],"collection":[{"href":"https:\/\/revistaautobus.com.br\/index.php?rest_route=\/wp\/v2\/posts"}],"about":[{"href":"https:\/\/revistaautobus.com.br\/index.php?rest_route=\/wp\/v2\/types\/post"}],"author":[{"embeddable":true,"href":"https:\/\/revistaautobus.com.br\/index.php?rest_route=\/wp\/v2\/users\/2"}],"replies":[{"embeddable":true,"href":"https:\/\/revistaautobus.com.br\/index.php?rest_route=%2Fwp%2Fv2%2Fcomments&post=3853"}],"version-history":[{"count":3,"href":"https:\/\/revistaautobus.com.br\/index.php?rest_route=\/wp\/v2\/posts\/3853\/revisions"}],"predecessor-version":[{"id":3862,"href":"https:\/\/revistaautobus.com.br\/index.php?rest_route=\/wp\/v2\/posts\/3853\/revisions\/3862"}],"wp:featuredmedia":[{"embeddable":true,"href":"https:\/\/revistaautobus.com.br\/index.php?rest_route=\/wp\/v2\/media\/3854"}],"wp:attachment":[{"href":"https:\/\/revistaautobus.com.br\/index.php?rest_route=%2Fwp%2Fv2%2Fmedia&parent=3853"}],"wp:term":[{"taxonomy":"category","embeddable":true,"href":"https:\/\/revistaautobus.com.br\/index.php?rest_route=%2Fwp%2Fv2%2Fcategories&post=3853"},{"taxonomy":"post_tag","embeddable":true,"href":"https:\/\/revistaautobus.com.br\/index.php?rest_route=%2Fwp%2Fv2%2Ftags&post=3853"}],"curies":[{"name":"wp","href":"https:\/\/api.w.org\/{rel}","templated":true}]}}