{"id":3888,"date":"2021-07-16T15:28:34","date_gmt":"2021-07-16T18:28:34","guid":{"rendered":"https:\/\/vila8.com.br\/clientes\/autobus\/?p=3888"},"modified":"2021-07-16T15:28:35","modified_gmt":"2021-07-16T18:28:35","slug":"evitando-as-tragicas-noticias-com-onibus-rodoviarios","status":"publish","type":"post","link":"https:\/\/revistaautobus.com.br\/?p=3888","title":{"rendered":"Evitando as Tr\u00e1gicas Not\u00edcias com \u00d4nibus Rodovi\u00e1rios"},"content":{"rendered":"\n<p><strong><span style=\"color:#08649c\" class=\"has-inline-color\">Editorial<\/span><\/strong><\/p>\n\n\n\n<p><strong>Por Alan Cannell e Revista AutoBus<\/strong><\/p>\n\n\n\n<p class=\"has-drop-cap\">Em 2020, um \u00f4nibus de turismo caiu de um viaduto, conhecido como a &#8220;Ponte Torta&#8221;, localizado no km 350 da BR 381, perto da cidade mineira de Jo\u00e3o Monlevade. O acidente tirou a vida de 18 pessoas. O motorista do \u00f4nibus, percebendo que tinha perdido os freios e num gesto desesperado, abriu&nbsp;as portas para deixar que seis&nbsp;pessoas pulassem do ve\u00edculo em movimento. Ao bater no <em>guard rail<\/em>, o ve\u00edculo despencou 30 metros e caiu sobre a&nbsp;Estrada de Ferro Vit\u00f3ria a Minas, pegando fogo depois do impacto.<\/p>\n\n\n\n<p>A investiga\u00e7\u00e3o deve determinar a culpa do motorista e do estado de conserva\u00e7\u00e3o do ve\u00edculo. Haver\u00e1 processos que observar\u00e3o a falta de documenta\u00e7\u00e3o e licen\u00e7as, falha humana, falta de aten\u00e7\u00e3o e falta de manuten\u00e7\u00e3o. Talvez, essas ser\u00e3o as causas apontadas. Por\u00e9m, como \u00e9 usual, as investiga\u00e7\u00f5es n\u00e3o devem levar em considera\u00e7\u00e3o as caracter\u00edsticas da via em que o ve\u00edculo estava.<\/p>\n\n\n\n<p>Nas d\u00e9cadas de 1960 e 1970, as pontes implantadas em rodovias eram constru\u00eddas para serem mais perpendiculares aos rios e com m\u00ednima eleva\u00e7\u00e3o. Desse modo, em suas cabeceiras, h\u00e1 fortes descidas e curvas fechadas. Tal padr\u00e3o, adotado em muitas rodovias brasileiras, conta com uma cerca de concreto armado incapaz de segurar algo que pese mais de 300 quilos, muito menos um \u00f4nibus a uma velocidade e tanto. No caso da \u201cPonte Torta\u201d a situa\u00e7\u00e3o \u00e9 ainda mais complicada, devido a sobreposi\u00e7\u00e3o dos acessos \u00e0 BR 262 \u00e0 BR 381, onde os motoristas s\u00e3o obrigados a tomar a decis\u00e3o de rumo e fazer eventuais entrela\u00e7amentos. Um erro, uma perda de dire\u00e7\u00e3o ou um esbarro contra outro ve\u00edculo pode levar um ve\u00edculo a colidir com a \u2018prote\u00e7\u00e3o lateral\u2019. O resultado pode ser calculado por aluno do primeiro ano de engenharia.<\/p>\n\n\n\n<div class=\"wp-block-image\"><figure class=\"alignright size-large is-resized\"><img loading=\"lazy\" decoding=\"async\" src=\"https:\/\/vila8.com.br\/clientes\/autobus\/wp-content\/uploads\/2021\/07\/defensa21.jpg\" alt=\"\" class=\"wp-image-3890\" width=\"343\" height=\"264\" srcset=\"https:\/\/revistaautobus.com.br\/wp-content\/uploads\/2021\/07\/defensa21.jpg 617w, https:\/\/revistaautobus.com.br\/wp-content\/uploads\/2021\/07\/defensa21-300x231.jpg 300w\" sizes=\"(max-width: 343px) 100vw, 343px\" \/><figcaption><em>Exemplo de defensa New Jersey<\/em><\/figcaption><\/figure><\/div>\n\n\n\n<p>Para evitar acontecimentos tr\u00e1gicos e ampliar a seguran\u00e7a de quem utiliza as rodovias, \u00e9 necess\u00e1ria uma prote\u00e7\u00e3o de verdade, como a do tipo <em>New Jersey<\/em>, feita em concreto, defensa r\u00edgida, confeccionada com concreto armado de alta resist\u00eancia e que \u00e9 capaz de suportar um impacto de at\u00e9 36 toneladas. \u00c9 uma medida usada mundialmente h\u00e1 meio s\u00e9culo. O pr\u00f3prio DNIT reconhece na sua Norma 088\/2006 que as pe\u00e7as dos guarda-corpos t\u00eam armaduras fracas, com cobrimentos insuficientes e apresentam corros\u00e3o generalizada nas ferragens, e que a prote\u00e7\u00e3o melhor \u00e9 a oferecida por barreiras do tipo New Jersey.<\/p>\n\n\n\n<p>Ent\u00e3o, porque n\u00e3o h\u00e1 uma coloca\u00e7\u00e3o de barreiras nas curvas, pontes e barrancos onde todo ano registram-se desastres e trag\u00e9dias? A raz\u00e3o \u00e9 que ningu\u00e9m pede. Uma barreira \u00e9 uma obra pequena e barata: n\u00e3o atrai a aten\u00e7\u00e3o p\u00fablica. Ningu\u00e9m quer trazer recursos para obras baratas. Ningu\u00e9m quer inaugurar uma barreira de concreto.<\/p>\n\n\n\n<p>Pelo Pa\u00eds, as estradas conhecidas como \u201crodovias da morte\u201d deveria ser motivo para que houvesse uma investiga\u00e7\u00e3o s\u00e9ria e verdadeira que leve em considera\u00e7\u00e3o a preserva\u00e7\u00e3o de muitas vidas humanas. Seria uma tarefa ideal para o Minist\u00e9rio P\u00fablico? Mas s\u00f3 se houver den\u00fancia. O pr\u00f3prio setor de \u00f4nibus, que realiza o transporte rodovi\u00e1rio de passageiros, poderia ter a iniciativa de levantar essa quest\u00e3o, priorizando a seguran\u00e7a das suas frotas e dos seus clientes, minimizando assim riscos desnecess\u00e1rios. Em vez de obras isoladas, um \u201cPrograma de Prote\u00e7\u00e3o Lateral em Trechos de Alto Risco\u201d que soma dezenas de interven\u00e7\u00f5es e com milhares de metros c\u00fabicos de concreto teria um or\u00e7amento para deixar os olhos brilhando de qualquer empreiteiro &#8211; e dos seus amigos.<\/p>\n\n\n\n<p>A montagem deste programa pode ser feita em dias. Os dados de acidentes por trecho das rodovias est\u00e3o dispon\u00edveis. Com o Google Earth pode se fazer um levantamento dos trechos cr\u00edticos em algumas horas, com imagens das cercas quebradas e das \u00e1reas que necessitam de barreiras. Os custos unit\u00e1rios tamb\u00e9m s\u00e3o conhecidos. A ABCR (Associa\u00e7\u00e3o Brasileira de Concession\u00e1rias de Rodovias) possui acervo t\u00e9cnico para indicar a redu\u00e7\u00e3o de incidentes em desn\u00edveis (antes e depois de tratamento) que seria de grande utilidade na proje\u00e7\u00e3o dos benef\u00edcios do Programa.<\/p>\n\n\n\n<p>Nas rodovias com ped\u00e1gio, a maioria das pontes j\u00e1 receberam novo tratamento em termos prote\u00e7\u00e3o, com a instala\u00e7\u00e3o de defensas. Vale lembrar que \u00f4nibus tende a ser not\u00edcia somente quando cai de uma ponte ou sofre um outro tipo de acidente. \u00c9 o tipo de not\u00edcia que o setor de transporte rodovi\u00e1rio pode (e deve) ajudar a tirar do <em>Breaking News<\/em>.<\/p>\n\n\n\n<p>Imagens &#8211; Reprodu\u00e7\u00e3o<\/p>\n","protected":false},"excerpt":{"rendered":"<p>Pelo Pa\u00eds, as estradas conhecidas como \u201crodovias da morte\u201d deveria ser motivo para que houvesse uma investiga\u00e7\u00e3o s\u00e9ria e verdadeira que leve em considera\u00e7\u00e3o a preserva\u00e7\u00e3o de muitas vidas humanas<\/p>\n","protected":false},"author":2,"featured_media":3889,"comment_status":"open","ping_status":"open","sticky":false,"template":"","format":"standard","meta":{"_et_pb_use_builder":"off","_et_pb_old_content":"","_et_gb_content_width":"","_jetpack_memberships_contains_paid_content":false,"footnotes":""},"categories":[41],"tags":[126,127,128],"class_list":["post-3888","post","type-post","status-publish","format-standard","has-post-thumbnail","hentry","category-ponto-de-vista","tag-estradas","tag-onibus-rodoviarios","tag-revista-autobus","et-has-post-format-content","et_post_format-et-post-format-standard"],"yoast_head":"<!-- This site is optimized with the Yoast SEO plugin v27.2 - https:\/\/yoast.com\/product\/yoast-seo-wordpress\/ -->\n<title>Evitando as Tr\u00e1gicas Not\u00edcias com \u00d4nibus Rodovi\u00e1rios - Revista AutoBus<\/title>\n<meta name=\"robots\" content=\"index, follow, max-snippet:-1, max-image-preview:large, max-video-preview:-1\" \/>\n<link rel=\"canonical\" href=\"https:\/\/revistaautobus.com.br\/?p=3888\" \/>\n<meta property=\"og:locale\" content=\"pt_BR\" \/>\n<meta property=\"og:type\" content=\"article\" \/>\n<meta property=\"og:title\" content=\"Evitando as Tr\u00e1gicas Not\u00edcias com \u00d4nibus Rodovi\u00e1rios - Revista AutoBus\" \/>\n<meta property=\"og:description\" content=\"Pelo Pa\u00eds, as estradas conhecidas como \u201crodovias da morte\u201d deveria ser motivo para que houvesse uma investiga\u00e7\u00e3o s\u00e9ria e verdadeira que leve em considera\u00e7\u00e3o a preserva\u00e7\u00e3o de muitas vidas humanas\" \/>\n<meta property=\"og:url\" content=\"https:\/\/revistaautobus.com.br\/?p=3888\" \/>\n<meta property=\"og:site_name\" content=\"Revista AutoBus\" \/>\n<meta property=\"article:publisher\" content=\"https:\/\/www.facebook.com\/antonio.ferro.3150\" \/>\n<meta property=\"article:published_time\" content=\"2021-07-16T18:28:34+00:00\" \/>\n<meta property=\"article:modified_time\" content=\"2021-07-16T18:28:35+00:00\" \/>\n<meta property=\"og:image\" content=\"https:\/\/revistaautobus.com.br\/wp-content\/uploads\/2021\/07\/Ponte-2.jpg\" \/>\n\t<meta property=\"og:image:width\" content=\"693\" \/>\n\t<meta property=\"og:image:height\" content=\"471\" \/>\n\t<meta property=\"og:image:type\" content=\"image\/jpeg\" \/>\n<meta name=\"author\" content=\"Antonio Ferro\" \/>\n<meta name=\"twitter:card\" content=\"summary_large_image\" \/>\n<meta name=\"twitter:label1\" content=\"Escrito por\" \/>\n\t<meta name=\"twitter:data1\" content=\"Antonio Ferro\" \/>\n\t<meta name=\"twitter:label2\" content=\"Est. tempo de leitura\" \/>\n\t<meta name=\"twitter:data2\" content=\"4 minutos\" \/>\n<script type=\"application\/ld+json\" class=\"yoast-schema-graph\">{\"@context\":\"https:\/\/schema.org\",\"@graph\":[{\"@type\":\"Article\",\"@id\":\"https:\/\/revistaautobus.com.br\/?p=3888#article\",\"isPartOf\":{\"@id\":\"https:\/\/revistaautobus.com.br\/?p=3888\"},\"author\":{\"name\":\"Antonio Ferro\",\"@id\":\"https:\/\/revistaautobus.com.br\/#\/schema\/person\/54af7c3eb83a310e42ef686ef6d16f50\"},\"headline\":\"Evitando as Tr\u00e1gicas Not\u00edcias com \u00d4nibus Rodovi\u00e1rios\",\"datePublished\":\"2021-07-16T18:28:34+00:00\",\"dateModified\":\"2021-07-16T18:28:35+00:00\",\"mainEntityOfPage\":{\"@id\":\"https:\/\/revistaautobus.com.br\/?p=3888\"},\"wordCount\":803,\"commentCount\":0,\"publisher\":{\"@id\":\"https:\/\/revistaautobus.com.br\/#organization\"},\"image\":{\"@id\":\"https:\/\/revistaautobus.com.br\/?p=3888#primaryimage\"},\"thumbnailUrl\":\"https:\/\/revistaautobus.com.br\/wp-content\/uploads\/2021\/07\/Ponte-2.jpg\",\"keywords\":[\"estradas\",\"\u00f4nibus rodovi\u00e1rios\",\"revista autobus\"],\"articleSection\":[\"Ponto de Vista\"],\"inLanguage\":\"pt-BR\",\"potentialAction\":[{\"@type\":\"CommentAction\",\"name\":\"Comment\",\"target\":[\"https:\/\/revistaautobus.com.br\/?p=3888#respond\"]}]},{\"@type\":\"WebPage\",\"@id\":\"https:\/\/revistaautobus.com.br\/?p=3888\",\"url\":\"https:\/\/revistaautobus.com.br\/?p=3888\",\"name\":\"Evitando as Tr\u00e1gicas Not\u00edcias com \u00d4nibus Rodovi\u00e1rios - Revista AutoBus\",\"isPartOf\":{\"@id\":\"https:\/\/revistaautobus.com.br\/#website\"},\"primaryImageOfPage\":{\"@id\":\"https:\/\/revistaautobus.com.br\/?p=3888#primaryimage\"},\"image\":{\"@id\":\"https:\/\/revistaautobus.com.br\/?p=3888#primaryimage\"},\"thumbnailUrl\":\"https:\/\/revistaautobus.com.br\/wp-content\/uploads\/2021\/07\/Ponte-2.jpg\",\"datePublished\":\"2021-07-16T18:28:34+00:00\",\"dateModified\":\"2021-07-16T18:28:35+00:00\",\"breadcrumb\":{\"@id\":\"https:\/\/revistaautobus.com.br\/?p=3888#breadcrumb\"},\"inLanguage\":\"pt-BR\",\"potentialAction\":[{\"@type\":\"ReadAction\",\"target\":[\"https:\/\/revistaautobus.com.br\/?p=3888\"]}]},{\"@type\":\"ImageObject\",\"inLanguage\":\"pt-BR\",\"@id\":\"https:\/\/revistaautobus.com.br\/?p=3888#primaryimage\",\"url\":\"https:\/\/revistaautobus.com.br\/wp-content\/uploads\/2021\/07\/Ponte-2.jpg\",\"contentUrl\":\"https:\/\/revistaautobus.com.br\/wp-content\/uploads\/2021\/07\/Ponte-2.jpg\",\"width\":693,\"height\":471},{\"@type\":\"BreadcrumbList\",\"@id\":\"https:\/\/revistaautobus.com.br\/?p=3888#breadcrumb\",\"itemListElement\":[{\"@type\":\"ListItem\",\"position\":1,\"name\":\"In\u00edcio\",\"item\":\"https:\/\/revistaautobus.com.br\/\"},{\"@type\":\"ListItem\",\"position\":2,\"name\":\"Evitando as Tr\u00e1gicas Not\u00edcias com \u00d4nibus Rodovi\u00e1rios\"}]},{\"@type\":\"WebSite\",\"@id\":\"https:\/\/revistaautobus.com.br\/#website\",\"url\":\"https:\/\/revistaautobus.com.br\/\",\"name\":\"Revista AutoBus\",\"description\":\"\",\"publisher\":{\"@id\":\"https:\/\/revistaautobus.com.br\/#organization\"},\"potentialAction\":[{\"@type\":\"SearchAction\",\"target\":{\"@type\":\"EntryPoint\",\"urlTemplate\":\"https:\/\/revistaautobus.com.br\/?s={search_term_string}\"},\"query-input\":{\"@type\":\"PropertyValueSpecification\",\"valueRequired\":true,\"valueName\":\"search_term_string\"}}],\"inLanguage\":\"pt-BR\"},{\"@type\":\"Organization\",\"@id\":\"https:\/\/revistaautobus.com.br\/#organization\",\"name\":\"Revista AutoBus\",\"url\":\"https:\/\/revistaautobus.com.br\/\",\"logo\":{\"@type\":\"ImageObject\",\"inLanguage\":\"pt-BR\",\"@id\":\"https:\/\/revistaautobus.com.br\/#\/schema\/logo\/image\/\",\"url\":\"https:\/\/revistaautobus.com.br\/wp-content\/uploads\/2024\/11\/logo_revista_autobus_fb.png\",\"contentUrl\":\"https:\/\/revistaautobus.com.br\/wp-content\/uploads\/2024\/11\/logo_revista_autobus_fb.png\",\"width\":836,\"height\":227,\"caption\":\"Revista AutoBus\"},\"image\":{\"@id\":\"https:\/\/revistaautobus.com.br\/#\/schema\/logo\/image\/\"},\"sameAs\":[\"https:\/\/www.facebook.com\/antonio.ferro.3150\",\"https:\/\/www.instagram.com\/revistaautobus\/\"]},{\"@type\":\"Person\",\"@id\":\"https:\/\/revistaautobus.com.br\/#\/schema\/person\/54af7c3eb83a310e42ef686ef6d16f50\",\"name\":\"Antonio Ferro\",\"image\":{\"@type\":\"ImageObject\",\"inLanguage\":\"pt-BR\",\"@id\":\"https:\/\/revistaautobus.com.br\/wp-content\/uploads\/2025\/12\/editor_antonio_ferro-150x150.jpg\",\"url\":\"https:\/\/revistaautobus.com.br\/wp-content\/uploads\/2025\/12\/editor_antonio_ferro-150x150.jpg\",\"contentUrl\":\"https:\/\/revistaautobus.com.br\/wp-content\/uploads\/2025\/12\/editor_antonio_ferro-150x150.jpg\",\"caption\":\"Antonio Ferro\"},\"description\":\"infobus@uol.com.br\",\"url\":\"https:\/\/revistaautobus.com.br\/?author=2\"}]}<\/script>\n<!-- \/ Yoast SEO plugin. -->","yoast_head_json":{"title":"Evitando as Tr\u00e1gicas Not\u00edcias com \u00d4nibus Rodovi\u00e1rios - Revista AutoBus","robots":{"index":"index","follow":"follow","max-snippet":"max-snippet:-1","max-image-preview":"max-image-preview:large","max-video-preview":"max-video-preview:-1"},"canonical":"https:\/\/revistaautobus.com.br\/?p=3888","og_locale":"pt_BR","og_type":"article","og_title":"Evitando as Tr\u00e1gicas Not\u00edcias com \u00d4nibus Rodovi\u00e1rios - Revista AutoBus","og_description":"Pelo Pa\u00eds, as estradas conhecidas como \u201crodovias da morte\u201d deveria ser motivo para que houvesse uma investiga\u00e7\u00e3o s\u00e9ria e verdadeira que leve em considera\u00e7\u00e3o a preserva\u00e7\u00e3o de muitas vidas humanas","og_url":"https:\/\/revistaautobus.com.br\/?p=3888","og_site_name":"Revista AutoBus","article_publisher":"https:\/\/www.facebook.com\/antonio.ferro.3150","article_published_time":"2021-07-16T18:28:34+00:00","article_modified_time":"2021-07-16T18:28:35+00:00","og_image":[{"width":693,"height":471,"url":"https:\/\/revistaautobus.com.br\/wp-content\/uploads\/2021\/07\/Ponte-2.jpg","type":"image\/jpeg"}],"author":"Antonio Ferro","twitter_card":"summary_large_image","twitter_misc":{"Escrito por":"Antonio Ferro","Est. tempo de leitura":"4 minutos"},"schema":{"@context":"https:\/\/schema.org","@graph":[{"@type":"Article","@id":"https:\/\/revistaautobus.com.br\/?p=3888#article","isPartOf":{"@id":"https:\/\/revistaautobus.com.br\/?p=3888"},"author":{"name":"Antonio Ferro","@id":"https:\/\/revistaautobus.com.br\/#\/schema\/person\/54af7c3eb83a310e42ef686ef6d16f50"},"headline":"Evitando as Tr\u00e1gicas Not\u00edcias com \u00d4nibus Rodovi\u00e1rios","datePublished":"2021-07-16T18:28:34+00:00","dateModified":"2021-07-16T18:28:35+00:00","mainEntityOfPage":{"@id":"https:\/\/revistaautobus.com.br\/?p=3888"},"wordCount":803,"commentCount":0,"publisher":{"@id":"https:\/\/revistaautobus.com.br\/#organization"},"image":{"@id":"https:\/\/revistaautobus.com.br\/?p=3888#primaryimage"},"thumbnailUrl":"https:\/\/revistaautobus.com.br\/wp-content\/uploads\/2021\/07\/Ponte-2.jpg","keywords":["estradas","\u00f4nibus rodovi\u00e1rios","revista autobus"],"articleSection":["Ponto de Vista"],"inLanguage":"pt-BR","potentialAction":[{"@type":"CommentAction","name":"Comment","target":["https:\/\/revistaautobus.com.br\/?p=3888#respond"]}]},{"@type":"WebPage","@id":"https:\/\/revistaautobus.com.br\/?p=3888","url":"https:\/\/revistaautobus.com.br\/?p=3888","name":"Evitando as Tr\u00e1gicas Not\u00edcias com \u00d4nibus Rodovi\u00e1rios - Revista AutoBus","isPartOf":{"@id":"https:\/\/revistaautobus.com.br\/#website"},"primaryImageOfPage":{"@id":"https:\/\/revistaautobus.com.br\/?p=3888#primaryimage"},"image":{"@id":"https:\/\/revistaautobus.com.br\/?p=3888#primaryimage"},"thumbnailUrl":"https:\/\/revistaautobus.com.br\/wp-content\/uploads\/2021\/07\/Ponte-2.jpg","datePublished":"2021-07-16T18:28:34+00:00","dateModified":"2021-07-16T18:28:35+00:00","breadcrumb":{"@id":"https:\/\/revistaautobus.com.br\/?p=3888#breadcrumb"},"inLanguage":"pt-BR","potentialAction":[{"@type":"ReadAction","target":["https:\/\/revistaautobus.com.br\/?p=3888"]}]},{"@type":"ImageObject","inLanguage":"pt-BR","@id":"https:\/\/revistaautobus.com.br\/?p=3888#primaryimage","url":"https:\/\/revistaautobus.com.br\/wp-content\/uploads\/2021\/07\/Ponte-2.jpg","contentUrl":"https:\/\/revistaautobus.com.br\/wp-content\/uploads\/2021\/07\/Ponte-2.jpg","width":693,"height":471},{"@type":"BreadcrumbList","@id":"https:\/\/revistaautobus.com.br\/?p=3888#breadcrumb","itemListElement":[{"@type":"ListItem","position":1,"name":"In\u00edcio","item":"https:\/\/revistaautobus.com.br\/"},{"@type":"ListItem","position":2,"name":"Evitando as Tr\u00e1gicas Not\u00edcias com \u00d4nibus Rodovi\u00e1rios"}]},{"@type":"WebSite","@id":"https:\/\/revistaautobus.com.br\/#website","url":"https:\/\/revistaautobus.com.br\/","name":"Revista AutoBus","description":"","publisher":{"@id":"https:\/\/revistaautobus.com.br\/#organization"},"potentialAction":[{"@type":"SearchAction","target":{"@type":"EntryPoint","urlTemplate":"https:\/\/revistaautobus.com.br\/?s={search_term_string}"},"query-input":{"@type":"PropertyValueSpecification","valueRequired":true,"valueName":"search_term_string"}}],"inLanguage":"pt-BR"},{"@type":"Organization","@id":"https:\/\/revistaautobus.com.br\/#organization","name":"Revista AutoBus","url":"https:\/\/revistaautobus.com.br\/","logo":{"@type":"ImageObject","inLanguage":"pt-BR","@id":"https:\/\/revistaautobus.com.br\/#\/schema\/logo\/image\/","url":"https:\/\/revistaautobus.com.br\/wp-content\/uploads\/2024\/11\/logo_revista_autobus_fb.png","contentUrl":"https:\/\/revistaautobus.com.br\/wp-content\/uploads\/2024\/11\/logo_revista_autobus_fb.png","width":836,"height":227,"caption":"Revista AutoBus"},"image":{"@id":"https:\/\/revistaautobus.com.br\/#\/schema\/logo\/image\/"},"sameAs":["https:\/\/www.facebook.com\/antonio.ferro.3150","https:\/\/www.instagram.com\/revistaautobus\/"]},{"@type":"Person","@id":"https:\/\/revistaautobus.com.br\/#\/schema\/person\/54af7c3eb83a310e42ef686ef6d16f50","name":"Antonio Ferro","image":{"@type":"ImageObject","inLanguage":"pt-BR","@id":"https:\/\/revistaautobus.com.br\/wp-content\/uploads\/2025\/12\/editor_antonio_ferro-150x150.jpg","url":"https:\/\/revistaautobus.com.br\/wp-content\/uploads\/2025\/12\/editor_antonio_ferro-150x150.jpg","contentUrl":"https:\/\/revistaautobus.com.br\/wp-content\/uploads\/2025\/12\/editor_antonio_ferro-150x150.jpg","caption":"Antonio Ferro"},"description":"infobus@uol.com.br","url":"https:\/\/revistaautobus.com.br\/?author=2"}]}},"jetpack_featured_media_url":"https:\/\/revistaautobus.com.br\/wp-content\/uploads\/2021\/07\/Ponte-2.jpg","jetpack_sharing_enabled":true,"_links":{"self":[{"href":"https:\/\/revistaautobus.com.br\/index.php?rest_route=\/wp\/v2\/posts\/3888","targetHints":{"allow":["GET"]}}],"collection":[{"href":"https:\/\/revistaautobus.com.br\/index.php?rest_route=\/wp\/v2\/posts"}],"about":[{"href":"https:\/\/revistaautobus.com.br\/index.php?rest_route=\/wp\/v2\/types\/post"}],"author":[{"embeddable":true,"href":"https:\/\/revistaautobus.com.br\/index.php?rest_route=\/wp\/v2\/users\/2"}],"replies":[{"embeddable":true,"href":"https:\/\/revistaautobus.com.br\/index.php?rest_route=%2Fwp%2Fv2%2Fcomments&post=3888"}],"version-history":[{"count":2,"href":"https:\/\/revistaautobus.com.br\/index.php?rest_route=\/wp\/v2\/posts\/3888\/revisions"}],"predecessor-version":[{"id":3892,"href":"https:\/\/revistaautobus.com.br\/index.php?rest_route=\/wp\/v2\/posts\/3888\/revisions\/3892"}],"wp:featuredmedia":[{"embeddable":true,"href":"https:\/\/revistaautobus.com.br\/index.php?rest_route=\/wp\/v2\/media\/3889"}],"wp:attachment":[{"href":"https:\/\/revistaautobus.com.br\/index.php?rest_route=%2Fwp%2Fv2%2Fmedia&parent=3888"}],"wp:term":[{"taxonomy":"category","embeddable":true,"href":"https:\/\/revistaautobus.com.br\/index.php?rest_route=%2Fwp%2Fv2%2Fcategories&post=3888"},{"taxonomy":"post_tag","embeddable":true,"href":"https:\/\/revistaautobus.com.br\/index.php?rest_route=%2Fwp%2Fv2%2Ftags&post=3888"}],"curies":[{"name":"wp","href":"https:\/\/api.w.org\/{rel}","templated":true}]}}