{"id":3915,"date":"2021-07-23T14:56:12","date_gmt":"2021-07-23T17:56:12","guid":{"rendered":"https:\/\/vila8.com.br\/clientes\/autobus\/?p=3915"},"modified":"2021-07-23T14:56:36","modified_gmt":"2021-07-23T17:56:36","slug":"a-escolha-pelo-gas-natural-no-transporte-urbano","status":"publish","type":"post","link":"https:\/\/revistaautobus.com.br\/?p=3915","title":{"rendered":"A escolha pelo g\u00e1s natural no transporte urbano"},"content":{"rendered":"\n<p class=\"has-drop-cap\">A operadora da Est\u00f4nia, Aktsiaselts Tallinna Linnatransport (TLT), assinou acordo com a fabricante polonesa de \u00f4nibus Solaris Bus &amp; Coach para a aquisi\u00e7\u00e3o de 100 \u00f4nibus movidos a g\u00e1s natural comprimido (GNV). Os ve\u00edculos estar\u00e3o em opera\u00e7\u00e3o no sistema de transporte coletivo da cidade Tallinn, capital daquele pa\u00eds. Com um investimento de 27 milh\u00f5es de euros, os novos \u00f4nibus s\u00e3o do modelo Urbino 12 (75 unidades) e Urbino 18 (25 unidades). Opcionalmente, a TLT poder\u00e1 aumentar seu pedido para outros 50 ve\u00edculos.<\/p>\n\n\n\n<p>\u201cGostaria de expressar a minha gratid\u00e3o ao maior operador de transportes p\u00fablicos da Est\u00f3nia pela confian\u00e7a colocada em nossa marca. Estou convencido de que os funcion\u00e1rios de TLT e passageiros apreciar\u00e3o os benef\u00edcios obtidos com os novos ve\u00edculos. O g\u00e1s natural \u00e9 uma das alternativas para o transporte p\u00fablico com baixa emiss\u00e3o de poluentes. E, este novo pedido feito pela TLT \u00e9 um grande investimento, n\u00e3o s\u00f3 em mobilidade moderna, segura e confort\u00e1vel, mas sobretudo pelo ar puro e melhoria da qualidade de vida\u201d, observou Petros Spinaris, membro do Conselho de Administra\u00e7\u00e3o da Solaris Bus &amp; Coach.<\/p>\n\n\n\n<p>Ambas as vers\u00f5es dos novos \u00f4nibus contar\u00e3o com motor de 235 kW, que ter\u00e1 um desempenho ainda melhor em condi\u00e7\u00f5es clim\u00e1ticas desfavor\u00e1veis, gra\u00e7as ao arranque a frio, fun\u00e7\u00e3o que facilita a partida do motor em temperaturas muito baixas. Ser\u00e3o utilizados cinco tanques \u200b\u200bpara armazenar g\u00e1s natural comprimido, com capacidade total de 1.575 litros para o modelo Urbino 12 e 1.875 litros para a vers\u00e3o articulada.<\/p>\n\n\n\n<p>A operadora tamb\u00e9m investiu em equipamentos de alto padr\u00e3o a serem instalados nos \u00f4nibus, aspecto que beneficiar\u00e1 os passageiros e o motorista. O espa\u00e7oso sal\u00e3o contar\u00e1 com ar-condicionado, sistema de informa\u00e7\u00e3o, portas USB que permitem a recarga de dispositivos m\u00f3veis e vigil\u00e2ncia por c\u00e2mera para melhor seguran\u00e7a. J\u00e1 para o motorista, seu <em>cockpit<\/em> \u00e9 totalmente fechado, tendo total ergonomia. Um sistema de sinaliza\u00e7\u00e3o e extin\u00e7\u00e3o de detec\u00e7\u00e3o de inc\u00eandio foi adicionado ao painel. Al\u00e9m disso, sensores de chuva auxiliar\u00e3o o condutor quando o ve\u00edculo \u00e9 operado em condi\u00e7\u00f5es meteorol\u00f3gicas desfavor\u00e1veis.<\/p>\n\n\n\n<p>Imagem &#8211; Solaris Bus &amp; Coach<\/p>\n","protected":false},"excerpt":{"rendered":"<p>A operadora de Tallinn tamb\u00e9m investiu em equipamentos de alto padr\u00e3o a serem instalados nos \u00f4nibus, aspecto que beneficiar\u00e1 os passageiros e o motorista<\/p>\n","protected":false},"author":2,"featured_media":3916,"comment_status":"open","ping_status":"open","sticky":false,"template":"","format":"standard","meta":{"_et_pb_use_builder":"off","_et_pb_old_content":"","_et_gb_content_width":"","_jetpack_memberships_contains_paid_content":false,"footnotes":""},"categories":[53],"tags":[133,132],"class_list":["post-3915","post","type-post","status-publish","format-standard","has-post-thumbnail","hentry","category-internacional","tag-onibus-a-gas","tag-solaris-bus-coach","et-has-post-format-content","et_post_format-et-post-format-standard"],"yoast_head":"<!-- This site is optimized with the Yoast SEO plugin v27.2 - https:\/\/yoast.com\/product\/yoast-seo-wordpress\/ -->\n<title>A escolha pelo g\u00e1s natural no transporte urbano - Revista AutoBus<\/title>\n<meta name=\"robots\" content=\"index, follow, max-snippet:-1, max-image-preview:large, max-video-preview:-1\" \/>\n<link rel=\"canonical\" href=\"https:\/\/revistaautobus.com.br\/?p=3915\" \/>\n<meta property=\"og:locale\" content=\"pt_BR\" \/>\n<meta property=\"og:type\" content=\"article\" \/>\n<meta property=\"og:title\" content=\"A escolha pelo g\u00e1s natural no transporte urbano - Revista AutoBus\" \/>\n<meta property=\"og:description\" content=\"A operadora de Tallinn tamb\u00e9m investiu em equipamentos de alto padr\u00e3o a serem instalados nos \u00f4nibus, aspecto que beneficiar\u00e1 os passageiros e o motorista\" \/>\n<meta property=\"og:url\" content=\"https:\/\/revistaautobus.com.br\/?p=3915\" \/>\n<meta property=\"og:site_name\" content=\"Revista AutoBus\" \/>\n<meta property=\"article:publisher\" content=\"https:\/\/www.facebook.com\/antonio.ferro.3150\" \/>\n<meta property=\"article:published_time\" content=\"2021-07-23T17:56:12+00:00\" \/>\n<meta property=\"article:modified_time\" content=\"2021-07-23T17:56:36+00:00\" \/>\n<meta property=\"og:image\" content=\"https:\/\/revistaautobus.com.br\/wp-content\/uploads\/2021\/07\/Solaris_Urbino_CNG_02.jpg\" \/>\n\t<meta property=\"og:image:width\" content=\"1200\" \/>\n\t<meta property=\"og:image:height\" content=\"800\" \/>\n\t<meta property=\"og:image:type\" content=\"image\/jpeg\" \/>\n<meta name=\"author\" content=\"Antonio Ferro\" \/>\n<meta name=\"twitter:card\" content=\"summary_large_image\" \/>\n<meta name=\"twitter:label1\" content=\"Escrito por\" \/>\n\t<meta name=\"twitter:data1\" content=\"Antonio Ferro\" \/>\n\t<meta name=\"twitter:label2\" content=\"Est. tempo de leitura\" \/>\n\t<meta name=\"twitter:data2\" content=\"2 minutos\" \/>\n<script type=\"application\/ld+json\" class=\"yoast-schema-graph\">{\"@context\":\"https:\/\/schema.org\",\"@graph\":[{\"@type\":\"Article\",\"@id\":\"https:\/\/revistaautobus.com.br\/?p=3915#article\",\"isPartOf\":{\"@id\":\"https:\/\/revistaautobus.com.br\/?p=3915\"},\"author\":{\"name\":\"Antonio Ferro\",\"@id\":\"https:\/\/revistaautobus.com.br\/#\/schema\/person\/54af7c3eb83a310e42ef686ef6d16f50\"},\"headline\":\"A escolha pelo g\u00e1s natural no transporte urbano\",\"datePublished\":\"2021-07-23T17:56:12+00:00\",\"dateModified\":\"2021-07-23T17:56:36+00:00\",\"mainEntityOfPage\":{\"@id\":\"https:\/\/revistaautobus.com.br\/?p=3915\"},\"wordCount\":387,\"commentCount\":0,\"publisher\":{\"@id\":\"https:\/\/revistaautobus.com.br\/#organization\"},\"image\":{\"@id\":\"https:\/\/revistaautobus.com.br\/?p=3915#primaryimage\"},\"thumbnailUrl\":\"https:\/\/revistaautobus.com.br\/wp-content\/uploads\/2021\/07\/Solaris_Urbino_CNG_02.jpg\",\"keywords\":[\"\u00f4nibus a g\u00e1s\",\"Solaris Bus &amp; Coach\"],\"articleSection\":[\"Internacional\"],\"inLanguage\":\"pt-BR\",\"potentialAction\":[{\"@type\":\"CommentAction\",\"name\":\"Comment\",\"target\":[\"https:\/\/revistaautobus.com.br\/?p=3915#respond\"]}]},{\"@type\":\"WebPage\",\"@id\":\"https:\/\/revistaautobus.com.br\/?p=3915\",\"url\":\"https:\/\/revistaautobus.com.br\/?p=3915\",\"name\":\"A escolha pelo g\u00e1s natural no transporte urbano - Revista AutoBus\",\"isPartOf\":{\"@id\":\"https:\/\/revistaautobus.com.br\/#website\"},\"primaryImageOfPage\":{\"@id\":\"https:\/\/revistaautobus.com.br\/?p=3915#primaryimage\"},\"image\":{\"@id\":\"https:\/\/revistaautobus.com.br\/?p=3915#primaryimage\"},\"thumbnailUrl\":\"https:\/\/revistaautobus.com.br\/wp-content\/uploads\/2021\/07\/Solaris_Urbino_CNG_02.jpg\",\"datePublished\":\"2021-07-23T17:56:12+00:00\",\"dateModified\":\"2021-07-23T17:56:36+00:00\",\"breadcrumb\":{\"@id\":\"https:\/\/revistaautobus.com.br\/?p=3915#breadcrumb\"},\"inLanguage\":\"pt-BR\",\"potentialAction\":[{\"@type\":\"ReadAction\",\"target\":[\"https:\/\/revistaautobus.com.br\/?p=3915\"]}]},{\"@type\":\"ImageObject\",\"inLanguage\":\"pt-BR\",\"@id\":\"https:\/\/revistaautobus.com.br\/?p=3915#primaryimage\",\"url\":\"https:\/\/revistaautobus.com.br\/wp-content\/uploads\/2021\/07\/Solaris_Urbino_CNG_02.jpg\",\"contentUrl\":\"https:\/\/revistaautobus.com.br\/wp-content\/uploads\/2021\/07\/Solaris_Urbino_CNG_02.jpg\",\"width\":1200,\"height\":800},{\"@type\":\"BreadcrumbList\",\"@id\":\"https:\/\/revistaautobus.com.br\/?p=3915#breadcrumb\",\"itemListElement\":[{\"@type\":\"ListItem\",\"position\":1,\"name\":\"In\u00edcio\",\"item\":\"https:\/\/revistaautobus.com.br\/\"},{\"@type\":\"ListItem\",\"position\":2,\"name\":\"A escolha pelo g\u00e1s natural no transporte urbano\"}]},{\"@type\":\"WebSite\",\"@id\":\"https:\/\/revistaautobus.com.br\/#website\",\"url\":\"https:\/\/revistaautobus.com.br\/\",\"name\":\"Revista AutoBus\",\"description\":\"\",\"publisher\":{\"@id\":\"https:\/\/revistaautobus.com.br\/#organization\"},\"potentialAction\":[{\"@type\":\"SearchAction\",\"target\":{\"@type\":\"EntryPoint\",\"urlTemplate\":\"https:\/\/revistaautobus.com.br\/?s={search_term_string}\"},\"query-input\":{\"@type\":\"PropertyValueSpecification\",\"valueRequired\":true,\"valueName\":\"search_term_string\"}}],\"inLanguage\":\"pt-BR\"},{\"@type\":\"Organization\",\"@id\":\"https:\/\/revistaautobus.com.br\/#organization\",\"name\":\"Revista AutoBus\",\"url\":\"https:\/\/revistaautobus.com.br\/\",\"logo\":{\"@type\":\"ImageObject\",\"inLanguage\":\"pt-BR\",\"@id\":\"https:\/\/revistaautobus.com.br\/#\/schema\/logo\/image\/\",\"url\":\"https:\/\/revistaautobus.com.br\/wp-content\/uploads\/2024\/11\/logo_revista_autobus_fb.png\",\"contentUrl\":\"https:\/\/revistaautobus.com.br\/wp-content\/uploads\/2024\/11\/logo_revista_autobus_fb.png\",\"width\":836,\"height\":227,\"caption\":\"Revista AutoBus\"},\"image\":{\"@id\":\"https:\/\/revistaautobus.com.br\/#\/schema\/logo\/image\/\"},\"sameAs\":[\"https:\/\/www.facebook.com\/antonio.ferro.3150\",\"https:\/\/www.instagram.com\/revistaautobus\/\"]},{\"@type\":\"Person\",\"@id\":\"https:\/\/revistaautobus.com.br\/#\/schema\/person\/54af7c3eb83a310e42ef686ef6d16f50\",\"name\":\"Antonio Ferro\",\"image\":{\"@type\":\"ImageObject\",\"inLanguage\":\"pt-BR\",\"@id\":\"https:\/\/revistaautobus.com.br\/wp-content\/uploads\/2025\/12\/editor_antonio_ferro-150x150.jpg\",\"url\":\"https:\/\/revistaautobus.com.br\/wp-content\/uploads\/2025\/12\/editor_antonio_ferro-150x150.jpg\",\"contentUrl\":\"https:\/\/revistaautobus.com.br\/wp-content\/uploads\/2025\/12\/editor_antonio_ferro-150x150.jpg\",\"caption\":\"Antonio Ferro\"},\"description\":\"infobus@uol.com.br\",\"url\":\"https:\/\/revistaautobus.com.br\/?author=2\"}]}<\/script>\n<!-- \/ Yoast SEO plugin. -->","yoast_head_json":{"title":"A escolha pelo g\u00e1s natural no transporte urbano - Revista AutoBus","robots":{"index":"index","follow":"follow","max-snippet":"max-snippet:-1","max-image-preview":"max-image-preview:large","max-video-preview":"max-video-preview:-1"},"canonical":"https:\/\/revistaautobus.com.br\/?p=3915","og_locale":"pt_BR","og_type":"article","og_title":"A escolha pelo g\u00e1s natural no transporte urbano - Revista AutoBus","og_description":"A operadora de Tallinn tamb\u00e9m investiu em equipamentos de alto padr\u00e3o a serem instalados nos \u00f4nibus, aspecto que beneficiar\u00e1 os passageiros e o motorista","og_url":"https:\/\/revistaautobus.com.br\/?p=3915","og_site_name":"Revista AutoBus","article_publisher":"https:\/\/www.facebook.com\/antonio.ferro.3150","article_published_time":"2021-07-23T17:56:12+00:00","article_modified_time":"2021-07-23T17:56:36+00:00","og_image":[{"width":1200,"height":800,"url":"https:\/\/revistaautobus.com.br\/wp-content\/uploads\/2021\/07\/Solaris_Urbino_CNG_02.jpg","type":"image\/jpeg"}],"author":"Antonio Ferro","twitter_card":"summary_large_image","twitter_misc":{"Escrito por":"Antonio Ferro","Est. tempo de leitura":"2 minutos"},"schema":{"@context":"https:\/\/schema.org","@graph":[{"@type":"Article","@id":"https:\/\/revistaautobus.com.br\/?p=3915#article","isPartOf":{"@id":"https:\/\/revistaautobus.com.br\/?p=3915"},"author":{"name":"Antonio Ferro","@id":"https:\/\/revistaautobus.com.br\/#\/schema\/person\/54af7c3eb83a310e42ef686ef6d16f50"},"headline":"A escolha pelo g\u00e1s natural no transporte urbano","datePublished":"2021-07-23T17:56:12+00:00","dateModified":"2021-07-23T17:56:36+00:00","mainEntityOfPage":{"@id":"https:\/\/revistaautobus.com.br\/?p=3915"},"wordCount":387,"commentCount":0,"publisher":{"@id":"https:\/\/revistaautobus.com.br\/#organization"},"image":{"@id":"https:\/\/revistaautobus.com.br\/?p=3915#primaryimage"},"thumbnailUrl":"https:\/\/revistaautobus.com.br\/wp-content\/uploads\/2021\/07\/Solaris_Urbino_CNG_02.jpg","keywords":["\u00f4nibus a g\u00e1s","Solaris Bus &amp; Coach"],"articleSection":["Internacional"],"inLanguage":"pt-BR","potentialAction":[{"@type":"CommentAction","name":"Comment","target":["https:\/\/revistaautobus.com.br\/?p=3915#respond"]}]},{"@type":"WebPage","@id":"https:\/\/revistaautobus.com.br\/?p=3915","url":"https:\/\/revistaautobus.com.br\/?p=3915","name":"A escolha pelo g\u00e1s natural no transporte urbano - Revista AutoBus","isPartOf":{"@id":"https:\/\/revistaautobus.com.br\/#website"},"primaryImageOfPage":{"@id":"https:\/\/revistaautobus.com.br\/?p=3915#primaryimage"},"image":{"@id":"https:\/\/revistaautobus.com.br\/?p=3915#primaryimage"},"thumbnailUrl":"https:\/\/revistaautobus.com.br\/wp-content\/uploads\/2021\/07\/Solaris_Urbino_CNG_02.jpg","datePublished":"2021-07-23T17:56:12+00:00","dateModified":"2021-07-23T17:56:36+00:00","breadcrumb":{"@id":"https:\/\/revistaautobus.com.br\/?p=3915#breadcrumb"},"inLanguage":"pt-BR","potentialAction":[{"@type":"ReadAction","target":["https:\/\/revistaautobus.com.br\/?p=3915"]}]},{"@type":"ImageObject","inLanguage":"pt-BR","@id":"https:\/\/revistaautobus.com.br\/?p=3915#primaryimage","url":"https:\/\/revistaautobus.com.br\/wp-content\/uploads\/2021\/07\/Solaris_Urbino_CNG_02.jpg","contentUrl":"https:\/\/revistaautobus.com.br\/wp-content\/uploads\/2021\/07\/Solaris_Urbino_CNG_02.jpg","width":1200,"height":800},{"@type":"BreadcrumbList","@id":"https:\/\/revistaautobus.com.br\/?p=3915#breadcrumb","itemListElement":[{"@type":"ListItem","position":1,"name":"In\u00edcio","item":"https:\/\/revistaautobus.com.br\/"},{"@type":"ListItem","position":2,"name":"A escolha pelo g\u00e1s natural no transporte urbano"}]},{"@type":"WebSite","@id":"https:\/\/revistaautobus.com.br\/#website","url":"https:\/\/revistaautobus.com.br\/","name":"Revista AutoBus","description":"","publisher":{"@id":"https:\/\/revistaautobus.com.br\/#organization"},"potentialAction":[{"@type":"SearchAction","target":{"@type":"EntryPoint","urlTemplate":"https:\/\/revistaautobus.com.br\/?s={search_term_string}"},"query-input":{"@type":"PropertyValueSpecification","valueRequired":true,"valueName":"search_term_string"}}],"inLanguage":"pt-BR"},{"@type":"Organization","@id":"https:\/\/revistaautobus.com.br\/#organization","name":"Revista AutoBus","url":"https:\/\/revistaautobus.com.br\/","logo":{"@type":"ImageObject","inLanguage":"pt-BR","@id":"https:\/\/revistaautobus.com.br\/#\/schema\/logo\/image\/","url":"https:\/\/revistaautobus.com.br\/wp-content\/uploads\/2024\/11\/logo_revista_autobus_fb.png","contentUrl":"https:\/\/revistaautobus.com.br\/wp-content\/uploads\/2024\/11\/logo_revista_autobus_fb.png","width":836,"height":227,"caption":"Revista AutoBus"},"image":{"@id":"https:\/\/revistaautobus.com.br\/#\/schema\/logo\/image\/"},"sameAs":["https:\/\/www.facebook.com\/antonio.ferro.3150","https:\/\/www.instagram.com\/revistaautobus\/"]},{"@type":"Person","@id":"https:\/\/revistaautobus.com.br\/#\/schema\/person\/54af7c3eb83a310e42ef686ef6d16f50","name":"Antonio Ferro","image":{"@type":"ImageObject","inLanguage":"pt-BR","@id":"https:\/\/revistaautobus.com.br\/wp-content\/uploads\/2025\/12\/editor_antonio_ferro-150x150.jpg","url":"https:\/\/revistaautobus.com.br\/wp-content\/uploads\/2025\/12\/editor_antonio_ferro-150x150.jpg","contentUrl":"https:\/\/revistaautobus.com.br\/wp-content\/uploads\/2025\/12\/editor_antonio_ferro-150x150.jpg","caption":"Antonio Ferro"},"description":"infobus@uol.com.br","url":"https:\/\/revistaautobus.com.br\/?author=2"}]}},"jetpack_featured_media_url":"https:\/\/revistaautobus.com.br\/wp-content\/uploads\/2021\/07\/Solaris_Urbino_CNG_02.jpg","jetpack_sharing_enabled":true,"_links":{"self":[{"href":"https:\/\/revistaautobus.com.br\/index.php?rest_route=\/wp\/v2\/posts\/3915","targetHints":{"allow":["GET"]}}],"collection":[{"href":"https:\/\/revistaautobus.com.br\/index.php?rest_route=\/wp\/v2\/posts"}],"about":[{"href":"https:\/\/revistaautobus.com.br\/index.php?rest_route=\/wp\/v2\/types\/post"}],"author":[{"embeddable":true,"href":"https:\/\/revistaautobus.com.br\/index.php?rest_route=\/wp\/v2\/users\/2"}],"replies":[{"embeddable":true,"href":"https:\/\/revistaautobus.com.br\/index.php?rest_route=%2Fwp%2Fv2%2Fcomments&post=3915"}],"version-history":[{"count":2,"href":"https:\/\/revistaautobus.com.br\/index.php?rest_route=\/wp\/v2\/posts\/3915\/revisions"}],"predecessor-version":[{"id":3919,"href":"https:\/\/revistaautobus.com.br\/index.php?rest_route=\/wp\/v2\/posts\/3915\/revisions\/3919"}],"wp:featuredmedia":[{"embeddable":true,"href":"https:\/\/revistaautobus.com.br\/index.php?rest_route=\/wp\/v2\/media\/3916"}],"wp:attachment":[{"href":"https:\/\/revistaautobus.com.br\/index.php?rest_route=%2Fwp%2Fv2%2Fmedia&parent=3915"}],"wp:term":[{"taxonomy":"category","embeddable":true,"href":"https:\/\/revistaautobus.com.br\/index.php?rest_route=%2Fwp%2Fv2%2Fcategories&post=3915"},{"taxonomy":"post_tag","embeddable":true,"href":"https:\/\/revistaautobus.com.br\/index.php?rest_route=%2Fwp%2Fv2%2Ftags&post=3915"}],"curies":[{"name":"wp","href":"https:\/\/api.w.org\/{rel}","templated":true}]}}