{"id":3960,"date":"2021-07-30T10:28:45","date_gmt":"2021-07-30T13:28:45","guid":{"rendered":"https:\/\/vila8.com.br\/clientes\/autobus\/?p=3960"},"modified":"2021-07-30T10:28:46","modified_gmt":"2021-07-30T13:28:46","slug":"cummins-50-anos","status":"publish","type":"post","link":"https:\/\/revistaautobus.com.br\/?p=3960","title":{"rendered":"Cummins 50 anos"},"content":{"rendered":"\n<p class=\"has-drop-cap\">A fabricante de motores Cummins est\u00e1 celebrando 50 anos de atividades no Brasil. A marca, que desde 1950 est\u00e1 presente por aqui, primeiro como distribuidora de seus produtos, depois com oficina pr\u00f3pria, em 1971 se estabeleceu definitivamente por meio de uma filial ao adquirir as f\u00e1bricas de motores Otto Deutz, em Guarulhos (SP) por US$ 2,9 milh\u00f5es e, no ano seguinte, a de chassis para \u00f4nibus Magirus Deutz, em Sim\u00f5es Filho (BA), quando foi constitu\u00edda a Cummins Nordeste S\/A.<\/p>\n\n\n\n<p>Em julho de 1972, inicia a produ\u00e7\u00e3o de chassis em sua planta no Nordeste brasileiro, com 240 colaboradores e fabrica\u00e7\u00e3o de 50 unidades mensais. Um ano depois, ela apresenta o seu programa de expans\u00e3o com o investimento de 49 milh\u00f5es de d\u00f3lares para a produ\u00e7\u00e3o de motores diesel para caminh\u00f5es e \u00f4nibus em V na faixa de pot\u00eancia de 140 a 240 HP. Ainda, no tocante a \u00f4nibus, a fabricante se associou com a encarro\u00e7adora ga\u00facha Marcopolo e o grupo belga Van Hool para a produ\u00e7\u00e3o de chassis e sistemas de transmiss\u00e3o.<\/p>\n\n\n\n<p>Dando prosseguimento \u00e0 sua estrat\u00e9gia comercial voltada para o transporte de passageiros, a marca lan\u00e7a a plataforma modelo RC- 210, equipada com o motor Cummins V8.<\/p>\n\n\n\n<div class=\"wp-block-image\"><figure class=\"alignright size-large is-resized\"><img loading=\"lazy\" decoding=\"async\" src=\"https:\/\/vila8.com.br\/clientes\/autobus\/wp-content\/uploads\/2021\/07\/Chassi-Cummins-2-1024x755.jpg\" alt=\"\" class=\"wp-image-3962\" width=\"405\" height=\"299\" srcset=\"https:\/\/revistaautobus.com.br\/wp-content\/uploads\/2021\/07\/Chassi-Cummins-2-1024x755.jpg 1024w, https:\/\/revistaautobus.com.br\/wp-content\/uploads\/2021\/07\/Chassi-Cummins-2-300x221.jpg 300w, https:\/\/revistaautobus.com.br\/wp-content\/uploads\/2021\/07\/Chassi-Cummins-2-768x566.jpg 768w, https:\/\/revistaautobus.com.br\/wp-content\/uploads\/2021\/07\/Chassi-Cummins-2-1080x797.jpg 1080w, https:\/\/revistaautobus.com.br\/wp-content\/uploads\/2021\/07\/Chassi-Cummins-2.jpg 1200w\" sizes=\"(max-width: 405px) 100vw, 405px\" \/><\/figure><\/div>\n\n\n\n<p>No decorrer dos anos, o mercado de \u00f4nibus passa a contar com outros modelos da fabricante, como o modelo de chassi para \u00f4nibus de luxo RC- AR-210, com motor Cummins V-8-210 de 205 HP a 3000 rpm. O novo produto fora apresentado no Sal\u00e3o do Autom\u00f3vel de S\u00e3o Paulo, em 1974. Em 1976, a Cummins Nordeste det\u00e9m 35 % do mercado de chassis de 176 a 220 HP, totalizando 5% do mercado total da produ\u00e7\u00e3o de chassis para \u00f4nibus. Nesse tempo, apresenta um novo chassi, especial, que permite lota\u00e7\u00e3o de at\u00e9 120 passageiros, com o sistema de seguran\u00e7a inter-lock, no qual o ve\u00edculo n\u00e3o consegue se movimentar enquanto as suas portas estiverem abertas.<\/p>\n\n\n\n<p>Antes da d\u00e9cada de 1980, a Cummins deixa de produzir chassis e plataformas para \u00f4nibus, se concentrando apenas na fabrica\u00e7\u00e3o de motores, com diversas gera\u00e7\u00f5es, ano ap\u00f3s ano, cada vez mais modernos e com menores \u00edndices de emiss\u00f5es poluentes.<\/p>\n\n\n\n<p>E, nos anos 80, a fabricante lan\u00e7a a S\u00e9rie C, com seis cilindros, 8,3 litros e pot\u00eancia entre 150 cv e 250 cv, dependendo da vers\u00e3o aspirada, turbo e turbo com <em>aftercooler<\/em>, lan\u00e7ados simultaneamente no Brasil e nos EUA e com 40% menos pe\u00e7as do que os equivalentes do mercado. Os \u00f4nibus urbanos produzidos pela marca Mafersa foram os primeiros ve\u00edculos a usarem os propulsores.<\/p>\n\n\n\n<p>Dentre os seus planos de crescimento no mercado brasileiro, em 2000, a empresa investiu na Cummins Filtration e inaugurou uma nova f\u00e1brica em Guarulhos (SP). A partir de ent\u00e3o, com uma gama completa de motores, a fabricante, em meados da d\u00e9cada de 2010, visando o fortalecimento de seus neg\u00f3cios e de olho nas movimenta\u00e7\u00f5es mundiais por sustentabilidade, passou a investir, n\u00e3o s\u00f3 mais em produtos, mas em solu\u00e7\u00f5es energ\u00e9ticas para a mobilidade, em especial em eletrifica\u00e7\u00e3o veicular e c\u00e9lulas a combust\u00edvel, lembrando que a companhia j\u00e1 est\u00e1 pronta para atender \u00e0 Euro VI, legisla\u00e7\u00e3o que deve entrar em vigor no Brasil em 2023.<\/p>\n\n\n\n<p>Imagens &#8211; Mem\u00f3ria Marcopolo<\/p>\n","protected":false},"excerpt":{"rendered":"<p>Uma das mais expressivas fabricantes de motores tamb\u00e9m j\u00e1 produziu chassis para \u00f4nibus em solo brasileiro <\/p>\n","protected":false},"author":2,"featured_media":3961,"comment_status":"open","ping_status":"open","sticky":false,"template":"","format":"standard","meta":{"_et_pb_use_builder":"off","_et_pb_old_content":"","_et_gb_content_width":"","_jetpack_memberships_contains_paid_content":false,"footnotes":""},"categories":[90],"tags":[140],"class_list":["post-3960","post","type-post","status-publish","format-standard","has-post-thumbnail","hentry","category-noticias","tag-cummins","et-has-post-format-content","et_post_format-et-post-format-standard"],"yoast_head":"<!-- This site is optimized with the Yoast SEO plugin v27.2 - https:\/\/yoast.com\/product\/yoast-seo-wordpress\/ -->\n<title>Cummins 50 anos - Revista AutoBus<\/title>\n<meta name=\"robots\" content=\"index, follow, max-snippet:-1, max-image-preview:large, max-video-preview:-1\" \/>\n<link rel=\"canonical\" href=\"https:\/\/revistaautobus.com.br\/?p=3960\" \/>\n<meta property=\"og:locale\" content=\"pt_BR\" \/>\n<meta property=\"og:type\" content=\"article\" \/>\n<meta property=\"og:title\" content=\"Cummins 50 anos - Revista AutoBus\" \/>\n<meta property=\"og:description\" content=\"Uma das mais expressivas fabricantes de motores tamb\u00e9m j\u00e1 produziu chassis para \u00f4nibus em solo brasileiro\" \/>\n<meta property=\"og:url\" content=\"https:\/\/revistaautobus.com.br\/?p=3960\" \/>\n<meta property=\"og:site_name\" content=\"Revista AutoBus\" \/>\n<meta property=\"article:publisher\" content=\"https:\/\/www.facebook.com\/antonio.ferro.3150\" \/>\n<meta property=\"article:published_time\" content=\"2021-07-30T13:28:45+00:00\" \/>\n<meta property=\"article:modified_time\" content=\"2021-07-30T13:28:46+00:00\" \/>\n<meta property=\"og:image\" content=\"https:\/\/revistaautobus.com.br\/wp-content\/uploads\/2021\/07\/Chassi-Cummins.jpg\" \/>\n\t<meta property=\"og:image:width\" content=\"1200\" \/>\n\t<meta property=\"og:image:height\" content=\"934\" \/>\n\t<meta property=\"og:image:type\" content=\"image\/jpeg\" \/>\n<meta name=\"author\" content=\"Antonio Ferro\" \/>\n<meta name=\"twitter:card\" content=\"summary_large_image\" \/>\n<meta name=\"twitter:label1\" content=\"Escrito por\" \/>\n\t<meta name=\"twitter:data1\" content=\"Antonio Ferro\" \/>\n\t<meta name=\"twitter:label2\" content=\"Est. tempo de leitura\" \/>\n\t<meta name=\"twitter:data2\" content=\"3 minutos\" \/>\n<script type=\"application\/ld+json\" class=\"yoast-schema-graph\">{\"@context\":\"https:\/\/schema.org\",\"@graph\":[{\"@type\":\"Article\",\"@id\":\"https:\/\/revistaautobus.com.br\/?p=3960#article\",\"isPartOf\":{\"@id\":\"https:\/\/revistaautobus.com.br\/?p=3960\"},\"author\":{\"name\":\"Antonio Ferro\",\"@id\":\"https:\/\/revistaautobus.com.br\/#\/schema\/person\/54af7c3eb83a310e42ef686ef6d16f50\"},\"headline\":\"Cummins 50 anos\",\"datePublished\":\"2021-07-30T13:28:45+00:00\",\"dateModified\":\"2021-07-30T13:28:46+00:00\",\"mainEntityOfPage\":{\"@id\":\"https:\/\/revistaautobus.com.br\/?p=3960\"},\"wordCount\":546,\"commentCount\":0,\"publisher\":{\"@id\":\"https:\/\/revistaautobus.com.br\/#organization\"},\"image\":{\"@id\":\"https:\/\/revistaautobus.com.br\/?p=3960#primaryimage\"},\"thumbnailUrl\":\"https:\/\/revistaautobus.com.br\/wp-content\/uploads\/2021\/07\/Chassi-Cummins.jpg\",\"keywords\":[\"Cummins\"],\"articleSection\":[\"Not\u00edcias\"],\"inLanguage\":\"pt-BR\",\"potentialAction\":[{\"@type\":\"CommentAction\",\"name\":\"Comment\",\"target\":[\"https:\/\/revistaautobus.com.br\/?p=3960#respond\"]}]},{\"@type\":\"WebPage\",\"@id\":\"https:\/\/revistaautobus.com.br\/?p=3960\",\"url\":\"https:\/\/revistaautobus.com.br\/?p=3960\",\"name\":\"Cummins 50 anos - Revista AutoBus\",\"isPartOf\":{\"@id\":\"https:\/\/revistaautobus.com.br\/#website\"},\"primaryImageOfPage\":{\"@id\":\"https:\/\/revistaautobus.com.br\/?p=3960#primaryimage\"},\"image\":{\"@id\":\"https:\/\/revistaautobus.com.br\/?p=3960#primaryimage\"},\"thumbnailUrl\":\"https:\/\/revistaautobus.com.br\/wp-content\/uploads\/2021\/07\/Chassi-Cummins.jpg\",\"datePublished\":\"2021-07-30T13:28:45+00:00\",\"dateModified\":\"2021-07-30T13:28:46+00:00\",\"breadcrumb\":{\"@id\":\"https:\/\/revistaautobus.com.br\/?p=3960#breadcrumb\"},\"inLanguage\":\"pt-BR\",\"potentialAction\":[{\"@type\":\"ReadAction\",\"target\":[\"https:\/\/revistaautobus.com.br\/?p=3960\"]}]},{\"@type\":\"ImageObject\",\"inLanguage\":\"pt-BR\",\"@id\":\"https:\/\/revistaautobus.com.br\/?p=3960#primaryimage\",\"url\":\"https:\/\/revistaautobus.com.br\/wp-content\/uploads\/2021\/07\/Chassi-Cummins.jpg\",\"contentUrl\":\"https:\/\/revistaautobus.com.br\/wp-content\/uploads\/2021\/07\/Chassi-Cummins.jpg\",\"width\":1200,\"height\":934},{\"@type\":\"BreadcrumbList\",\"@id\":\"https:\/\/revistaautobus.com.br\/?p=3960#breadcrumb\",\"itemListElement\":[{\"@type\":\"ListItem\",\"position\":1,\"name\":\"In\u00edcio\",\"item\":\"https:\/\/revistaautobus.com.br\/\"},{\"@type\":\"ListItem\",\"position\":2,\"name\":\"Cummins 50 anos\"}]},{\"@type\":\"WebSite\",\"@id\":\"https:\/\/revistaautobus.com.br\/#website\",\"url\":\"https:\/\/revistaautobus.com.br\/\",\"name\":\"Revista AutoBus\",\"description\":\"\",\"publisher\":{\"@id\":\"https:\/\/revistaautobus.com.br\/#organization\"},\"potentialAction\":[{\"@type\":\"SearchAction\",\"target\":{\"@type\":\"EntryPoint\",\"urlTemplate\":\"https:\/\/revistaautobus.com.br\/?s={search_term_string}\"},\"query-input\":{\"@type\":\"PropertyValueSpecification\",\"valueRequired\":true,\"valueName\":\"search_term_string\"}}],\"inLanguage\":\"pt-BR\"},{\"@type\":\"Organization\",\"@id\":\"https:\/\/revistaautobus.com.br\/#organization\",\"name\":\"Revista AutoBus\",\"url\":\"https:\/\/revistaautobus.com.br\/\",\"logo\":{\"@type\":\"ImageObject\",\"inLanguage\":\"pt-BR\",\"@id\":\"https:\/\/revistaautobus.com.br\/#\/schema\/logo\/image\/\",\"url\":\"https:\/\/revistaautobus.com.br\/wp-content\/uploads\/2024\/11\/logo_revista_autobus_fb.png\",\"contentUrl\":\"https:\/\/revistaautobus.com.br\/wp-content\/uploads\/2024\/11\/logo_revista_autobus_fb.png\",\"width\":836,\"height\":227,\"caption\":\"Revista AutoBus\"},\"image\":{\"@id\":\"https:\/\/revistaautobus.com.br\/#\/schema\/logo\/image\/\"},\"sameAs\":[\"https:\/\/www.facebook.com\/antonio.ferro.3150\",\"https:\/\/www.instagram.com\/revistaautobus\/\"]},{\"@type\":\"Person\",\"@id\":\"https:\/\/revistaautobus.com.br\/#\/schema\/person\/54af7c3eb83a310e42ef686ef6d16f50\",\"name\":\"Antonio Ferro\",\"image\":{\"@type\":\"ImageObject\",\"inLanguage\":\"pt-BR\",\"@id\":\"https:\/\/revistaautobus.com.br\/wp-content\/uploads\/2025\/12\/editor_antonio_ferro-150x150.jpg\",\"url\":\"https:\/\/revistaautobus.com.br\/wp-content\/uploads\/2025\/12\/editor_antonio_ferro-150x150.jpg\",\"contentUrl\":\"https:\/\/revistaautobus.com.br\/wp-content\/uploads\/2025\/12\/editor_antonio_ferro-150x150.jpg\",\"caption\":\"Antonio Ferro\"},\"description\":\"infobus@uol.com.br\",\"url\":\"https:\/\/revistaautobus.com.br\/?author=2\"}]}<\/script>\n<!-- \/ Yoast SEO plugin. -->","yoast_head_json":{"title":"Cummins 50 anos - Revista AutoBus","robots":{"index":"index","follow":"follow","max-snippet":"max-snippet:-1","max-image-preview":"max-image-preview:large","max-video-preview":"max-video-preview:-1"},"canonical":"https:\/\/revistaautobus.com.br\/?p=3960","og_locale":"pt_BR","og_type":"article","og_title":"Cummins 50 anos - Revista AutoBus","og_description":"Uma das mais expressivas fabricantes de motores tamb\u00e9m j\u00e1 produziu chassis para \u00f4nibus em solo brasileiro","og_url":"https:\/\/revistaautobus.com.br\/?p=3960","og_site_name":"Revista AutoBus","article_publisher":"https:\/\/www.facebook.com\/antonio.ferro.3150","article_published_time":"2021-07-30T13:28:45+00:00","article_modified_time":"2021-07-30T13:28:46+00:00","og_image":[{"width":1200,"height":934,"url":"https:\/\/revistaautobus.com.br\/wp-content\/uploads\/2021\/07\/Chassi-Cummins.jpg","type":"image\/jpeg"}],"author":"Antonio Ferro","twitter_card":"summary_large_image","twitter_misc":{"Escrito por":"Antonio Ferro","Est. tempo de leitura":"3 minutos"},"schema":{"@context":"https:\/\/schema.org","@graph":[{"@type":"Article","@id":"https:\/\/revistaautobus.com.br\/?p=3960#article","isPartOf":{"@id":"https:\/\/revistaautobus.com.br\/?p=3960"},"author":{"name":"Antonio Ferro","@id":"https:\/\/revistaautobus.com.br\/#\/schema\/person\/54af7c3eb83a310e42ef686ef6d16f50"},"headline":"Cummins 50 anos","datePublished":"2021-07-30T13:28:45+00:00","dateModified":"2021-07-30T13:28:46+00:00","mainEntityOfPage":{"@id":"https:\/\/revistaautobus.com.br\/?p=3960"},"wordCount":546,"commentCount":0,"publisher":{"@id":"https:\/\/revistaautobus.com.br\/#organization"},"image":{"@id":"https:\/\/revistaautobus.com.br\/?p=3960#primaryimage"},"thumbnailUrl":"https:\/\/revistaautobus.com.br\/wp-content\/uploads\/2021\/07\/Chassi-Cummins.jpg","keywords":["Cummins"],"articleSection":["Not\u00edcias"],"inLanguage":"pt-BR","potentialAction":[{"@type":"CommentAction","name":"Comment","target":["https:\/\/revistaautobus.com.br\/?p=3960#respond"]}]},{"@type":"WebPage","@id":"https:\/\/revistaautobus.com.br\/?p=3960","url":"https:\/\/revistaautobus.com.br\/?p=3960","name":"Cummins 50 anos - Revista AutoBus","isPartOf":{"@id":"https:\/\/revistaautobus.com.br\/#website"},"primaryImageOfPage":{"@id":"https:\/\/revistaautobus.com.br\/?p=3960#primaryimage"},"image":{"@id":"https:\/\/revistaautobus.com.br\/?p=3960#primaryimage"},"thumbnailUrl":"https:\/\/revistaautobus.com.br\/wp-content\/uploads\/2021\/07\/Chassi-Cummins.jpg","datePublished":"2021-07-30T13:28:45+00:00","dateModified":"2021-07-30T13:28:46+00:00","breadcrumb":{"@id":"https:\/\/revistaautobus.com.br\/?p=3960#breadcrumb"},"inLanguage":"pt-BR","potentialAction":[{"@type":"ReadAction","target":["https:\/\/revistaautobus.com.br\/?p=3960"]}]},{"@type":"ImageObject","inLanguage":"pt-BR","@id":"https:\/\/revistaautobus.com.br\/?p=3960#primaryimage","url":"https:\/\/revistaautobus.com.br\/wp-content\/uploads\/2021\/07\/Chassi-Cummins.jpg","contentUrl":"https:\/\/revistaautobus.com.br\/wp-content\/uploads\/2021\/07\/Chassi-Cummins.jpg","width":1200,"height":934},{"@type":"BreadcrumbList","@id":"https:\/\/revistaautobus.com.br\/?p=3960#breadcrumb","itemListElement":[{"@type":"ListItem","position":1,"name":"In\u00edcio","item":"https:\/\/revistaautobus.com.br\/"},{"@type":"ListItem","position":2,"name":"Cummins 50 anos"}]},{"@type":"WebSite","@id":"https:\/\/revistaautobus.com.br\/#website","url":"https:\/\/revistaautobus.com.br\/","name":"Revista AutoBus","description":"","publisher":{"@id":"https:\/\/revistaautobus.com.br\/#organization"},"potentialAction":[{"@type":"SearchAction","target":{"@type":"EntryPoint","urlTemplate":"https:\/\/revistaautobus.com.br\/?s={search_term_string}"},"query-input":{"@type":"PropertyValueSpecification","valueRequired":true,"valueName":"search_term_string"}}],"inLanguage":"pt-BR"},{"@type":"Organization","@id":"https:\/\/revistaautobus.com.br\/#organization","name":"Revista AutoBus","url":"https:\/\/revistaautobus.com.br\/","logo":{"@type":"ImageObject","inLanguage":"pt-BR","@id":"https:\/\/revistaautobus.com.br\/#\/schema\/logo\/image\/","url":"https:\/\/revistaautobus.com.br\/wp-content\/uploads\/2024\/11\/logo_revista_autobus_fb.png","contentUrl":"https:\/\/revistaautobus.com.br\/wp-content\/uploads\/2024\/11\/logo_revista_autobus_fb.png","width":836,"height":227,"caption":"Revista AutoBus"},"image":{"@id":"https:\/\/revistaautobus.com.br\/#\/schema\/logo\/image\/"},"sameAs":["https:\/\/www.facebook.com\/antonio.ferro.3150","https:\/\/www.instagram.com\/revistaautobus\/"]},{"@type":"Person","@id":"https:\/\/revistaautobus.com.br\/#\/schema\/person\/54af7c3eb83a310e42ef686ef6d16f50","name":"Antonio Ferro","image":{"@type":"ImageObject","inLanguage":"pt-BR","@id":"https:\/\/revistaautobus.com.br\/wp-content\/uploads\/2025\/12\/editor_antonio_ferro-150x150.jpg","url":"https:\/\/revistaautobus.com.br\/wp-content\/uploads\/2025\/12\/editor_antonio_ferro-150x150.jpg","contentUrl":"https:\/\/revistaautobus.com.br\/wp-content\/uploads\/2025\/12\/editor_antonio_ferro-150x150.jpg","caption":"Antonio Ferro"},"description":"infobus@uol.com.br","url":"https:\/\/revistaautobus.com.br\/?author=2"}]}},"jetpack_featured_media_url":"https:\/\/revistaautobus.com.br\/wp-content\/uploads\/2021\/07\/Chassi-Cummins.jpg","jetpack_sharing_enabled":true,"_links":{"self":[{"href":"https:\/\/revistaautobus.com.br\/index.php?rest_route=\/wp\/v2\/posts\/3960","targetHints":{"allow":["GET"]}}],"collection":[{"href":"https:\/\/revistaautobus.com.br\/index.php?rest_route=\/wp\/v2\/posts"}],"about":[{"href":"https:\/\/revistaautobus.com.br\/index.php?rest_route=\/wp\/v2\/types\/post"}],"author":[{"embeddable":true,"href":"https:\/\/revistaautobus.com.br\/index.php?rest_route=\/wp\/v2\/users\/2"}],"replies":[{"embeddable":true,"href":"https:\/\/revistaautobus.com.br\/index.php?rest_route=%2Fwp%2Fv2%2Fcomments&post=3960"}],"version-history":[{"count":2,"href":"https:\/\/revistaautobus.com.br\/index.php?rest_route=\/wp\/v2\/posts\/3960\/revisions"}],"predecessor-version":[{"id":3964,"href":"https:\/\/revistaautobus.com.br\/index.php?rest_route=\/wp\/v2\/posts\/3960\/revisions\/3964"}],"wp:featuredmedia":[{"embeddable":true,"href":"https:\/\/revistaautobus.com.br\/index.php?rest_route=\/wp\/v2\/media\/3961"}],"wp:attachment":[{"href":"https:\/\/revistaautobus.com.br\/index.php?rest_route=%2Fwp%2Fv2%2Fmedia&parent=3960"}],"wp:term":[{"taxonomy":"category","embeddable":true,"href":"https:\/\/revistaautobus.com.br\/index.php?rest_route=%2Fwp%2Fv2%2Fcategories&post=3960"},{"taxonomy":"post_tag","embeddable":true,"href":"https:\/\/revistaautobus.com.br\/index.php?rest_route=%2Fwp%2Fv2%2Ftags&post=3960"}],"curies":[{"name":"wp","href":"https:\/\/api.w.org\/{rel}","templated":true}]}}