{"id":3978,"date":"2021-07-30T10:37:29","date_gmt":"2021-07-30T13:37:29","guid":{"rendered":"https:\/\/vila8.com.br\/clientes\/autobus\/?p=3978"},"modified":"2021-07-30T10:37:31","modified_gmt":"2021-07-30T13:37:31","slug":"a-simpatia-com-os-negocios","status":"publish","type":"post","link":"https:\/\/revistaautobus.com.br\/?p=3978","title":{"rendered":"A simpatia com os neg\u00f3cios"},"content":{"rendered":"\n<p class=\"has-drop-cap\">No marketing, muitas vezes, ser conhecedor das t\u00e9cnicas e dos m\u00e9todos para conquistar clientes e mercados n\u00e3o \u00e9 o suficiente para alcan\u00e7ar sucesso. Ter simpatia e uma boa rela\u00e7\u00e3o direta com o p\u00fablico alvo \u00e9 essencial nessa atividade. Com Valter Gomes Pinto (1932-2013), pessoa de extrema import\u00e2ncia na hist\u00f3ria da encarro\u00e7adora ga\u00facha Marcopolo, o contexto da capacidade de comunicar-se bem com os clientes foi determinante, deixando um legado fundamental na evolu\u00e7\u00e3o da marca, que \u00e9 uma das principais fabricantes de carro\u00e7arias para \u00f4nibus do mundo.<\/p>\n\n\n\n<p>E, para homenage\u00e1-lo, nada melhor do que colocar no papel as suas mem\u00f3rias e hist\u00f3rias, fatos que o levaram a ser reconhecido como um homem \u00e0 frente de seu tempo devido as suas ideias e a\u00e7\u00f5es. Com isso, foi lan\u00e7ado h\u00e1 alguns dias, o livro &#8211; Seu Valter, Humanidade e Sucesso -, um trabalho de pesquisa que compartilha as passagens da vida dele, nas quais n\u00e3o se encontram diferen\u00e7as entre simplicidade e requinte, entre neg\u00f3cios e fam\u00edlia, entre sociedade e comunidade. A obra, escrita por V\u00e9ra Stedile Zattera, \u00e9 rica em imagens e a diagrama\u00e7\u00e3o, prima pelo bom gosto e pela serenidade visual. Por\u00e9m, o que chama a aten\u00e7\u00e3o s\u00e3o os textos e os relatos de dezenas de amigos, que inspiram os leitores a fazer o bem \u2013 tal como Seu Valter o fez a muitos.<\/p>\n\n\n\n<div class=\"wp-block-image\"><figure class=\"alignright size-large is-resized\"><img loading=\"lazy\" decoding=\"async\" src=\"https:\/\/vila8.com.br\/clientes\/autobus\/wp-content\/uploads\/2021\/07\/Valter-G-Pinto-991x1024.jpg\" alt=\"\" class=\"wp-image-3980\" width=\"370\" height=\"382\" srcset=\"https:\/\/revistaautobus.com.br\/wp-content\/uploads\/2021\/07\/Valter-G-Pinto-991x1024.jpg 991w, https:\/\/revistaautobus.com.br\/wp-content\/uploads\/2021\/07\/Valter-G-Pinto-290x300.jpg 290w, https:\/\/revistaautobus.com.br\/wp-content\/uploads\/2021\/07\/Valter-G-Pinto-768x794.jpg 768w, https:\/\/revistaautobus.com.br\/wp-content\/uploads\/2021\/07\/Valter-G-Pinto-1080x1116.jpg 1080w, https:\/\/revistaautobus.com.br\/wp-content\/uploads\/2021\/07\/Valter-G-Pinto.jpg 1200w\" sizes=\"(max-width: 370px) 100vw, 370px\" \/><\/figure><\/div>\n\n\n\n<p>Em paralelo ao lan\u00e7amento do livro, h\u00e1 ainda a exposi\u00e7\u00e3o Seu Valter, Humanidade e Sucesso, em cartaz na Galeria de Municipal de Arte Gerd Bornheim, entre os dias 4 \u00e0 31 de agosto, na cidade de Caxias do Sul, RS. A mostra tem curadoria de V\u00e9ra Stedile Zattera e re\u00fane pinturas de Vasco Machado e Antonio Giacomin e fotografias de Paquito Herrera, al\u00e9m de parte da memorabilia (cole\u00e7\u00e3o) do empres\u00e1rio, com as de canetas e de gravatas, bem peculiar. A exposi\u00e7\u00e3o tamb\u00e9m contemplar\u00e1 um totem interativo, no qual o p\u00fablico poder\u00e1 conhecer mais sobre os pa\u00edses em que Seu Valter esteve, bem como admirar uma \u201c\u00e1rvore da vida\u201d especialmente montada em um ambiente de instala\u00e7\u00e3o, como efeitos de luz e som.<\/p>\n\n\n\n<p>Lembrando que o Espa\u00e7o Mem\u00f3ria Marcopolo recebe o nome de Valter Gomes Pinto, onde a preserva\u00e7\u00e3o da hist\u00f3ria da empresa enaltece a import\u00e2ncia dela para com o desenvolvimento da cidade de Caxias do Sul e do transporte de passageiros.<\/p>\n\n\n\n<p>Imagens &#8211; Divulga\u00e7\u00e3o<\/p>\n","protected":false},"excerpt":{"rendered":"<p>A obra, escrita por V\u00e9ra Stedile Zattera, \u00e9 rica em imagens e a diagrama\u00e7\u00e3o, prima pelo bom gosto e pela serenidade visual. <\/p>\n","protected":false},"author":2,"featured_media":3979,"comment_status":"open","ping_status":"open","sticky":false,"template":"","format":"standard","meta":{"_et_pb_use_builder":"off","_et_pb_old_content":"","_et_gb_content_width":"","_jetpack_memberships_contains_paid_content":false,"footnotes":""},"categories":[90],"tags":[84,141],"class_list":["post-3978","post","type-post","status-publish","format-standard","has-post-thumbnail","hentry","category-noticias","tag-marcopolo","tag-valter-gomes-pinto","et-has-post-format-content","et_post_format-et-post-format-standard"],"yoast_head":"<!-- This site is optimized with the Yoast SEO plugin v27.2 - https:\/\/yoast.com\/product\/yoast-seo-wordpress\/ -->\n<title>A simpatia com os neg\u00f3cios - Revista AutoBus<\/title>\n<meta name=\"robots\" content=\"index, follow, max-snippet:-1, max-image-preview:large, max-video-preview:-1\" \/>\n<link rel=\"canonical\" href=\"https:\/\/revistaautobus.com.br\/?p=3978\" \/>\n<meta property=\"og:locale\" content=\"pt_BR\" \/>\n<meta property=\"og:type\" content=\"article\" \/>\n<meta property=\"og:title\" content=\"A simpatia com os neg\u00f3cios - Revista AutoBus\" \/>\n<meta property=\"og:description\" content=\"A obra, escrita por V\u00e9ra Stedile Zattera, \u00e9 rica em imagens e a diagrama\u00e7\u00e3o, prima pelo bom gosto e pela serenidade visual.\" \/>\n<meta property=\"og:url\" content=\"https:\/\/revistaautobus.com.br\/?p=3978\" \/>\n<meta property=\"og:site_name\" content=\"Revista AutoBus\" \/>\n<meta property=\"article:publisher\" content=\"https:\/\/www.facebook.com\/antonio.ferro.3150\" \/>\n<meta property=\"article:published_time\" content=\"2021-07-30T13:37:29+00:00\" \/>\n<meta property=\"article:modified_time\" content=\"2021-07-30T13:37:31+00:00\" \/>\n<meta property=\"og:image\" content=\"https:\/\/revistaautobus.com.br\/wp-content\/uploads\/2021\/07\/CAPA-SEU-VALTER.jpg\" \/>\n\t<meta property=\"og:image:width\" content=\"1200\" \/>\n\t<meta property=\"og:image:height\" content=\"1404\" \/>\n\t<meta property=\"og:image:type\" content=\"image\/jpeg\" \/>\n<meta name=\"author\" content=\"Antonio Ferro\" \/>\n<meta name=\"twitter:card\" content=\"summary_large_image\" \/>\n<meta name=\"twitter:label1\" content=\"Escrito por\" \/>\n\t<meta name=\"twitter:data1\" content=\"Antonio Ferro\" \/>\n\t<meta name=\"twitter:label2\" content=\"Est. tempo de leitura\" \/>\n\t<meta name=\"twitter:data2\" content=\"2 minutos\" \/>\n<script type=\"application\/ld+json\" class=\"yoast-schema-graph\">{\"@context\":\"https:\/\/schema.org\",\"@graph\":[{\"@type\":\"Article\",\"@id\":\"https:\/\/revistaautobus.com.br\/?p=3978#article\",\"isPartOf\":{\"@id\":\"https:\/\/revistaautobus.com.br\/?p=3978\"},\"author\":{\"name\":\"Antonio Ferro\",\"@id\":\"https:\/\/revistaautobus.com.br\/#\/schema\/person\/54af7c3eb83a310e42ef686ef6d16f50\"},\"headline\":\"A simpatia com os neg\u00f3cios\",\"datePublished\":\"2021-07-30T13:37:29+00:00\",\"dateModified\":\"2021-07-30T13:37:31+00:00\",\"mainEntityOfPage\":{\"@id\":\"https:\/\/revistaautobus.com.br\/?p=3978\"},\"wordCount\":425,\"commentCount\":0,\"publisher\":{\"@id\":\"https:\/\/revistaautobus.com.br\/#organization\"},\"image\":{\"@id\":\"https:\/\/revistaautobus.com.br\/?p=3978#primaryimage\"},\"thumbnailUrl\":\"https:\/\/revistaautobus.com.br\/wp-content\/uploads\/2021\/07\/CAPA-SEU-VALTER.jpg\",\"keywords\":[\"Marcopolo\",\"Valter Gomes Pinto\"],\"articleSection\":[\"Not\u00edcias\"],\"inLanguage\":\"pt-BR\",\"potentialAction\":[{\"@type\":\"CommentAction\",\"name\":\"Comment\",\"target\":[\"https:\/\/revistaautobus.com.br\/?p=3978#respond\"]}]},{\"@type\":\"WebPage\",\"@id\":\"https:\/\/revistaautobus.com.br\/?p=3978\",\"url\":\"https:\/\/revistaautobus.com.br\/?p=3978\",\"name\":\"A simpatia com os neg\u00f3cios - Revista AutoBus\",\"isPartOf\":{\"@id\":\"https:\/\/revistaautobus.com.br\/#website\"},\"primaryImageOfPage\":{\"@id\":\"https:\/\/revistaautobus.com.br\/?p=3978#primaryimage\"},\"image\":{\"@id\":\"https:\/\/revistaautobus.com.br\/?p=3978#primaryimage\"},\"thumbnailUrl\":\"https:\/\/revistaautobus.com.br\/wp-content\/uploads\/2021\/07\/CAPA-SEU-VALTER.jpg\",\"datePublished\":\"2021-07-30T13:37:29+00:00\",\"dateModified\":\"2021-07-30T13:37:31+00:00\",\"breadcrumb\":{\"@id\":\"https:\/\/revistaautobus.com.br\/?p=3978#breadcrumb\"},\"inLanguage\":\"pt-BR\",\"potentialAction\":[{\"@type\":\"ReadAction\",\"target\":[\"https:\/\/revistaautobus.com.br\/?p=3978\"]}]},{\"@type\":\"ImageObject\",\"inLanguage\":\"pt-BR\",\"@id\":\"https:\/\/revistaautobus.com.br\/?p=3978#primaryimage\",\"url\":\"https:\/\/revistaautobus.com.br\/wp-content\/uploads\/2021\/07\/CAPA-SEU-VALTER.jpg\",\"contentUrl\":\"https:\/\/revistaautobus.com.br\/wp-content\/uploads\/2021\/07\/CAPA-SEU-VALTER.jpg\",\"width\":1200,\"height\":1404},{\"@type\":\"BreadcrumbList\",\"@id\":\"https:\/\/revistaautobus.com.br\/?p=3978#breadcrumb\",\"itemListElement\":[{\"@type\":\"ListItem\",\"position\":1,\"name\":\"In\u00edcio\",\"item\":\"https:\/\/revistaautobus.com.br\/\"},{\"@type\":\"ListItem\",\"position\":2,\"name\":\"A simpatia com os neg\u00f3cios\"}]},{\"@type\":\"WebSite\",\"@id\":\"https:\/\/revistaautobus.com.br\/#website\",\"url\":\"https:\/\/revistaautobus.com.br\/\",\"name\":\"Revista AutoBus\",\"description\":\"\",\"publisher\":{\"@id\":\"https:\/\/revistaautobus.com.br\/#organization\"},\"potentialAction\":[{\"@type\":\"SearchAction\",\"target\":{\"@type\":\"EntryPoint\",\"urlTemplate\":\"https:\/\/revistaautobus.com.br\/?s={search_term_string}\"},\"query-input\":{\"@type\":\"PropertyValueSpecification\",\"valueRequired\":true,\"valueName\":\"search_term_string\"}}],\"inLanguage\":\"pt-BR\"},{\"@type\":\"Organization\",\"@id\":\"https:\/\/revistaautobus.com.br\/#organization\",\"name\":\"Revista AutoBus\",\"url\":\"https:\/\/revistaautobus.com.br\/\",\"logo\":{\"@type\":\"ImageObject\",\"inLanguage\":\"pt-BR\",\"@id\":\"https:\/\/revistaautobus.com.br\/#\/schema\/logo\/image\/\",\"url\":\"https:\/\/revistaautobus.com.br\/wp-content\/uploads\/2024\/11\/logo_revista_autobus_fb.png\",\"contentUrl\":\"https:\/\/revistaautobus.com.br\/wp-content\/uploads\/2024\/11\/logo_revista_autobus_fb.png\",\"width\":836,\"height\":227,\"caption\":\"Revista AutoBus\"},\"image\":{\"@id\":\"https:\/\/revistaautobus.com.br\/#\/schema\/logo\/image\/\"},\"sameAs\":[\"https:\/\/www.facebook.com\/antonio.ferro.3150\",\"https:\/\/www.instagram.com\/revistaautobus\/\"]},{\"@type\":\"Person\",\"@id\":\"https:\/\/revistaautobus.com.br\/#\/schema\/person\/54af7c3eb83a310e42ef686ef6d16f50\",\"name\":\"Antonio Ferro\",\"image\":{\"@type\":\"ImageObject\",\"inLanguage\":\"pt-BR\",\"@id\":\"https:\/\/revistaautobus.com.br\/wp-content\/uploads\/2025\/12\/editor_antonio_ferro-150x150.jpg\",\"url\":\"https:\/\/revistaautobus.com.br\/wp-content\/uploads\/2025\/12\/editor_antonio_ferro-150x150.jpg\",\"contentUrl\":\"https:\/\/revistaautobus.com.br\/wp-content\/uploads\/2025\/12\/editor_antonio_ferro-150x150.jpg\",\"caption\":\"Antonio Ferro\"},\"description\":\"infobus@uol.com.br\",\"url\":\"https:\/\/revistaautobus.com.br\/?author=2\"}]}<\/script>\n<!-- \/ Yoast SEO plugin. -->","yoast_head_json":{"title":"A simpatia com os neg\u00f3cios - Revista AutoBus","robots":{"index":"index","follow":"follow","max-snippet":"max-snippet:-1","max-image-preview":"max-image-preview:large","max-video-preview":"max-video-preview:-1"},"canonical":"https:\/\/revistaautobus.com.br\/?p=3978","og_locale":"pt_BR","og_type":"article","og_title":"A simpatia com os neg\u00f3cios - Revista AutoBus","og_description":"A obra, escrita por V\u00e9ra Stedile Zattera, \u00e9 rica em imagens e a diagrama\u00e7\u00e3o, prima pelo bom gosto e pela serenidade visual.","og_url":"https:\/\/revistaautobus.com.br\/?p=3978","og_site_name":"Revista AutoBus","article_publisher":"https:\/\/www.facebook.com\/antonio.ferro.3150","article_published_time":"2021-07-30T13:37:29+00:00","article_modified_time":"2021-07-30T13:37:31+00:00","og_image":[{"width":1200,"height":1404,"url":"https:\/\/revistaautobus.com.br\/wp-content\/uploads\/2021\/07\/CAPA-SEU-VALTER.jpg","type":"image\/jpeg"}],"author":"Antonio Ferro","twitter_card":"summary_large_image","twitter_misc":{"Escrito por":"Antonio Ferro","Est. tempo de leitura":"2 minutos"},"schema":{"@context":"https:\/\/schema.org","@graph":[{"@type":"Article","@id":"https:\/\/revistaautobus.com.br\/?p=3978#article","isPartOf":{"@id":"https:\/\/revistaautobus.com.br\/?p=3978"},"author":{"name":"Antonio Ferro","@id":"https:\/\/revistaautobus.com.br\/#\/schema\/person\/54af7c3eb83a310e42ef686ef6d16f50"},"headline":"A simpatia com os neg\u00f3cios","datePublished":"2021-07-30T13:37:29+00:00","dateModified":"2021-07-30T13:37:31+00:00","mainEntityOfPage":{"@id":"https:\/\/revistaautobus.com.br\/?p=3978"},"wordCount":425,"commentCount":0,"publisher":{"@id":"https:\/\/revistaautobus.com.br\/#organization"},"image":{"@id":"https:\/\/revistaautobus.com.br\/?p=3978#primaryimage"},"thumbnailUrl":"https:\/\/revistaautobus.com.br\/wp-content\/uploads\/2021\/07\/CAPA-SEU-VALTER.jpg","keywords":["Marcopolo","Valter Gomes Pinto"],"articleSection":["Not\u00edcias"],"inLanguage":"pt-BR","potentialAction":[{"@type":"CommentAction","name":"Comment","target":["https:\/\/revistaautobus.com.br\/?p=3978#respond"]}]},{"@type":"WebPage","@id":"https:\/\/revistaautobus.com.br\/?p=3978","url":"https:\/\/revistaautobus.com.br\/?p=3978","name":"A simpatia com os neg\u00f3cios - Revista AutoBus","isPartOf":{"@id":"https:\/\/revistaautobus.com.br\/#website"},"primaryImageOfPage":{"@id":"https:\/\/revistaautobus.com.br\/?p=3978#primaryimage"},"image":{"@id":"https:\/\/revistaautobus.com.br\/?p=3978#primaryimage"},"thumbnailUrl":"https:\/\/revistaautobus.com.br\/wp-content\/uploads\/2021\/07\/CAPA-SEU-VALTER.jpg","datePublished":"2021-07-30T13:37:29+00:00","dateModified":"2021-07-30T13:37:31+00:00","breadcrumb":{"@id":"https:\/\/revistaautobus.com.br\/?p=3978#breadcrumb"},"inLanguage":"pt-BR","potentialAction":[{"@type":"ReadAction","target":["https:\/\/revistaautobus.com.br\/?p=3978"]}]},{"@type":"ImageObject","inLanguage":"pt-BR","@id":"https:\/\/revistaautobus.com.br\/?p=3978#primaryimage","url":"https:\/\/revistaautobus.com.br\/wp-content\/uploads\/2021\/07\/CAPA-SEU-VALTER.jpg","contentUrl":"https:\/\/revistaautobus.com.br\/wp-content\/uploads\/2021\/07\/CAPA-SEU-VALTER.jpg","width":1200,"height":1404},{"@type":"BreadcrumbList","@id":"https:\/\/revistaautobus.com.br\/?p=3978#breadcrumb","itemListElement":[{"@type":"ListItem","position":1,"name":"In\u00edcio","item":"https:\/\/revistaautobus.com.br\/"},{"@type":"ListItem","position":2,"name":"A simpatia com os neg\u00f3cios"}]},{"@type":"WebSite","@id":"https:\/\/revistaautobus.com.br\/#website","url":"https:\/\/revistaautobus.com.br\/","name":"Revista AutoBus","description":"","publisher":{"@id":"https:\/\/revistaautobus.com.br\/#organization"},"potentialAction":[{"@type":"SearchAction","target":{"@type":"EntryPoint","urlTemplate":"https:\/\/revistaautobus.com.br\/?s={search_term_string}"},"query-input":{"@type":"PropertyValueSpecification","valueRequired":true,"valueName":"search_term_string"}}],"inLanguage":"pt-BR"},{"@type":"Organization","@id":"https:\/\/revistaautobus.com.br\/#organization","name":"Revista AutoBus","url":"https:\/\/revistaautobus.com.br\/","logo":{"@type":"ImageObject","inLanguage":"pt-BR","@id":"https:\/\/revistaautobus.com.br\/#\/schema\/logo\/image\/","url":"https:\/\/revistaautobus.com.br\/wp-content\/uploads\/2024\/11\/logo_revista_autobus_fb.png","contentUrl":"https:\/\/revistaautobus.com.br\/wp-content\/uploads\/2024\/11\/logo_revista_autobus_fb.png","width":836,"height":227,"caption":"Revista AutoBus"},"image":{"@id":"https:\/\/revistaautobus.com.br\/#\/schema\/logo\/image\/"},"sameAs":["https:\/\/www.facebook.com\/antonio.ferro.3150","https:\/\/www.instagram.com\/revistaautobus\/"]},{"@type":"Person","@id":"https:\/\/revistaautobus.com.br\/#\/schema\/person\/54af7c3eb83a310e42ef686ef6d16f50","name":"Antonio Ferro","image":{"@type":"ImageObject","inLanguage":"pt-BR","@id":"https:\/\/revistaautobus.com.br\/wp-content\/uploads\/2025\/12\/editor_antonio_ferro-150x150.jpg","url":"https:\/\/revistaautobus.com.br\/wp-content\/uploads\/2025\/12\/editor_antonio_ferro-150x150.jpg","contentUrl":"https:\/\/revistaautobus.com.br\/wp-content\/uploads\/2025\/12\/editor_antonio_ferro-150x150.jpg","caption":"Antonio Ferro"},"description":"infobus@uol.com.br","url":"https:\/\/revistaautobus.com.br\/?author=2"}]}},"jetpack_featured_media_url":"https:\/\/revistaautobus.com.br\/wp-content\/uploads\/2021\/07\/CAPA-SEU-VALTER.jpg","jetpack_sharing_enabled":true,"_links":{"self":[{"href":"https:\/\/revistaautobus.com.br\/index.php?rest_route=\/wp\/v2\/posts\/3978","targetHints":{"allow":["GET"]}}],"collection":[{"href":"https:\/\/revistaautobus.com.br\/index.php?rest_route=\/wp\/v2\/posts"}],"about":[{"href":"https:\/\/revistaautobus.com.br\/index.php?rest_route=\/wp\/v2\/types\/post"}],"author":[{"embeddable":true,"href":"https:\/\/revistaautobus.com.br\/index.php?rest_route=\/wp\/v2\/users\/2"}],"replies":[{"embeddable":true,"href":"https:\/\/revistaautobus.com.br\/index.php?rest_route=%2Fwp%2Fv2%2Fcomments&post=3978"}],"version-history":[{"count":2,"href":"https:\/\/revistaautobus.com.br\/index.php?rest_route=\/wp\/v2\/posts\/3978\/revisions"}],"predecessor-version":[{"id":3982,"href":"https:\/\/revistaautobus.com.br\/index.php?rest_route=\/wp\/v2\/posts\/3978\/revisions\/3982"}],"wp:featuredmedia":[{"embeddable":true,"href":"https:\/\/revistaautobus.com.br\/index.php?rest_route=\/wp\/v2\/media\/3979"}],"wp:attachment":[{"href":"https:\/\/revistaautobus.com.br\/index.php?rest_route=%2Fwp%2Fv2%2Fmedia&parent=3978"}],"wp:term":[{"taxonomy":"category","embeddable":true,"href":"https:\/\/revistaautobus.com.br\/index.php?rest_route=%2Fwp%2Fv2%2Fcategories&post=3978"},{"taxonomy":"post_tag","embeddable":true,"href":"https:\/\/revistaautobus.com.br\/index.php?rest_route=%2Fwp%2Fv2%2Ftags&post=3978"}],"curies":[{"name":"wp","href":"https:\/\/api.w.org\/{rel}","templated":true}]}}