{"id":4009,"date":"2021-08-06T10:42:11","date_gmt":"2021-08-06T13:42:11","guid":{"rendered":"https:\/\/vila8.com.br\/clientes\/autobus\/?p=4009"},"modified":"2021-08-06T10:42:12","modified_gmt":"2021-08-06T13:42:12","slug":"renovacao-no-sistema-urbano-de-bogota","status":"publish","type":"post","link":"https:\/\/revistaautobus.com.br\/?p=4009","title":{"rendered":"Renova\u00e7\u00e3o no sistema urbano de Bogot\u00e1"},"content":{"rendered":"\n<p class=\"has-drop-cap\">O processo de moderniza\u00e7\u00e3o da frota do sistema SITP da capital colombiana Bogot\u00e1 continua em franca expans\u00e3o. Recentemente, a EMASIVO S.A.S., optou por uma solu\u00e7\u00e3o sustent\u00e1vel para o meio ambiente, escolhendo os \u00f4nibus movidos a G\u00e1s Natural Euro VI da marca Scania visando a redu\u00e7\u00e3o das emiss\u00f5es poluentes e dos ru\u00eddos.<\/p>\n\n\n\n<p>Ao todo s\u00e3o 322 ve\u00edculos na configura\u00e7\u00e3o padr\u00e3o para o Sistema Integrado de Transporte P\u00fablico (SITP) em Bogot\u00e1. &#8220;Estes ve\u00edculos a g\u00e1s Euro VI s\u00e3o ideais para o transporte urbano de passageiros. A rentabilidade que oferece, o baixo consumo de combust\u00edvel, as baixas emiss\u00f5es de part\u00edculas e a redu\u00e7\u00e3o de ru\u00eddo s\u00e3o a prova disso\u201d, disse Juan Carlos Ocampo, diretor-geral da Scania Col\u00f4mbia.<\/p>\n\n\n\n<p>Os novos \u00f4nibus possuem motor de 280 cavalos, configura\u00e7\u00e3o 4&#215;2 e suspens\u00e3o a ar, al\u00e9m de serem equipados com o sistema Scania Fleet Management System, que fornece dados da unidade em tempo real, como consumo de combust\u00edvel, desempenho de dire\u00e7\u00e3o, intervalos de manuten\u00e7\u00e3o, entre outros fatores. Al\u00e9m disso, h\u00e1 tamb\u00e9m um sistema que extingue o fogo em caso de inc\u00eandio nos tanques de g\u00e1s.<\/p>\n\n\n\n<div class=\"wp-block-image\"><figure class=\"alignright size-large is-resized\"><img loading=\"lazy\" decoding=\"async\" src=\"https:\/\/vila8.com.br\/clientes\/autobus\/wp-content\/uploads\/2021\/08\/IMG_2321-1024x574.jpg\" alt=\"\" class=\"wp-image-4011\" width=\"490\" height=\"274\" srcset=\"https:\/\/revistaautobus.com.br\/wp-content\/uploads\/2021\/08\/IMG_2321-1024x574.jpg 1024w, https:\/\/revistaautobus.com.br\/wp-content\/uploads\/2021\/08\/IMG_2321-300x168.jpg 300w, https:\/\/revistaautobus.com.br\/wp-content\/uploads\/2021\/08\/IMG_2321-768x431.jpg 768w, https:\/\/revistaautobus.com.br\/wp-content\/uploads\/2021\/08\/IMG_2321-1080x606.jpg 1080w, https:\/\/revistaautobus.com.br\/wp-content\/uploads\/2021\/08\/IMG_2321.jpg 1200w\" sizes=\"(max-width: 490px) 100vw, 490px\" \/><\/figure><\/div>\n\n\n\n<p>Os 323 estar\u00e3o em opera\u00e7\u00e3o nas \u00e1reas de Suba, sendo 189 deles em E Masivo 16 e os restantes 134 em E Masivo 10. \u201cEstamos convencidos de que o g\u00e1s \u00e9 a alternativa que mais benef\u00edcios oferece ao nosso mercado atual, constituindo uma transi\u00e7\u00e3o necess\u00e1ria no desenvolvimento de novas tecnologias da marca. Sustentabilidade e lucratividade devem andar de m\u00e3os dadas&#8221;, acrescentou Ocampo.<\/p>\n\n\n\n<p>A Scania ainda ser\u00e1 a respons\u00e1vel pela manuten\u00e7\u00e3o e o fornecimento de pe\u00e7as de reposi\u00e7\u00e3o para os ve\u00edculos. \u201cA oficina Scania fornecer\u00e1 todas as pe\u00e7as de reposi\u00e7\u00e3o necess\u00e1rias para garantir a m\u00e1xima disponibilidade das unidades, contando com pessoal t\u00e9cnico qualificado, que se encarregar\u00e1 de oferecer uma manuten\u00e7\u00e3o com os mais elevados padr\u00f5es de qualidade da marca\u201d, concluiu o executivo.<\/p>\n\n\n\n<p>Os chassis receberam as carro\u00e7arias das marcas Busscar e Marcopolo (capacidade para 80 passageiros), produzidas em suas unidades respectivas localizadas na Col\u00f4mbia.<\/p>\n\n\n\n<p>A Volkswagen Caminh\u00f5es e \u00d4nibus tamb\u00e9m participa dessa renova\u00e7\u00e3o no sistema zonal em Suba. A montadora forneceu 139 chassis que foram encarro\u00e7ados com o modelo da Busscar. Os 462 novos \u00f4nibus contam com conex\u00e3o de internet via Wi-Fi, portas USB para recarga de dispositivos eletr\u00f4nicos, plataformas e espa\u00e7os acess\u00edveis para pessoas com defici\u00eancia, sensores de cabine e motor, sistema de v\u00eddeo-vigil\u00e2ncia, freios ABS e cabine do motorista isolada do sal\u00e3o de passageiros.<\/p>\n\n\n\n<div class=\"wp-block-image\"><figure class=\"alignleft size-large is-resized\"><img loading=\"lazy\" decoding=\"async\" src=\"https:\/\/vila8.com.br\/clientes\/autobus\/wp-content\/uploads\/2021\/08\/WhatsApp-Image-2021-08-03-at-16.12.10-1024x768.jpeg\" alt=\"\" class=\"wp-image-4012\" width=\"376\" height=\"282\" srcset=\"https:\/\/revistaautobus.com.br\/wp-content\/uploads\/2021\/08\/WhatsApp-Image-2021-08-03-at-16.12.10-1024x768.jpeg 1024w, https:\/\/revistaautobus.com.br\/wp-content\/uploads\/2021\/08\/WhatsApp-Image-2021-08-03-at-16.12.10-300x225.jpeg 300w, https:\/\/revistaautobus.com.br\/wp-content\/uploads\/2021\/08\/WhatsApp-Image-2021-08-03-at-16.12.10-768x576.jpeg 768w, https:\/\/revistaautobus.com.br\/wp-content\/uploads\/2021\/08\/WhatsApp-Image-2021-08-03-at-16.12.10-1080x810.jpeg 1080w, https:\/\/revistaautobus.com.br\/wp-content\/uploads\/2021\/08\/WhatsApp-Image-2021-08-03-at-16.12.10.jpeg 1280w\" sizes=\"(max-width: 376px) 100vw, 376px\" \/><\/figure><\/div>\n\n\n\n<p>De acordo com a ger\u00eancia do TransMilenio, com a entrada dos novos \u00f4nibus, deixar\u00e3o de ser emitidas cerca de 5,3 toneladas por ano de material particulado, uma vez que os ve\u00edculos obsoletos com o padr\u00e3o de emiss\u00e3o Euro II sair\u00e3o de opera\u00e7\u00e3o, fato que reduzir\u00e1 em 99% as emiss\u00f5es de part\u00edculas, se comparadas com as unidades mais antigas, al\u00e9m do que, 1,2 milh\u00e3o de passageiros ser\u00e3o beneficiados com a renova\u00e7\u00e3o da frota.<\/p>\n\n\n\n<p>Imagens &#8211; Scania Col\u00f4mbia e ColombiaBus<\/p>\n","protected":false},"excerpt":{"rendered":"<p>De acordo com a ger\u00eancia do TransMilenio, com a entrada dos novos \u00f4nibus, deixar\u00e3o de ser emitidas cerca de 5,3 toneladas por ano de material particulado<\/p>\n","protected":false},"author":2,"featured_media":4010,"comment_status":"open","ping_status":"open","sticky":false,"template":"","format":"standard","meta":{"_et_pb_use_builder":"off","_et_pb_old_content":"","_et_gb_content_width":"","_jetpack_memberships_contains_paid_content":false,"footnotes":""},"categories":[53],"tags":[100,119],"class_list":["post-4009","post","type-post","status-publish","format-standard","has-post-thumbnail","hentry","category-internacional","tag-scania","tag-volkswagen-onibus","et-has-post-format-content","et_post_format-et-post-format-standard"],"yoast_head":"<!-- This site is optimized with the Yoast SEO plugin v27.2 - https:\/\/yoast.com\/product\/yoast-seo-wordpress\/ -->\n<title>Renova\u00e7\u00e3o no sistema urbano de Bogot\u00e1 - Revista AutoBus<\/title>\n<meta name=\"robots\" content=\"index, follow, max-snippet:-1, max-image-preview:large, max-video-preview:-1\" \/>\n<link rel=\"canonical\" href=\"https:\/\/revistaautobus.com.br\/?p=4009\" \/>\n<meta property=\"og:locale\" content=\"pt_BR\" \/>\n<meta property=\"og:type\" content=\"article\" \/>\n<meta property=\"og:title\" content=\"Renova\u00e7\u00e3o no sistema urbano de Bogot\u00e1 - Revista AutoBus\" \/>\n<meta property=\"og:description\" content=\"De acordo com a ger\u00eancia do TransMilenio, com a entrada dos novos \u00f4nibus, deixar\u00e3o de ser emitidas cerca de 5,3 toneladas por ano de material particulado\" \/>\n<meta property=\"og:url\" content=\"https:\/\/revistaautobus.com.br\/?p=4009\" \/>\n<meta property=\"og:site_name\" content=\"Revista AutoBus\" \/>\n<meta property=\"article:publisher\" content=\"https:\/\/www.facebook.com\/antonio.ferro.3150\" \/>\n<meta property=\"article:published_time\" content=\"2021-08-06T13:42:11+00:00\" \/>\n<meta property=\"article:modified_time\" content=\"2021-08-06T13:42:12+00:00\" \/>\n<meta property=\"og:image\" content=\"https:\/\/revistaautobus.com.br\/wp-content\/uploads\/2021\/08\/IMG_2294.jpg\" \/>\n\t<meta property=\"og:image:width\" content=\"1200\" \/>\n\t<meta property=\"og:image:height\" content=\"673\" \/>\n\t<meta property=\"og:image:type\" content=\"image\/jpeg\" \/>\n<meta name=\"author\" content=\"Antonio Ferro\" \/>\n<meta name=\"twitter:card\" content=\"summary_large_image\" \/>\n<meta name=\"twitter:label1\" content=\"Escrito por\" \/>\n\t<meta name=\"twitter:data1\" content=\"Antonio Ferro\" \/>\n\t<meta name=\"twitter:label2\" content=\"Est. tempo de leitura\" \/>\n\t<meta name=\"twitter:data2\" content=\"3 minutos\" \/>\n<script type=\"application\/ld+json\" class=\"yoast-schema-graph\">{\"@context\":\"https:\/\/schema.org\",\"@graph\":[{\"@type\":\"Article\",\"@id\":\"https:\/\/revistaautobus.com.br\/?p=4009#article\",\"isPartOf\":{\"@id\":\"https:\/\/revistaautobus.com.br\/?p=4009\"},\"author\":{\"name\":\"Antonio Ferro\",\"@id\":\"https:\/\/revistaautobus.com.br\/#\/schema\/person\/54af7c3eb83a310e42ef686ef6d16f50\"},\"headline\":\"Renova\u00e7\u00e3o no sistema urbano de Bogot\u00e1\",\"datePublished\":\"2021-08-06T13:42:11+00:00\",\"dateModified\":\"2021-08-06T13:42:12+00:00\",\"mainEntityOfPage\":{\"@id\":\"https:\/\/revistaautobus.com.br\/?p=4009\"},\"wordCount\":546,\"commentCount\":0,\"publisher\":{\"@id\":\"https:\/\/revistaautobus.com.br\/#organization\"},\"image\":{\"@id\":\"https:\/\/revistaautobus.com.br\/?p=4009#primaryimage\"},\"thumbnailUrl\":\"https:\/\/revistaautobus.com.br\/wp-content\/uploads\/2021\/08\/IMG_2294.jpg\",\"keywords\":[\"Scania\",\"Volkswagen \u00f4nibus\"],\"articleSection\":[\"Internacional\"],\"inLanguage\":\"pt-BR\",\"potentialAction\":[{\"@type\":\"CommentAction\",\"name\":\"Comment\",\"target\":[\"https:\/\/revistaautobus.com.br\/?p=4009#respond\"]}]},{\"@type\":\"WebPage\",\"@id\":\"https:\/\/revistaautobus.com.br\/?p=4009\",\"url\":\"https:\/\/revistaautobus.com.br\/?p=4009\",\"name\":\"Renova\u00e7\u00e3o no sistema urbano de Bogot\u00e1 - Revista AutoBus\",\"isPartOf\":{\"@id\":\"https:\/\/revistaautobus.com.br\/#website\"},\"primaryImageOfPage\":{\"@id\":\"https:\/\/revistaautobus.com.br\/?p=4009#primaryimage\"},\"image\":{\"@id\":\"https:\/\/revistaautobus.com.br\/?p=4009#primaryimage\"},\"thumbnailUrl\":\"https:\/\/revistaautobus.com.br\/wp-content\/uploads\/2021\/08\/IMG_2294.jpg\",\"datePublished\":\"2021-08-06T13:42:11+00:00\",\"dateModified\":\"2021-08-06T13:42:12+00:00\",\"breadcrumb\":{\"@id\":\"https:\/\/revistaautobus.com.br\/?p=4009#breadcrumb\"},\"inLanguage\":\"pt-BR\",\"potentialAction\":[{\"@type\":\"ReadAction\",\"target\":[\"https:\/\/revistaautobus.com.br\/?p=4009\"]}]},{\"@type\":\"ImageObject\",\"inLanguage\":\"pt-BR\",\"@id\":\"https:\/\/revistaautobus.com.br\/?p=4009#primaryimage\",\"url\":\"https:\/\/revistaautobus.com.br\/wp-content\/uploads\/2021\/08\/IMG_2294.jpg\",\"contentUrl\":\"https:\/\/revistaautobus.com.br\/wp-content\/uploads\/2021\/08\/IMG_2294.jpg\",\"width\":1200,\"height\":673},{\"@type\":\"BreadcrumbList\",\"@id\":\"https:\/\/revistaautobus.com.br\/?p=4009#breadcrumb\",\"itemListElement\":[{\"@type\":\"ListItem\",\"position\":1,\"name\":\"In\u00edcio\",\"item\":\"https:\/\/revistaautobus.com.br\/\"},{\"@type\":\"ListItem\",\"position\":2,\"name\":\"Renova\u00e7\u00e3o no sistema urbano de Bogot\u00e1\"}]},{\"@type\":\"WebSite\",\"@id\":\"https:\/\/revistaautobus.com.br\/#website\",\"url\":\"https:\/\/revistaautobus.com.br\/\",\"name\":\"Revista AutoBus\",\"description\":\"\",\"publisher\":{\"@id\":\"https:\/\/revistaautobus.com.br\/#organization\"},\"potentialAction\":[{\"@type\":\"SearchAction\",\"target\":{\"@type\":\"EntryPoint\",\"urlTemplate\":\"https:\/\/revistaautobus.com.br\/?s={search_term_string}\"},\"query-input\":{\"@type\":\"PropertyValueSpecification\",\"valueRequired\":true,\"valueName\":\"search_term_string\"}}],\"inLanguage\":\"pt-BR\"},{\"@type\":\"Organization\",\"@id\":\"https:\/\/revistaautobus.com.br\/#organization\",\"name\":\"Revista AutoBus\",\"url\":\"https:\/\/revistaautobus.com.br\/\",\"logo\":{\"@type\":\"ImageObject\",\"inLanguage\":\"pt-BR\",\"@id\":\"https:\/\/revistaautobus.com.br\/#\/schema\/logo\/image\/\",\"url\":\"https:\/\/revistaautobus.com.br\/wp-content\/uploads\/2024\/11\/logo_revista_autobus_fb.png\",\"contentUrl\":\"https:\/\/revistaautobus.com.br\/wp-content\/uploads\/2024\/11\/logo_revista_autobus_fb.png\",\"width\":836,\"height\":227,\"caption\":\"Revista AutoBus\"},\"image\":{\"@id\":\"https:\/\/revistaautobus.com.br\/#\/schema\/logo\/image\/\"},\"sameAs\":[\"https:\/\/www.facebook.com\/antonio.ferro.3150\",\"https:\/\/www.instagram.com\/revistaautobus\/\"]},{\"@type\":\"Person\",\"@id\":\"https:\/\/revistaautobus.com.br\/#\/schema\/person\/54af7c3eb83a310e42ef686ef6d16f50\",\"name\":\"Antonio Ferro\",\"image\":{\"@type\":\"ImageObject\",\"inLanguage\":\"pt-BR\",\"@id\":\"https:\/\/revistaautobus.com.br\/wp-content\/uploads\/2025\/12\/editor_antonio_ferro-150x150.jpg\",\"url\":\"https:\/\/revistaautobus.com.br\/wp-content\/uploads\/2025\/12\/editor_antonio_ferro-150x150.jpg\",\"contentUrl\":\"https:\/\/revistaautobus.com.br\/wp-content\/uploads\/2025\/12\/editor_antonio_ferro-150x150.jpg\",\"caption\":\"Antonio Ferro\"},\"description\":\"infobus@uol.com.br\",\"url\":\"https:\/\/revistaautobus.com.br\/?author=2\"}]}<\/script>\n<!-- \/ Yoast SEO plugin. -->","yoast_head_json":{"title":"Renova\u00e7\u00e3o no sistema urbano de Bogot\u00e1 - Revista AutoBus","robots":{"index":"index","follow":"follow","max-snippet":"max-snippet:-1","max-image-preview":"max-image-preview:large","max-video-preview":"max-video-preview:-1"},"canonical":"https:\/\/revistaautobus.com.br\/?p=4009","og_locale":"pt_BR","og_type":"article","og_title":"Renova\u00e7\u00e3o no sistema urbano de Bogot\u00e1 - Revista AutoBus","og_description":"De acordo com a ger\u00eancia do TransMilenio, com a entrada dos novos \u00f4nibus, deixar\u00e3o de ser emitidas cerca de 5,3 toneladas por ano de material particulado","og_url":"https:\/\/revistaautobus.com.br\/?p=4009","og_site_name":"Revista AutoBus","article_publisher":"https:\/\/www.facebook.com\/antonio.ferro.3150","article_published_time":"2021-08-06T13:42:11+00:00","article_modified_time":"2021-08-06T13:42:12+00:00","og_image":[{"width":1200,"height":673,"url":"https:\/\/revistaautobus.com.br\/wp-content\/uploads\/2021\/08\/IMG_2294.jpg","type":"image\/jpeg"}],"author":"Antonio Ferro","twitter_card":"summary_large_image","twitter_misc":{"Escrito por":"Antonio Ferro","Est. tempo de leitura":"3 minutos"},"schema":{"@context":"https:\/\/schema.org","@graph":[{"@type":"Article","@id":"https:\/\/revistaautobus.com.br\/?p=4009#article","isPartOf":{"@id":"https:\/\/revistaautobus.com.br\/?p=4009"},"author":{"name":"Antonio Ferro","@id":"https:\/\/revistaautobus.com.br\/#\/schema\/person\/54af7c3eb83a310e42ef686ef6d16f50"},"headline":"Renova\u00e7\u00e3o no sistema urbano de Bogot\u00e1","datePublished":"2021-08-06T13:42:11+00:00","dateModified":"2021-08-06T13:42:12+00:00","mainEntityOfPage":{"@id":"https:\/\/revistaautobus.com.br\/?p=4009"},"wordCount":546,"commentCount":0,"publisher":{"@id":"https:\/\/revistaautobus.com.br\/#organization"},"image":{"@id":"https:\/\/revistaautobus.com.br\/?p=4009#primaryimage"},"thumbnailUrl":"https:\/\/revistaautobus.com.br\/wp-content\/uploads\/2021\/08\/IMG_2294.jpg","keywords":["Scania","Volkswagen \u00f4nibus"],"articleSection":["Internacional"],"inLanguage":"pt-BR","potentialAction":[{"@type":"CommentAction","name":"Comment","target":["https:\/\/revistaautobus.com.br\/?p=4009#respond"]}]},{"@type":"WebPage","@id":"https:\/\/revistaautobus.com.br\/?p=4009","url":"https:\/\/revistaautobus.com.br\/?p=4009","name":"Renova\u00e7\u00e3o no sistema urbano de Bogot\u00e1 - Revista AutoBus","isPartOf":{"@id":"https:\/\/revistaautobus.com.br\/#website"},"primaryImageOfPage":{"@id":"https:\/\/revistaautobus.com.br\/?p=4009#primaryimage"},"image":{"@id":"https:\/\/revistaautobus.com.br\/?p=4009#primaryimage"},"thumbnailUrl":"https:\/\/revistaautobus.com.br\/wp-content\/uploads\/2021\/08\/IMG_2294.jpg","datePublished":"2021-08-06T13:42:11+00:00","dateModified":"2021-08-06T13:42:12+00:00","breadcrumb":{"@id":"https:\/\/revistaautobus.com.br\/?p=4009#breadcrumb"},"inLanguage":"pt-BR","potentialAction":[{"@type":"ReadAction","target":["https:\/\/revistaautobus.com.br\/?p=4009"]}]},{"@type":"ImageObject","inLanguage":"pt-BR","@id":"https:\/\/revistaautobus.com.br\/?p=4009#primaryimage","url":"https:\/\/revistaautobus.com.br\/wp-content\/uploads\/2021\/08\/IMG_2294.jpg","contentUrl":"https:\/\/revistaautobus.com.br\/wp-content\/uploads\/2021\/08\/IMG_2294.jpg","width":1200,"height":673},{"@type":"BreadcrumbList","@id":"https:\/\/revistaautobus.com.br\/?p=4009#breadcrumb","itemListElement":[{"@type":"ListItem","position":1,"name":"In\u00edcio","item":"https:\/\/revistaautobus.com.br\/"},{"@type":"ListItem","position":2,"name":"Renova\u00e7\u00e3o no sistema urbano de Bogot\u00e1"}]},{"@type":"WebSite","@id":"https:\/\/revistaautobus.com.br\/#website","url":"https:\/\/revistaautobus.com.br\/","name":"Revista AutoBus","description":"","publisher":{"@id":"https:\/\/revistaautobus.com.br\/#organization"},"potentialAction":[{"@type":"SearchAction","target":{"@type":"EntryPoint","urlTemplate":"https:\/\/revistaautobus.com.br\/?s={search_term_string}"},"query-input":{"@type":"PropertyValueSpecification","valueRequired":true,"valueName":"search_term_string"}}],"inLanguage":"pt-BR"},{"@type":"Organization","@id":"https:\/\/revistaautobus.com.br\/#organization","name":"Revista AutoBus","url":"https:\/\/revistaautobus.com.br\/","logo":{"@type":"ImageObject","inLanguage":"pt-BR","@id":"https:\/\/revistaautobus.com.br\/#\/schema\/logo\/image\/","url":"https:\/\/revistaautobus.com.br\/wp-content\/uploads\/2024\/11\/logo_revista_autobus_fb.png","contentUrl":"https:\/\/revistaautobus.com.br\/wp-content\/uploads\/2024\/11\/logo_revista_autobus_fb.png","width":836,"height":227,"caption":"Revista AutoBus"},"image":{"@id":"https:\/\/revistaautobus.com.br\/#\/schema\/logo\/image\/"},"sameAs":["https:\/\/www.facebook.com\/antonio.ferro.3150","https:\/\/www.instagram.com\/revistaautobus\/"]},{"@type":"Person","@id":"https:\/\/revistaautobus.com.br\/#\/schema\/person\/54af7c3eb83a310e42ef686ef6d16f50","name":"Antonio Ferro","image":{"@type":"ImageObject","inLanguage":"pt-BR","@id":"https:\/\/revistaautobus.com.br\/wp-content\/uploads\/2025\/12\/editor_antonio_ferro-150x150.jpg","url":"https:\/\/revistaautobus.com.br\/wp-content\/uploads\/2025\/12\/editor_antonio_ferro-150x150.jpg","contentUrl":"https:\/\/revistaautobus.com.br\/wp-content\/uploads\/2025\/12\/editor_antonio_ferro-150x150.jpg","caption":"Antonio Ferro"},"description":"infobus@uol.com.br","url":"https:\/\/revistaautobus.com.br\/?author=2"}]}},"jetpack_featured_media_url":"https:\/\/revistaautobus.com.br\/wp-content\/uploads\/2021\/08\/IMG_2294.jpg","jetpack_sharing_enabled":true,"_links":{"self":[{"href":"https:\/\/revistaautobus.com.br\/index.php?rest_route=\/wp\/v2\/posts\/4009","targetHints":{"allow":["GET"]}}],"collection":[{"href":"https:\/\/revistaautobus.com.br\/index.php?rest_route=\/wp\/v2\/posts"}],"about":[{"href":"https:\/\/revistaautobus.com.br\/index.php?rest_route=\/wp\/v2\/types\/post"}],"author":[{"embeddable":true,"href":"https:\/\/revistaautobus.com.br\/index.php?rest_route=\/wp\/v2\/users\/2"}],"replies":[{"embeddable":true,"href":"https:\/\/revistaautobus.com.br\/index.php?rest_route=%2Fwp%2Fv2%2Fcomments&post=4009"}],"version-history":[{"count":2,"href":"https:\/\/revistaautobus.com.br\/index.php?rest_route=\/wp\/v2\/posts\/4009\/revisions"}],"predecessor-version":[{"id":4014,"href":"https:\/\/revistaautobus.com.br\/index.php?rest_route=\/wp\/v2\/posts\/4009\/revisions\/4014"}],"wp:featuredmedia":[{"embeddable":true,"href":"https:\/\/revistaautobus.com.br\/index.php?rest_route=\/wp\/v2\/media\/4010"}],"wp:attachment":[{"href":"https:\/\/revistaautobus.com.br\/index.php?rest_route=%2Fwp%2Fv2%2Fmedia&parent=4009"}],"wp:term":[{"taxonomy":"category","embeddable":true,"href":"https:\/\/revistaautobus.com.br\/index.php?rest_route=%2Fwp%2Fv2%2Fcategories&post=4009"},{"taxonomy":"post_tag","embeddable":true,"href":"https:\/\/revistaautobus.com.br\/index.php?rest_route=%2Fwp%2Fv2%2Ftags&post=4009"}],"curies":[{"name":"wp","href":"https:\/\/api.w.org\/{rel}","templated":true}]}}