{"id":4023,"date":"2021-08-06T10:47:44","date_gmt":"2021-08-06T13:47:44","guid":{"rendered":"https:\/\/vila8.com.br\/clientes\/autobus\/?p=4023"},"modified":"2021-08-06T10:48:09","modified_gmt":"2021-08-06T13:48:09","slug":"marcopolo-cresce-em-meio-a-pandemia","status":"publish","type":"post","link":"https:\/\/revistaautobus.com.br\/?p=4023","title":{"rendered":"Marcopolo cresce em meio a pandemia"},"content":{"rendered":"\n<p class=\"has-drop-cap\">A encarro\u00e7adora ga\u00facha Marcopolo apresentou seus n\u00fameros referentes ao segundo trimestre de 2021 (2T21), com crescimento da produ\u00e7\u00e3o acima do percentual registrado no mercado nacional. Nesse quesito, revelou aumento de 4,7%, com 3.456 unidades produzidas, no comparativo ao mesmo per\u00edodo do ano passado. No mesmo per\u00edodo, a Marcopolo atingiu crescimento de 21,6%, com 2.483 unidades produzidas nas unidades brasileiras, incluindo a produ\u00e7\u00e3o de modelos Volare.<\/p>\n\n\n\n<p>No que tange \u00e0 receita l\u00edquida, a empresa somou R$ 823,7 milh\u00f5es no 2T21, razo\u00e1vel crescimento de 3,2%, ante o 2T20. J\u00e1 o lucro bruto atingiu R$ 60,5 milh\u00f5es, com margem de 7,4%, enquanto o EBITDA totalizou R$ 140,5 milh\u00f5es, com margem de 17,1%. O lucro l\u00edquido foi de R$ 200,9 milh\u00f5es, com margem de 24,4%, beneficiado pelo reconhecimento dos processos de exclus\u00e3o do ICMS da base de c\u00e1lculo do PIS e da COFINS, que representaram impacto positivo de R$ 383,0 milh\u00f5es, antes de impostos.<\/p>\n\n\n\n<p>Os segmentos do fretamento e do Caminho da Escola, respectivamente, contribu\u00edram positivamente com os n\u00fameros da companhia no 2T21. \u201cCome\u00e7amos a perceber sinais de recupera\u00e7\u00e3o da confian\u00e7a de clientes e usu\u00e1rios. Um dos indicativos \u00e9 o aumento do interesse de compra e maior uso das frotas paradas, o que deve levar a compras efetivas mais adiante. A companhia segue confiante de que a demanda retornar\u00e1 de forma mais intensa no fim do 3T21, com boas perspectivas para o 4T21, quando a maioria da popula\u00e7\u00e3o brasileira dever\u00e1 ter tomado a primeira dose da vacina contra Covid-19\u201d, observou Jos\u00e9 Antonio Valiati, CFO e diretor de Rela\u00e7\u00f5es com Investidores da Marcopolo. Quanto a nova foi licita\u00e7\u00e3o realizada no transporte escolar, pela qual a companhia ter\u00e1 o direito de 3.900 unidades, do total de 7.000 \u00f4nibus licitados, Valiati disse estar confiante com o aumento da produ\u00e7\u00e3o e dos neg\u00f3cios. \u201cAguardamos a homologa\u00e7\u00e3o desta licita\u00e7\u00e3o para iniciar a produ\u00e7\u00e3o. Al\u00e9m disso, seguimos otimistas com o avan\u00e7o da vacina\u00e7\u00e3o, a reabertura das escolas e universidades e a retomada do segmento turismo\u201d, observou o executivo.<\/p>\n\n\n\n<p>Em termos de mercado externo, as exporta\u00e7\u00f5es foram 18,8% superior ao mesmo per\u00edodo do ano anterior. Nas unidades localizadas fora do Brasil, a produ\u00e7\u00e3o cresceu 61,2%, contra uma base mais fraca de 2020, quando parte das opera\u00e7\u00f5es se encontravam com as atividades suspensas em fun\u00e7\u00e3o da pandemia. Os n\u00fameros representam um total de 30,9% da receita l\u00edquida da companhia no 2T21. \u201cPa\u00edses mais avan\u00e7ados na vacina\u00e7\u00e3o, como o Chile, mostram recupera\u00e7\u00e3o de volumes, ao mesmo tempo que mercados importantes, como Peru e Am\u00e9rica Central, avan\u00e7am mais lentamente\u201d, comentou Valiati. O continente africano segue como um mercado importante para a companhia, com volumes expressivos previstos para o segundo semestre de 2021.<\/p>\n\n\n\n<p>O posicionamento da Marcopolo no mercado mundial de \u00f4nibus, olhando para o segundo semestre de 2021, prop\u00f5e solu\u00e7\u00f5es inovadoras em mobilidade, sendo que os seus mais recentes lan\u00e7amentos de ve\u00edculos dever\u00e3o contribuir e estimular as vendas j\u00e1 a partir do fim do terceiro trimestre, em um momento de retomada do segmento.<\/p>\n\n\n\n<p>Imagem &#8211; Divulga\u00e7\u00e3o<\/p>\n","protected":false},"excerpt":{"rendered":"<p>O posicionamento da Marcopolo no mercado mundial de \u00f4nibus, olhando para o segundo semestre de 2021, prop\u00f5e solu\u00e7\u00f5es inovadoras em mobilidade<\/p>\n","protected":false},"author":2,"featured_media":4024,"comment_status":"open","ping_status":"open","sticky":false,"template":"","format":"standard","meta":{"_et_pb_use_builder":"off","_et_pb_old_content":"","_et_gb_content_width":"","_jetpack_memberships_contains_paid_content":false,"footnotes":""},"categories":[90],"tags":[84],"class_list":["post-4023","post","type-post","status-publish","format-standard","has-post-thumbnail","hentry","category-noticias","tag-marcopolo","et-has-post-format-content","et_post_format-et-post-format-standard"],"yoast_head":"<!-- This site is optimized with the Yoast SEO plugin v27.2 - https:\/\/yoast.com\/product\/yoast-seo-wordpress\/ -->\n<title>Marcopolo cresce em meio a pandemia - Revista AutoBus<\/title>\n<meta name=\"robots\" content=\"index, follow, max-snippet:-1, max-image-preview:large, max-video-preview:-1\" \/>\n<link rel=\"canonical\" href=\"https:\/\/revistaautobus.com.br\/?p=4023\" \/>\n<meta property=\"og:locale\" content=\"pt_BR\" \/>\n<meta property=\"og:type\" content=\"article\" \/>\n<meta property=\"og:title\" content=\"Marcopolo cresce em meio a pandemia - Revista AutoBus\" \/>\n<meta property=\"og:description\" content=\"O posicionamento da Marcopolo no mercado mundial de \u00f4nibus, olhando para o segundo semestre de 2021, prop\u00f5e solu\u00e7\u00f5es inovadoras em mobilidade\" \/>\n<meta property=\"og:url\" content=\"https:\/\/revistaautobus.com.br\/?p=4023\" \/>\n<meta property=\"og:site_name\" content=\"Revista AutoBus\" \/>\n<meta property=\"article:publisher\" content=\"https:\/\/www.facebook.com\/antonio.ferro.3150\" \/>\n<meta property=\"article:published_time\" content=\"2021-08-06T13:47:44+00:00\" \/>\n<meta property=\"article:modified_time\" content=\"2021-08-06T13:48:09+00:00\" \/>\n<meta property=\"og:image\" content=\"https:\/\/revistaautobus.com.br\/wp-content\/uploads\/2021\/08\/Foto_Marcopolo_002.jpg\" \/>\n\t<meta property=\"og:image:width\" content=\"1200\" \/>\n\t<meta property=\"og:image:height\" content=\"674\" \/>\n\t<meta property=\"og:image:type\" content=\"image\/jpeg\" \/>\n<meta name=\"author\" content=\"Antonio Ferro\" \/>\n<meta name=\"twitter:card\" content=\"summary_large_image\" \/>\n<meta name=\"twitter:label1\" content=\"Escrito por\" \/>\n\t<meta name=\"twitter:data1\" content=\"Antonio Ferro\" \/>\n\t<meta name=\"twitter:label2\" content=\"Est. tempo de leitura\" \/>\n\t<meta name=\"twitter:data2\" content=\"3 minutos\" \/>\n<script type=\"application\/ld+json\" class=\"yoast-schema-graph\">{\"@context\":\"https:\/\/schema.org\",\"@graph\":[{\"@type\":\"Article\",\"@id\":\"https:\/\/revistaautobus.com.br\/?p=4023#article\",\"isPartOf\":{\"@id\":\"https:\/\/revistaautobus.com.br\/?p=4023\"},\"author\":{\"name\":\"Antonio Ferro\",\"@id\":\"https:\/\/revistaautobus.com.br\/#\/schema\/person\/54af7c3eb83a310e42ef686ef6d16f50\"},\"headline\":\"Marcopolo cresce em meio a pandemia\",\"datePublished\":\"2021-08-06T13:47:44+00:00\",\"dateModified\":\"2021-08-06T13:48:09+00:00\",\"mainEntityOfPage\":{\"@id\":\"https:\/\/revistaautobus.com.br\/?p=4023\"},\"wordCount\":527,\"commentCount\":0,\"publisher\":{\"@id\":\"https:\/\/revistaautobus.com.br\/#organization\"},\"image\":{\"@id\":\"https:\/\/revistaautobus.com.br\/?p=4023#primaryimage\"},\"thumbnailUrl\":\"https:\/\/revistaautobus.com.br\/wp-content\/uploads\/2021\/08\/Foto_Marcopolo_002.jpg\",\"keywords\":[\"Marcopolo\"],\"articleSection\":[\"Not\u00edcias\"],\"inLanguage\":\"pt-BR\",\"potentialAction\":[{\"@type\":\"CommentAction\",\"name\":\"Comment\",\"target\":[\"https:\/\/revistaautobus.com.br\/?p=4023#respond\"]}]},{\"@type\":\"WebPage\",\"@id\":\"https:\/\/revistaautobus.com.br\/?p=4023\",\"url\":\"https:\/\/revistaautobus.com.br\/?p=4023\",\"name\":\"Marcopolo cresce em meio a pandemia - Revista AutoBus\",\"isPartOf\":{\"@id\":\"https:\/\/revistaautobus.com.br\/#website\"},\"primaryImageOfPage\":{\"@id\":\"https:\/\/revistaautobus.com.br\/?p=4023#primaryimage\"},\"image\":{\"@id\":\"https:\/\/revistaautobus.com.br\/?p=4023#primaryimage\"},\"thumbnailUrl\":\"https:\/\/revistaautobus.com.br\/wp-content\/uploads\/2021\/08\/Foto_Marcopolo_002.jpg\",\"datePublished\":\"2021-08-06T13:47:44+00:00\",\"dateModified\":\"2021-08-06T13:48:09+00:00\",\"breadcrumb\":{\"@id\":\"https:\/\/revistaautobus.com.br\/?p=4023#breadcrumb\"},\"inLanguage\":\"pt-BR\",\"potentialAction\":[{\"@type\":\"ReadAction\",\"target\":[\"https:\/\/revistaautobus.com.br\/?p=4023\"]}]},{\"@type\":\"ImageObject\",\"inLanguage\":\"pt-BR\",\"@id\":\"https:\/\/revistaautobus.com.br\/?p=4023#primaryimage\",\"url\":\"https:\/\/revistaautobus.com.br\/wp-content\/uploads\/2021\/08\/Foto_Marcopolo_002.jpg\",\"contentUrl\":\"https:\/\/revistaautobus.com.br\/wp-content\/uploads\/2021\/08\/Foto_Marcopolo_002.jpg\",\"width\":1200,\"height\":674},{\"@type\":\"BreadcrumbList\",\"@id\":\"https:\/\/revistaautobus.com.br\/?p=4023#breadcrumb\",\"itemListElement\":[{\"@type\":\"ListItem\",\"position\":1,\"name\":\"In\u00edcio\",\"item\":\"https:\/\/revistaautobus.com.br\/\"},{\"@type\":\"ListItem\",\"position\":2,\"name\":\"Marcopolo cresce em meio a pandemia\"}]},{\"@type\":\"WebSite\",\"@id\":\"https:\/\/revistaautobus.com.br\/#website\",\"url\":\"https:\/\/revistaautobus.com.br\/\",\"name\":\"Revista AutoBus\",\"description\":\"\",\"publisher\":{\"@id\":\"https:\/\/revistaautobus.com.br\/#organization\"},\"potentialAction\":[{\"@type\":\"SearchAction\",\"target\":{\"@type\":\"EntryPoint\",\"urlTemplate\":\"https:\/\/revistaautobus.com.br\/?s={search_term_string}\"},\"query-input\":{\"@type\":\"PropertyValueSpecification\",\"valueRequired\":true,\"valueName\":\"search_term_string\"}}],\"inLanguage\":\"pt-BR\"},{\"@type\":\"Organization\",\"@id\":\"https:\/\/revistaautobus.com.br\/#organization\",\"name\":\"Revista AutoBus\",\"url\":\"https:\/\/revistaautobus.com.br\/\",\"logo\":{\"@type\":\"ImageObject\",\"inLanguage\":\"pt-BR\",\"@id\":\"https:\/\/revistaautobus.com.br\/#\/schema\/logo\/image\/\",\"url\":\"https:\/\/revistaautobus.com.br\/wp-content\/uploads\/2024\/11\/logo_revista_autobus_fb.png\",\"contentUrl\":\"https:\/\/revistaautobus.com.br\/wp-content\/uploads\/2024\/11\/logo_revista_autobus_fb.png\",\"width\":836,\"height\":227,\"caption\":\"Revista AutoBus\"},\"image\":{\"@id\":\"https:\/\/revistaautobus.com.br\/#\/schema\/logo\/image\/\"},\"sameAs\":[\"https:\/\/www.facebook.com\/antonio.ferro.3150\",\"https:\/\/www.instagram.com\/revistaautobus\/\"]},{\"@type\":\"Person\",\"@id\":\"https:\/\/revistaautobus.com.br\/#\/schema\/person\/54af7c3eb83a310e42ef686ef6d16f50\",\"name\":\"Antonio Ferro\",\"image\":{\"@type\":\"ImageObject\",\"inLanguage\":\"pt-BR\",\"@id\":\"https:\/\/revistaautobus.com.br\/wp-content\/uploads\/2025\/12\/editor_antonio_ferro-150x150.jpg\",\"url\":\"https:\/\/revistaautobus.com.br\/wp-content\/uploads\/2025\/12\/editor_antonio_ferro-150x150.jpg\",\"contentUrl\":\"https:\/\/revistaautobus.com.br\/wp-content\/uploads\/2025\/12\/editor_antonio_ferro-150x150.jpg\",\"caption\":\"Antonio Ferro\"},\"description\":\"infobus@uol.com.br\",\"url\":\"https:\/\/revistaautobus.com.br\/?author=2\"}]}<\/script>\n<!-- \/ Yoast SEO plugin. -->","yoast_head_json":{"title":"Marcopolo cresce em meio a pandemia - Revista AutoBus","robots":{"index":"index","follow":"follow","max-snippet":"max-snippet:-1","max-image-preview":"max-image-preview:large","max-video-preview":"max-video-preview:-1"},"canonical":"https:\/\/revistaautobus.com.br\/?p=4023","og_locale":"pt_BR","og_type":"article","og_title":"Marcopolo cresce em meio a pandemia - Revista AutoBus","og_description":"O posicionamento da Marcopolo no mercado mundial de \u00f4nibus, olhando para o segundo semestre de 2021, prop\u00f5e solu\u00e7\u00f5es inovadoras em mobilidade","og_url":"https:\/\/revistaautobus.com.br\/?p=4023","og_site_name":"Revista AutoBus","article_publisher":"https:\/\/www.facebook.com\/antonio.ferro.3150","article_published_time":"2021-08-06T13:47:44+00:00","article_modified_time":"2021-08-06T13:48:09+00:00","og_image":[{"width":1200,"height":674,"url":"https:\/\/revistaautobus.com.br\/wp-content\/uploads\/2021\/08\/Foto_Marcopolo_002.jpg","type":"image\/jpeg"}],"author":"Antonio Ferro","twitter_card":"summary_large_image","twitter_misc":{"Escrito por":"Antonio Ferro","Est. tempo de leitura":"3 minutos"},"schema":{"@context":"https:\/\/schema.org","@graph":[{"@type":"Article","@id":"https:\/\/revistaautobus.com.br\/?p=4023#article","isPartOf":{"@id":"https:\/\/revistaautobus.com.br\/?p=4023"},"author":{"name":"Antonio Ferro","@id":"https:\/\/revistaautobus.com.br\/#\/schema\/person\/54af7c3eb83a310e42ef686ef6d16f50"},"headline":"Marcopolo cresce em meio a pandemia","datePublished":"2021-08-06T13:47:44+00:00","dateModified":"2021-08-06T13:48:09+00:00","mainEntityOfPage":{"@id":"https:\/\/revistaautobus.com.br\/?p=4023"},"wordCount":527,"commentCount":0,"publisher":{"@id":"https:\/\/revistaautobus.com.br\/#organization"},"image":{"@id":"https:\/\/revistaautobus.com.br\/?p=4023#primaryimage"},"thumbnailUrl":"https:\/\/revistaautobus.com.br\/wp-content\/uploads\/2021\/08\/Foto_Marcopolo_002.jpg","keywords":["Marcopolo"],"articleSection":["Not\u00edcias"],"inLanguage":"pt-BR","potentialAction":[{"@type":"CommentAction","name":"Comment","target":["https:\/\/revistaautobus.com.br\/?p=4023#respond"]}]},{"@type":"WebPage","@id":"https:\/\/revistaautobus.com.br\/?p=4023","url":"https:\/\/revistaautobus.com.br\/?p=4023","name":"Marcopolo cresce em meio a pandemia - Revista AutoBus","isPartOf":{"@id":"https:\/\/revistaautobus.com.br\/#website"},"primaryImageOfPage":{"@id":"https:\/\/revistaautobus.com.br\/?p=4023#primaryimage"},"image":{"@id":"https:\/\/revistaautobus.com.br\/?p=4023#primaryimage"},"thumbnailUrl":"https:\/\/revistaautobus.com.br\/wp-content\/uploads\/2021\/08\/Foto_Marcopolo_002.jpg","datePublished":"2021-08-06T13:47:44+00:00","dateModified":"2021-08-06T13:48:09+00:00","breadcrumb":{"@id":"https:\/\/revistaautobus.com.br\/?p=4023#breadcrumb"},"inLanguage":"pt-BR","potentialAction":[{"@type":"ReadAction","target":["https:\/\/revistaautobus.com.br\/?p=4023"]}]},{"@type":"ImageObject","inLanguage":"pt-BR","@id":"https:\/\/revistaautobus.com.br\/?p=4023#primaryimage","url":"https:\/\/revistaautobus.com.br\/wp-content\/uploads\/2021\/08\/Foto_Marcopolo_002.jpg","contentUrl":"https:\/\/revistaautobus.com.br\/wp-content\/uploads\/2021\/08\/Foto_Marcopolo_002.jpg","width":1200,"height":674},{"@type":"BreadcrumbList","@id":"https:\/\/revistaautobus.com.br\/?p=4023#breadcrumb","itemListElement":[{"@type":"ListItem","position":1,"name":"In\u00edcio","item":"https:\/\/revistaautobus.com.br\/"},{"@type":"ListItem","position":2,"name":"Marcopolo cresce em meio a pandemia"}]},{"@type":"WebSite","@id":"https:\/\/revistaautobus.com.br\/#website","url":"https:\/\/revistaautobus.com.br\/","name":"Revista AutoBus","description":"","publisher":{"@id":"https:\/\/revistaautobus.com.br\/#organization"},"potentialAction":[{"@type":"SearchAction","target":{"@type":"EntryPoint","urlTemplate":"https:\/\/revistaautobus.com.br\/?s={search_term_string}"},"query-input":{"@type":"PropertyValueSpecification","valueRequired":true,"valueName":"search_term_string"}}],"inLanguage":"pt-BR"},{"@type":"Organization","@id":"https:\/\/revistaautobus.com.br\/#organization","name":"Revista AutoBus","url":"https:\/\/revistaautobus.com.br\/","logo":{"@type":"ImageObject","inLanguage":"pt-BR","@id":"https:\/\/revistaautobus.com.br\/#\/schema\/logo\/image\/","url":"https:\/\/revistaautobus.com.br\/wp-content\/uploads\/2024\/11\/logo_revista_autobus_fb.png","contentUrl":"https:\/\/revistaautobus.com.br\/wp-content\/uploads\/2024\/11\/logo_revista_autobus_fb.png","width":836,"height":227,"caption":"Revista AutoBus"},"image":{"@id":"https:\/\/revistaautobus.com.br\/#\/schema\/logo\/image\/"},"sameAs":["https:\/\/www.facebook.com\/antonio.ferro.3150","https:\/\/www.instagram.com\/revistaautobus\/"]},{"@type":"Person","@id":"https:\/\/revistaautobus.com.br\/#\/schema\/person\/54af7c3eb83a310e42ef686ef6d16f50","name":"Antonio Ferro","image":{"@type":"ImageObject","inLanguage":"pt-BR","@id":"https:\/\/revistaautobus.com.br\/wp-content\/uploads\/2025\/12\/editor_antonio_ferro-150x150.jpg","url":"https:\/\/revistaautobus.com.br\/wp-content\/uploads\/2025\/12\/editor_antonio_ferro-150x150.jpg","contentUrl":"https:\/\/revistaautobus.com.br\/wp-content\/uploads\/2025\/12\/editor_antonio_ferro-150x150.jpg","caption":"Antonio Ferro"},"description":"infobus@uol.com.br","url":"https:\/\/revistaautobus.com.br\/?author=2"}]}},"jetpack_featured_media_url":"https:\/\/revistaautobus.com.br\/wp-content\/uploads\/2021\/08\/Foto_Marcopolo_002.jpg","jetpack_sharing_enabled":true,"_links":{"self":[{"href":"https:\/\/revistaautobus.com.br\/index.php?rest_route=\/wp\/v2\/posts\/4023","targetHints":{"allow":["GET"]}}],"collection":[{"href":"https:\/\/revistaautobus.com.br\/index.php?rest_route=\/wp\/v2\/posts"}],"about":[{"href":"https:\/\/revistaautobus.com.br\/index.php?rest_route=\/wp\/v2\/types\/post"}],"author":[{"embeddable":true,"href":"https:\/\/revistaautobus.com.br\/index.php?rest_route=\/wp\/v2\/users\/2"}],"replies":[{"embeddable":true,"href":"https:\/\/revistaautobus.com.br\/index.php?rest_route=%2Fwp%2Fv2%2Fcomments&post=4023"}],"version-history":[{"count":2,"href":"https:\/\/revistaautobus.com.br\/index.php?rest_route=\/wp\/v2\/posts\/4023\/revisions"}],"predecessor-version":[{"id":4027,"href":"https:\/\/revistaautobus.com.br\/index.php?rest_route=\/wp\/v2\/posts\/4023\/revisions\/4027"}],"wp:featuredmedia":[{"embeddable":true,"href":"https:\/\/revistaautobus.com.br\/index.php?rest_route=\/wp\/v2\/media\/4024"}],"wp:attachment":[{"href":"https:\/\/revistaautobus.com.br\/index.php?rest_route=%2Fwp%2Fv2%2Fmedia&parent=4023"}],"wp:term":[{"taxonomy":"category","embeddable":true,"href":"https:\/\/revistaautobus.com.br\/index.php?rest_route=%2Fwp%2Fv2%2Fcategories&post=4023"},{"taxonomy":"post_tag","embeddable":true,"href":"https:\/\/revistaautobus.com.br\/index.php?rest_route=%2Fwp%2Fv2%2Ftags&post=4023"}],"curies":[{"name":"wp","href":"https:\/\/api.w.org\/{rel}","templated":true}]}}