{"id":4066,"date":"2021-08-13T11:15:18","date_gmt":"2021-08-13T14:15:18","guid":{"rendered":"https:\/\/vila8.com.br\/clientes\/autobus\/?p=4066"},"modified":"2021-08-13T11:15:19","modified_gmt":"2021-08-13T14:15:19","slug":"grupo-jca-otimista-com-a-retomada-do-mercado","status":"publish","type":"post","link":"https:\/\/revistaautobus.com.br\/?p=4066","title":{"rendered":"Grupo JCA otimista com a retomada do mercado"},"content":{"rendered":"\n<p class=\"has-drop-cap\">Especialista em transporte, log\u00edstica e mobilidade, o grupo fluminense JCA cr\u00ea no cen\u00e1rio de retomada de crescimento da economia brasileira ap\u00f3s o impacto causado pela pandemia. Exemplo disso \u00e9 que investiu na aquisi\u00e7\u00e3o de 271 novos \u00f4nibus, que ser\u00e3o entregues at\u00e9 o final deste ano com foco em oferecer sempre para o cliente seguran\u00e7a e a melhor experi\u00eancia em viagens.<\/p>\n\n\n\n<p>Um dos mais tradicionais operadores de empresas de transporte de passageiros do Pa\u00eds, o Grupo JCA acredita que o transporte rodovi\u00e1rio de passageiros ser\u00e1 uma op\u00e7\u00e3o muito utilizada para viagens dentro do Brasil e, por isso, se antecipou a esse cen\u00e1rio. &#8220;Como Grupo, estamos sempre atentos \u00e0 renova\u00e7\u00e3o de frota para o aprimoramento dos nossos servi\u00e7os. Mesmo neste per\u00edodo desafiador que estamos vivendo, com tantas incertezas, estamos refor\u00e7ando nosso compromisso com os clientes e com a sociedade. Optamos por investir em \u00f4nibus que ampliam n\u00e3o s\u00f3 o conforto, como tamb\u00e9m a seguran\u00e7a dos passageiros durante as viagens por meio de tecnologias avan\u00e7adas de seguran\u00e7a. Al\u00e9m disso, nossa frota conta com a telemetria, um sistema que realiza a medi\u00e7\u00e3o de dados do ve\u00edculo e os transmite remotamente para uma central de monitoramento das empresas &#8211; otimizando nossa gest\u00e3o e controle da frota -, garantindo qualidade e seguran\u00e7a para nossos clientes&#8221;, explicou Anuar Helayel, diretor da Unidade de Transporte de Passageiros do Grupo JCA.<\/p>\n\n\n\n<p>Os chassis escolhidos para os novos \u00f4nibus s\u00e3o das marcas Mercedes-Benz, Scania e Volkswagen, com carro\u00e7arias da fabricante catarinense Busscar. Os \u00f4nibus Scania trazem um pacote tecnol\u00f3gico de seguran\u00e7a, refor\u00e7ando o compromisso do Grupo ao oferecer as melhores viagens. Os ve\u00edculos contam com o sistema ADAS (Advanced Driver Assistance Systems), que auxilia o motorista na melhoria da condu\u00e7\u00e3o e ajuda a prevenir acidentes de tr\u00e2nsito durante a viagem. Para isso, ele utiliza uma c\u00e2mera instalada no para-brisa e um radar no para-choque do ve\u00edculo, que acionam a frenagem de emerg\u00eancia avan\u00e7ada e medem a dist\u00e2ncia e a velocidade relativa de qualquer ve\u00edculo na pista, para intervir e evitar acidentes. O segundo componente \u00e9 o aviso de sa\u00edda de faixa que monitora as faixas de rolagem da pista e avisa o motorista quando o \u00f4nibus sai de forma involunt\u00e1ria e invade o espa\u00e7o ao lado, por meio da vibra\u00e7\u00e3o da poltrona. O terceiro \u00e9 o controle de cruzeiro adaptativo, que auxilia o condutor a manter um intervalo de dist\u00e2ncia constante em rela\u00e7\u00e3o ao ve\u00edculo \u00e0 frente, por meio do radar localizado no para-choque dianteiro.<\/p>\n\n\n\n<p>Para Celso Mendon\u00e7a, gerente de Vendas de Solu\u00e7\u00f5es de Mobilidade da Scania no Brasil, o Grupo JCA \u00e9 um dos maiores clientes da marca no Brasil, o que \u00e9 motivo de orgulho. \u201cEstamos participando ativamente nos \u00faltimos anos de suas compras e renova\u00e7\u00f5es de frota. Sabemos o quanto eles s\u00e3o exigentes em termos de qualidade, robustez, ergonomia, disponibilidade e, principalmente, economia de combust\u00edvel, itens em que nossos chassis se diferenciam no mercado. Acreditamos na retomada gradativa do mercado de \u00f4nibus rodovi\u00e1rios neste segundo semestre e estaremos sempre ao lado do Grupo JCA&#8221;, observou. As transportadoras Via\u00e7\u00e3o Cometa, Auto Via\u00e7\u00e3o Catarinense e Auto Via\u00e7\u00e3o 1001 foram as contempladas com os novos \u00f4nibus e j\u00e1 est\u00e3o colocando-os para operar em diversos trechos operacionais, bem como em servi\u00e7os de fretamento.<\/p>\n\n\n\n<p>Imagem &#8211; Divulga\u00e7\u00e3o<\/p>\n","protected":false},"excerpt":{"rendered":"<p>As transportadoras Via\u00e7\u00e3o Cometa, Auto Via\u00e7\u00e3o Catarinense e Auto Via\u00e7\u00e3o 1001 foram as contempladas com os novos \u00f4nibus e j\u00e1 est\u00e3o colocando-os para operar em diversos trechos operacionais<\/p>\n","protected":false},"author":2,"featured_media":4067,"comment_status":"open","ping_status":"open","sticky":false,"template":"","format":"standard","meta":{"_et_pb_use_builder":"off","_et_pb_old_content":"","_et_gb_content_width":"","_jetpack_memberships_contains_paid_content":false,"footnotes":""},"categories":[90],"tags":[89,122],"class_list":["post-4066","post","type-post","status-publish","format-standard","has-post-thumbnail","hentry","category-noticias","tag-grupo-jca","tag-viacao-cometa","et-has-post-format-content","et_post_format-et-post-format-standard"],"yoast_head":"<!-- This site is optimized with the Yoast SEO plugin v27.2 - https:\/\/yoast.com\/product\/yoast-seo-wordpress\/ -->\n<title>Grupo JCA otimista com a retomada do mercado - Revista AutoBus<\/title>\n<meta name=\"robots\" content=\"index, follow, max-snippet:-1, max-image-preview:large, max-video-preview:-1\" \/>\n<link rel=\"canonical\" href=\"https:\/\/revistaautobus.com.br\/?p=4066\" \/>\n<meta property=\"og:locale\" content=\"pt_BR\" \/>\n<meta property=\"og:type\" content=\"article\" \/>\n<meta property=\"og:title\" content=\"Grupo JCA otimista com a retomada do mercado - Revista AutoBus\" \/>\n<meta property=\"og:description\" content=\"As transportadoras Via\u00e7\u00e3o Cometa, Auto Via\u00e7\u00e3o Catarinense e Auto Via\u00e7\u00e3o 1001 foram as contempladas com os novos \u00f4nibus e j\u00e1 est\u00e3o colocando-os para operar em diversos trechos operacionais\" \/>\n<meta property=\"og:url\" content=\"https:\/\/revistaautobus.com.br\/?p=4066\" \/>\n<meta property=\"og:site_name\" content=\"Revista AutoBus\" \/>\n<meta property=\"article:publisher\" content=\"https:\/\/www.facebook.com\/antonio.ferro.3150\" \/>\n<meta property=\"article:published_time\" content=\"2021-08-13T14:15:18+00:00\" \/>\n<meta property=\"article:modified_time\" content=\"2021-08-13T14:15:19+00:00\" \/>\n<meta property=\"og:image\" content=\"https:\/\/revistaautobus.com.br\/wp-content\/uploads\/2021\/08\/WhatsApp-Image-2021-08-12-at-11.21.27-2.jpeg\" \/>\n\t<meta property=\"og:image:width\" content=\"1273\" \/>\n\t<meta property=\"og:image:height\" content=\"820\" \/>\n\t<meta property=\"og:image:type\" content=\"image\/jpeg\" \/>\n<meta name=\"author\" content=\"Antonio Ferro\" \/>\n<meta name=\"twitter:card\" content=\"summary_large_image\" \/>\n<meta name=\"twitter:label1\" content=\"Escrito por\" \/>\n\t<meta name=\"twitter:data1\" content=\"Antonio Ferro\" \/>\n\t<meta name=\"twitter:label2\" content=\"Est. tempo de leitura\" \/>\n\t<meta name=\"twitter:data2\" content=\"3 minutos\" \/>\n<script type=\"application\/ld+json\" class=\"yoast-schema-graph\">{\"@context\":\"https:\/\/schema.org\",\"@graph\":[{\"@type\":\"Article\",\"@id\":\"https:\/\/revistaautobus.com.br\/?p=4066#article\",\"isPartOf\":{\"@id\":\"https:\/\/revistaautobus.com.br\/?p=4066\"},\"author\":{\"name\":\"Antonio Ferro\",\"@id\":\"https:\/\/revistaautobus.com.br\/#\/schema\/person\/54af7c3eb83a310e42ef686ef6d16f50\"},\"headline\":\"Grupo JCA otimista com a retomada do mercado\",\"datePublished\":\"2021-08-13T14:15:18+00:00\",\"dateModified\":\"2021-08-13T14:15:19+00:00\",\"mainEntityOfPage\":{\"@id\":\"https:\/\/revistaautobus.com.br\/?p=4066\"},\"wordCount\":592,\"commentCount\":0,\"publisher\":{\"@id\":\"https:\/\/revistaautobus.com.br\/#organization\"},\"image\":{\"@id\":\"https:\/\/revistaautobus.com.br\/?p=4066#primaryimage\"},\"thumbnailUrl\":\"https:\/\/revistaautobus.com.br\/wp-content\/uploads\/2021\/08\/WhatsApp-Image-2021-08-12-at-11.21.27-2.jpeg\",\"keywords\":[\"Grupo JCA\",\"Via\u00e7\u00e3o Cometa\"],\"articleSection\":[\"Not\u00edcias\"],\"inLanguage\":\"pt-BR\",\"potentialAction\":[{\"@type\":\"CommentAction\",\"name\":\"Comment\",\"target\":[\"https:\/\/revistaautobus.com.br\/?p=4066#respond\"]}]},{\"@type\":\"WebPage\",\"@id\":\"https:\/\/revistaautobus.com.br\/?p=4066\",\"url\":\"https:\/\/revistaautobus.com.br\/?p=4066\",\"name\":\"Grupo JCA otimista com a retomada do mercado - Revista AutoBus\",\"isPartOf\":{\"@id\":\"https:\/\/revistaautobus.com.br\/#website\"},\"primaryImageOfPage\":{\"@id\":\"https:\/\/revistaautobus.com.br\/?p=4066#primaryimage\"},\"image\":{\"@id\":\"https:\/\/revistaautobus.com.br\/?p=4066#primaryimage\"},\"thumbnailUrl\":\"https:\/\/revistaautobus.com.br\/wp-content\/uploads\/2021\/08\/WhatsApp-Image-2021-08-12-at-11.21.27-2.jpeg\",\"datePublished\":\"2021-08-13T14:15:18+00:00\",\"dateModified\":\"2021-08-13T14:15:19+00:00\",\"breadcrumb\":{\"@id\":\"https:\/\/revistaautobus.com.br\/?p=4066#breadcrumb\"},\"inLanguage\":\"pt-BR\",\"potentialAction\":[{\"@type\":\"ReadAction\",\"target\":[\"https:\/\/revistaautobus.com.br\/?p=4066\"]}]},{\"@type\":\"ImageObject\",\"inLanguage\":\"pt-BR\",\"@id\":\"https:\/\/revistaautobus.com.br\/?p=4066#primaryimage\",\"url\":\"https:\/\/revistaautobus.com.br\/wp-content\/uploads\/2021\/08\/WhatsApp-Image-2021-08-12-at-11.21.27-2.jpeg\",\"contentUrl\":\"https:\/\/revistaautobus.com.br\/wp-content\/uploads\/2021\/08\/WhatsApp-Image-2021-08-12-at-11.21.27-2.jpeg\",\"width\":1273,\"height\":820},{\"@type\":\"BreadcrumbList\",\"@id\":\"https:\/\/revistaautobus.com.br\/?p=4066#breadcrumb\",\"itemListElement\":[{\"@type\":\"ListItem\",\"position\":1,\"name\":\"In\u00edcio\",\"item\":\"https:\/\/revistaautobus.com.br\/\"},{\"@type\":\"ListItem\",\"position\":2,\"name\":\"Grupo JCA otimista com a retomada do mercado\"}]},{\"@type\":\"WebSite\",\"@id\":\"https:\/\/revistaautobus.com.br\/#website\",\"url\":\"https:\/\/revistaautobus.com.br\/\",\"name\":\"Revista AutoBus\",\"description\":\"\",\"publisher\":{\"@id\":\"https:\/\/revistaautobus.com.br\/#organization\"},\"potentialAction\":[{\"@type\":\"SearchAction\",\"target\":{\"@type\":\"EntryPoint\",\"urlTemplate\":\"https:\/\/revistaautobus.com.br\/?s={search_term_string}\"},\"query-input\":{\"@type\":\"PropertyValueSpecification\",\"valueRequired\":true,\"valueName\":\"search_term_string\"}}],\"inLanguage\":\"pt-BR\"},{\"@type\":\"Organization\",\"@id\":\"https:\/\/revistaautobus.com.br\/#organization\",\"name\":\"Revista AutoBus\",\"url\":\"https:\/\/revistaautobus.com.br\/\",\"logo\":{\"@type\":\"ImageObject\",\"inLanguage\":\"pt-BR\",\"@id\":\"https:\/\/revistaautobus.com.br\/#\/schema\/logo\/image\/\",\"url\":\"https:\/\/revistaautobus.com.br\/wp-content\/uploads\/2024\/11\/logo_revista_autobus_fb.png\",\"contentUrl\":\"https:\/\/revistaautobus.com.br\/wp-content\/uploads\/2024\/11\/logo_revista_autobus_fb.png\",\"width\":836,\"height\":227,\"caption\":\"Revista AutoBus\"},\"image\":{\"@id\":\"https:\/\/revistaautobus.com.br\/#\/schema\/logo\/image\/\"},\"sameAs\":[\"https:\/\/www.facebook.com\/antonio.ferro.3150\",\"https:\/\/www.instagram.com\/revistaautobus\/\"]},{\"@type\":\"Person\",\"@id\":\"https:\/\/revistaautobus.com.br\/#\/schema\/person\/54af7c3eb83a310e42ef686ef6d16f50\",\"name\":\"Antonio Ferro\",\"image\":{\"@type\":\"ImageObject\",\"inLanguage\":\"pt-BR\",\"@id\":\"https:\/\/revistaautobus.com.br\/wp-content\/uploads\/2025\/12\/editor_antonio_ferro-150x150.jpg\",\"url\":\"https:\/\/revistaautobus.com.br\/wp-content\/uploads\/2025\/12\/editor_antonio_ferro-150x150.jpg\",\"contentUrl\":\"https:\/\/revistaautobus.com.br\/wp-content\/uploads\/2025\/12\/editor_antonio_ferro-150x150.jpg\",\"caption\":\"Antonio Ferro\"},\"description\":\"infobus@uol.com.br\",\"url\":\"https:\/\/revistaautobus.com.br\/?author=2\"}]}<\/script>\n<!-- \/ Yoast SEO plugin. -->","yoast_head_json":{"title":"Grupo JCA otimista com a retomada do mercado - Revista AutoBus","robots":{"index":"index","follow":"follow","max-snippet":"max-snippet:-1","max-image-preview":"max-image-preview:large","max-video-preview":"max-video-preview:-1"},"canonical":"https:\/\/revistaautobus.com.br\/?p=4066","og_locale":"pt_BR","og_type":"article","og_title":"Grupo JCA otimista com a retomada do mercado - Revista AutoBus","og_description":"As transportadoras Via\u00e7\u00e3o Cometa, Auto Via\u00e7\u00e3o Catarinense e Auto Via\u00e7\u00e3o 1001 foram as contempladas com os novos \u00f4nibus e j\u00e1 est\u00e3o colocando-os para operar em diversos trechos operacionais","og_url":"https:\/\/revistaautobus.com.br\/?p=4066","og_site_name":"Revista AutoBus","article_publisher":"https:\/\/www.facebook.com\/antonio.ferro.3150","article_published_time":"2021-08-13T14:15:18+00:00","article_modified_time":"2021-08-13T14:15:19+00:00","og_image":[{"width":1273,"height":820,"url":"https:\/\/revistaautobus.com.br\/wp-content\/uploads\/2021\/08\/WhatsApp-Image-2021-08-12-at-11.21.27-2.jpeg","type":"image\/jpeg"}],"author":"Antonio Ferro","twitter_card":"summary_large_image","twitter_misc":{"Escrito por":"Antonio Ferro","Est. tempo de leitura":"3 minutos"},"schema":{"@context":"https:\/\/schema.org","@graph":[{"@type":"Article","@id":"https:\/\/revistaautobus.com.br\/?p=4066#article","isPartOf":{"@id":"https:\/\/revistaautobus.com.br\/?p=4066"},"author":{"name":"Antonio Ferro","@id":"https:\/\/revistaautobus.com.br\/#\/schema\/person\/54af7c3eb83a310e42ef686ef6d16f50"},"headline":"Grupo JCA otimista com a retomada do mercado","datePublished":"2021-08-13T14:15:18+00:00","dateModified":"2021-08-13T14:15:19+00:00","mainEntityOfPage":{"@id":"https:\/\/revistaautobus.com.br\/?p=4066"},"wordCount":592,"commentCount":0,"publisher":{"@id":"https:\/\/revistaautobus.com.br\/#organization"},"image":{"@id":"https:\/\/revistaautobus.com.br\/?p=4066#primaryimage"},"thumbnailUrl":"https:\/\/revistaautobus.com.br\/wp-content\/uploads\/2021\/08\/WhatsApp-Image-2021-08-12-at-11.21.27-2.jpeg","keywords":["Grupo JCA","Via\u00e7\u00e3o Cometa"],"articleSection":["Not\u00edcias"],"inLanguage":"pt-BR","potentialAction":[{"@type":"CommentAction","name":"Comment","target":["https:\/\/revistaautobus.com.br\/?p=4066#respond"]}]},{"@type":"WebPage","@id":"https:\/\/revistaautobus.com.br\/?p=4066","url":"https:\/\/revistaautobus.com.br\/?p=4066","name":"Grupo JCA otimista com a retomada do mercado - Revista AutoBus","isPartOf":{"@id":"https:\/\/revistaautobus.com.br\/#website"},"primaryImageOfPage":{"@id":"https:\/\/revistaautobus.com.br\/?p=4066#primaryimage"},"image":{"@id":"https:\/\/revistaautobus.com.br\/?p=4066#primaryimage"},"thumbnailUrl":"https:\/\/revistaautobus.com.br\/wp-content\/uploads\/2021\/08\/WhatsApp-Image-2021-08-12-at-11.21.27-2.jpeg","datePublished":"2021-08-13T14:15:18+00:00","dateModified":"2021-08-13T14:15:19+00:00","breadcrumb":{"@id":"https:\/\/revistaautobus.com.br\/?p=4066#breadcrumb"},"inLanguage":"pt-BR","potentialAction":[{"@type":"ReadAction","target":["https:\/\/revistaautobus.com.br\/?p=4066"]}]},{"@type":"ImageObject","inLanguage":"pt-BR","@id":"https:\/\/revistaautobus.com.br\/?p=4066#primaryimage","url":"https:\/\/revistaautobus.com.br\/wp-content\/uploads\/2021\/08\/WhatsApp-Image-2021-08-12-at-11.21.27-2.jpeg","contentUrl":"https:\/\/revistaautobus.com.br\/wp-content\/uploads\/2021\/08\/WhatsApp-Image-2021-08-12-at-11.21.27-2.jpeg","width":1273,"height":820},{"@type":"BreadcrumbList","@id":"https:\/\/revistaautobus.com.br\/?p=4066#breadcrumb","itemListElement":[{"@type":"ListItem","position":1,"name":"In\u00edcio","item":"https:\/\/revistaautobus.com.br\/"},{"@type":"ListItem","position":2,"name":"Grupo JCA otimista com a retomada do mercado"}]},{"@type":"WebSite","@id":"https:\/\/revistaautobus.com.br\/#website","url":"https:\/\/revistaautobus.com.br\/","name":"Revista AutoBus","description":"","publisher":{"@id":"https:\/\/revistaautobus.com.br\/#organization"},"potentialAction":[{"@type":"SearchAction","target":{"@type":"EntryPoint","urlTemplate":"https:\/\/revistaautobus.com.br\/?s={search_term_string}"},"query-input":{"@type":"PropertyValueSpecification","valueRequired":true,"valueName":"search_term_string"}}],"inLanguage":"pt-BR"},{"@type":"Organization","@id":"https:\/\/revistaautobus.com.br\/#organization","name":"Revista AutoBus","url":"https:\/\/revistaautobus.com.br\/","logo":{"@type":"ImageObject","inLanguage":"pt-BR","@id":"https:\/\/revistaautobus.com.br\/#\/schema\/logo\/image\/","url":"https:\/\/revistaautobus.com.br\/wp-content\/uploads\/2024\/11\/logo_revista_autobus_fb.png","contentUrl":"https:\/\/revistaautobus.com.br\/wp-content\/uploads\/2024\/11\/logo_revista_autobus_fb.png","width":836,"height":227,"caption":"Revista AutoBus"},"image":{"@id":"https:\/\/revistaautobus.com.br\/#\/schema\/logo\/image\/"},"sameAs":["https:\/\/www.facebook.com\/antonio.ferro.3150","https:\/\/www.instagram.com\/revistaautobus\/"]},{"@type":"Person","@id":"https:\/\/revistaautobus.com.br\/#\/schema\/person\/54af7c3eb83a310e42ef686ef6d16f50","name":"Antonio Ferro","image":{"@type":"ImageObject","inLanguage":"pt-BR","@id":"https:\/\/revistaautobus.com.br\/wp-content\/uploads\/2025\/12\/editor_antonio_ferro-150x150.jpg","url":"https:\/\/revistaautobus.com.br\/wp-content\/uploads\/2025\/12\/editor_antonio_ferro-150x150.jpg","contentUrl":"https:\/\/revistaautobus.com.br\/wp-content\/uploads\/2025\/12\/editor_antonio_ferro-150x150.jpg","caption":"Antonio Ferro"},"description":"infobus@uol.com.br","url":"https:\/\/revistaautobus.com.br\/?author=2"}]}},"jetpack_featured_media_url":"https:\/\/revistaautobus.com.br\/wp-content\/uploads\/2021\/08\/WhatsApp-Image-2021-08-12-at-11.21.27-2.jpeg","jetpack_sharing_enabled":true,"_links":{"self":[{"href":"https:\/\/revistaautobus.com.br\/index.php?rest_route=\/wp\/v2\/posts\/4066","targetHints":{"allow":["GET"]}}],"collection":[{"href":"https:\/\/revistaautobus.com.br\/index.php?rest_route=\/wp\/v2\/posts"}],"about":[{"href":"https:\/\/revistaautobus.com.br\/index.php?rest_route=\/wp\/v2\/types\/post"}],"author":[{"embeddable":true,"href":"https:\/\/revistaautobus.com.br\/index.php?rest_route=\/wp\/v2\/users\/2"}],"replies":[{"embeddable":true,"href":"https:\/\/revistaautobus.com.br\/index.php?rest_route=%2Fwp%2Fv2%2Fcomments&post=4066"}],"version-history":[{"count":2,"href":"https:\/\/revistaautobus.com.br\/index.php?rest_route=\/wp\/v2\/posts\/4066\/revisions"}],"predecessor-version":[{"id":4069,"href":"https:\/\/revistaautobus.com.br\/index.php?rest_route=\/wp\/v2\/posts\/4066\/revisions\/4069"}],"wp:featuredmedia":[{"embeddable":true,"href":"https:\/\/revistaautobus.com.br\/index.php?rest_route=\/wp\/v2\/media\/4067"}],"wp:attachment":[{"href":"https:\/\/revistaautobus.com.br\/index.php?rest_route=%2Fwp%2Fv2%2Fmedia&parent=4066"}],"wp:term":[{"taxonomy":"category","embeddable":true,"href":"https:\/\/revistaautobus.com.br\/index.php?rest_route=%2Fwp%2Fv2%2Fcategories&post=4066"},{"taxonomy":"post_tag","embeddable":true,"href":"https:\/\/revistaautobus.com.br\/index.php?rest_route=%2Fwp%2Fv2%2Ftags&post=4066"}],"curies":[{"name":"wp","href":"https:\/\/api.w.org\/{rel}","templated":true}]}}