{"id":4070,"date":"2021-08-13T11:19:09","date_gmt":"2021-08-13T14:19:09","guid":{"rendered":"https:\/\/vila8.com.br\/clientes\/autobus\/?p=4070"},"modified":"2021-08-13T11:19:11","modified_gmt":"2021-08-13T14:19:11","slug":"ribeirao-preto-tem-planos-para-o-gas-natural-nos-onibus","status":"publish","type":"post","link":"https:\/\/revistaautobus.com.br\/?p=4070","title":{"rendered":"Ribeir\u00e3o Preto tem planos para o g\u00e1s natural nos \u00f4nibus"},"content":{"rendered":"\n<p class=\"has-drop-cap\">A proposta para o uso em escala do g\u00e1s natural em frota de \u00f4nibus urbano foi apresentada recentemente na cidade paulista de Ribeir\u00e3o Preto, por meio de um estudo sobre impactos da utiliza\u00e7\u00e3o do combust\u00edvel no projeto, GasBrasiliano Inovation Hub (GaBih), promovido pela GasBrasiliano, empresa respons\u00e1vel pela distribui\u00e7\u00e3o de g\u00e1s natural canalizado na regi\u00e3o Noroeste do Estado de S\u00e3o Paulo, abrangendo 375 munic\u00edpios.<\/p>\n\n\n\n<p>O contexto foi lan\u00e7ado na apresenta\u00e7\u00e3o do SuperaLab, laborat\u00f3rio de inova\u00e7\u00e3o aberta, inaugurado, recentemente, no Supera Parque de Inova\u00e7\u00e3o e Tecnologia de Ribeir\u00e3o Preto. A realiza\u00e7\u00e3o desse estudo sobre a aplica\u00e7\u00e3o do g\u00e1s natural e biometano como combust\u00edvel de transi\u00e7\u00e3o energ\u00e9tica no transporte p\u00fablico de Ribeir\u00e3o Preto \u00e9 fomentado pela distribuidora de g\u00e1s, que atende a regi\u00e3o, em parceria com a Ag\u00eancia Reguladora de Servi\u00e7os P\u00fablicos do Estado de S\u00e3o Paulo (Arsesp), tendo ainda a execu\u00e7\u00e3o pela Consulgas.<\/p>\n\n\n\n<p>De acordo com a GasBrasiliano, a meta \u00e9 elaborar uma base comparativa entre o g\u00e1s natural e o biometano, sob a \u00f3tica da gest\u00e3o de transporte p\u00fablico do munic\u00edpio, sendo que o resultado ser\u00e1 a compara\u00e7\u00e3o entre as alternativas existentes, a avalia\u00e7\u00e3o de como as duas op\u00e7\u00f5es citadas anteriormente se posicionam na transi\u00e7\u00e3o energ\u00e9tica, e um relat\u00f3rio sobre os impactos nas contas p\u00fablicas, nas tarifas e no meio ambiente. \u201cA intensifica\u00e7\u00e3o do debate em torno de iniciativas ESG, em especial \u00e0s que visam a redu\u00e7\u00e3o das emiss\u00f5es de gases de efeito estufa, bem como a aprova\u00e7\u00e3o e san\u00e7\u00e3o da nova Lei do G\u00e1s, que abrir\u00e1 caminho para a abertura do mercado de g\u00e1s brasileiro, fizeram com que o g\u00e1s natural e o biometano assumissem papel de destaque no desenho de estrat\u00e9gias de transi\u00e7\u00e3o para uma economia de baixo carbono. A busca por alternativas energ\u00e9ticas que visem a redu\u00e7\u00e3o de impactos ambientais e garantam competitividade e efici\u00eancia aos setores econ\u00f4micos ser\u00e1 uma pauta cada vez mais importante. Acreditamos que o GaBih, por meio deste estudo e de outros projetos que vir\u00e3o, ser\u00e1 fundamental para o avan\u00e7o nessa caminhada\u201d, explicou Alex Gasparetto, diretor-presidente da GasBrasiliano.<\/p>\n\n\n\n<p>A atual gera\u00e7\u00e3o de ve\u00edculos pesados movidos a g\u00e1s, que pode estar dispon\u00edvel no Brasil, j\u00e1 usa a tecnologia que atende \u00e0 norma Euro VI, que ser\u00e1 exigida a partir de 2023 por aqui. A conclus\u00e3o do referido estudo ser\u00e1 compartilhada com a prefeitura da cidade paulista, com o objetivo de contribuir para a tomada de decis\u00e3o em rela\u00e7\u00e3o \u00e0 revis\u00e3o da estrat\u00e9gia de matriz energ\u00e9tica municipal e ao PMOB (Plano de Mobilidade Urbana). Para a distribuidora, o estudo contribuir\u00e1 para alavancar a inser\u00e7\u00e3o do g\u00e1s natural e do biometano no segmento de frotas pesadas.<\/p>\n\n\n\n<p>Para Ricardo Vallejo, diretor da Consulgas, o estudo ir\u00e1 apresentar propostas de transi\u00e7\u00e3o energ\u00e9tica, considerando o g\u00e1s natural e o biometano, vers\u00e3o renov\u00e1vel do g\u00e1s natural. Ainda, segundo ele, a regi\u00e3o de Ribeir\u00e3o Preto \u00e9 um dos locais de maior potencial de gera\u00e7\u00e3o de biometano do mundo a partir de res\u00edduos da ind\u00fastria sucroalcooleira. \u201cO biometano a partir de res\u00edduos do setor sucroalcooleiro possui uma das melhores posi\u00e7\u00f5es de redu\u00e7\u00e3o de CO2 entre os combust\u00edveis renov\u00e1veis e utilizar esse combust\u00edvel como complemento ao g\u00e1s natural e substitui\u00e7\u00e3o ao diesel, tanto em transporte coletivo quanto em transporte de cargas, trar\u00e1 grandes redu\u00e7\u00f5es nas metas de mudan\u00e7as clim\u00e1ticas e colocar\u00e1 o Brasil na vanguarda da transi\u00e7\u00e3o energ\u00e9tica\u201d, ressaltou Vallejo.<\/p>\n\n\n\n<p>Imagem &#8211; Divulga\u00e7\u00e3o<\/p>\n","protected":false},"excerpt":{"rendered":"<p>O contexto foi lan\u00e7ado na apresenta\u00e7\u00e3o do SuperaLab, laborat\u00f3rio de inova\u00e7\u00e3o aberta, inaugurado, recentemente, no Supera Parque de Inova\u00e7\u00e3o e Tecnologia de Ribeir\u00e3o Preto<\/p>\n","protected":false},"author":2,"featured_media":4071,"comment_status":"open","ping_status":"open","sticky":false,"template":"","format":"standard","meta":{"_et_pb_use_builder":"off","_et_pb_old_content":"","_et_gb_content_width":"","_jetpack_memberships_contains_paid_content":false,"footnotes":""},"categories":[90],"tags":[150],"class_list":["post-4070","post","type-post","status-publish","format-standard","has-post-thumbnail","hentry","category-noticias","tag-onibus-a-gas-natural","et-has-post-format-content","et_post_format-et-post-format-standard"],"yoast_head":"<!-- This site is optimized with the Yoast SEO plugin v27.2 - https:\/\/yoast.com\/product\/yoast-seo-wordpress\/ -->\n<title>Ribeir\u00e3o Preto tem planos para o g\u00e1s natural nos \u00f4nibus - Revista AutoBus<\/title>\n<meta name=\"robots\" content=\"index, follow, max-snippet:-1, max-image-preview:large, max-video-preview:-1\" \/>\n<link rel=\"canonical\" href=\"https:\/\/revistaautobus.com.br\/?p=4070\" \/>\n<meta property=\"og:locale\" content=\"pt_BR\" \/>\n<meta property=\"og:type\" content=\"article\" \/>\n<meta property=\"og:title\" content=\"Ribeir\u00e3o Preto tem planos para o g\u00e1s natural nos \u00f4nibus - Revista AutoBus\" \/>\n<meta property=\"og:description\" content=\"O contexto foi lan\u00e7ado na apresenta\u00e7\u00e3o do SuperaLab, laborat\u00f3rio de inova\u00e7\u00e3o aberta, inaugurado, recentemente, no Supera Parque de Inova\u00e7\u00e3o e Tecnologia de Ribeir\u00e3o Preto\" \/>\n<meta property=\"og:url\" content=\"https:\/\/revistaautobus.com.br\/?p=4070\" \/>\n<meta property=\"og:site_name\" content=\"Revista AutoBus\" \/>\n<meta property=\"article:publisher\" content=\"https:\/\/www.facebook.com\/antonio.ferro.3150\" \/>\n<meta property=\"article:published_time\" content=\"2021-08-13T14:19:09+00:00\" \/>\n<meta property=\"article:modified_time\" content=\"2021-08-13T14:19:11+00:00\" \/>\n<meta property=\"og:image\" content=\"https:\/\/revistaautobus.com.br\/wp-content\/uploads\/2021\/08\/WhatsApp-Image-2021-08-12-at-10.54.44.jpeg\" \/>\n\t<meta property=\"og:image:width\" content=\"1280\" \/>\n\t<meta property=\"og:image:height\" content=\"853\" \/>\n\t<meta property=\"og:image:type\" content=\"image\/jpeg\" \/>\n<meta name=\"author\" content=\"Antonio Ferro\" \/>\n<meta name=\"twitter:card\" content=\"summary_large_image\" \/>\n<meta name=\"twitter:label1\" content=\"Escrito por\" \/>\n\t<meta name=\"twitter:data1\" content=\"Antonio Ferro\" \/>\n\t<meta name=\"twitter:label2\" content=\"Est. tempo de leitura\" \/>\n\t<meta name=\"twitter:data2\" content=\"3 minutos\" \/>\n<script type=\"application\/ld+json\" class=\"yoast-schema-graph\">{\"@context\":\"https:\/\/schema.org\",\"@graph\":[{\"@type\":\"Article\",\"@id\":\"https:\/\/revistaautobus.com.br\/?p=4070#article\",\"isPartOf\":{\"@id\":\"https:\/\/revistaautobus.com.br\/?p=4070\"},\"author\":{\"name\":\"Antonio Ferro\",\"@id\":\"https:\/\/revistaautobus.com.br\/#\/schema\/person\/54af7c3eb83a310e42ef686ef6d16f50\"},\"headline\":\"Ribeir\u00e3o Preto tem planos para o g\u00e1s natural nos \u00f4nibus\",\"datePublished\":\"2021-08-13T14:19:09+00:00\",\"dateModified\":\"2021-08-13T14:19:11+00:00\",\"mainEntityOfPage\":{\"@id\":\"https:\/\/revistaautobus.com.br\/?p=4070\"},\"wordCount\":649,\"commentCount\":0,\"publisher\":{\"@id\":\"https:\/\/revistaautobus.com.br\/#organization\"},\"image\":{\"@id\":\"https:\/\/revistaautobus.com.br\/?p=4070#primaryimage\"},\"thumbnailUrl\":\"https:\/\/revistaautobus.com.br\/wp-content\/uploads\/2021\/08\/WhatsApp-Image-2021-08-12-at-10.54.44.jpeg\",\"keywords\":[\"\u00f4nibus a g\u00e1s natural\"],\"articleSection\":[\"Not\u00edcias\"],\"inLanguage\":\"pt-BR\",\"potentialAction\":[{\"@type\":\"CommentAction\",\"name\":\"Comment\",\"target\":[\"https:\/\/revistaautobus.com.br\/?p=4070#respond\"]}]},{\"@type\":\"WebPage\",\"@id\":\"https:\/\/revistaautobus.com.br\/?p=4070\",\"url\":\"https:\/\/revistaautobus.com.br\/?p=4070\",\"name\":\"Ribeir\u00e3o Preto tem planos para o g\u00e1s natural nos \u00f4nibus - Revista AutoBus\",\"isPartOf\":{\"@id\":\"https:\/\/revistaautobus.com.br\/#website\"},\"primaryImageOfPage\":{\"@id\":\"https:\/\/revistaautobus.com.br\/?p=4070#primaryimage\"},\"image\":{\"@id\":\"https:\/\/revistaautobus.com.br\/?p=4070#primaryimage\"},\"thumbnailUrl\":\"https:\/\/revistaautobus.com.br\/wp-content\/uploads\/2021\/08\/WhatsApp-Image-2021-08-12-at-10.54.44.jpeg\",\"datePublished\":\"2021-08-13T14:19:09+00:00\",\"dateModified\":\"2021-08-13T14:19:11+00:00\",\"breadcrumb\":{\"@id\":\"https:\/\/revistaautobus.com.br\/?p=4070#breadcrumb\"},\"inLanguage\":\"pt-BR\",\"potentialAction\":[{\"@type\":\"ReadAction\",\"target\":[\"https:\/\/revistaautobus.com.br\/?p=4070\"]}]},{\"@type\":\"ImageObject\",\"inLanguage\":\"pt-BR\",\"@id\":\"https:\/\/revistaautobus.com.br\/?p=4070#primaryimage\",\"url\":\"https:\/\/revistaautobus.com.br\/wp-content\/uploads\/2021\/08\/WhatsApp-Image-2021-08-12-at-10.54.44.jpeg\",\"contentUrl\":\"https:\/\/revistaautobus.com.br\/wp-content\/uploads\/2021\/08\/WhatsApp-Image-2021-08-12-at-10.54.44.jpeg\",\"width\":1280,\"height\":853},{\"@type\":\"BreadcrumbList\",\"@id\":\"https:\/\/revistaautobus.com.br\/?p=4070#breadcrumb\",\"itemListElement\":[{\"@type\":\"ListItem\",\"position\":1,\"name\":\"In\u00edcio\",\"item\":\"https:\/\/revistaautobus.com.br\/\"},{\"@type\":\"ListItem\",\"position\":2,\"name\":\"Ribeir\u00e3o Preto tem planos para o g\u00e1s natural nos \u00f4nibus\"}]},{\"@type\":\"WebSite\",\"@id\":\"https:\/\/revistaautobus.com.br\/#website\",\"url\":\"https:\/\/revistaautobus.com.br\/\",\"name\":\"Revista AutoBus\",\"description\":\"\",\"publisher\":{\"@id\":\"https:\/\/revistaautobus.com.br\/#organization\"},\"potentialAction\":[{\"@type\":\"SearchAction\",\"target\":{\"@type\":\"EntryPoint\",\"urlTemplate\":\"https:\/\/revistaautobus.com.br\/?s={search_term_string}\"},\"query-input\":{\"@type\":\"PropertyValueSpecification\",\"valueRequired\":true,\"valueName\":\"search_term_string\"}}],\"inLanguage\":\"pt-BR\"},{\"@type\":\"Organization\",\"@id\":\"https:\/\/revistaautobus.com.br\/#organization\",\"name\":\"Revista AutoBus\",\"url\":\"https:\/\/revistaautobus.com.br\/\",\"logo\":{\"@type\":\"ImageObject\",\"inLanguage\":\"pt-BR\",\"@id\":\"https:\/\/revistaautobus.com.br\/#\/schema\/logo\/image\/\",\"url\":\"https:\/\/revistaautobus.com.br\/wp-content\/uploads\/2024\/11\/logo_revista_autobus_fb.png\",\"contentUrl\":\"https:\/\/revistaautobus.com.br\/wp-content\/uploads\/2024\/11\/logo_revista_autobus_fb.png\",\"width\":836,\"height\":227,\"caption\":\"Revista AutoBus\"},\"image\":{\"@id\":\"https:\/\/revistaautobus.com.br\/#\/schema\/logo\/image\/\"},\"sameAs\":[\"https:\/\/www.facebook.com\/antonio.ferro.3150\",\"https:\/\/www.instagram.com\/revistaautobus\/\"]},{\"@type\":\"Person\",\"@id\":\"https:\/\/revistaautobus.com.br\/#\/schema\/person\/54af7c3eb83a310e42ef686ef6d16f50\",\"name\":\"Antonio Ferro\",\"image\":{\"@type\":\"ImageObject\",\"inLanguage\":\"pt-BR\",\"@id\":\"https:\/\/revistaautobus.com.br\/wp-content\/uploads\/2025\/12\/editor_antonio_ferro-150x150.jpg\",\"url\":\"https:\/\/revistaautobus.com.br\/wp-content\/uploads\/2025\/12\/editor_antonio_ferro-150x150.jpg\",\"contentUrl\":\"https:\/\/revistaautobus.com.br\/wp-content\/uploads\/2025\/12\/editor_antonio_ferro-150x150.jpg\",\"caption\":\"Antonio Ferro\"},\"description\":\"infobus@uol.com.br\",\"url\":\"https:\/\/revistaautobus.com.br\/?author=2\"}]}<\/script>\n<!-- \/ Yoast SEO plugin. -->","yoast_head_json":{"title":"Ribeir\u00e3o Preto tem planos para o g\u00e1s natural nos \u00f4nibus - Revista AutoBus","robots":{"index":"index","follow":"follow","max-snippet":"max-snippet:-1","max-image-preview":"max-image-preview:large","max-video-preview":"max-video-preview:-1"},"canonical":"https:\/\/revistaautobus.com.br\/?p=4070","og_locale":"pt_BR","og_type":"article","og_title":"Ribeir\u00e3o Preto tem planos para o g\u00e1s natural nos \u00f4nibus - Revista AutoBus","og_description":"O contexto foi lan\u00e7ado na apresenta\u00e7\u00e3o do SuperaLab, laborat\u00f3rio de inova\u00e7\u00e3o aberta, inaugurado, recentemente, no Supera Parque de Inova\u00e7\u00e3o e Tecnologia de Ribeir\u00e3o Preto","og_url":"https:\/\/revistaautobus.com.br\/?p=4070","og_site_name":"Revista AutoBus","article_publisher":"https:\/\/www.facebook.com\/antonio.ferro.3150","article_published_time":"2021-08-13T14:19:09+00:00","article_modified_time":"2021-08-13T14:19:11+00:00","og_image":[{"width":1280,"height":853,"url":"https:\/\/revistaautobus.com.br\/wp-content\/uploads\/2021\/08\/WhatsApp-Image-2021-08-12-at-10.54.44.jpeg","type":"image\/jpeg"}],"author":"Antonio Ferro","twitter_card":"summary_large_image","twitter_misc":{"Escrito por":"Antonio Ferro","Est. tempo de leitura":"3 minutos"},"schema":{"@context":"https:\/\/schema.org","@graph":[{"@type":"Article","@id":"https:\/\/revistaautobus.com.br\/?p=4070#article","isPartOf":{"@id":"https:\/\/revistaautobus.com.br\/?p=4070"},"author":{"name":"Antonio Ferro","@id":"https:\/\/revistaautobus.com.br\/#\/schema\/person\/54af7c3eb83a310e42ef686ef6d16f50"},"headline":"Ribeir\u00e3o Preto tem planos para o g\u00e1s natural nos \u00f4nibus","datePublished":"2021-08-13T14:19:09+00:00","dateModified":"2021-08-13T14:19:11+00:00","mainEntityOfPage":{"@id":"https:\/\/revistaautobus.com.br\/?p=4070"},"wordCount":649,"commentCount":0,"publisher":{"@id":"https:\/\/revistaautobus.com.br\/#organization"},"image":{"@id":"https:\/\/revistaautobus.com.br\/?p=4070#primaryimage"},"thumbnailUrl":"https:\/\/revistaautobus.com.br\/wp-content\/uploads\/2021\/08\/WhatsApp-Image-2021-08-12-at-10.54.44.jpeg","keywords":["\u00f4nibus a g\u00e1s natural"],"articleSection":["Not\u00edcias"],"inLanguage":"pt-BR","potentialAction":[{"@type":"CommentAction","name":"Comment","target":["https:\/\/revistaautobus.com.br\/?p=4070#respond"]}]},{"@type":"WebPage","@id":"https:\/\/revistaautobus.com.br\/?p=4070","url":"https:\/\/revistaautobus.com.br\/?p=4070","name":"Ribeir\u00e3o Preto tem planos para o g\u00e1s natural nos \u00f4nibus - Revista AutoBus","isPartOf":{"@id":"https:\/\/revistaautobus.com.br\/#website"},"primaryImageOfPage":{"@id":"https:\/\/revistaautobus.com.br\/?p=4070#primaryimage"},"image":{"@id":"https:\/\/revistaautobus.com.br\/?p=4070#primaryimage"},"thumbnailUrl":"https:\/\/revistaautobus.com.br\/wp-content\/uploads\/2021\/08\/WhatsApp-Image-2021-08-12-at-10.54.44.jpeg","datePublished":"2021-08-13T14:19:09+00:00","dateModified":"2021-08-13T14:19:11+00:00","breadcrumb":{"@id":"https:\/\/revistaautobus.com.br\/?p=4070#breadcrumb"},"inLanguage":"pt-BR","potentialAction":[{"@type":"ReadAction","target":["https:\/\/revistaautobus.com.br\/?p=4070"]}]},{"@type":"ImageObject","inLanguage":"pt-BR","@id":"https:\/\/revistaautobus.com.br\/?p=4070#primaryimage","url":"https:\/\/revistaautobus.com.br\/wp-content\/uploads\/2021\/08\/WhatsApp-Image-2021-08-12-at-10.54.44.jpeg","contentUrl":"https:\/\/revistaautobus.com.br\/wp-content\/uploads\/2021\/08\/WhatsApp-Image-2021-08-12-at-10.54.44.jpeg","width":1280,"height":853},{"@type":"BreadcrumbList","@id":"https:\/\/revistaautobus.com.br\/?p=4070#breadcrumb","itemListElement":[{"@type":"ListItem","position":1,"name":"In\u00edcio","item":"https:\/\/revistaautobus.com.br\/"},{"@type":"ListItem","position":2,"name":"Ribeir\u00e3o Preto tem planos para o g\u00e1s natural nos \u00f4nibus"}]},{"@type":"WebSite","@id":"https:\/\/revistaautobus.com.br\/#website","url":"https:\/\/revistaautobus.com.br\/","name":"Revista AutoBus","description":"","publisher":{"@id":"https:\/\/revistaautobus.com.br\/#organization"},"potentialAction":[{"@type":"SearchAction","target":{"@type":"EntryPoint","urlTemplate":"https:\/\/revistaautobus.com.br\/?s={search_term_string}"},"query-input":{"@type":"PropertyValueSpecification","valueRequired":true,"valueName":"search_term_string"}}],"inLanguage":"pt-BR"},{"@type":"Organization","@id":"https:\/\/revistaautobus.com.br\/#organization","name":"Revista AutoBus","url":"https:\/\/revistaautobus.com.br\/","logo":{"@type":"ImageObject","inLanguage":"pt-BR","@id":"https:\/\/revistaautobus.com.br\/#\/schema\/logo\/image\/","url":"https:\/\/revistaautobus.com.br\/wp-content\/uploads\/2024\/11\/logo_revista_autobus_fb.png","contentUrl":"https:\/\/revistaautobus.com.br\/wp-content\/uploads\/2024\/11\/logo_revista_autobus_fb.png","width":836,"height":227,"caption":"Revista AutoBus"},"image":{"@id":"https:\/\/revistaautobus.com.br\/#\/schema\/logo\/image\/"},"sameAs":["https:\/\/www.facebook.com\/antonio.ferro.3150","https:\/\/www.instagram.com\/revistaautobus\/"]},{"@type":"Person","@id":"https:\/\/revistaautobus.com.br\/#\/schema\/person\/54af7c3eb83a310e42ef686ef6d16f50","name":"Antonio Ferro","image":{"@type":"ImageObject","inLanguage":"pt-BR","@id":"https:\/\/revistaautobus.com.br\/wp-content\/uploads\/2025\/12\/editor_antonio_ferro-150x150.jpg","url":"https:\/\/revistaautobus.com.br\/wp-content\/uploads\/2025\/12\/editor_antonio_ferro-150x150.jpg","contentUrl":"https:\/\/revistaautobus.com.br\/wp-content\/uploads\/2025\/12\/editor_antonio_ferro-150x150.jpg","caption":"Antonio Ferro"},"description":"infobus@uol.com.br","url":"https:\/\/revistaautobus.com.br\/?author=2"}]}},"jetpack_featured_media_url":"https:\/\/revistaautobus.com.br\/wp-content\/uploads\/2021\/08\/WhatsApp-Image-2021-08-12-at-10.54.44.jpeg","jetpack_sharing_enabled":true,"_links":{"self":[{"href":"https:\/\/revistaautobus.com.br\/index.php?rest_route=\/wp\/v2\/posts\/4070","targetHints":{"allow":["GET"]}}],"collection":[{"href":"https:\/\/revistaautobus.com.br\/index.php?rest_route=\/wp\/v2\/posts"}],"about":[{"href":"https:\/\/revistaautobus.com.br\/index.php?rest_route=\/wp\/v2\/types\/post"}],"author":[{"embeddable":true,"href":"https:\/\/revistaautobus.com.br\/index.php?rest_route=\/wp\/v2\/users\/2"}],"replies":[{"embeddable":true,"href":"https:\/\/revistaautobus.com.br\/index.php?rest_route=%2Fwp%2Fv2%2Fcomments&post=4070"}],"version-history":[{"count":2,"href":"https:\/\/revistaautobus.com.br\/index.php?rest_route=\/wp\/v2\/posts\/4070\/revisions"}],"predecessor-version":[{"id":4073,"href":"https:\/\/revistaautobus.com.br\/index.php?rest_route=\/wp\/v2\/posts\/4070\/revisions\/4073"}],"wp:featuredmedia":[{"embeddable":true,"href":"https:\/\/revistaautobus.com.br\/index.php?rest_route=\/wp\/v2\/media\/4071"}],"wp:attachment":[{"href":"https:\/\/revistaautobus.com.br\/index.php?rest_route=%2Fwp%2Fv2%2Fmedia&parent=4070"}],"wp:term":[{"taxonomy":"category","embeddable":true,"href":"https:\/\/revistaautobus.com.br\/index.php?rest_route=%2Fwp%2Fv2%2Fcategories&post=4070"},{"taxonomy":"post_tag","embeddable":true,"href":"https:\/\/revistaautobus.com.br\/index.php?rest_route=%2Fwp%2Fv2%2Ftags&post=4070"}],"curies":[{"name":"wp","href":"https:\/\/api.w.org\/{rel}","templated":true}]}}