{"id":4390,"date":"2021-09-08T13:15:03","date_gmt":"2021-09-08T16:15:03","guid":{"rendered":"https:\/\/vila8.com.br\/clientes\/autobus\/?p=4390"},"modified":"2021-09-08T13:15:04","modified_gmt":"2021-09-08T16:15:04","slug":"transmissao-automatica-traz-vantagens","status":"publish","type":"post","link":"https:\/\/revistaautobus.com.br\/?p=4390","title":{"rendered":"Transmiss\u00e3o autom\u00e1tica traz vantagens"},"content":{"rendered":"\n<p class=\"has-drop-cap\">A operadora carioca Expresso Garcia, do transporte coletivo urbano na capital fluminense, fez um balan\u00e7o ap\u00f3s um ano e meio de opera\u00e7\u00e3o com os seus cinco \u00f4nibus Mercedes-Benz OF 1721 equipados com as transmiss\u00f5es Allison da S\u00e9rie 3000\u2122. De acordo com a transportadora, dentre as vantagens listadas est\u00e1 uma acelera\u00e7\u00e3o mais \u00e1gil, o que leva o ve\u00edculo \u00e0 sua velocidade de cruzeiro mais rapidamente, al\u00e9m da maior suavidade na opera\u00e7\u00e3o pela aus\u00eancia de trancos nas mudan\u00e7as de marchas e do menor ru\u00eddo dentro da cabine \u2013 j\u00e1 que as marchas s\u00e3o trocadas em regime de giros mais baixos do motor.<\/p>\n\n\n\n<p>Segundo Bruno Sousa, diretor de Opera\u00e7\u00f5es da Expresso Garcia, o primeiro per\u00edodo de avalia\u00e7\u00e3o dos \u00f4nibus autom\u00e1ticos trouxe surpresa, ainda que eles tenham circulado em condi\u00e7\u00f5es adversas de uso cont\u00ednuo por causa da pandemia. \u201cMesmo diante desses contratempos, ficamos satisfeitos com a qualidade das transmiss\u00f5es Allison em termos de opera\u00e7\u00e3o, seguran\u00e7a e conforto para os passageiros\u201d. Ainda, de acordo com a empresa, o conforto obtido no percurso leva alguns passageiros a at\u00e9 aguardar o ve\u00edculo com transmiss\u00e3o autom\u00e1tica para seguir viagem.<\/p>\n\n\n\n<div class=\"wp-block-image\"><figure class=\"alignright size-large is-resized\"><img loading=\"lazy\" decoding=\"async\" src=\"https:\/\/vila8.com.br\/clientes\/autobus\/wp-content\/uploads\/2021\/09\/396066_981819_3000_series-1024x682.jpg\" alt=\"\" class=\"wp-image-4392\" width=\"371\" height=\"247\" srcset=\"https:\/\/revistaautobus.com.br\/wp-content\/uploads\/2021\/09\/396066_981819_3000_series-1024x682.jpg 1024w, https:\/\/revistaautobus.com.br\/wp-content\/uploads\/2021\/09\/396066_981819_3000_series-300x200.jpg 300w, https:\/\/revistaautobus.com.br\/wp-content\/uploads\/2021\/09\/396066_981819_3000_series-768x511.jpg 768w, https:\/\/revistaautobus.com.br\/wp-content\/uploads\/2021\/09\/396066_981819_3000_series-1080x719.jpg 1080w, https:\/\/revistaautobus.com.br\/wp-content\/uploads\/2021\/09\/396066_981819_3000_series.jpg 1200w\" sizes=\"(max-width: 371px) 100vw, 371px\" \/><figcaption>A transmiss\u00e3o autom\u00e1tica da Allison<\/figcaption><\/figure><\/div>\n\n\n\n<p>E n\u00e3o s\u00f3 os passageiros tiram proveito da tecnologia. Os motoristas tamb\u00e9m s\u00e3o favorecidos com o uso da mesma, garantindo mais conforto na opera\u00e7\u00e3o, pois deixam de realizar milhares de trocas de marchas diariamente. \u201cEles destacam a facilidade de manuseio da caixa seletora, o r\u00e1pido desenvolvimento da velocidade e a suavidade das trocas de marchas, o que aumenta o conforto para os passageiros e reduz o desgaste f\u00edsico para os operadores no final do dia. Tamb\u00e9m destacaram a maior seguran\u00e7a dos \u00f4nibus em fun\u00e7\u00e3o da atua\u00e7\u00e3o da transmiss\u00e3o no sentido de que ela reduz marchas automaticamente nas descidas \u2013 situa\u00e7\u00e3o detectada pelo inclin\u00f4metro \u2013 e nas diminui\u00e7\u00f5es de velocidade, atuando como grande auxiliar do freio motor\u201d, observou Sousa.<\/p>\n\n\n\n<p>A transportadora ressalta o atendimento recebido da Allison em todo o per\u00edodo de adapta\u00e7\u00e3o aos novos ve\u00edculos, tanto no processo de calibra\u00e7\u00e3o das transmiss\u00f5es \u00e0s necessidades dos percursos, em termos de relevo e densidade de passageiros, quanto no treinamento que foi realizado com os seus motoristas. \u201cIsso colaborou sensivelmente para que eles compreendessem melhor o funcionamento da transmiss\u00e3o e tivessem o conhecimento de como aproveitar ao m\u00e1ximo as vantagens que ela oferece\u201d, finalizou o diretor.<\/p>\n\n\n\n<p>Imagens &#8211; Divulga\u00e7\u00e3o<\/p>\n","protected":false},"excerpt":{"rendered":"<p>A tecnologia traz conforto e seguran\u00e7a nas opera\u00e7\u00f5es urbanas<\/p>\n","protected":false},"author":2,"featured_media":4391,"comment_status":"open","ping_status":"open","sticky":false,"template":"","format":"standard","meta":{"_et_pb_use_builder":"off","_et_pb_old_content":"","_et_gb_content_width":"","_jetpack_memberships_contains_paid_content":false,"footnotes":""},"categories":[90],"tags":[],"class_list":["post-4390","post","type-post","status-publish","format-standard","has-post-thumbnail","hentry","category-noticias","et-has-post-format-content","et_post_format-et-post-format-standard"],"yoast_head":"<!-- This site is optimized with the Yoast SEO plugin v27.2 - https:\/\/yoast.com\/product\/yoast-seo-wordpress\/ -->\n<title>Transmiss\u00e3o autom\u00e1tica traz vantagens - Revista AutoBus<\/title>\n<meta name=\"robots\" content=\"index, follow, max-snippet:-1, max-image-preview:large, max-video-preview:-1\" \/>\n<link rel=\"canonical\" href=\"https:\/\/revistaautobus.com.br\/?p=4390\" \/>\n<meta property=\"og:locale\" content=\"pt_BR\" \/>\n<meta property=\"og:type\" content=\"article\" \/>\n<meta property=\"og:title\" content=\"Transmiss\u00e3o autom\u00e1tica traz vantagens - Revista AutoBus\" \/>\n<meta property=\"og:description\" content=\"A tecnologia traz conforto e seguran\u00e7a nas opera\u00e7\u00f5es urbanas\" \/>\n<meta property=\"og:url\" content=\"https:\/\/revistaautobus.com.br\/?p=4390\" \/>\n<meta property=\"og:site_name\" content=\"Revista AutoBus\" \/>\n<meta property=\"article:publisher\" content=\"https:\/\/www.facebook.com\/antonio.ferro.3150\" \/>\n<meta property=\"article:published_time\" content=\"2021-09-08T16:15:03+00:00\" \/>\n<meta property=\"article:modified_time\" content=\"2021-09-08T16:15:04+00:00\" \/>\n<meta property=\"og:image\" content=\"https:\/\/revistaautobus.com.br\/wp-content\/uploads\/2021\/09\/396066_981818_1-1.jpg\" \/>\n\t<meta property=\"og:image:width\" content=\"1200\" \/>\n\t<meta property=\"og:image:height\" content=\"553\" \/>\n\t<meta property=\"og:image:type\" content=\"image\/jpeg\" \/>\n<meta name=\"author\" content=\"Antonio Ferro\" \/>\n<meta name=\"twitter:card\" content=\"summary_large_image\" \/>\n<meta name=\"twitter:label1\" content=\"Escrito por\" \/>\n\t<meta name=\"twitter:data1\" content=\"Antonio Ferro\" \/>\n\t<meta name=\"twitter:label2\" content=\"Est. tempo de leitura\" \/>\n\t<meta name=\"twitter:data2\" content=\"2 minutos\" \/>\n<script type=\"application\/ld+json\" class=\"yoast-schema-graph\">{\"@context\":\"https:\/\/schema.org\",\"@graph\":[{\"@type\":\"Article\",\"@id\":\"https:\/\/revistaautobus.com.br\/?p=4390#article\",\"isPartOf\":{\"@id\":\"https:\/\/revistaautobus.com.br\/?p=4390\"},\"author\":{\"name\":\"Antonio Ferro\",\"@id\":\"https:\/\/revistaautobus.com.br\/#\/schema\/person\/54af7c3eb83a310e42ef686ef6d16f50\"},\"headline\":\"Transmiss\u00e3o autom\u00e1tica traz vantagens\",\"datePublished\":\"2021-09-08T16:15:03+00:00\",\"dateModified\":\"2021-09-08T16:15:04+00:00\",\"mainEntityOfPage\":{\"@id\":\"https:\/\/revistaautobus.com.br\/?p=4390\"},\"wordCount\":431,\"commentCount\":0,\"publisher\":{\"@id\":\"https:\/\/revistaautobus.com.br\/#organization\"},\"image\":{\"@id\":\"https:\/\/revistaautobus.com.br\/?p=4390#primaryimage\"},\"thumbnailUrl\":\"https:\/\/revistaautobus.com.br\/wp-content\/uploads\/2021\/09\/396066_981818_1-1.jpg\",\"articleSection\":[\"Not\u00edcias\"],\"inLanguage\":\"pt-BR\",\"potentialAction\":[{\"@type\":\"CommentAction\",\"name\":\"Comment\",\"target\":[\"https:\/\/revistaautobus.com.br\/?p=4390#respond\"]}]},{\"@type\":\"WebPage\",\"@id\":\"https:\/\/revistaautobus.com.br\/?p=4390\",\"url\":\"https:\/\/revistaautobus.com.br\/?p=4390\",\"name\":\"Transmiss\u00e3o autom\u00e1tica traz vantagens - Revista AutoBus\",\"isPartOf\":{\"@id\":\"https:\/\/revistaautobus.com.br\/#website\"},\"primaryImageOfPage\":{\"@id\":\"https:\/\/revistaautobus.com.br\/?p=4390#primaryimage\"},\"image\":{\"@id\":\"https:\/\/revistaautobus.com.br\/?p=4390#primaryimage\"},\"thumbnailUrl\":\"https:\/\/revistaautobus.com.br\/wp-content\/uploads\/2021\/09\/396066_981818_1-1.jpg\",\"datePublished\":\"2021-09-08T16:15:03+00:00\",\"dateModified\":\"2021-09-08T16:15:04+00:00\",\"breadcrumb\":{\"@id\":\"https:\/\/revistaautobus.com.br\/?p=4390#breadcrumb\"},\"inLanguage\":\"pt-BR\",\"potentialAction\":[{\"@type\":\"ReadAction\",\"target\":[\"https:\/\/revistaautobus.com.br\/?p=4390\"]}]},{\"@type\":\"ImageObject\",\"inLanguage\":\"pt-BR\",\"@id\":\"https:\/\/revistaautobus.com.br\/?p=4390#primaryimage\",\"url\":\"https:\/\/revistaautobus.com.br\/wp-content\/uploads\/2021\/09\/396066_981818_1-1.jpg\",\"contentUrl\":\"https:\/\/revistaautobus.com.br\/wp-content\/uploads\/2021\/09\/396066_981818_1-1.jpg\",\"width\":1200,\"height\":553},{\"@type\":\"BreadcrumbList\",\"@id\":\"https:\/\/revistaautobus.com.br\/?p=4390#breadcrumb\",\"itemListElement\":[{\"@type\":\"ListItem\",\"position\":1,\"name\":\"In\u00edcio\",\"item\":\"https:\/\/revistaautobus.com.br\/\"},{\"@type\":\"ListItem\",\"position\":2,\"name\":\"Transmiss\u00e3o autom\u00e1tica traz vantagens\"}]},{\"@type\":\"WebSite\",\"@id\":\"https:\/\/revistaautobus.com.br\/#website\",\"url\":\"https:\/\/revistaautobus.com.br\/\",\"name\":\"Revista AutoBus\",\"description\":\"\",\"publisher\":{\"@id\":\"https:\/\/revistaautobus.com.br\/#organization\"},\"potentialAction\":[{\"@type\":\"SearchAction\",\"target\":{\"@type\":\"EntryPoint\",\"urlTemplate\":\"https:\/\/revistaautobus.com.br\/?s={search_term_string}\"},\"query-input\":{\"@type\":\"PropertyValueSpecification\",\"valueRequired\":true,\"valueName\":\"search_term_string\"}}],\"inLanguage\":\"pt-BR\"},{\"@type\":\"Organization\",\"@id\":\"https:\/\/revistaautobus.com.br\/#organization\",\"name\":\"Revista AutoBus\",\"url\":\"https:\/\/revistaautobus.com.br\/\",\"logo\":{\"@type\":\"ImageObject\",\"inLanguage\":\"pt-BR\",\"@id\":\"https:\/\/revistaautobus.com.br\/#\/schema\/logo\/image\/\",\"url\":\"https:\/\/revistaautobus.com.br\/wp-content\/uploads\/2024\/11\/logo_revista_autobus_fb.png\",\"contentUrl\":\"https:\/\/revistaautobus.com.br\/wp-content\/uploads\/2024\/11\/logo_revista_autobus_fb.png\",\"width\":836,\"height\":227,\"caption\":\"Revista AutoBus\"},\"image\":{\"@id\":\"https:\/\/revistaautobus.com.br\/#\/schema\/logo\/image\/\"},\"sameAs\":[\"https:\/\/www.facebook.com\/antonio.ferro.3150\",\"https:\/\/www.instagram.com\/revistaautobus\/\"]},{\"@type\":\"Person\",\"@id\":\"https:\/\/revistaautobus.com.br\/#\/schema\/person\/54af7c3eb83a310e42ef686ef6d16f50\",\"name\":\"Antonio Ferro\",\"image\":{\"@type\":\"ImageObject\",\"inLanguage\":\"pt-BR\",\"@id\":\"https:\/\/revistaautobus.com.br\/wp-content\/uploads\/2025\/12\/editor_antonio_ferro-150x150.jpg\",\"url\":\"https:\/\/revistaautobus.com.br\/wp-content\/uploads\/2025\/12\/editor_antonio_ferro-150x150.jpg\",\"contentUrl\":\"https:\/\/revistaautobus.com.br\/wp-content\/uploads\/2025\/12\/editor_antonio_ferro-150x150.jpg\",\"caption\":\"Antonio Ferro\"},\"description\":\"infobus@uol.com.br\",\"url\":\"https:\/\/revistaautobus.com.br\/?author=2\"}]}<\/script>\n<!-- \/ Yoast SEO plugin. -->","yoast_head_json":{"title":"Transmiss\u00e3o autom\u00e1tica traz vantagens - Revista AutoBus","robots":{"index":"index","follow":"follow","max-snippet":"max-snippet:-1","max-image-preview":"max-image-preview:large","max-video-preview":"max-video-preview:-1"},"canonical":"https:\/\/revistaautobus.com.br\/?p=4390","og_locale":"pt_BR","og_type":"article","og_title":"Transmiss\u00e3o autom\u00e1tica traz vantagens - Revista AutoBus","og_description":"A tecnologia traz conforto e seguran\u00e7a nas opera\u00e7\u00f5es urbanas","og_url":"https:\/\/revistaautobus.com.br\/?p=4390","og_site_name":"Revista AutoBus","article_publisher":"https:\/\/www.facebook.com\/antonio.ferro.3150","article_published_time":"2021-09-08T16:15:03+00:00","article_modified_time":"2021-09-08T16:15:04+00:00","og_image":[{"width":1200,"height":553,"url":"https:\/\/revistaautobus.com.br\/wp-content\/uploads\/2021\/09\/396066_981818_1-1.jpg","type":"image\/jpeg"}],"author":"Antonio Ferro","twitter_card":"summary_large_image","twitter_misc":{"Escrito por":"Antonio Ferro","Est. tempo de leitura":"2 minutos"},"schema":{"@context":"https:\/\/schema.org","@graph":[{"@type":"Article","@id":"https:\/\/revistaautobus.com.br\/?p=4390#article","isPartOf":{"@id":"https:\/\/revistaautobus.com.br\/?p=4390"},"author":{"name":"Antonio Ferro","@id":"https:\/\/revistaautobus.com.br\/#\/schema\/person\/54af7c3eb83a310e42ef686ef6d16f50"},"headline":"Transmiss\u00e3o autom\u00e1tica traz vantagens","datePublished":"2021-09-08T16:15:03+00:00","dateModified":"2021-09-08T16:15:04+00:00","mainEntityOfPage":{"@id":"https:\/\/revistaautobus.com.br\/?p=4390"},"wordCount":431,"commentCount":0,"publisher":{"@id":"https:\/\/revistaautobus.com.br\/#organization"},"image":{"@id":"https:\/\/revistaautobus.com.br\/?p=4390#primaryimage"},"thumbnailUrl":"https:\/\/revistaautobus.com.br\/wp-content\/uploads\/2021\/09\/396066_981818_1-1.jpg","articleSection":["Not\u00edcias"],"inLanguage":"pt-BR","potentialAction":[{"@type":"CommentAction","name":"Comment","target":["https:\/\/revistaautobus.com.br\/?p=4390#respond"]}]},{"@type":"WebPage","@id":"https:\/\/revistaautobus.com.br\/?p=4390","url":"https:\/\/revistaautobus.com.br\/?p=4390","name":"Transmiss\u00e3o autom\u00e1tica traz vantagens - Revista AutoBus","isPartOf":{"@id":"https:\/\/revistaautobus.com.br\/#website"},"primaryImageOfPage":{"@id":"https:\/\/revistaautobus.com.br\/?p=4390#primaryimage"},"image":{"@id":"https:\/\/revistaautobus.com.br\/?p=4390#primaryimage"},"thumbnailUrl":"https:\/\/revistaautobus.com.br\/wp-content\/uploads\/2021\/09\/396066_981818_1-1.jpg","datePublished":"2021-09-08T16:15:03+00:00","dateModified":"2021-09-08T16:15:04+00:00","breadcrumb":{"@id":"https:\/\/revistaautobus.com.br\/?p=4390#breadcrumb"},"inLanguage":"pt-BR","potentialAction":[{"@type":"ReadAction","target":["https:\/\/revistaautobus.com.br\/?p=4390"]}]},{"@type":"ImageObject","inLanguage":"pt-BR","@id":"https:\/\/revistaautobus.com.br\/?p=4390#primaryimage","url":"https:\/\/revistaautobus.com.br\/wp-content\/uploads\/2021\/09\/396066_981818_1-1.jpg","contentUrl":"https:\/\/revistaautobus.com.br\/wp-content\/uploads\/2021\/09\/396066_981818_1-1.jpg","width":1200,"height":553},{"@type":"BreadcrumbList","@id":"https:\/\/revistaautobus.com.br\/?p=4390#breadcrumb","itemListElement":[{"@type":"ListItem","position":1,"name":"In\u00edcio","item":"https:\/\/revistaautobus.com.br\/"},{"@type":"ListItem","position":2,"name":"Transmiss\u00e3o autom\u00e1tica traz vantagens"}]},{"@type":"WebSite","@id":"https:\/\/revistaautobus.com.br\/#website","url":"https:\/\/revistaautobus.com.br\/","name":"Revista AutoBus","description":"","publisher":{"@id":"https:\/\/revistaautobus.com.br\/#organization"},"potentialAction":[{"@type":"SearchAction","target":{"@type":"EntryPoint","urlTemplate":"https:\/\/revistaautobus.com.br\/?s={search_term_string}"},"query-input":{"@type":"PropertyValueSpecification","valueRequired":true,"valueName":"search_term_string"}}],"inLanguage":"pt-BR"},{"@type":"Organization","@id":"https:\/\/revistaautobus.com.br\/#organization","name":"Revista AutoBus","url":"https:\/\/revistaautobus.com.br\/","logo":{"@type":"ImageObject","inLanguage":"pt-BR","@id":"https:\/\/revistaautobus.com.br\/#\/schema\/logo\/image\/","url":"https:\/\/revistaautobus.com.br\/wp-content\/uploads\/2024\/11\/logo_revista_autobus_fb.png","contentUrl":"https:\/\/revistaautobus.com.br\/wp-content\/uploads\/2024\/11\/logo_revista_autobus_fb.png","width":836,"height":227,"caption":"Revista AutoBus"},"image":{"@id":"https:\/\/revistaautobus.com.br\/#\/schema\/logo\/image\/"},"sameAs":["https:\/\/www.facebook.com\/antonio.ferro.3150","https:\/\/www.instagram.com\/revistaautobus\/"]},{"@type":"Person","@id":"https:\/\/revistaautobus.com.br\/#\/schema\/person\/54af7c3eb83a310e42ef686ef6d16f50","name":"Antonio Ferro","image":{"@type":"ImageObject","inLanguage":"pt-BR","@id":"https:\/\/revistaautobus.com.br\/wp-content\/uploads\/2025\/12\/editor_antonio_ferro-150x150.jpg","url":"https:\/\/revistaautobus.com.br\/wp-content\/uploads\/2025\/12\/editor_antonio_ferro-150x150.jpg","contentUrl":"https:\/\/revistaautobus.com.br\/wp-content\/uploads\/2025\/12\/editor_antonio_ferro-150x150.jpg","caption":"Antonio Ferro"},"description":"infobus@uol.com.br","url":"https:\/\/revistaautobus.com.br\/?author=2"}]}},"jetpack_featured_media_url":"https:\/\/revistaautobus.com.br\/wp-content\/uploads\/2021\/09\/396066_981818_1-1.jpg","jetpack_sharing_enabled":true,"_links":{"self":[{"href":"https:\/\/revistaautobus.com.br\/index.php?rest_route=\/wp\/v2\/posts\/4390","targetHints":{"allow":["GET"]}}],"collection":[{"href":"https:\/\/revistaautobus.com.br\/index.php?rest_route=\/wp\/v2\/posts"}],"about":[{"href":"https:\/\/revistaautobus.com.br\/index.php?rest_route=\/wp\/v2\/types\/post"}],"author":[{"embeddable":true,"href":"https:\/\/revistaautobus.com.br\/index.php?rest_route=\/wp\/v2\/users\/2"}],"replies":[{"embeddable":true,"href":"https:\/\/revistaautobus.com.br\/index.php?rest_route=%2Fwp%2Fv2%2Fcomments&post=4390"}],"version-history":[{"count":2,"href":"https:\/\/revistaautobus.com.br\/index.php?rest_route=\/wp\/v2\/posts\/4390\/revisions"}],"predecessor-version":[{"id":4394,"href":"https:\/\/revistaautobus.com.br\/index.php?rest_route=\/wp\/v2\/posts\/4390\/revisions\/4394"}],"wp:featuredmedia":[{"embeddable":true,"href":"https:\/\/revistaautobus.com.br\/index.php?rest_route=\/wp\/v2\/media\/4391"}],"wp:attachment":[{"href":"https:\/\/revistaautobus.com.br\/index.php?rest_route=%2Fwp%2Fv2%2Fmedia&parent=4390"}],"wp:term":[{"taxonomy":"category","embeddable":true,"href":"https:\/\/revistaautobus.com.br\/index.php?rest_route=%2Fwp%2Fv2%2Fcategories&post=4390"},{"taxonomy":"post_tag","embeddable":true,"href":"https:\/\/revistaautobus.com.br\/index.php?rest_route=%2Fwp%2Fv2%2Ftags&post=4390"}],"curies":[{"name":"wp","href":"https:\/\/api.w.org\/{rel}","templated":true}]}}