{"id":4408,"date":"2021-09-10T16:51:20","date_gmt":"2021-09-10T19:51:20","guid":{"rendered":"https:\/\/vila8.com.br\/clientes\/autobus\/?p=4408"},"modified":"2021-09-10T16:52:29","modified_gmt":"2021-09-10T19:52:29","slug":"em-defesa-do-bom-uso-da-agua","status":"publish","type":"post","link":"https:\/\/revistaautobus.com.br\/?p=4408","title":{"rendered":"Em defesa do bom uso da \u00e1gua"},"content":{"rendered":"\n<p class=\"has-drop-cap\">Atuando desde o ano de 2008 no transporte coletivo metropolitano de Porto Alegre, RS, a operadora Transcal investiu em pol\u00edticas de sustentabilidade ambiental ao implantar em sua sede a esta\u00e7\u00e3o de tratamento de \u00e1gua, com tecnologia 100% nacional, o que permite que toda a higieniza\u00e7\u00e3o interna e externa da sua frota de 194 ve\u00edculos, assim como o enx\u00e1gue de pe\u00e7as mec\u00e2nicas, sejam realizados com \u00e1gua que \u00e9 devolvida para a natureza totalmente tratada. No total, a esta\u00e7\u00e3o \u00e9 capaz de processar at\u00e9 30 mil litros de \u00e1gua por dia, sendo que para a limpeza de cada ve\u00edculo s\u00e3o utilizados em m\u00e9dia 250 litros.<\/p>\n\n\n\n<p>De acordo com Pedro Bessa, gerente-geral da Transcal, o sistema de tratamento de efluentes foi projetado para atender a totalidade da lavagem de ve\u00edculos e o enxague de pe\u00e7as de manuten\u00e7\u00e3o mec\u00e2nica, e compreende desde os dispositivos para coleta at\u00e9 o reservat\u00f3rio de efluentes tratados. \u201cO respeito \u00e0 natureza come\u00e7a em casa e para a Transcal isso significa se apropriar de um sistema que nos permite ter controle sobre o uso dos recursos h\u00eddricos de forma inteligente e utiliz\u00e1-los com responsabilidade\u201d, disse Bessa.<\/p>\n\n\n\n<div class=\"wp-block-image\"><figure class=\"alignright size-large is-resized\"><img loading=\"lazy\" decoding=\"async\" src=\"https:\/\/vila8.com.br\/clientes\/autobus\/wp-content\/uploads\/2021\/09\/Etapas-Qualidade-da-agua-1024x768.jpeg\" alt=\"\" class=\"wp-image-4410\" width=\"463\" height=\"347\" srcset=\"https:\/\/revistaautobus.com.br\/wp-content\/uploads\/2021\/09\/Etapas-Qualidade-da-agua-1024x768.jpeg 1024w, https:\/\/revistaautobus.com.br\/wp-content\/uploads\/2021\/09\/Etapas-Qualidade-da-agua-300x225.jpeg 300w, https:\/\/revistaautobus.com.br\/wp-content\/uploads\/2021\/09\/Etapas-Qualidade-da-agua-768x576.jpeg 768w, https:\/\/revistaautobus.com.br\/wp-content\/uploads\/2021\/09\/Etapas-Qualidade-da-agua-1080x810.jpeg 1080w, https:\/\/revistaautobus.com.br\/wp-content\/uploads\/2021\/09\/Etapas-Qualidade-da-agua.jpeg 1200w\" sizes=\"(max-width: 463px) 100vw, 463px\" \/><figcaption><span class=\"has-inline-color has-vivid-cyan-blue-color\"><strong><em>Processo de limpeza da \u00e1gua servida permite que a mesma fique limp<\/em><\/strong>a<\/span><\/figcaption><\/figure><\/div>\n\n\n\n<p>Em linhas gerais, o processo de limpeza da \u00e1gua servida na lavagem dos ve\u00edculos ou enx\u00e1gue de pe\u00e7as mec\u00e2nicas, \u00e9 simples. Ap\u00f3s seu uso, ela \u00e9 encaminhada at\u00e9 caixas separadoras por uma s\u00e9rie de calhas localizadas no pavimento da garagem da empresa. A \u00e1gua \u00e9 ent\u00e3o bombeada para o reservat\u00f3rio da esta\u00e7\u00e3o, onde passa por tratamentos qu\u00edmicos e processos f\u00edsicos, como decanta\u00e7\u00e3o e filtra\u00e7\u00e3o, que a livram de impurezas, \u00f3leos e quaisquer res\u00edduos provenientes do processo de lavagem. Da esta\u00e7\u00e3o, a \u00e1gua \u00e9 devolvida para um a\u00e7ude localizado na pr\u00f3pria sede da empresa, fechando assim um ciclo que n\u00e3o s\u00f3 evita o desperd\u00edcio da \u00e1gua como n\u00e3o agride o meio ambiente.<\/p>\n\n\n\n<p>A frota da transportadora ga\u00facha, com idade m\u00e9dia de 9 anos, atua em 39 linhas principais, nas categorias convencional, executivo e seletivo, operando tamb\u00e9m no servi\u00e7o de fretamento para todo o estado do Rio Grande do Sul.<\/p>\n\n\n\n<p>Imagens &#8211; Divulga\u00e7\u00e3o<\/p>\n","protected":false},"excerpt":{"rendered":"<p>Em linhas gerais, o processo de limpeza da \u00e1gua servida na lavagem dos ve\u00edculos ou enx\u00e1gue de pe\u00e7as mec\u00e2nicas, \u00e9 simples<\/p>\n","protected":false},"author":2,"featured_media":4409,"comment_status":"open","ping_status":"open","sticky":false,"template":"","format":"standard","meta":{"_et_pb_use_builder":"off","_et_pb_old_content":"","_et_gb_content_width":"","_jetpack_memberships_contains_paid_content":false,"footnotes":""},"categories":[90],"tags":[163,162],"class_list":["post-4408","post","type-post","status-publish","format-standard","has-post-thumbnail","hentry","category-noticias","tag-agua-reutilizada","tag-transcal","et-has-post-format-content","et_post_format-et-post-format-standard"],"yoast_head":"<!-- This site is optimized with the Yoast SEO plugin v27.2 - https:\/\/yoast.com\/product\/yoast-seo-wordpress\/ -->\n<title>Em defesa do bom uso da \u00e1gua - Revista AutoBus<\/title>\n<meta name=\"robots\" content=\"index, follow, max-snippet:-1, max-image-preview:large, max-video-preview:-1\" \/>\n<link rel=\"canonical\" href=\"https:\/\/revistaautobus.com.br\/?p=4408\" \/>\n<meta property=\"og:locale\" content=\"pt_BR\" \/>\n<meta property=\"og:type\" content=\"article\" \/>\n<meta property=\"og:title\" content=\"Em defesa do bom uso da \u00e1gua - Revista AutoBus\" \/>\n<meta property=\"og:description\" content=\"Em linhas gerais, o processo de limpeza da \u00e1gua servida na lavagem dos ve\u00edculos ou enx\u00e1gue de pe\u00e7as mec\u00e2nicas, \u00e9 simples\" \/>\n<meta property=\"og:url\" content=\"https:\/\/revistaautobus.com.br\/?p=4408\" \/>\n<meta property=\"og:site_name\" content=\"Revista AutoBus\" \/>\n<meta property=\"article:publisher\" content=\"https:\/\/www.facebook.com\/antonio.ferro.3150\" \/>\n<meta property=\"article:published_time\" content=\"2021-09-10T19:51:20+00:00\" \/>\n<meta property=\"article:modified_time\" content=\"2021-09-10T19:52:29+00:00\" \/>\n<meta property=\"og:image\" content=\"https:\/\/revistaautobus.com.br\/wp-content\/uploads\/2021\/09\/TRANSCAL-Lavagem-de-veiculo-2-Credito-Divulgacao-.jpeg\" \/>\n\t<meta property=\"og:image:width\" content=\"1200\" \/>\n\t<meta property=\"og:image:height\" content=\"1600\" \/>\n\t<meta property=\"og:image:type\" content=\"image\/jpeg\" \/>\n<meta name=\"author\" content=\"Antonio Ferro\" \/>\n<meta name=\"twitter:card\" content=\"summary_large_image\" \/>\n<meta name=\"twitter:label1\" content=\"Escrito por\" \/>\n\t<meta name=\"twitter:data1\" content=\"Antonio Ferro\" \/>\n\t<meta name=\"twitter:label2\" content=\"Est. tempo de leitura\" \/>\n\t<meta name=\"twitter:data2\" content=\"2 minutos\" \/>\n<script type=\"application\/ld+json\" class=\"yoast-schema-graph\">{\"@context\":\"https:\/\/schema.org\",\"@graph\":[{\"@type\":\"Article\",\"@id\":\"https:\/\/revistaautobus.com.br\/?p=4408#article\",\"isPartOf\":{\"@id\":\"https:\/\/revistaautobus.com.br\/?p=4408\"},\"author\":{\"name\":\"Antonio Ferro\",\"@id\":\"https:\/\/revistaautobus.com.br\/#\/schema\/person\/54af7c3eb83a310e42ef686ef6d16f50\"},\"headline\":\"Em defesa do bom uso da \u00e1gua\",\"datePublished\":\"2021-09-10T19:51:20+00:00\",\"dateModified\":\"2021-09-10T19:52:29+00:00\",\"mainEntityOfPage\":{\"@id\":\"https:\/\/revistaautobus.com.br\/?p=4408\"},\"wordCount\":387,\"commentCount\":0,\"publisher\":{\"@id\":\"https:\/\/revistaautobus.com.br\/#organization\"},\"image\":{\"@id\":\"https:\/\/revistaautobus.com.br\/?p=4408#primaryimage\"},\"thumbnailUrl\":\"https:\/\/revistaautobus.com.br\/wp-content\/uploads\/2021\/09\/TRANSCAL-Lavagem-de-veiculo-2-Credito-Divulgacao-.jpeg\",\"keywords\":[\"\u00c1gua reutilizada\",\"Transcal\"],\"articleSection\":[\"Not\u00edcias\"],\"inLanguage\":\"pt-BR\",\"potentialAction\":[{\"@type\":\"CommentAction\",\"name\":\"Comment\",\"target\":[\"https:\/\/revistaautobus.com.br\/?p=4408#respond\"]}]},{\"@type\":\"WebPage\",\"@id\":\"https:\/\/revistaautobus.com.br\/?p=4408\",\"url\":\"https:\/\/revistaautobus.com.br\/?p=4408\",\"name\":\"Em defesa do bom uso da \u00e1gua - Revista AutoBus\",\"isPartOf\":{\"@id\":\"https:\/\/revistaautobus.com.br\/#website\"},\"primaryImageOfPage\":{\"@id\":\"https:\/\/revistaautobus.com.br\/?p=4408#primaryimage\"},\"image\":{\"@id\":\"https:\/\/revistaautobus.com.br\/?p=4408#primaryimage\"},\"thumbnailUrl\":\"https:\/\/revistaautobus.com.br\/wp-content\/uploads\/2021\/09\/TRANSCAL-Lavagem-de-veiculo-2-Credito-Divulgacao-.jpeg\",\"datePublished\":\"2021-09-10T19:51:20+00:00\",\"dateModified\":\"2021-09-10T19:52:29+00:00\",\"breadcrumb\":{\"@id\":\"https:\/\/revistaautobus.com.br\/?p=4408#breadcrumb\"},\"inLanguage\":\"pt-BR\",\"potentialAction\":[{\"@type\":\"ReadAction\",\"target\":[\"https:\/\/revistaautobus.com.br\/?p=4408\"]}]},{\"@type\":\"ImageObject\",\"inLanguage\":\"pt-BR\",\"@id\":\"https:\/\/revistaautobus.com.br\/?p=4408#primaryimage\",\"url\":\"https:\/\/revistaautobus.com.br\/wp-content\/uploads\/2021\/09\/TRANSCAL-Lavagem-de-veiculo-2-Credito-Divulgacao-.jpeg\",\"contentUrl\":\"https:\/\/revistaautobus.com.br\/wp-content\/uploads\/2021\/09\/TRANSCAL-Lavagem-de-veiculo-2-Credito-Divulgacao-.jpeg\",\"width\":1200,\"height\":1600},{\"@type\":\"BreadcrumbList\",\"@id\":\"https:\/\/revistaautobus.com.br\/?p=4408#breadcrumb\",\"itemListElement\":[{\"@type\":\"ListItem\",\"position\":1,\"name\":\"In\u00edcio\",\"item\":\"https:\/\/revistaautobus.com.br\/\"},{\"@type\":\"ListItem\",\"position\":2,\"name\":\"Em defesa do bom uso da \u00e1gua\"}]},{\"@type\":\"WebSite\",\"@id\":\"https:\/\/revistaautobus.com.br\/#website\",\"url\":\"https:\/\/revistaautobus.com.br\/\",\"name\":\"Revista AutoBus\",\"description\":\"\",\"publisher\":{\"@id\":\"https:\/\/revistaautobus.com.br\/#organization\"},\"potentialAction\":[{\"@type\":\"SearchAction\",\"target\":{\"@type\":\"EntryPoint\",\"urlTemplate\":\"https:\/\/revistaautobus.com.br\/?s={search_term_string}\"},\"query-input\":{\"@type\":\"PropertyValueSpecification\",\"valueRequired\":true,\"valueName\":\"search_term_string\"}}],\"inLanguage\":\"pt-BR\"},{\"@type\":\"Organization\",\"@id\":\"https:\/\/revistaautobus.com.br\/#organization\",\"name\":\"Revista AutoBus\",\"url\":\"https:\/\/revistaautobus.com.br\/\",\"logo\":{\"@type\":\"ImageObject\",\"inLanguage\":\"pt-BR\",\"@id\":\"https:\/\/revistaautobus.com.br\/#\/schema\/logo\/image\/\",\"url\":\"https:\/\/revistaautobus.com.br\/wp-content\/uploads\/2024\/11\/logo_revista_autobus_fb.png\",\"contentUrl\":\"https:\/\/revistaautobus.com.br\/wp-content\/uploads\/2024\/11\/logo_revista_autobus_fb.png\",\"width\":836,\"height\":227,\"caption\":\"Revista AutoBus\"},\"image\":{\"@id\":\"https:\/\/revistaautobus.com.br\/#\/schema\/logo\/image\/\"},\"sameAs\":[\"https:\/\/www.facebook.com\/antonio.ferro.3150\",\"https:\/\/www.instagram.com\/revistaautobus\/\"]},{\"@type\":\"Person\",\"@id\":\"https:\/\/revistaautobus.com.br\/#\/schema\/person\/54af7c3eb83a310e42ef686ef6d16f50\",\"name\":\"Antonio Ferro\",\"image\":{\"@type\":\"ImageObject\",\"inLanguage\":\"pt-BR\",\"@id\":\"https:\/\/revistaautobus.com.br\/wp-content\/uploads\/2025\/12\/editor_antonio_ferro-150x150.jpg\",\"url\":\"https:\/\/revistaautobus.com.br\/wp-content\/uploads\/2025\/12\/editor_antonio_ferro-150x150.jpg\",\"contentUrl\":\"https:\/\/revistaautobus.com.br\/wp-content\/uploads\/2025\/12\/editor_antonio_ferro-150x150.jpg\",\"caption\":\"Antonio Ferro\"},\"description\":\"infobus@uol.com.br\",\"url\":\"https:\/\/revistaautobus.com.br\/?author=2\"}]}<\/script>\n<!-- \/ Yoast SEO plugin. -->","yoast_head_json":{"title":"Em defesa do bom uso da \u00e1gua - Revista AutoBus","robots":{"index":"index","follow":"follow","max-snippet":"max-snippet:-1","max-image-preview":"max-image-preview:large","max-video-preview":"max-video-preview:-1"},"canonical":"https:\/\/revistaautobus.com.br\/?p=4408","og_locale":"pt_BR","og_type":"article","og_title":"Em defesa do bom uso da \u00e1gua - Revista AutoBus","og_description":"Em linhas gerais, o processo de limpeza da \u00e1gua servida na lavagem dos ve\u00edculos ou enx\u00e1gue de pe\u00e7as mec\u00e2nicas, \u00e9 simples","og_url":"https:\/\/revistaautobus.com.br\/?p=4408","og_site_name":"Revista AutoBus","article_publisher":"https:\/\/www.facebook.com\/antonio.ferro.3150","article_published_time":"2021-09-10T19:51:20+00:00","article_modified_time":"2021-09-10T19:52:29+00:00","og_image":[{"width":1200,"height":1600,"url":"https:\/\/revistaautobus.com.br\/wp-content\/uploads\/2021\/09\/TRANSCAL-Lavagem-de-veiculo-2-Credito-Divulgacao-.jpeg","type":"image\/jpeg"}],"author":"Antonio Ferro","twitter_card":"summary_large_image","twitter_misc":{"Escrito por":"Antonio Ferro","Est. tempo de leitura":"2 minutos"},"schema":{"@context":"https:\/\/schema.org","@graph":[{"@type":"Article","@id":"https:\/\/revistaautobus.com.br\/?p=4408#article","isPartOf":{"@id":"https:\/\/revistaautobus.com.br\/?p=4408"},"author":{"name":"Antonio Ferro","@id":"https:\/\/revistaautobus.com.br\/#\/schema\/person\/54af7c3eb83a310e42ef686ef6d16f50"},"headline":"Em defesa do bom uso da \u00e1gua","datePublished":"2021-09-10T19:51:20+00:00","dateModified":"2021-09-10T19:52:29+00:00","mainEntityOfPage":{"@id":"https:\/\/revistaautobus.com.br\/?p=4408"},"wordCount":387,"commentCount":0,"publisher":{"@id":"https:\/\/revistaautobus.com.br\/#organization"},"image":{"@id":"https:\/\/revistaautobus.com.br\/?p=4408#primaryimage"},"thumbnailUrl":"https:\/\/revistaautobus.com.br\/wp-content\/uploads\/2021\/09\/TRANSCAL-Lavagem-de-veiculo-2-Credito-Divulgacao-.jpeg","keywords":["\u00c1gua reutilizada","Transcal"],"articleSection":["Not\u00edcias"],"inLanguage":"pt-BR","potentialAction":[{"@type":"CommentAction","name":"Comment","target":["https:\/\/revistaautobus.com.br\/?p=4408#respond"]}]},{"@type":"WebPage","@id":"https:\/\/revistaautobus.com.br\/?p=4408","url":"https:\/\/revistaautobus.com.br\/?p=4408","name":"Em defesa do bom uso da \u00e1gua - Revista AutoBus","isPartOf":{"@id":"https:\/\/revistaautobus.com.br\/#website"},"primaryImageOfPage":{"@id":"https:\/\/revistaautobus.com.br\/?p=4408#primaryimage"},"image":{"@id":"https:\/\/revistaautobus.com.br\/?p=4408#primaryimage"},"thumbnailUrl":"https:\/\/revistaautobus.com.br\/wp-content\/uploads\/2021\/09\/TRANSCAL-Lavagem-de-veiculo-2-Credito-Divulgacao-.jpeg","datePublished":"2021-09-10T19:51:20+00:00","dateModified":"2021-09-10T19:52:29+00:00","breadcrumb":{"@id":"https:\/\/revistaautobus.com.br\/?p=4408#breadcrumb"},"inLanguage":"pt-BR","potentialAction":[{"@type":"ReadAction","target":["https:\/\/revistaautobus.com.br\/?p=4408"]}]},{"@type":"ImageObject","inLanguage":"pt-BR","@id":"https:\/\/revistaautobus.com.br\/?p=4408#primaryimage","url":"https:\/\/revistaautobus.com.br\/wp-content\/uploads\/2021\/09\/TRANSCAL-Lavagem-de-veiculo-2-Credito-Divulgacao-.jpeg","contentUrl":"https:\/\/revistaautobus.com.br\/wp-content\/uploads\/2021\/09\/TRANSCAL-Lavagem-de-veiculo-2-Credito-Divulgacao-.jpeg","width":1200,"height":1600},{"@type":"BreadcrumbList","@id":"https:\/\/revistaautobus.com.br\/?p=4408#breadcrumb","itemListElement":[{"@type":"ListItem","position":1,"name":"In\u00edcio","item":"https:\/\/revistaautobus.com.br\/"},{"@type":"ListItem","position":2,"name":"Em defesa do bom uso da \u00e1gua"}]},{"@type":"WebSite","@id":"https:\/\/revistaautobus.com.br\/#website","url":"https:\/\/revistaautobus.com.br\/","name":"Revista AutoBus","description":"","publisher":{"@id":"https:\/\/revistaautobus.com.br\/#organization"},"potentialAction":[{"@type":"SearchAction","target":{"@type":"EntryPoint","urlTemplate":"https:\/\/revistaautobus.com.br\/?s={search_term_string}"},"query-input":{"@type":"PropertyValueSpecification","valueRequired":true,"valueName":"search_term_string"}}],"inLanguage":"pt-BR"},{"@type":"Organization","@id":"https:\/\/revistaautobus.com.br\/#organization","name":"Revista AutoBus","url":"https:\/\/revistaautobus.com.br\/","logo":{"@type":"ImageObject","inLanguage":"pt-BR","@id":"https:\/\/revistaautobus.com.br\/#\/schema\/logo\/image\/","url":"https:\/\/revistaautobus.com.br\/wp-content\/uploads\/2024\/11\/logo_revista_autobus_fb.png","contentUrl":"https:\/\/revistaautobus.com.br\/wp-content\/uploads\/2024\/11\/logo_revista_autobus_fb.png","width":836,"height":227,"caption":"Revista AutoBus"},"image":{"@id":"https:\/\/revistaautobus.com.br\/#\/schema\/logo\/image\/"},"sameAs":["https:\/\/www.facebook.com\/antonio.ferro.3150","https:\/\/www.instagram.com\/revistaautobus\/"]},{"@type":"Person","@id":"https:\/\/revistaautobus.com.br\/#\/schema\/person\/54af7c3eb83a310e42ef686ef6d16f50","name":"Antonio Ferro","image":{"@type":"ImageObject","inLanguage":"pt-BR","@id":"https:\/\/revistaautobus.com.br\/wp-content\/uploads\/2025\/12\/editor_antonio_ferro-150x150.jpg","url":"https:\/\/revistaautobus.com.br\/wp-content\/uploads\/2025\/12\/editor_antonio_ferro-150x150.jpg","contentUrl":"https:\/\/revistaautobus.com.br\/wp-content\/uploads\/2025\/12\/editor_antonio_ferro-150x150.jpg","caption":"Antonio Ferro"},"description":"infobus@uol.com.br","url":"https:\/\/revistaautobus.com.br\/?author=2"}]}},"jetpack_featured_media_url":"https:\/\/revistaautobus.com.br\/wp-content\/uploads\/2021\/09\/TRANSCAL-Lavagem-de-veiculo-2-Credito-Divulgacao-.jpeg","jetpack_sharing_enabled":true,"_links":{"self":[{"href":"https:\/\/revistaautobus.com.br\/index.php?rest_route=\/wp\/v2\/posts\/4408","targetHints":{"allow":["GET"]}}],"collection":[{"href":"https:\/\/revistaautobus.com.br\/index.php?rest_route=\/wp\/v2\/posts"}],"about":[{"href":"https:\/\/revistaautobus.com.br\/index.php?rest_route=\/wp\/v2\/types\/post"}],"author":[{"embeddable":true,"href":"https:\/\/revistaautobus.com.br\/index.php?rest_route=\/wp\/v2\/users\/2"}],"replies":[{"embeddable":true,"href":"https:\/\/revistaautobus.com.br\/index.php?rest_route=%2Fwp%2Fv2%2Fcomments&post=4408"}],"version-history":[{"count":4,"href":"https:\/\/revistaautobus.com.br\/index.php?rest_route=\/wp\/v2\/posts\/4408\/revisions"}],"predecessor-version":[{"id":4416,"href":"https:\/\/revistaautobus.com.br\/index.php?rest_route=\/wp\/v2\/posts\/4408\/revisions\/4416"}],"wp:featuredmedia":[{"embeddable":true,"href":"https:\/\/revistaautobus.com.br\/index.php?rest_route=\/wp\/v2\/media\/4409"}],"wp:attachment":[{"href":"https:\/\/revistaautobus.com.br\/index.php?rest_route=%2Fwp%2Fv2%2Fmedia&parent=4408"}],"wp:term":[{"taxonomy":"category","embeddable":true,"href":"https:\/\/revistaautobus.com.br\/index.php?rest_route=%2Fwp%2Fv2%2Fcategories&post=4408"},{"taxonomy":"post_tag","embeddable":true,"href":"https:\/\/revistaautobus.com.br\/index.php?rest_route=%2Fwp%2Fv2%2Ftags&post=4408"}],"curies":[{"name":"wp","href":"https:\/\/api.w.org\/{rel}","templated":true}]}}