{"id":4474,"date":"2021-09-15T14:52:46","date_gmt":"2021-09-15T17:52:46","guid":{"rendered":"https:\/\/vila8.com.br\/clientes\/autobus\/?p=4474"},"modified":"2021-09-15T14:54:31","modified_gmt":"2021-09-15T17:54:31","slug":"aguia-branca-e-a-primeira-com-a-carrocaria-g8","status":"publish","type":"post","link":"https:\/\/revistaautobus.com.br\/?p=4474","title":{"rendered":"\u00c1guia Branca \u00e9 a primeira com a carro\u00e7aria G8"},"content":{"rendered":"\n<p class=\"has-drop-cap\">A nova gera\u00e7\u00e3o de carro\u00e7arias rodovi\u00e1rias da marca ga\u00facha Marcopolo come\u00e7a a ganhar as estradas brasileiras. A primeira operadora nacional a colocar em opera\u00e7\u00e3o a G8, como \u00e9 conhecida a mais recente fam\u00edlia de \u00f4nibus, \u00e9 a tradicional Via\u00e7\u00e3o \u00c1guia Branca, do Esp\u00edrito Santo. H\u00e1 poucos dias, a transportadora realizou um evento para mostrar o seu investimento nas seis primeiras unidades do modelo Paradiso 1800 DD G8, reafirmando a sua parceria de longa data com a Marcopolo e com o compromisso ao seu p\u00fablico em oferecer ve\u00edculos cada vez mais modernos e seguros.<\/p>\n\n\n\n<p>Para Paula Barcellos Tommasi Corr\u00eaa, CEO da Via\u00e7\u00e3o \u00c1guia Branca, valorizar cada detalhe para proporcionar uma experi\u00eancia \u00fanica nas viagens \u00e9 a estrat\u00e9gia comercial da transportadora, unindo a seguran\u00e7a e o conforto por meio de ve\u00edculos e servi\u00e7os disponibilizados com toda a aten\u00e7\u00e3o aos seus clientes. \u201cN\u00e3o abrimos m\u00e3o do compromisso em oferecer o melhor para os nossos passageiros, que selamos em 75 anos de atividades. Os \u00faltimos 18 meses foram desafiadores para n\u00f3s, mas ao mesmo tempo foi um per\u00edodo intenso de aprendizado, trabalho, de crescimento e de reinven\u00e7\u00e3o, o que nos permitiu reavaliar estrat\u00e9gias em busca de sermos cada vez mais competitivos\u201d, afirmou a executiva.<\/p>\n\n\n\n<p>As seis novas unidades da Gera\u00e7\u00e3o 8 est\u00e3o configuradas com 48 poltronas semileito no pavimento superior e oito poltronas totalmente leito (que reclinam 180\u00b0) no pavimento inferior. &nbsp;Os \u00f4nibus v\u00e3o atuar nos trechos interestaduais Rio de Janeiro \u2013 S\u00e3o Paulo e Vit\u00f3ria \u2013 Rio de Janeiro.<\/p>\n\n\n\n<p>James Bellini, CEO da Marcopolo, ressaltou os bons neg\u00f3cios que sempre foram realizados entre a encarro\u00e7adora e a operadora capixaba, representando uma grande considera\u00e7\u00e3o para com a qualidade dos servi\u00e7os. \u201cDesde 1971 essa rela\u00e7\u00e3o de parceria s\u00f3 cresceu, tornando-se muito forte com o passar dos anos. Fornecemos todas as nossas gera\u00e7\u00f5es de carro\u00e7arias para a \u00c1guia Branca. Em 2010, os primeiros ve\u00edculos da Gera\u00e7\u00e3o 7 tamb\u00e9m foram adquiridos pela transportadora. Isso refor\u00e7a cada vez mais a nossa parceria\u201d, disse Bellini.<\/p>\n\n\n\n<p>Os \u00f4nibus ainda contam com chassis O500 RSDD (8&#215;2), da marca Mercedes-Benz, equipados com o pacote tecnol\u00f3gico de seguran\u00e7a ativa, como os sistemas ACC, tamb\u00e9m conhecido por piloto autom\u00e1tico adaptativo; frenagem autom\u00e1tica de emerg\u00eancia (AEBS); EBS, que \u00e9 o freio\u00a0eletr\u00f4nico de frenagem; e o Programa Eletr\u00f4nico de Estabilidade (ESP).<\/p>\n\n\n\n<p>Imagem &#8211; Giovani Boff<\/p>\n","protected":false},"excerpt":{"rendered":"<p>Os \u00f4nibus ainda contam com chassis O500 RSDD (8&#215;2), da marca Mercedes-Benz, equipados com o pacote tecnol\u00f3gico de seguran\u00e7a ativa<\/p>\n","protected":false},"author":2,"featured_media":4475,"comment_status":"open","ping_status":"open","sticky":false,"template":"","format":"standard","meta":{"_et_pb_use_builder":"off","_et_pb_old_content":"","_et_gb_content_width":"","_jetpack_memberships_contains_paid_content":false,"footnotes":""},"categories":[90],"tags":[164,84],"class_list":["post-4474","post","type-post","status-publish","format-standard","has-post-thumbnail","hentry","category-noticias","tag-aguia-branca","tag-marcopolo","et-has-post-format-content","et_post_format-et-post-format-standard"],"yoast_head":"<!-- This site is optimized with the Yoast SEO plugin v27.2 - https:\/\/yoast.com\/product\/yoast-seo-wordpress\/ -->\n<title>\u00c1guia Branca \u00e9 a primeira com a carro\u00e7aria G8 - Revista AutoBus<\/title>\n<meta name=\"robots\" content=\"index, follow, max-snippet:-1, max-image-preview:large, max-video-preview:-1\" \/>\n<link rel=\"canonical\" href=\"https:\/\/revistaautobus.com.br\/?p=4474\" \/>\n<meta property=\"og:locale\" content=\"pt_BR\" \/>\n<meta property=\"og:type\" content=\"article\" \/>\n<meta property=\"og:title\" content=\"\u00c1guia Branca \u00e9 a primeira com a carro\u00e7aria G8 - Revista AutoBus\" \/>\n<meta property=\"og:description\" content=\"Os \u00f4nibus ainda contam com chassis O500 RSDD (8x2), da marca Mercedes-Benz, equipados com o pacote tecnol\u00f3gico de seguran\u00e7a ativa\" \/>\n<meta property=\"og:url\" content=\"https:\/\/revistaautobus.com.br\/?p=4474\" \/>\n<meta property=\"og:site_name\" content=\"Revista AutoBus\" \/>\n<meta property=\"article:publisher\" content=\"https:\/\/www.facebook.com\/antonio.ferro.3150\" \/>\n<meta property=\"article:published_time\" content=\"2021-09-15T17:52:46+00:00\" \/>\n<meta property=\"article:modified_time\" content=\"2021-09-15T17:54:31+00:00\" \/>\n<meta property=\"og:image\" content=\"https:\/\/revistaautobus.com.br\/wp-content\/uploads\/2021\/09\/Aguia-Branca-G8_Credito-Giovani-Boff-1-scaled.jpg\" \/>\n\t<meta property=\"og:image:width\" content=\"2560\" \/>\n\t<meta property=\"og:image:height\" content=\"1707\" \/>\n\t<meta property=\"og:image:type\" content=\"image\/jpeg\" \/>\n<meta name=\"author\" content=\"Antonio Ferro\" \/>\n<meta name=\"twitter:card\" content=\"summary_large_image\" \/>\n<meta name=\"twitter:label1\" content=\"Escrito por\" \/>\n\t<meta name=\"twitter:data1\" content=\"Antonio Ferro\" \/>\n\t<meta name=\"twitter:label2\" content=\"Est. tempo de leitura\" \/>\n\t<meta name=\"twitter:data2\" content=\"2 minutos\" \/>\n<script type=\"application\/ld+json\" class=\"yoast-schema-graph\">{\"@context\":\"https:\/\/schema.org\",\"@graph\":[{\"@type\":\"Article\",\"@id\":\"https:\/\/revistaautobus.com.br\/?p=4474#article\",\"isPartOf\":{\"@id\":\"https:\/\/revistaautobus.com.br\/?p=4474\"},\"author\":{\"name\":\"Antonio Ferro\",\"@id\":\"https:\/\/revistaautobus.com.br\/#\/schema\/person\/54af7c3eb83a310e42ef686ef6d16f50\"},\"headline\":\"\u00c1guia Branca \u00e9 a primeira com a carro\u00e7aria G8\",\"datePublished\":\"2021-09-15T17:52:46+00:00\",\"dateModified\":\"2021-09-15T17:54:31+00:00\",\"mainEntityOfPage\":{\"@id\":\"https:\/\/revistaautobus.com.br\/?p=4474\"},\"wordCount\":424,\"commentCount\":0,\"publisher\":{\"@id\":\"https:\/\/revistaautobus.com.br\/#organization\"},\"image\":{\"@id\":\"https:\/\/revistaautobus.com.br\/?p=4474#primaryimage\"},\"thumbnailUrl\":\"https:\/\/revistaautobus.com.br\/wp-content\/uploads\/2021\/09\/Aguia-Branca-G8_Credito-Giovani-Boff-1-scaled.jpg\",\"keywords\":[\"Aguia Branca\",\"Marcopolo\"],\"articleSection\":[\"Not\u00edcias\"],\"inLanguage\":\"pt-BR\",\"potentialAction\":[{\"@type\":\"CommentAction\",\"name\":\"Comment\",\"target\":[\"https:\/\/revistaautobus.com.br\/?p=4474#respond\"]}]},{\"@type\":\"WebPage\",\"@id\":\"https:\/\/revistaautobus.com.br\/?p=4474\",\"url\":\"https:\/\/revistaautobus.com.br\/?p=4474\",\"name\":\"\u00c1guia Branca \u00e9 a primeira com a carro\u00e7aria G8 - Revista AutoBus\",\"isPartOf\":{\"@id\":\"https:\/\/revistaautobus.com.br\/#website\"},\"primaryImageOfPage\":{\"@id\":\"https:\/\/revistaautobus.com.br\/?p=4474#primaryimage\"},\"image\":{\"@id\":\"https:\/\/revistaautobus.com.br\/?p=4474#primaryimage\"},\"thumbnailUrl\":\"https:\/\/revistaautobus.com.br\/wp-content\/uploads\/2021\/09\/Aguia-Branca-G8_Credito-Giovani-Boff-1-scaled.jpg\",\"datePublished\":\"2021-09-15T17:52:46+00:00\",\"dateModified\":\"2021-09-15T17:54:31+00:00\",\"breadcrumb\":{\"@id\":\"https:\/\/revistaautobus.com.br\/?p=4474#breadcrumb\"},\"inLanguage\":\"pt-BR\",\"potentialAction\":[{\"@type\":\"ReadAction\",\"target\":[\"https:\/\/revistaautobus.com.br\/?p=4474\"]}]},{\"@type\":\"ImageObject\",\"inLanguage\":\"pt-BR\",\"@id\":\"https:\/\/revistaautobus.com.br\/?p=4474#primaryimage\",\"url\":\"https:\/\/revistaautobus.com.br\/wp-content\/uploads\/2021\/09\/Aguia-Branca-G8_Credito-Giovani-Boff-1-scaled.jpg\",\"contentUrl\":\"https:\/\/revistaautobus.com.br\/wp-content\/uploads\/2021\/09\/Aguia-Branca-G8_Credito-Giovani-Boff-1-scaled.jpg\",\"width\":2560,\"height\":1707},{\"@type\":\"BreadcrumbList\",\"@id\":\"https:\/\/revistaautobus.com.br\/?p=4474#breadcrumb\",\"itemListElement\":[{\"@type\":\"ListItem\",\"position\":1,\"name\":\"In\u00edcio\",\"item\":\"https:\/\/revistaautobus.com.br\/\"},{\"@type\":\"ListItem\",\"position\":2,\"name\":\"\u00c1guia Branca \u00e9 a primeira com a carro\u00e7aria G8\"}]},{\"@type\":\"WebSite\",\"@id\":\"https:\/\/revistaautobus.com.br\/#website\",\"url\":\"https:\/\/revistaautobus.com.br\/\",\"name\":\"Revista AutoBus\",\"description\":\"\",\"publisher\":{\"@id\":\"https:\/\/revistaautobus.com.br\/#organization\"},\"potentialAction\":[{\"@type\":\"SearchAction\",\"target\":{\"@type\":\"EntryPoint\",\"urlTemplate\":\"https:\/\/revistaautobus.com.br\/?s={search_term_string}\"},\"query-input\":{\"@type\":\"PropertyValueSpecification\",\"valueRequired\":true,\"valueName\":\"search_term_string\"}}],\"inLanguage\":\"pt-BR\"},{\"@type\":\"Organization\",\"@id\":\"https:\/\/revistaautobus.com.br\/#organization\",\"name\":\"Revista AutoBus\",\"url\":\"https:\/\/revistaautobus.com.br\/\",\"logo\":{\"@type\":\"ImageObject\",\"inLanguage\":\"pt-BR\",\"@id\":\"https:\/\/revistaautobus.com.br\/#\/schema\/logo\/image\/\",\"url\":\"https:\/\/revistaautobus.com.br\/wp-content\/uploads\/2024\/11\/logo_revista_autobus_fb.png\",\"contentUrl\":\"https:\/\/revistaautobus.com.br\/wp-content\/uploads\/2024\/11\/logo_revista_autobus_fb.png\",\"width\":836,\"height\":227,\"caption\":\"Revista AutoBus\"},\"image\":{\"@id\":\"https:\/\/revistaautobus.com.br\/#\/schema\/logo\/image\/\"},\"sameAs\":[\"https:\/\/www.facebook.com\/antonio.ferro.3150\",\"https:\/\/www.instagram.com\/revistaautobus\/\"]},{\"@type\":\"Person\",\"@id\":\"https:\/\/revistaautobus.com.br\/#\/schema\/person\/54af7c3eb83a310e42ef686ef6d16f50\",\"name\":\"Antonio Ferro\",\"image\":{\"@type\":\"ImageObject\",\"inLanguage\":\"pt-BR\",\"@id\":\"https:\/\/revistaautobus.com.br\/wp-content\/uploads\/2025\/12\/editor_antonio_ferro-150x150.jpg\",\"url\":\"https:\/\/revistaautobus.com.br\/wp-content\/uploads\/2025\/12\/editor_antonio_ferro-150x150.jpg\",\"contentUrl\":\"https:\/\/revistaautobus.com.br\/wp-content\/uploads\/2025\/12\/editor_antonio_ferro-150x150.jpg\",\"caption\":\"Antonio Ferro\"},\"description\":\"infobus@uol.com.br\",\"url\":\"https:\/\/revistaautobus.com.br\/?author=2\"}]}<\/script>\n<!-- \/ Yoast SEO plugin. -->","yoast_head_json":{"title":"\u00c1guia Branca \u00e9 a primeira com a carro\u00e7aria G8 - Revista AutoBus","robots":{"index":"index","follow":"follow","max-snippet":"max-snippet:-1","max-image-preview":"max-image-preview:large","max-video-preview":"max-video-preview:-1"},"canonical":"https:\/\/revistaautobus.com.br\/?p=4474","og_locale":"pt_BR","og_type":"article","og_title":"\u00c1guia Branca \u00e9 a primeira com a carro\u00e7aria G8 - Revista AutoBus","og_description":"Os \u00f4nibus ainda contam com chassis O500 RSDD (8x2), da marca Mercedes-Benz, equipados com o pacote tecnol\u00f3gico de seguran\u00e7a ativa","og_url":"https:\/\/revistaautobus.com.br\/?p=4474","og_site_name":"Revista AutoBus","article_publisher":"https:\/\/www.facebook.com\/antonio.ferro.3150","article_published_time":"2021-09-15T17:52:46+00:00","article_modified_time":"2021-09-15T17:54:31+00:00","og_image":[{"width":2560,"height":1707,"url":"https:\/\/revistaautobus.com.br\/wp-content\/uploads\/2021\/09\/Aguia-Branca-G8_Credito-Giovani-Boff-1-scaled.jpg","type":"image\/jpeg"}],"author":"Antonio Ferro","twitter_card":"summary_large_image","twitter_misc":{"Escrito por":"Antonio Ferro","Est. tempo de leitura":"2 minutos"},"schema":{"@context":"https:\/\/schema.org","@graph":[{"@type":"Article","@id":"https:\/\/revistaautobus.com.br\/?p=4474#article","isPartOf":{"@id":"https:\/\/revistaautobus.com.br\/?p=4474"},"author":{"name":"Antonio Ferro","@id":"https:\/\/revistaautobus.com.br\/#\/schema\/person\/54af7c3eb83a310e42ef686ef6d16f50"},"headline":"\u00c1guia Branca \u00e9 a primeira com a carro\u00e7aria G8","datePublished":"2021-09-15T17:52:46+00:00","dateModified":"2021-09-15T17:54:31+00:00","mainEntityOfPage":{"@id":"https:\/\/revistaautobus.com.br\/?p=4474"},"wordCount":424,"commentCount":0,"publisher":{"@id":"https:\/\/revistaautobus.com.br\/#organization"},"image":{"@id":"https:\/\/revistaautobus.com.br\/?p=4474#primaryimage"},"thumbnailUrl":"https:\/\/revistaautobus.com.br\/wp-content\/uploads\/2021\/09\/Aguia-Branca-G8_Credito-Giovani-Boff-1-scaled.jpg","keywords":["Aguia Branca","Marcopolo"],"articleSection":["Not\u00edcias"],"inLanguage":"pt-BR","potentialAction":[{"@type":"CommentAction","name":"Comment","target":["https:\/\/revistaautobus.com.br\/?p=4474#respond"]}]},{"@type":"WebPage","@id":"https:\/\/revistaautobus.com.br\/?p=4474","url":"https:\/\/revistaautobus.com.br\/?p=4474","name":"\u00c1guia Branca \u00e9 a primeira com a carro\u00e7aria G8 - Revista AutoBus","isPartOf":{"@id":"https:\/\/revistaautobus.com.br\/#website"},"primaryImageOfPage":{"@id":"https:\/\/revistaautobus.com.br\/?p=4474#primaryimage"},"image":{"@id":"https:\/\/revistaautobus.com.br\/?p=4474#primaryimage"},"thumbnailUrl":"https:\/\/revistaautobus.com.br\/wp-content\/uploads\/2021\/09\/Aguia-Branca-G8_Credito-Giovani-Boff-1-scaled.jpg","datePublished":"2021-09-15T17:52:46+00:00","dateModified":"2021-09-15T17:54:31+00:00","breadcrumb":{"@id":"https:\/\/revistaautobus.com.br\/?p=4474#breadcrumb"},"inLanguage":"pt-BR","potentialAction":[{"@type":"ReadAction","target":["https:\/\/revistaautobus.com.br\/?p=4474"]}]},{"@type":"ImageObject","inLanguage":"pt-BR","@id":"https:\/\/revistaautobus.com.br\/?p=4474#primaryimage","url":"https:\/\/revistaautobus.com.br\/wp-content\/uploads\/2021\/09\/Aguia-Branca-G8_Credito-Giovani-Boff-1-scaled.jpg","contentUrl":"https:\/\/revistaautobus.com.br\/wp-content\/uploads\/2021\/09\/Aguia-Branca-G8_Credito-Giovani-Boff-1-scaled.jpg","width":2560,"height":1707},{"@type":"BreadcrumbList","@id":"https:\/\/revistaautobus.com.br\/?p=4474#breadcrumb","itemListElement":[{"@type":"ListItem","position":1,"name":"In\u00edcio","item":"https:\/\/revistaautobus.com.br\/"},{"@type":"ListItem","position":2,"name":"\u00c1guia Branca \u00e9 a primeira com a carro\u00e7aria G8"}]},{"@type":"WebSite","@id":"https:\/\/revistaautobus.com.br\/#website","url":"https:\/\/revistaautobus.com.br\/","name":"Revista AutoBus","description":"","publisher":{"@id":"https:\/\/revistaautobus.com.br\/#organization"},"potentialAction":[{"@type":"SearchAction","target":{"@type":"EntryPoint","urlTemplate":"https:\/\/revistaautobus.com.br\/?s={search_term_string}"},"query-input":{"@type":"PropertyValueSpecification","valueRequired":true,"valueName":"search_term_string"}}],"inLanguage":"pt-BR"},{"@type":"Organization","@id":"https:\/\/revistaautobus.com.br\/#organization","name":"Revista AutoBus","url":"https:\/\/revistaautobus.com.br\/","logo":{"@type":"ImageObject","inLanguage":"pt-BR","@id":"https:\/\/revistaautobus.com.br\/#\/schema\/logo\/image\/","url":"https:\/\/revistaautobus.com.br\/wp-content\/uploads\/2024\/11\/logo_revista_autobus_fb.png","contentUrl":"https:\/\/revistaautobus.com.br\/wp-content\/uploads\/2024\/11\/logo_revista_autobus_fb.png","width":836,"height":227,"caption":"Revista AutoBus"},"image":{"@id":"https:\/\/revistaautobus.com.br\/#\/schema\/logo\/image\/"},"sameAs":["https:\/\/www.facebook.com\/antonio.ferro.3150","https:\/\/www.instagram.com\/revistaautobus\/"]},{"@type":"Person","@id":"https:\/\/revistaautobus.com.br\/#\/schema\/person\/54af7c3eb83a310e42ef686ef6d16f50","name":"Antonio Ferro","image":{"@type":"ImageObject","inLanguage":"pt-BR","@id":"https:\/\/revistaautobus.com.br\/wp-content\/uploads\/2025\/12\/editor_antonio_ferro-150x150.jpg","url":"https:\/\/revistaautobus.com.br\/wp-content\/uploads\/2025\/12\/editor_antonio_ferro-150x150.jpg","contentUrl":"https:\/\/revistaautobus.com.br\/wp-content\/uploads\/2025\/12\/editor_antonio_ferro-150x150.jpg","caption":"Antonio Ferro"},"description":"infobus@uol.com.br","url":"https:\/\/revistaautobus.com.br\/?author=2"}]}},"jetpack_featured_media_url":"https:\/\/revistaautobus.com.br\/wp-content\/uploads\/2021\/09\/Aguia-Branca-G8_Credito-Giovani-Boff-1-scaled.jpg","jetpack_sharing_enabled":true,"_links":{"self":[{"href":"https:\/\/revistaautobus.com.br\/index.php?rest_route=\/wp\/v2\/posts\/4474","targetHints":{"allow":["GET"]}}],"collection":[{"href":"https:\/\/revistaautobus.com.br\/index.php?rest_route=\/wp\/v2\/posts"}],"about":[{"href":"https:\/\/revistaautobus.com.br\/index.php?rest_route=\/wp\/v2\/types\/post"}],"author":[{"embeddable":true,"href":"https:\/\/revistaautobus.com.br\/index.php?rest_route=\/wp\/v2\/users\/2"}],"replies":[{"embeddable":true,"href":"https:\/\/revistaautobus.com.br\/index.php?rest_route=%2Fwp%2Fv2%2Fcomments&post=4474"}],"version-history":[{"count":3,"href":"https:\/\/revistaautobus.com.br\/index.php?rest_route=\/wp\/v2\/posts\/4474\/revisions"}],"predecessor-version":[{"id":4479,"href":"https:\/\/revistaautobus.com.br\/index.php?rest_route=\/wp\/v2\/posts\/4474\/revisions\/4479"}],"wp:featuredmedia":[{"embeddable":true,"href":"https:\/\/revistaautobus.com.br\/index.php?rest_route=\/wp\/v2\/media\/4475"}],"wp:attachment":[{"href":"https:\/\/revistaautobus.com.br\/index.php?rest_route=%2Fwp%2Fv2%2Fmedia&parent=4474"}],"wp:term":[{"taxonomy":"category","embeddable":true,"href":"https:\/\/revistaautobus.com.br\/index.php?rest_route=%2Fwp%2Fv2%2Fcategories&post=4474"},{"taxonomy":"post_tag","embeddable":true,"href":"https:\/\/revistaautobus.com.br\/index.php?rest_route=%2Fwp%2Fv2%2Ftags&post=4474"}],"curies":[{"name":"wp","href":"https:\/\/api.w.org\/{rel}","templated":true}]}}