{"id":4515,"date":"2021-09-20T08:20:17","date_gmt":"2021-09-20T11:20:17","guid":{"rendered":"https:\/\/vila8.com.br\/clientes\/autobus\/?p=4515"},"modified":"2021-09-20T08:20:18","modified_gmt":"2021-09-20T11:20:18","slug":"em-burkina-faso-a-scania-fomenta-a-mobilidade","status":"publish","type":"post","link":"https:\/\/revistaautobus.com.br\/?p=4515","title":{"rendered":"Em Burkina Faso, a Scania fomenta a mobilidade"},"content":{"rendered":"\n<p class=\"has-drop-cap\">O transporte coletivo sobre pneus no pa\u00eds africano Burkina Faso ter\u00e1 uma expressiva renova\u00e7\u00e3o dentro de breve. A sua capital Ouagadougou, com mais de 1,4 milh\u00e3o de habitantes (2,5 milh\u00f5es de habitantes em sua \u00e1rea metropolitana), renovar\u00e1 seu sistema de mobilidade, com solu\u00e7\u00f5es de transporte p\u00fablico at\u00e9 o final de 2022, tendo como meta a diminui\u00e7\u00e3o do transporte individual e a consequente redu\u00e7\u00e3o das emiss\u00f5es poluentes.<\/p>\n\n\n\n<p>Para isso, o governo local criou o Projeto de Mobilidade Urbana da Grande Ouagadougou, visando estabelecer uma rede moderna de transporte com o uso de \u00f4nibus de \u00faltima gera\u00e7\u00e3o. A montadora Scania ir\u00e1 fornecer 178 chassis, em diversas vers\u00f5es, para contribuir com o referido projeto, sendo 80 unidades do modelo para encarro\u00e7amento de 13 metros; 58 com 15 metros e 10 articulados, todos com entrada baixa. Al\u00e9m disso, h\u00e1 30 chassis para aplica\u00e7\u00e3o intermunicipal. Todos os ve\u00edculos poder\u00e3o ser abastecidos com biocombust\u00edveis (biodiesel) dispon\u00edveis naquele pa\u00eds. \u201cEstamos muito orgulhosos de contribuir para o desenvolvimento da mobilidade urbana da Grande Ouagadougou, com fortes efeitos sociais e ambientais\u201d, disse Nicolas Lougovoy, chefe de Projetos Estrat\u00e9gicos da Scania para a Europa, Oriente M\u00e9dio e Regi\u00e3o da \u00c1frica.<\/p>\n\n\n\n<p>Al\u00e9m dos ve\u00edculos, a Scania e seus parceiros fornecer\u00e3o amplo treinamento para os motoristas e t\u00e9cnicos que trabalham para a SOTRACO, a operador do transporte p\u00fablico de Ouagadougou, como tamb\u00e9m o sistema de gerenciamento de frota da Scania (equipamentos de Sistemas de Transporte Inteligente &#8211; ITS) e no desenvolvimento e implementa\u00e7\u00e3o de solu\u00e7\u00f5es locais de combust\u00edveis alternativos para eventualmente alcan\u00e7ar uma frota de \u00f4nibus movida 100% a biodiesel.<\/p>\n\n\n\n<p>A Volkswagen Caminh\u00f5es e \u00d4nibus tamb\u00e9m participar\u00e1 do projeto, com o fornecimento de 126 chassis de micro-\u00f4nibus. As 304 unidades receber\u00e3o carro\u00e7arias da fabricante ga\u00facha Marcopolo.<\/p>\n\n\n\n<p>Imagem &#8211; Revista AutoBus<\/p>\n","protected":false},"excerpt":{"rendered":"<p>Al\u00e9m dos ve\u00edculos, a Scania e seus parceiros fornecer\u00e3o amplo treinamento para os motoristas e t\u00e9cnicos que trabalham para a SOTRACO<\/p>\n","protected":false},"author":2,"featured_media":4516,"comment_status":"open","ping_status":"open","sticky":false,"template":"","format":"standard","meta":{"_et_pb_use_builder":"off","_et_pb_old_content":"","_et_gb_content_width":"","_jetpack_memberships_contains_paid_content":false,"footnotes":""},"categories":[53],"tags":[84,100],"class_list":["post-4515","post","type-post","status-publish","format-standard","has-post-thumbnail","hentry","category-internacional","tag-marcopolo","tag-scania","et-has-post-format-content","et_post_format-et-post-format-standard"],"yoast_head":"<!-- This site is optimized with the Yoast SEO plugin v27.2 - https:\/\/yoast.com\/product\/yoast-seo-wordpress\/ -->\n<title>Em Burkina Faso, a Scania fomenta a mobilidade - Revista AutoBus<\/title>\n<meta name=\"robots\" content=\"index, follow, max-snippet:-1, max-image-preview:large, max-video-preview:-1\" \/>\n<link rel=\"canonical\" href=\"https:\/\/revistaautobus.com.br\/?p=4515\" \/>\n<meta property=\"og:locale\" content=\"pt_BR\" \/>\n<meta property=\"og:type\" content=\"article\" \/>\n<meta property=\"og:title\" content=\"Em Burkina Faso, a Scania fomenta a mobilidade - Revista AutoBus\" \/>\n<meta property=\"og:description\" content=\"Al\u00e9m dos ve\u00edculos, a Scania e seus parceiros fornecer\u00e3o amplo treinamento para os motoristas e t\u00e9cnicos que trabalham para a SOTRACO\" \/>\n<meta property=\"og:url\" content=\"https:\/\/revistaautobus.com.br\/?p=4515\" \/>\n<meta property=\"og:site_name\" content=\"Revista AutoBus\" \/>\n<meta property=\"article:publisher\" content=\"https:\/\/www.facebook.com\/antonio.ferro.3150\" \/>\n<meta property=\"article:published_time\" content=\"2021-09-20T11:20:17+00:00\" \/>\n<meta property=\"article:modified_time\" content=\"2021-09-20T11:20:18+00:00\" \/>\n<meta property=\"og:image\" content=\"https:\/\/revistaautobus.com.br\/wp-content\/uploads\/2021\/09\/IMG_1034.jpg\" \/>\n\t<meta property=\"og:image:width\" content=\"1200\" \/>\n\t<meta property=\"og:image:height\" content=\"900\" \/>\n\t<meta property=\"og:image:type\" content=\"image\/jpeg\" \/>\n<meta name=\"author\" content=\"Antonio Ferro\" \/>\n<meta name=\"twitter:card\" content=\"summary_large_image\" \/>\n<meta name=\"twitter:label1\" content=\"Escrito por\" \/>\n\t<meta name=\"twitter:data1\" content=\"Antonio Ferro\" \/>\n\t<meta name=\"twitter:label2\" content=\"Est. tempo de leitura\" \/>\n\t<meta name=\"twitter:data2\" content=\"2 minutos\" \/>\n<script type=\"application\/ld+json\" class=\"yoast-schema-graph\">{\"@context\":\"https:\/\/schema.org\",\"@graph\":[{\"@type\":\"Article\",\"@id\":\"https:\/\/revistaautobus.com.br\/?p=4515#article\",\"isPartOf\":{\"@id\":\"https:\/\/revistaautobus.com.br\/?p=4515\"},\"author\":{\"name\":\"Antonio Ferro\",\"@id\":\"https:\/\/revistaautobus.com.br\/#\/schema\/person\/54af7c3eb83a310e42ef686ef6d16f50\"},\"headline\":\"Em Burkina Faso, a Scania fomenta a mobilidade\",\"datePublished\":\"2021-09-20T11:20:17+00:00\",\"dateModified\":\"2021-09-20T11:20:18+00:00\",\"mainEntityOfPage\":{\"@id\":\"https:\/\/revistaautobus.com.br\/?p=4515\"},\"wordCount\":321,\"commentCount\":0,\"publisher\":{\"@id\":\"https:\/\/revistaautobus.com.br\/#organization\"},\"image\":{\"@id\":\"https:\/\/revistaautobus.com.br\/?p=4515#primaryimage\"},\"thumbnailUrl\":\"https:\/\/revistaautobus.com.br\/wp-content\/uploads\/2021\/09\/IMG_1034.jpg\",\"keywords\":[\"Marcopolo\",\"Scania\"],\"articleSection\":[\"Internacional\"],\"inLanguage\":\"pt-BR\",\"potentialAction\":[{\"@type\":\"CommentAction\",\"name\":\"Comment\",\"target\":[\"https:\/\/revistaautobus.com.br\/?p=4515#respond\"]}]},{\"@type\":\"WebPage\",\"@id\":\"https:\/\/revistaautobus.com.br\/?p=4515\",\"url\":\"https:\/\/revistaautobus.com.br\/?p=4515\",\"name\":\"Em Burkina Faso, a Scania fomenta a mobilidade - Revista AutoBus\",\"isPartOf\":{\"@id\":\"https:\/\/revistaautobus.com.br\/#website\"},\"primaryImageOfPage\":{\"@id\":\"https:\/\/revistaautobus.com.br\/?p=4515#primaryimage\"},\"image\":{\"@id\":\"https:\/\/revistaautobus.com.br\/?p=4515#primaryimage\"},\"thumbnailUrl\":\"https:\/\/revistaautobus.com.br\/wp-content\/uploads\/2021\/09\/IMG_1034.jpg\",\"datePublished\":\"2021-09-20T11:20:17+00:00\",\"dateModified\":\"2021-09-20T11:20:18+00:00\",\"breadcrumb\":{\"@id\":\"https:\/\/revistaautobus.com.br\/?p=4515#breadcrumb\"},\"inLanguage\":\"pt-BR\",\"potentialAction\":[{\"@type\":\"ReadAction\",\"target\":[\"https:\/\/revistaautobus.com.br\/?p=4515\"]}]},{\"@type\":\"ImageObject\",\"inLanguage\":\"pt-BR\",\"@id\":\"https:\/\/revistaautobus.com.br\/?p=4515#primaryimage\",\"url\":\"https:\/\/revistaautobus.com.br\/wp-content\/uploads\/2021\/09\/IMG_1034.jpg\",\"contentUrl\":\"https:\/\/revistaautobus.com.br\/wp-content\/uploads\/2021\/09\/IMG_1034.jpg\",\"width\":1200,\"height\":900},{\"@type\":\"BreadcrumbList\",\"@id\":\"https:\/\/revistaautobus.com.br\/?p=4515#breadcrumb\",\"itemListElement\":[{\"@type\":\"ListItem\",\"position\":1,\"name\":\"In\u00edcio\",\"item\":\"https:\/\/revistaautobus.com.br\/\"},{\"@type\":\"ListItem\",\"position\":2,\"name\":\"Em Burkina Faso, a Scania fomenta a mobilidade\"}]},{\"@type\":\"WebSite\",\"@id\":\"https:\/\/revistaautobus.com.br\/#website\",\"url\":\"https:\/\/revistaautobus.com.br\/\",\"name\":\"Revista AutoBus\",\"description\":\"\",\"publisher\":{\"@id\":\"https:\/\/revistaautobus.com.br\/#organization\"},\"potentialAction\":[{\"@type\":\"SearchAction\",\"target\":{\"@type\":\"EntryPoint\",\"urlTemplate\":\"https:\/\/revistaautobus.com.br\/?s={search_term_string}\"},\"query-input\":{\"@type\":\"PropertyValueSpecification\",\"valueRequired\":true,\"valueName\":\"search_term_string\"}}],\"inLanguage\":\"pt-BR\"},{\"@type\":\"Organization\",\"@id\":\"https:\/\/revistaautobus.com.br\/#organization\",\"name\":\"Revista AutoBus\",\"url\":\"https:\/\/revistaautobus.com.br\/\",\"logo\":{\"@type\":\"ImageObject\",\"inLanguage\":\"pt-BR\",\"@id\":\"https:\/\/revistaautobus.com.br\/#\/schema\/logo\/image\/\",\"url\":\"https:\/\/revistaautobus.com.br\/wp-content\/uploads\/2024\/11\/logo_revista_autobus_fb.png\",\"contentUrl\":\"https:\/\/revistaautobus.com.br\/wp-content\/uploads\/2024\/11\/logo_revista_autobus_fb.png\",\"width\":836,\"height\":227,\"caption\":\"Revista AutoBus\"},\"image\":{\"@id\":\"https:\/\/revistaautobus.com.br\/#\/schema\/logo\/image\/\"},\"sameAs\":[\"https:\/\/www.facebook.com\/antonio.ferro.3150\",\"https:\/\/www.instagram.com\/revistaautobus\/\"]},{\"@type\":\"Person\",\"@id\":\"https:\/\/revistaautobus.com.br\/#\/schema\/person\/54af7c3eb83a310e42ef686ef6d16f50\",\"name\":\"Antonio Ferro\",\"image\":{\"@type\":\"ImageObject\",\"inLanguage\":\"pt-BR\",\"@id\":\"https:\/\/revistaautobus.com.br\/wp-content\/uploads\/2025\/12\/editor_antonio_ferro-150x150.jpg\",\"url\":\"https:\/\/revistaautobus.com.br\/wp-content\/uploads\/2025\/12\/editor_antonio_ferro-150x150.jpg\",\"contentUrl\":\"https:\/\/revistaautobus.com.br\/wp-content\/uploads\/2025\/12\/editor_antonio_ferro-150x150.jpg\",\"caption\":\"Antonio Ferro\"},\"description\":\"infobus@uol.com.br\",\"url\":\"https:\/\/revistaautobus.com.br\/?author=2\"}]}<\/script>\n<!-- \/ Yoast SEO plugin. -->","yoast_head_json":{"title":"Em Burkina Faso, a Scania fomenta a mobilidade - Revista AutoBus","robots":{"index":"index","follow":"follow","max-snippet":"max-snippet:-1","max-image-preview":"max-image-preview:large","max-video-preview":"max-video-preview:-1"},"canonical":"https:\/\/revistaautobus.com.br\/?p=4515","og_locale":"pt_BR","og_type":"article","og_title":"Em Burkina Faso, a Scania fomenta a mobilidade - Revista AutoBus","og_description":"Al\u00e9m dos ve\u00edculos, a Scania e seus parceiros fornecer\u00e3o amplo treinamento para os motoristas e t\u00e9cnicos que trabalham para a SOTRACO","og_url":"https:\/\/revistaautobus.com.br\/?p=4515","og_site_name":"Revista AutoBus","article_publisher":"https:\/\/www.facebook.com\/antonio.ferro.3150","article_published_time":"2021-09-20T11:20:17+00:00","article_modified_time":"2021-09-20T11:20:18+00:00","og_image":[{"width":1200,"height":900,"url":"https:\/\/revistaautobus.com.br\/wp-content\/uploads\/2021\/09\/IMG_1034.jpg","type":"image\/jpeg"}],"author":"Antonio Ferro","twitter_card":"summary_large_image","twitter_misc":{"Escrito por":"Antonio Ferro","Est. tempo de leitura":"2 minutos"},"schema":{"@context":"https:\/\/schema.org","@graph":[{"@type":"Article","@id":"https:\/\/revistaautobus.com.br\/?p=4515#article","isPartOf":{"@id":"https:\/\/revistaautobus.com.br\/?p=4515"},"author":{"name":"Antonio Ferro","@id":"https:\/\/revistaautobus.com.br\/#\/schema\/person\/54af7c3eb83a310e42ef686ef6d16f50"},"headline":"Em Burkina Faso, a Scania fomenta a mobilidade","datePublished":"2021-09-20T11:20:17+00:00","dateModified":"2021-09-20T11:20:18+00:00","mainEntityOfPage":{"@id":"https:\/\/revistaautobus.com.br\/?p=4515"},"wordCount":321,"commentCount":0,"publisher":{"@id":"https:\/\/revistaautobus.com.br\/#organization"},"image":{"@id":"https:\/\/revistaautobus.com.br\/?p=4515#primaryimage"},"thumbnailUrl":"https:\/\/revistaautobus.com.br\/wp-content\/uploads\/2021\/09\/IMG_1034.jpg","keywords":["Marcopolo","Scania"],"articleSection":["Internacional"],"inLanguage":"pt-BR","potentialAction":[{"@type":"CommentAction","name":"Comment","target":["https:\/\/revistaautobus.com.br\/?p=4515#respond"]}]},{"@type":"WebPage","@id":"https:\/\/revistaautobus.com.br\/?p=4515","url":"https:\/\/revistaautobus.com.br\/?p=4515","name":"Em Burkina Faso, a Scania fomenta a mobilidade - Revista AutoBus","isPartOf":{"@id":"https:\/\/revistaautobus.com.br\/#website"},"primaryImageOfPage":{"@id":"https:\/\/revistaautobus.com.br\/?p=4515#primaryimage"},"image":{"@id":"https:\/\/revistaautobus.com.br\/?p=4515#primaryimage"},"thumbnailUrl":"https:\/\/revistaautobus.com.br\/wp-content\/uploads\/2021\/09\/IMG_1034.jpg","datePublished":"2021-09-20T11:20:17+00:00","dateModified":"2021-09-20T11:20:18+00:00","breadcrumb":{"@id":"https:\/\/revistaautobus.com.br\/?p=4515#breadcrumb"},"inLanguage":"pt-BR","potentialAction":[{"@type":"ReadAction","target":["https:\/\/revistaautobus.com.br\/?p=4515"]}]},{"@type":"ImageObject","inLanguage":"pt-BR","@id":"https:\/\/revistaautobus.com.br\/?p=4515#primaryimage","url":"https:\/\/revistaautobus.com.br\/wp-content\/uploads\/2021\/09\/IMG_1034.jpg","contentUrl":"https:\/\/revistaautobus.com.br\/wp-content\/uploads\/2021\/09\/IMG_1034.jpg","width":1200,"height":900},{"@type":"BreadcrumbList","@id":"https:\/\/revistaautobus.com.br\/?p=4515#breadcrumb","itemListElement":[{"@type":"ListItem","position":1,"name":"In\u00edcio","item":"https:\/\/revistaautobus.com.br\/"},{"@type":"ListItem","position":2,"name":"Em Burkina Faso, a Scania fomenta a mobilidade"}]},{"@type":"WebSite","@id":"https:\/\/revistaautobus.com.br\/#website","url":"https:\/\/revistaautobus.com.br\/","name":"Revista AutoBus","description":"","publisher":{"@id":"https:\/\/revistaautobus.com.br\/#organization"},"potentialAction":[{"@type":"SearchAction","target":{"@type":"EntryPoint","urlTemplate":"https:\/\/revistaautobus.com.br\/?s={search_term_string}"},"query-input":{"@type":"PropertyValueSpecification","valueRequired":true,"valueName":"search_term_string"}}],"inLanguage":"pt-BR"},{"@type":"Organization","@id":"https:\/\/revistaautobus.com.br\/#organization","name":"Revista AutoBus","url":"https:\/\/revistaautobus.com.br\/","logo":{"@type":"ImageObject","inLanguage":"pt-BR","@id":"https:\/\/revistaautobus.com.br\/#\/schema\/logo\/image\/","url":"https:\/\/revistaautobus.com.br\/wp-content\/uploads\/2024\/11\/logo_revista_autobus_fb.png","contentUrl":"https:\/\/revistaautobus.com.br\/wp-content\/uploads\/2024\/11\/logo_revista_autobus_fb.png","width":836,"height":227,"caption":"Revista AutoBus"},"image":{"@id":"https:\/\/revistaautobus.com.br\/#\/schema\/logo\/image\/"},"sameAs":["https:\/\/www.facebook.com\/antonio.ferro.3150","https:\/\/www.instagram.com\/revistaautobus\/"]},{"@type":"Person","@id":"https:\/\/revistaautobus.com.br\/#\/schema\/person\/54af7c3eb83a310e42ef686ef6d16f50","name":"Antonio Ferro","image":{"@type":"ImageObject","inLanguage":"pt-BR","@id":"https:\/\/revistaautobus.com.br\/wp-content\/uploads\/2025\/12\/editor_antonio_ferro-150x150.jpg","url":"https:\/\/revistaautobus.com.br\/wp-content\/uploads\/2025\/12\/editor_antonio_ferro-150x150.jpg","contentUrl":"https:\/\/revistaautobus.com.br\/wp-content\/uploads\/2025\/12\/editor_antonio_ferro-150x150.jpg","caption":"Antonio Ferro"},"description":"infobus@uol.com.br","url":"https:\/\/revistaautobus.com.br\/?author=2"}]}},"jetpack_featured_media_url":"https:\/\/revistaautobus.com.br\/wp-content\/uploads\/2021\/09\/IMG_1034.jpg","jetpack_sharing_enabled":true,"_links":{"self":[{"href":"https:\/\/revistaautobus.com.br\/index.php?rest_route=\/wp\/v2\/posts\/4515","targetHints":{"allow":["GET"]}}],"collection":[{"href":"https:\/\/revistaautobus.com.br\/index.php?rest_route=\/wp\/v2\/posts"}],"about":[{"href":"https:\/\/revistaautobus.com.br\/index.php?rest_route=\/wp\/v2\/types\/post"}],"author":[{"embeddable":true,"href":"https:\/\/revistaautobus.com.br\/index.php?rest_route=\/wp\/v2\/users\/2"}],"replies":[{"embeddable":true,"href":"https:\/\/revistaautobus.com.br\/index.php?rest_route=%2Fwp%2Fv2%2Fcomments&post=4515"}],"version-history":[{"count":2,"href":"https:\/\/revistaautobus.com.br\/index.php?rest_route=\/wp\/v2\/posts\/4515\/revisions"}],"predecessor-version":[{"id":4518,"href":"https:\/\/revistaautobus.com.br\/index.php?rest_route=\/wp\/v2\/posts\/4515\/revisions\/4518"}],"wp:featuredmedia":[{"embeddable":true,"href":"https:\/\/revistaautobus.com.br\/index.php?rest_route=\/wp\/v2\/media\/4516"}],"wp:attachment":[{"href":"https:\/\/revistaautobus.com.br\/index.php?rest_route=%2Fwp%2Fv2%2Fmedia&parent=4515"}],"wp:term":[{"taxonomy":"category","embeddable":true,"href":"https:\/\/revistaautobus.com.br\/index.php?rest_route=%2Fwp%2Fv2%2Fcategories&post=4515"},{"taxonomy":"post_tag","embeddable":true,"href":"https:\/\/revistaautobus.com.br\/index.php?rest_route=%2Fwp%2Fv2%2Ftags&post=4515"}],"curies":[{"name":"wp","href":"https:\/\/api.w.org\/{rel}","templated":true}]}}